{"id":971,"date":"2013-01-04T14:57:44","date_gmt":"2013-01-04T14:57:44","guid":{"rendered":"http:\/\/bakh.de\/wdp\/?p=971"},"modified":"2013-01-04T15:02:38","modified_gmt":"2013-01-04T15:02:38","slug":"stadt-plant-geschwindigkeitskontrollen-an-der-b14","status":"publish","type":"post","link":"https:\/\/bakh.de\/wdp\/stadt-plant-geschwindigkeitskontrollen-an-der-b14\/","title":{"rendered":"Geschwindigkeitskontrollen an der B14 geplant"},"content":{"rendered":"<p><a href=\"http:\/\/bakh.de\/wdp\/wp-content\/uploads\/2013\/01\/stadt_waiblingen_logo.jpg\"><img loading=\"lazy\" decoding=\"async\" class=\"alignleft  wp-image-972\" title=\"stadt_waiblingen_logo\" src=\"http:\/\/bakh.de\/wdp\/wp-content\/uploads\/2013\/01\/stadt_waiblingen_logo.jpg\" alt=\"\" width=\"134\" height=\"79\" \/><\/a>Wie uns OB Hesky auf unsere Anfrage vom 17.09.2012 mitteilt, plant die Stadtverwaltung Geschwindigkeitskontrollanlagen an der B14 zu errichten. Es ist die Absicht der Stadtverwaltung, die Geschwindigkeit auf der B14 zu \u00fcberwachen, um dadurch die L\u00e4rmbeeintr\u00e4chtigung der Korber H\u00f6he auf das unvermeidliche Ma\u00df zu beschr\u00e4nken. Ein Zeitpunkt f\u00fcr die Aufstellung steht noch nicht fest. <!--more--><\/p>\n<p>Trotz Unterst\u00fctzung durch die Stadtverwaltung war unsere Forderung nach einer Geschwindigkeitsbegrenzung auf der B14 Ministerium f\u00fcr Verkehr und Infrastruktur abgewiesen worden. Auch bei einem Vor- Ort-Termin von OB Hesky mit Herrn Verkehrsminister Hermann konnte kein positives Ergebnis erzielt werden.<\/p>\n<p>Wir begr\u00fc\u00dfen deshalb die Absicht der Stadt \u00fcber Geschwindigkeitskontrollen daf\u00fcr zu sorgen, dass wenigstens die bestehenden Beschr\u00e4nkungen von 100 bzw. 120 km\/h eingehalten werden.<\/p>\n","protected":false},"excerpt":{"rendered":"<p>Wie uns OB Hesky auf unsere Anfrage vom 17.09.2012 mitteilt, plant die Stadtverwaltung Geschwindigkeitskontrollanlagen an der B14 zu errichten. Es ist die Absicht der Stadtverwaltung, die Geschwindigkeit auf der B14 zu \u00fcberwachen, um dadurch die L\u00e4rmbeeintr\u00e4chtigung der Korber H\u00f6he auf das unvermeidliche Ma\u00df zu beschr\u00e4nken. Ein Zeitpunkt f\u00fcr die Aufstellung steht noch nicht fest.<\/p>\n","protected":false},"author":3,"featured_media":0,"comment_status":"closed","ping_status":"closed","sticky":false,"template":"","format":"standard","meta":{"ngg_post_thumbnail":0,"footnotes":""},"categories":[8],"tags":[],"class_list":["post-971","post","type-post","status-publish","format-standard","hentry","category-larmbelastung-b14"],"yoast_head":"<!-- This site is optimized with the Yoast SEO plugin v27.5 - https:\/\/yoast.com\/product\/yoast-seo-wordpress\/ -->\n<title>Geschwindigkeitskontrollen an der B14 geplant - B\u00fcrgeraktion Korber H\u00f6he e. V.<\/title>\n<meta name=\"robots\" content=\"index, follow, max-snippet:-1, max-image-preview:large, max-video-preview:-1\" \/>\n<link rel=\"canonical\" href=\"https:\/\/bakh.de\/wdp\/stadt-plant-geschwindigkeitskontrollen-an-der-b14\/\" \/>\n<meta property=\"og:locale\" content=\"de_DE\" \/>\n<meta property=\"og:type\" content=\"article\" \/>\n<meta property=\"og:title\" content=\"Geschwindigkeitskontrollen an der B14 geplant - B\u00fcrgeraktion Korber H\u00f6he e. V.\" \/>\n<meta property=\"og:description\" content=\"Wie uns OB Hesky auf unsere Anfrage vom 17.09.2012 mitteilt, plant die Stadtverwaltung Geschwindigkeitskontrollanlagen an der B14 zu errichten. Es ist die Absicht der Stadtverwaltung, die Geschwindigkeit auf der B14 zu \u00fcberwachen, um dadurch die L\u00e4rmbeeintr\u00e4chtigung der Korber H\u00f6he auf das unvermeidliche Ma\u00df zu beschr\u00e4nken. Ein Zeitpunkt f\u00fcr die Aufstellung steht noch nicht fest.\" \/>\n<meta property=\"og:url\" content=\"https:\/\/bakh.de\/wdp\/stadt-plant-geschwindigkeitskontrollen-an-der-b14\/\" \/>\n<meta property=\"og:site_name\" content=\"B\u00fcrgeraktion Korber H\u00f6he e. V.\" \/>\n<meta property=\"article:published_time\" content=\"2013-01-04T14:57:44+00:00\" \/>\n<meta property=\"article:modified_time\" content=\"2013-01-04T15:02:38+00:00\" \/>\n<meta property=\"og:image\" content=\"http:\/\/bakh.de\/wdp\/wp-content\/uploads\/2013\/01\/stadt_waiblingen_logo.jpg\" \/>\n<meta name=\"author\" content=\"Uli\" \/>\n<meta name=\"twitter:card\" content=\"summary_large_image\" \/>\n<meta name=\"twitter:label1\" content=\"Verfasst von\" \/>\n\t<meta name=\"twitter:data1\" content=\"Uli\" \/>\n\t<meta name=\"twitter:label2\" content=\"Gesch\u00e4tzte Lesezeit\" \/>\n\t<meta name=\"twitter:data2\" content=\"1\u00a0Minute\" \/>\n<script type=\"application\/ld+json\" class=\"yoast-schema-graph\">{\"@context\":\"https:\\\/\\\/schema.org\",\"@graph\":[{\"@type\":\"Article\",\"@id\":\"https:\\\/\\\/bakh.de\\\/wdp\\\/stadt-plant-geschwindigkeitskontrollen-an-der-b14\\\/#article\",\"isPartOf\":{\"@id\":\"https:\\\/\\\/bakh.de\\\/wdp\\\/stadt-plant-geschwindigkeitskontrollen-an-der-b14\\\/\"},\"author\":{\"name\":\"Uli\",\"@id\":\"https:\\\/\\\/bakh.de\\\/wdp\\\/#\\\/schema\\\/person\\\/75a1e296c1c53d3fbbc0a3c6104f6370\"},\"headline\":\"Geschwindigkeitskontrollen an der B14 geplant\",\"datePublished\":\"2013-01-04T14:57:44+00:00\",\"dateModified\":\"2013-01-04T15:02:38+00:00\",\"mainEntityOfPage\":{\"@id\":\"https:\\\/\\\/bakh.de\\\/wdp\\\/stadt-plant-geschwindigkeitskontrollen-an-der-b14\\\/\"},\"wordCount\":130,\"publisher\":{\"@id\":\"https:\\\/\\\/bakh.de\\\/wdp\\\/#organization\"},\"image\":{\"@id\":\"https:\\\/\\\/bakh.de\\\/wdp\\\/stadt-plant-geschwindigkeitskontrollen-an-der-b14\\\/#primaryimage\"},\"thumbnailUrl\":\"http:\\\/\\\/bakh.de\\\/wdp\\\/wp-content\\\/uploads\\\/2013\\\/01\\\/stadt_waiblingen_logo.jpg\",\"articleSection\":[\"L\u00e4rmbelastung B14\"],\"inLanguage\":\"de\"},{\"@type\":\"WebPage\",\"@id\":\"https:\\\/\\\/bakh.de\\\/wdp\\\/stadt-plant-geschwindigkeitskontrollen-an-der-b14\\\/\",\"url\":\"https:\\\/\\\/bakh.de\\\/wdp\\\/stadt-plant-geschwindigkeitskontrollen-an-der-b14\\\/\",\"name\":\"Geschwindigkeitskontrollen an der B14 geplant - B\u00fcrgeraktion Korber H\u00f6he e. V.\",\"isPartOf\":{\"@id\":\"https:\\\/\\\/bakh.de\\\/wdp\\\/#website\"},\"primaryImageOfPage\":{\"@id\":\"https:\\\/\\\/bakh.de\\\/wdp\\\/stadt-plant-geschwindigkeitskontrollen-an-der-b14\\\/#primaryimage\"},\"image\":{\"@id\":\"https:\\\/\\\/bakh.de\\\/wdp\\\/stadt-plant-geschwindigkeitskontrollen-an-der-b14\\\/#primaryimage\"},\"thumbnailUrl\":\"http:\\\/\\\/bakh.de\\\/wdp\\\/wp-content\\\/uploads\\\/2013\\\/01\\\/stadt_waiblingen_logo.jpg\",\"datePublished\":\"2013-01-04T14:57:44+00:00\",\"dateModified\":\"2013-01-04T15:02:38+00:00\",\"breadcrumb\":{\"@id\":\"https:\\\/\\\/bakh.de\\\/wdp\\\/stadt-plant-geschwindigkeitskontrollen-an-der-b14\\\/#breadcrumb\"},\"inLanguage\":\"de\",\"potentialAction\":[{\"@type\":\"ReadAction\",\"target\":[\"https:\\\/\\\/bakh.de\\\/wdp\\\/stadt-plant-geschwindigkeitskontrollen-an-der-b14\\\/\"]}]},{\"@type\":\"ImageObject\",\"inLanguage\":\"de\",\"@id\":\"https:\\\/\\\/bakh.de\\\/wdp\\\/stadt-plant-geschwindigkeitskontrollen-an-der-b14\\\/#primaryimage\",\"url\":\"https:\\\/\\\/bakh.de\\\/wdp\\\/wp-content\\\/uploads\\\/2013\\\/01\\\/stadt_waiblingen_logo.jpg\",\"contentUrl\":\"https:\\\/\\\/bakh.de\\\/wdp\\\/wp-content\\\/uploads\\\/2013\\\/01\\\/stadt_waiblingen_logo.jpg\",\"width\":\"165\",\"height\":\"98\"},{\"@type\":\"BreadcrumbList\",\"@id\":\"https:\\\/\\\/bakh.de\\\/wdp\\\/stadt-plant-geschwindigkeitskontrollen-an-der-b14\\\/#breadcrumb\",\"itemListElement\":[{\"@type\":\"ListItem\",\"position\":1,\"name\":\"Startseite\",\"item\":\"https:\\\/\\\/bakh.de\\\/wdp\\\/\"},{\"@type\":\"ListItem\",\"position\":2,\"name\":\"Geschwindigkeitskontrollen an der B14 geplant\"}]},{\"@type\":\"WebSite\",\"@id\":\"https:\\\/\\\/bakh.de\\\/wdp\\\/#website\",\"url\":\"https:\\\/\\\/bakh.de\\\/wdp\\\/\",\"name\":\"B\u00fcrgeraktion Korber H\u00f6he e. V.\",\"description\":\"\",\"publisher\":{\"@id\":\"https:\\\/\\\/bakh.de\\\/wdp\\\/#organization\"},\"potentialAction\":[{\"@type\":\"SearchAction\",\"target\":{\"@type\":\"EntryPoint\",\"urlTemplate\":\"https:\\\/\\\/bakh.de\\\/wdp\\\/?s={search_term_string}\"},\"query-input\":{\"@type\":\"PropertyValueSpecification\",\"valueRequired\":true,\"valueName\":\"search_term_string\"}}],\"inLanguage\":\"de\"},{\"@type\":\"Organization\",\"@id\":\"https:\\\/\\\/bakh.de\\\/wdp\\\/#organization\",\"name\":\"B\u00fcrgeraktion Korber H\u00f6he e. V.\",\"url\":\"https:\\\/\\\/bakh.de\\\/wdp\\\/\",\"logo\":{\"@type\":\"ImageObject\",\"inLanguage\":\"de\",\"@id\":\"https:\\\/\\\/bakh.de\\\/wdp\\\/#\\\/schema\\\/logo\\\/image\\\/\",\"url\":\"https:\\\/\\\/bakh.de\\\/wdp\\\/wp-content\\\/uploads\\\/2025\\\/11\\\/BAKH_Logo_4c_512.jpg\",\"contentUrl\":\"https:\\\/\\\/bakh.de\\\/wdp\\\/wp-content\\\/uploads\\\/2025\\\/11\\\/BAKH_Logo_4c_512.jpg\",\"width\":516,\"height\":518,\"caption\":\"B\u00fcrgeraktion Korber H\u00f6he e. V.\"},\"image\":{\"@id\":\"https:\\\/\\\/bakh.de\\\/wdp\\\/#\\\/schema\\\/logo\\\/image\\\/\"}},{\"@type\":\"Person\",\"@id\":\"https:\\\/\\\/bakh.de\\\/wdp\\\/#\\\/schema\\\/person\\\/75a1e296c1c53d3fbbc0a3c6104f6370\",\"name\":\"Uli\",\"image\":{\"@type\":\"ImageObject\",\"inLanguage\":\"de\",\"@id\":\"https:\\\/\\\/secure.gravatar.com\\\/avatar\\\/3b55f09e3908cc7190694de428627f99ad7fb1fd6ca4aa1f5a2c94110a7a2967?s=96&d=mm&r=g\",\"url\":\"https:\\\/\\\/secure.gravatar.com\\\/avatar\\\/3b55f09e3908cc7190694de428627f99ad7fb1fd6ca4aa1f5a2c94110a7a2967?s=96&d=mm&r=g\",\"contentUrl\":\"https:\\\/\\\/secure.gravatar.com\\\/avatar\\\/3b55f09e3908cc7190694de428627f99ad7fb1fd6ca4aa1f5a2c94110a7a2967?s=96&d=mm&r=g\",\"caption\":\"Uli\"},\"url\":\"https:\\\/\\\/bakh.de\\\/wdp\\\/author\\\/uli\\\/\"}]}<\/script>\n<!-- \/ Yoast SEO plugin. -->","yoast_head_json":{"title":"Geschwindigkeitskontrollen an der B14 geplant - B\u00fcrgeraktion Korber H\u00f6he e. V.","robots":{"index":"index","follow":"follow","max-snippet":"max-snippet:-1","max-image-preview":"max-image-preview:large","max-video-preview":"max-video-preview:-1"},"canonical":"https:\/\/bakh.de\/wdp\/stadt-plant-geschwindigkeitskontrollen-an-der-b14\/","og_locale":"de_DE","og_type":"article","og_title":"Geschwindigkeitskontrollen an der B14 geplant - B\u00fcrgeraktion Korber H\u00f6he e. V.","og_description":"Wie uns OB Hesky auf unsere Anfrage vom 17.09.2012 mitteilt, plant die Stadtverwaltung Geschwindigkeitskontrollanlagen an der B14 zu errichten. Es ist die Absicht der Stadtverwaltung, die Geschwindigkeit auf der B14 zu \u00fcberwachen, um dadurch die L\u00e4rmbeeintr\u00e4chtigung der Korber H\u00f6he auf das unvermeidliche Ma\u00df zu beschr\u00e4nken. Ein Zeitpunkt f\u00fcr die Aufstellung steht noch nicht fest.","og_url":"https:\/\/bakh.de\/wdp\/stadt-plant-geschwindigkeitskontrollen-an-der-b14\/","og_site_name":"B\u00fcrgeraktion Korber H\u00f6he e. V.","article_published_time":"2013-01-04T14:57:44+00:00","article_modified_time":"2013-01-04T15:02:38+00:00","og_image":[{"url":"http:\/\/bakh.de\/wdp\/wp-content\/uploads\/2013\/01\/stadt_waiblingen_logo.jpg","type":"","width":"","height":""}],"author":"Uli","twitter_card":"summary_large_image","twitter_misc":{"Verfasst von":"Uli","Gesch\u00e4tzte Lesezeit":"1\u00a0Minute"},"schema":{"@context":"https:\/\/schema.org","@graph":[{"@type":"Article","@id":"https:\/\/bakh.de\/wdp\/stadt-plant-geschwindigkeitskontrollen-an-der-b14\/#article","isPartOf":{"@id":"https:\/\/bakh.de\/wdp\/stadt-plant-geschwindigkeitskontrollen-an-der-b14\/"},"author":{"name":"Uli","@id":"https:\/\/bakh.de\/wdp\/#\/schema\/person\/75a1e296c1c53d3fbbc0a3c6104f6370"},"headline":"Geschwindigkeitskontrollen an der B14 geplant","datePublished":"2013-01-04T14:57:44+00:00","dateModified":"2013-01-04T15:02:38+00:00","mainEntityOfPage":{"@id":"https:\/\/bakh.de\/wdp\/stadt-plant-geschwindigkeitskontrollen-an-der-b14\/"},"wordCount":130,"publisher":{"@id":"https:\/\/bakh.de\/wdp\/#organization"},"image":{"@id":"https:\/\/bakh.de\/wdp\/stadt-plant-geschwindigkeitskontrollen-an-der-b14\/#primaryimage"},"thumbnailUrl":"http:\/\/bakh.de\/wdp\/wp-content\/uploads\/2013\/01\/stadt_waiblingen_logo.jpg","articleSection":["L\u00e4rmbelastung B14"],"inLanguage":"de"},{"@type":"WebPage","@id":"https:\/\/bakh.de\/wdp\/stadt-plant-geschwindigkeitskontrollen-an-der-b14\/","url":"https:\/\/bakh.de\/wdp\/stadt-plant-geschwindigkeitskontrollen-an-der-b14\/","name":"Geschwindigkeitskontrollen an der B14 geplant - B\u00fcrgeraktion Korber H\u00f6he e. V.","isPartOf":{"@id":"https:\/\/bakh.de\/wdp\/#website"},"primaryImageOfPage":{"@id":"https:\/\/bakh.de\/wdp\/stadt-plant-geschwindigkeitskontrollen-an-der-b14\/#primaryimage"},"image":{"@id":"https:\/\/bakh.de\/wdp\/stadt-plant-geschwindigkeitskontrollen-an-der-b14\/#primaryimage"},"thumbnailUrl":"http:\/\/bakh.de\/wdp\/wp-content\/uploads\/2013\/01\/stadt_waiblingen_logo.jpg","datePublished":"2013-01-04T14:57:44+00:00","dateModified":"2013-01-04T15:02:38+00:00","breadcrumb":{"@id":"https:\/\/bakh.de\/wdp\/stadt-plant-geschwindigkeitskontrollen-an-der-b14\/#breadcrumb"},"inLanguage":"de","potentialAction":[{"@type":"ReadAction","target":["https:\/\/bakh.de\/wdp\/stadt-plant-geschwindigkeitskontrollen-an-der-b14\/"]}]},{"@type":"ImageObject","inLanguage":"de","@id":"https:\/\/bakh.de\/wdp\/stadt-plant-geschwindigkeitskontrollen-an-der-b14\/#primaryimage","url":"https:\/\/bakh.de\/wdp\/wp-content\/uploads\/2013\/01\/stadt_waiblingen_logo.jpg","contentUrl":"https:\/\/bakh.de\/wdp\/wp-content\/uploads\/2013\/01\/stadt_waiblingen_logo.jpg","width":"165","height":"98"},{"@type":"BreadcrumbList","@id":"https:\/\/bakh.de\/wdp\/stadt-plant-geschwindigkeitskontrollen-an-der-b14\/#breadcrumb","itemListElement":[{"@type":"ListItem","position":1,"name":"Startseite","item":"https:\/\/bakh.de\/wdp\/"},{"@type":"ListItem","position":2,"name":"Geschwindigkeitskontrollen an der B14 geplant"}]},{"@type":"WebSite","@id":"https:\/\/bakh.de\/wdp\/#website","url":"https:\/\/bakh.de\/wdp\/","name":"B\u00fcrgeraktion Korber H\u00f6he e. V.","description":"","publisher":{"@id":"https:\/\/bakh.de\/wdp\/#organization"},"potentialAction":[{"@type":"SearchAction","target":{"@type":"EntryPoint","urlTemplate":"https:\/\/bakh.de\/wdp\/?s={search_term_string}"},"query-input":{"@type":"PropertyValueSpecification","valueRequired":true,"valueName":"search_term_string"}}],"inLanguage":"de"},{"@type":"Organization","@id":"https:\/\/bakh.de\/wdp\/#organization","name":"B\u00fcrgeraktion Korber H\u00f6he e. V.","url":"https:\/\/bakh.de\/wdp\/","logo":{"@type":"ImageObject","inLanguage":"de","@id":"https:\/\/bakh.de\/wdp\/#\/schema\/logo\/image\/","url":"https:\/\/bakh.de\/wdp\/wp-content\/uploads\/2025\/11\/BAKH_Logo_4c_512.jpg","contentUrl":"https:\/\/bakh.de\/wdp\/wp-content\/uploads\/2025\/11\/BAKH_Logo_4c_512.jpg","width":516,"height":518,"caption":"B\u00fcrgeraktion Korber H\u00f6he e. V."},"image":{"@id":"https:\/\/bakh.de\/wdp\/#\/schema\/logo\/image\/"}},{"@type":"Person","@id":"https:\/\/bakh.de\/wdp\/#\/schema\/person\/75a1e296c1c53d3fbbc0a3c6104f6370","name":"Uli","image":{"@type":"ImageObject","inLanguage":"de","@id":"https:\/\/secure.gravatar.com\/avatar\/3b55f09e3908cc7190694de428627f99ad7fb1fd6ca4aa1f5a2c94110a7a2967?s=96&d=mm&r=g","url":"https:\/\/secure.gravatar.com\/avatar\/3b55f09e3908cc7190694de428627f99ad7fb1fd6ca4aa1f5a2c94110a7a2967?s=96&d=mm&r=g","contentUrl":"https:\/\/secure.gravatar.com\/avatar\/3b55f09e3908cc7190694de428627f99ad7fb1fd6ca4aa1f5a2c94110a7a2967?s=96&d=mm&r=g","caption":"Uli"},"url":"https:\/\/bakh.de\/wdp\/author\/uli\/"}]}},"_links":{"self":[{"href":"https:\/\/bakh.de\/wdp\/wp-json\/wp\/v2\/posts\/971","targetHints":{"allow":["GET"]}}],"collection":[{"href":"https:\/\/bakh.de\/wdp\/wp-json\/wp\/v2\/posts"}],"about":[{"href":"https:\/\/bakh.de\/wdp\/wp-json\/wp\/v2\/types\/post"}],"author":[{"embeddable":true,"href":"https:\/\/bakh.de\/wdp\/wp-json\/wp\/v2\/users\/3"}],"replies":[{"embeddable":true,"href":"https:\/\/bakh.de\/wdp\/wp-json\/wp\/v2\/comments?post=971"}],"version-history":[{"count":7,"href":"https:\/\/bakh.de\/wdp\/wp-json\/wp\/v2\/posts\/971\/revisions"}],"predecessor-version":[{"id":974,"href":"https:\/\/bakh.de\/wdp\/wp-json\/wp\/v2\/posts\/971\/revisions\/974"}],"wp:attachment":[{"href":"https:\/\/bakh.de\/wdp\/wp-json\/wp\/v2\/media?parent=971"}],"wp:term":[{"taxonomy":"category","embeddable":true,"href":"https:\/\/bakh.de\/wdp\/wp-json\/wp\/v2\/categories?post=971"},{"taxonomy":"post_tag","embeddable":true,"href":"https:\/\/bakh.de\/wdp\/wp-json\/wp\/v2\/tags?post=971"}],"curies":[{"name":"wp","href":"https:\/\/api.w.org\/{rel}","templated":true}]}}