{"id":952,"date":"2012-12-09T09:54:23","date_gmt":"2012-12-09T09:54:23","guid":{"rendered":"http:\/\/bakh.de\/wdp\/?p=952"},"modified":"2014-07-27T18:43:59","modified_gmt":"2014-07-27T18:43:59","slug":"sabine-raetzel-erhalt-bundesverdienstkreuz","status":"publish","type":"post","link":"https:\/\/bakh.de\/wdp\/sabine-raetzel-erhalt-bundesverdienstkreuz\/","title":{"rendered":"Sabine Raetzel erh\u00e4lt Bundesverdienstkreuz"},"content":{"rendered":"<p><img loading=\"lazy\" decoding=\"async\" class=\"ngg-singlepic ngg-left alignleft\" src=\"http:\/\/bakh.de\/wdp\/wp-content\/gallery\/30-jahre-korber-hohe-treff\/kohoe30_1.jpg\" alt=\"kohoe30_1\" width=\"130\" height=\"173\" \/> F\u00fcr ihr b\u00fcrgerschaftliches Engagement hat Sabine Raetzel das Bundesverdienstkreuz bekommen. Es wurde ihr am 5.12.2012 von Ministerpr\u00e4sident Winfried Kretschmann anl\u00e4sslich des Tags des Ehrenamts \u00fcberreicht.<\/p>\n<p><!--more-->Sabine Raetzel lebt seit 1974 auf der Korber H\u00f6he\u00a0 und hat sich von Anfang an f\u00fcr die Korber H\u00f6he engagiert. Sie ist seit dieser Zeit Mitglied der B\u00fcrgeraktion Korber H\u00f6he e. V., war zun\u00e4chst als Kassenpr\u00fcferin t\u00e4tig und von 1979 bis 1985 erste Vorsitzende. Mit ihrem gro\u00dfen Einsatz hat sie die B\u00fcrgeraktion Korber H\u00f6he mit aufgebaut, entscheidend gepr\u00e4gt und daf\u00fcr gesorgt, dass die Korber H\u00f6he mit all den infrastrukturellen und sozialen Einrichtungen zu dem lebenswerten Stadtteil wurde, der er heute ist.<\/p>\n<p>Auch heute noch ist sie, neben ihren zahlreichen anderen b\u00fcrgerschaftlichen Engagements, wie dem Vorsitz im Stiftungsrat der B\u00fcrgerschaftsstiftung, f\u00fcr die B\u00fcrgeraktion Korber H\u00f6he aktiv. Zusammen mit ihrem Mann Rolf organisiert sie die Wanderungen und Ausfl\u00fcge der Wandergruppe, moderiert Veranstaltungen und unterst\u00fctzt den Hauptausschuss mit Rat und Tat.<\/p>\n<p>Wir gratulieren Sabine ganz herzlich zu dieser hohen Auszeichnung und hoffen, dass sie die B\u00fcrgeraktion Korber H\u00f6he noch lange unterst\u00fctzen wird.<\/p>\n<p>&nbsp;<\/p>\n","protected":false},"excerpt":{"rendered":"<p>F\u00fcr ihr b\u00fcrgerschaftliches Engagement hat Sabine Raetzel das Bundesverdienstkreuz bekommen. Es wurde ihr am 5.12.2012 von Ministerpr\u00e4sident Winfried Kretschmann anl\u00e4sslich des Tags des Ehrenamts \u00fcberreicht.<\/p>\n","protected":false},"author":3,"featured_media":0,"comment_status":"closed","ping_status":"closed","sticky":false,"template":"","format":"standard","meta":{"ngg_post_thumbnail":0,"footnotes":""},"categories":[16],"tags":[],"class_list":["post-952","post","type-post","status-publish","format-standard","hentry","category-archiv"],"yoast_head":"<!-- This site is optimized with the Yoast SEO plugin v27.5 - https:\/\/yoast.com\/product\/yoast-seo-wordpress\/ -->\n<title>Sabine Raetzel erh\u00e4lt Bundesverdienstkreuz - B\u00fcrgeraktion Korber H\u00f6he e. V.<\/title>\n<meta name=\"robots\" content=\"index, follow, max-snippet:-1, max-image-preview:large, max-video-preview:-1\" \/>\n<link rel=\"canonical\" href=\"https:\/\/bakh.de\/wdp\/sabine-raetzel-erhalt-bundesverdienstkreuz\/\" \/>\n<meta property=\"og:locale\" content=\"de_DE\" \/>\n<meta property=\"og:type\" content=\"article\" \/>\n<meta property=\"og:title\" content=\"Sabine Raetzel erh\u00e4lt Bundesverdienstkreuz - B\u00fcrgeraktion Korber H\u00f6he e. V.\" \/>\n<meta property=\"og:description\" content=\"F\u00fcr ihr b\u00fcrgerschaftliches Engagement hat Sabine Raetzel das Bundesverdienstkreuz bekommen. Es wurde ihr am 5.12.2012 von Ministerpr\u00e4sident Winfried Kretschmann anl\u00e4sslich des Tags des Ehrenamts \u00fcberreicht.\" \/>\n<meta property=\"og:url\" content=\"https:\/\/bakh.de\/wdp\/sabine-raetzel-erhalt-bundesverdienstkreuz\/\" \/>\n<meta property=\"og:site_name\" content=\"B\u00fcrgeraktion Korber H\u00f6he e. V.\" \/>\n<meta property=\"article:published_time\" content=\"2012-12-09T09:54:23+00:00\" \/>\n<meta property=\"article:modified_time\" content=\"2014-07-27T18:43:59+00:00\" \/>\n<meta property=\"og:image\" content=\"http:\/\/bakh.de\/wdp\/wp-content\/gallery\/30-jahre-korber-hohe-treff\/kohoe30_1.jpg\" \/>\n<meta name=\"author\" content=\"Uli\" \/>\n<meta name=\"twitter:card\" content=\"summary_large_image\" \/>\n<meta name=\"twitter:label1\" content=\"Verfasst von\" \/>\n\t<meta name=\"twitter:data1\" content=\"Uli\" \/>\n\t<meta name=\"twitter:label2\" content=\"Gesch\u00e4tzte Lesezeit\" \/>\n\t<meta name=\"twitter:data2\" content=\"1\u00a0Minute\" \/>\n<script type=\"application\/ld+json\" class=\"yoast-schema-graph\">{\"@context\":\"https:\\\/\\\/schema.org\",\"@graph\":[{\"@type\":\"Article\",\"@id\":\"https:\\\/\\\/bakh.de\\\/wdp\\\/sabine-raetzel-erhalt-bundesverdienstkreuz\\\/#article\",\"isPartOf\":{\"@id\":\"https:\\\/\\\/bakh.de\\\/wdp\\\/sabine-raetzel-erhalt-bundesverdienstkreuz\\\/\"},\"author\":{\"name\":\"Uli\",\"@id\":\"https:\\\/\\\/bakh.de\\\/wdp\\\/#\\\/schema\\\/person\\\/75a1e296c1c53d3fbbc0a3c6104f6370\"},\"headline\":\"Sabine Raetzel erh\u00e4lt Bundesverdienstkreuz\",\"datePublished\":\"2012-12-09T09:54:23+00:00\",\"dateModified\":\"2014-07-27T18:43:59+00:00\",\"mainEntityOfPage\":{\"@id\":\"https:\\\/\\\/bakh.de\\\/wdp\\\/sabine-raetzel-erhalt-bundesverdienstkreuz\\\/\"},\"wordCount\":204,\"publisher\":{\"@id\":\"https:\\\/\\\/bakh.de\\\/wdp\\\/#organization\"},\"image\":{\"@id\":\"https:\\\/\\\/bakh.de\\\/wdp\\\/sabine-raetzel-erhalt-bundesverdienstkreuz\\\/#primaryimage\"},\"thumbnailUrl\":\"http:\\\/\\\/bakh.de\\\/wdp\\\/wp-content\\\/gallery\\\/30-jahre-korber-hohe-treff\\\/kohoe30_1.jpg\",\"articleSection\":[\"Archiv\"],\"inLanguage\":\"de\"},{\"@type\":\"WebPage\",\"@id\":\"https:\\\/\\\/bakh.de\\\/wdp\\\/sabine-raetzel-erhalt-bundesverdienstkreuz\\\/\",\"url\":\"https:\\\/\\\/bakh.de\\\/wdp\\\/sabine-raetzel-erhalt-bundesverdienstkreuz\\\/\",\"name\":\"Sabine Raetzel erh\u00e4lt Bundesverdienstkreuz - B\u00fcrgeraktion Korber H\u00f6he e. V.\",\"isPartOf\":{\"@id\":\"https:\\\/\\\/bakh.de\\\/wdp\\\/#website\"},\"primaryImageOfPage\":{\"@id\":\"https:\\\/\\\/bakh.de\\\/wdp\\\/sabine-raetzel-erhalt-bundesverdienstkreuz\\\/#primaryimage\"},\"image\":{\"@id\":\"https:\\\/\\\/bakh.de\\\/wdp\\\/sabine-raetzel-erhalt-bundesverdienstkreuz\\\/#primaryimage\"},\"thumbnailUrl\":\"http:\\\/\\\/bakh.de\\\/wdp\\\/wp-content\\\/gallery\\\/30-jahre-korber-hohe-treff\\\/kohoe30_1.jpg\",\"datePublished\":\"2012-12-09T09:54:23+00:00\",\"dateModified\":\"2014-07-27T18:43:59+00:00\",\"breadcrumb\":{\"@id\":\"https:\\\/\\\/bakh.de\\\/wdp\\\/sabine-raetzel-erhalt-bundesverdienstkreuz\\\/#breadcrumb\"},\"inLanguage\":\"de\",\"potentialAction\":[{\"@type\":\"ReadAction\",\"target\":[\"https:\\\/\\\/bakh.de\\\/wdp\\\/sabine-raetzel-erhalt-bundesverdienstkreuz\\\/\"]}]},{\"@type\":\"ImageObject\",\"inLanguage\":\"de\",\"@id\":\"https:\\\/\\\/bakh.de\\\/wdp\\\/sabine-raetzel-erhalt-bundesverdienstkreuz\\\/#primaryimage\",\"url\":\"http:\\\/\\\/bakh.de\\\/wdp\\\/wp-content\\\/gallery\\\/30-jahre-korber-hohe-treff\\\/kohoe30_1.jpg\",\"contentUrl\":\"http:\\\/\\\/bakh.de\\\/wdp\\\/wp-content\\\/gallery\\\/30-jahre-korber-hohe-treff\\\/kohoe30_1.jpg\"},{\"@type\":\"BreadcrumbList\",\"@id\":\"https:\\\/\\\/bakh.de\\\/wdp\\\/sabine-raetzel-erhalt-bundesverdienstkreuz\\\/#breadcrumb\",\"itemListElement\":[{\"@type\":\"ListItem\",\"position\":1,\"name\":\"Startseite\",\"item\":\"https:\\\/\\\/bakh.de\\\/wdp\\\/\"},{\"@type\":\"ListItem\",\"position\":2,\"name\":\"Sabine Raetzel erh\u00e4lt Bundesverdienstkreuz\"}]},{\"@type\":\"WebSite\",\"@id\":\"https:\\\/\\\/bakh.de\\\/wdp\\\/#website\",\"url\":\"https:\\\/\\\/bakh.de\\\/wdp\\\/\",\"name\":\"B\u00fcrgeraktion Korber H\u00f6he e. V.\",\"description\":\"\",\"publisher\":{\"@id\":\"https:\\\/\\\/bakh.de\\\/wdp\\\/#organization\"},\"potentialAction\":[{\"@type\":\"SearchAction\",\"target\":{\"@type\":\"EntryPoint\",\"urlTemplate\":\"https:\\\/\\\/bakh.de\\\/wdp\\\/?s={search_term_string}\"},\"query-input\":{\"@type\":\"PropertyValueSpecification\",\"valueRequired\":true,\"valueName\":\"search_term_string\"}}],\"inLanguage\":\"de\"},{\"@type\":\"Organization\",\"@id\":\"https:\\\/\\\/bakh.de\\\/wdp\\\/#organization\",\"name\":\"B\u00fcrgeraktion Korber H\u00f6he e. V.\",\"url\":\"https:\\\/\\\/bakh.de\\\/wdp\\\/\",\"logo\":{\"@type\":\"ImageObject\",\"inLanguage\":\"de\",\"@id\":\"https:\\\/\\\/bakh.de\\\/wdp\\\/#\\\/schema\\\/logo\\\/image\\\/\",\"url\":\"https:\\\/\\\/bakh.de\\\/wdp\\\/wp-content\\\/uploads\\\/2025\\\/11\\\/BAKH_Logo_4c_512.jpg\",\"contentUrl\":\"https:\\\/\\\/bakh.de\\\/wdp\\\/wp-content\\\/uploads\\\/2025\\\/11\\\/BAKH_Logo_4c_512.jpg\",\"width\":516,\"height\":518,\"caption\":\"B\u00fcrgeraktion Korber H\u00f6he e. V.\"},\"image\":{\"@id\":\"https:\\\/\\\/bakh.de\\\/wdp\\\/#\\\/schema\\\/logo\\\/image\\\/\"}},{\"@type\":\"Person\",\"@id\":\"https:\\\/\\\/bakh.de\\\/wdp\\\/#\\\/schema\\\/person\\\/75a1e296c1c53d3fbbc0a3c6104f6370\",\"name\":\"Uli\",\"image\":{\"@type\":\"ImageObject\",\"inLanguage\":\"de\",\"@id\":\"https:\\\/\\\/secure.gravatar.com\\\/avatar\\\/3b55f09e3908cc7190694de428627f99ad7fb1fd6ca4aa1f5a2c94110a7a2967?s=96&d=mm&r=g\",\"url\":\"https:\\\/\\\/secure.gravatar.com\\\/avatar\\\/3b55f09e3908cc7190694de428627f99ad7fb1fd6ca4aa1f5a2c94110a7a2967?s=96&d=mm&r=g\",\"contentUrl\":\"https:\\\/\\\/secure.gravatar.com\\\/avatar\\\/3b55f09e3908cc7190694de428627f99ad7fb1fd6ca4aa1f5a2c94110a7a2967?s=96&d=mm&r=g\",\"caption\":\"Uli\"},\"url\":\"https:\\\/\\\/bakh.de\\\/wdp\\\/author\\\/uli\\\/\"}]}<\/script>\n<!-- \/ Yoast SEO plugin. -->","yoast_head_json":{"title":"Sabine Raetzel erh\u00e4lt Bundesverdienstkreuz - B\u00fcrgeraktion Korber H\u00f6he e. V.","robots":{"index":"index","follow":"follow","max-snippet":"max-snippet:-1","max-image-preview":"max-image-preview:large","max-video-preview":"max-video-preview:-1"},"canonical":"https:\/\/bakh.de\/wdp\/sabine-raetzel-erhalt-bundesverdienstkreuz\/","og_locale":"de_DE","og_type":"article","og_title":"Sabine Raetzel erh\u00e4lt Bundesverdienstkreuz - B\u00fcrgeraktion Korber H\u00f6he e. V.","og_description":"F\u00fcr ihr b\u00fcrgerschaftliches Engagement hat Sabine Raetzel das Bundesverdienstkreuz bekommen. Es wurde ihr am 5.12.2012 von Ministerpr\u00e4sident Winfried Kretschmann anl\u00e4sslich des Tags des Ehrenamts \u00fcberreicht.","og_url":"https:\/\/bakh.de\/wdp\/sabine-raetzel-erhalt-bundesverdienstkreuz\/","og_site_name":"B\u00fcrgeraktion Korber H\u00f6he e. V.","article_published_time":"2012-12-09T09:54:23+00:00","article_modified_time":"2014-07-27T18:43:59+00:00","og_image":[{"url":"http:\/\/bakh.de\/wdp\/wp-content\/gallery\/30-jahre-korber-hohe-treff\/kohoe30_1.jpg","type":"","width":"","height":""}],"author":"Uli","twitter_card":"summary_large_image","twitter_misc":{"Verfasst von":"Uli","Gesch\u00e4tzte Lesezeit":"1\u00a0Minute"},"schema":{"@context":"https:\/\/schema.org","@graph":[{"@type":"Article","@id":"https:\/\/bakh.de\/wdp\/sabine-raetzel-erhalt-bundesverdienstkreuz\/#article","isPartOf":{"@id":"https:\/\/bakh.de\/wdp\/sabine-raetzel-erhalt-bundesverdienstkreuz\/"},"author":{"name":"Uli","@id":"https:\/\/bakh.de\/wdp\/#\/schema\/person\/75a1e296c1c53d3fbbc0a3c6104f6370"},"headline":"Sabine Raetzel erh\u00e4lt Bundesverdienstkreuz","datePublished":"2012-12-09T09:54:23+00:00","dateModified":"2014-07-27T18:43:59+00:00","mainEntityOfPage":{"@id":"https:\/\/bakh.de\/wdp\/sabine-raetzel-erhalt-bundesverdienstkreuz\/"},"wordCount":204,"publisher":{"@id":"https:\/\/bakh.de\/wdp\/#organization"},"image":{"@id":"https:\/\/bakh.de\/wdp\/sabine-raetzel-erhalt-bundesverdienstkreuz\/#primaryimage"},"thumbnailUrl":"http:\/\/bakh.de\/wdp\/wp-content\/gallery\/30-jahre-korber-hohe-treff\/kohoe30_1.jpg","articleSection":["Archiv"],"inLanguage":"de"},{"@type":"WebPage","@id":"https:\/\/bakh.de\/wdp\/sabine-raetzel-erhalt-bundesverdienstkreuz\/","url":"https:\/\/bakh.de\/wdp\/sabine-raetzel-erhalt-bundesverdienstkreuz\/","name":"Sabine Raetzel erh\u00e4lt Bundesverdienstkreuz - B\u00fcrgeraktion Korber H\u00f6he e. V.","isPartOf":{"@id":"https:\/\/bakh.de\/wdp\/#website"},"primaryImageOfPage":{"@id":"https:\/\/bakh.de\/wdp\/sabine-raetzel-erhalt-bundesverdienstkreuz\/#primaryimage"},"image":{"@id":"https:\/\/bakh.de\/wdp\/sabine-raetzel-erhalt-bundesverdienstkreuz\/#primaryimage"},"thumbnailUrl":"http:\/\/bakh.de\/wdp\/wp-content\/gallery\/30-jahre-korber-hohe-treff\/kohoe30_1.jpg","datePublished":"2012-12-09T09:54:23+00:00","dateModified":"2014-07-27T18:43:59+00:00","breadcrumb":{"@id":"https:\/\/bakh.de\/wdp\/sabine-raetzel-erhalt-bundesverdienstkreuz\/#breadcrumb"},"inLanguage":"de","potentialAction":[{"@type":"ReadAction","target":["https:\/\/bakh.de\/wdp\/sabine-raetzel-erhalt-bundesverdienstkreuz\/"]}]},{"@type":"ImageObject","inLanguage":"de","@id":"https:\/\/bakh.de\/wdp\/sabine-raetzel-erhalt-bundesverdienstkreuz\/#primaryimage","url":"http:\/\/bakh.de\/wdp\/wp-content\/gallery\/30-jahre-korber-hohe-treff\/kohoe30_1.jpg","contentUrl":"http:\/\/bakh.de\/wdp\/wp-content\/gallery\/30-jahre-korber-hohe-treff\/kohoe30_1.jpg"},{"@type":"BreadcrumbList","@id":"https:\/\/bakh.de\/wdp\/sabine-raetzel-erhalt-bundesverdienstkreuz\/#breadcrumb","itemListElement":[{"@type":"ListItem","position":1,"name":"Startseite","item":"https:\/\/bakh.de\/wdp\/"},{"@type":"ListItem","position":2,"name":"Sabine Raetzel erh\u00e4lt Bundesverdienstkreuz"}]},{"@type":"WebSite","@id":"https:\/\/bakh.de\/wdp\/#website","url":"https:\/\/bakh.de\/wdp\/","name":"B\u00fcrgeraktion Korber H\u00f6he e. V.","description":"","publisher":{"@id":"https:\/\/bakh.de\/wdp\/#organization"},"potentialAction":[{"@type":"SearchAction","target":{"@type":"EntryPoint","urlTemplate":"https:\/\/bakh.de\/wdp\/?s={search_term_string}"},"query-input":{"@type":"PropertyValueSpecification","valueRequired":true,"valueName":"search_term_string"}}],"inLanguage":"de"},{"@type":"Organization","@id":"https:\/\/bakh.de\/wdp\/#organization","name":"B\u00fcrgeraktion Korber H\u00f6he e. V.","url":"https:\/\/bakh.de\/wdp\/","logo":{"@type":"ImageObject","inLanguage":"de","@id":"https:\/\/bakh.de\/wdp\/#\/schema\/logo\/image\/","url":"https:\/\/bakh.de\/wdp\/wp-content\/uploads\/2025\/11\/BAKH_Logo_4c_512.jpg","contentUrl":"https:\/\/bakh.de\/wdp\/wp-content\/uploads\/2025\/11\/BAKH_Logo_4c_512.jpg","width":516,"height":518,"caption":"B\u00fcrgeraktion Korber H\u00f6he e. V."},"image":{"@id":"https:\/\/bakh.de\/wdp\/#\/schema\/logo\/image\/"}},{"@type":"Person","@id":"https:\/\/bakh.de\/wdp\/#\/schema\/person\/75a1e296c1c53d3fbbc0a3c6104f6370","name":"Uli","image":{"@type":"ImageObject","inLanguage":"de","@id":"https:\/\/secure.gravatar.com\/avatar\/3b55f09e3908cc7190694de428627f99ad7fb1fd6ca4aa1f5a2c94110a7a2967?s=96&d=mm&r=g","url":"https:\/\/secure.gravatar.com\/avatar\/3b55f09e3908cc7190694de428627f99ad7fb1fd6ca4aa1f5a2c94110a7a2967?s=96&d=mm&r=g","contentUrl":"https:\/\/secure.gravatar.com\/avatar\/3b55f09e3908cc7190694de428627f99ad7fb1fd6ca4aa1f5a2c94110a7a2967?s=96&d=mm&r=g","caption":"Uli"},"url":"https:\/\/bakh.de\/wdp\/author\/uli\/"}]}},"_links":{"self":[{"href":"https:\/\/bakh.de\/wdp\/wp-json\/wp\/v2\/posts\/952","targetHints":{"allow":["GET"]}}],"collection":[{"href":"https:\/\/bakh.de\/wdp\/wp-json\/wp\/v2\/posts"}],"about":[{"href":"https:\/\/bakh.de\/wdp\/wp-json\/wp\/v2\/types\/post"}],"author":[{"embeddable":true,"href":"https:\/\/bakh.de\/wdp\/wp-json\/wp\/v2\/users\/3"}],"replies":[{"embeddable":true,"href":"https:\/\/bakh.de\/wdp\/wp-json\/wp\/v2\/comments?post=952"}],"version-history":[{"count":9,"href":"https:\/\/bakh.de\/wdp\/wp-json\/wp\/v2\/posts\/952\/revisions"}],"predecessor-version":[{"id":2025,"href":"https:\/\/bakh.de\/wdp\/wp-json\/wp\/v2\/posts\/952\/revisions\/2025"}],"wp:attachment":[{"href":"https:\/\/bakh.de\/wdp\/wp-json\/wp\/v2\/media?parent=952"}],"wp:term":[{"taxonomy":"category","embeddable":true,"href":"https:\/\/bakh.de\/wdp\/wp-json\/wp\/v2\/categories?post=952"},{"taxonomy":"post_tag","embeddable":true,"href":"https:\/\/bakh.de\/wdp\/wp-json\/wp\/v2\/tags?post=952"}],"curies":[{"name":"wp","href":"https:\/\/api.w.org\/{rel}","templated":true}]}}