{"id":888,"date":"2012-09-30T09:09:50","date_gmt":"2012-09-30T09:09:50","guid":{"rendered":"http:\/\/bakh.de\/wdp\/?p=888"},"modified":"2012-09-30T09:22:35","modified_gmt":"2012-09-30T09:22:35","slug":"unterstutzung-wegen-larmschutz-b14","status":"publish","type":"post","link":"https:\/\/bakh.de\/wdp\/unterstutzung-wegen-larmschutz-b14\/","title":{"rendered":"Unterst\u00fctzung wegen L\u00e4rmschutz B14"},"content":{"rendered":"<p><a title=\"b14 map\" href=\"http:\/\/maps.google.de\/maps?oe=utf-8&amp;rls=org.mozilla:de:official&amp;client=firefox-a&amp;q=b14+waiblingen&amp;um=1&amp;ie=UTF-8&amp;hq=&amp;hnear=0x4799300fd132cde1:0xbbed0735408eb6c3,B14&amp;gl=de&amp;sa=X&amp;ei=3AxoUNacJ8jOsgayvoCYCw&amp;ved=0CCMQ8gEwAA\" target=\"_blank\"><img loading=\"lazy\" decoding=\"async\" class=\"alignleft  wp-image-890\" title=\"b14-karte\" src=\"http:\/\/bakh.de\/wdp\/wp-content\/uploads\/2012\/09\/b14-karte.gif\" alt=\"\" width=\"130\" height=\"89\" \/><\/a>Da das Ministerium f\u00fcr Verkehr und Infrastruktur zu unserer erneuten <a title=\"B14: Keine Beschr\u00e4nkung der Geschwindigkeit wegen L\u00e4rmschutz\" href=\"http:\/\/bakh.de\/wdp\/?p=733\">Anfrage zur L\u00e4rmbelastung<\/a> des Wohngebietes Korber H\u00f6he durch den Verkehr auf der B14 ablehnend geantwortet hatte, haben wir uns mit der Bitte um Unterst\u00fctzung an die Stadt Waiblingen und die Gemeinderatsfraktionen gewandt.<!--more--><\/p>\n<p>In einem Schreiben fordern wir Stadtverwaltung und Gemeinder\u00e4te dazu auf, unser Anliegen zu unterst\u00fctzen und sich f\u00fcr eine Reduzierung der Geschwindigkeit auf 100 km\/h auf der B14 in Fahrtrichtung Winnenden beim Ministerium f\u00fcr Verkehr und Infrastruktur einzusetzen.<\/p>\n<p>Damit zumindest die bestehenden Geschwindigkeitsbeschr\u00e4nkungen eingehalten werden, sollten wie am B-14\/B-29-Teiler Tempo-Messanlagen aufgestellt werden.<\/p>\n","protected":false},"excerpt":{"rendered":"<p>Da das Ministerium f\u00fcr Verkehr und Infrastruktur zu unserer erneuten Anfrage zur L\u00e4rmbelastung des Wohngebietes Korber H\u00f6he durch den Verkehr auf der B14 ablehnend geantwortet hatte, haben wir uns mit der Bitte um Unterst\u00fctzung an die Stadt Waiblingen und die Gemeinderatsfraktionen gewandt.<\/p>\n","protected":false},"author":3,"featured_media":0,"comment_status":"closed","ping_status":"closed","sticky":false,"template":"","format":"standard","meta":{"ngg_post_thumbnail":0,"footnotes":""},"categories":[8],"tags":[],"class_list":["post-888","post","type-post","status-publish","format-standard","hentry","category-larmbelastung-b14"],"yoast_head":"<!-- This site is optimized with the Yoast SEO plugin v27.5 - https:\/\/yoast.com\/product\/yoast-seo-wordpress\/ -->\n<title>Unterst\u00fctzung wegen L\u00e4rmschutz B14 - B\u00fcrgeraktion Korber H\u00f6he e. V.<\/title>\n<meta name=\"robots\" content=\"index, follow, max-snippet:-1, max-image-preview:large, max-video-preview:-1\" \/>\n<link rel=\"canonical\" href=\"https:\/\/bakh.de\/wdp\/unterstutzung-wegen-larmschutz-b14\/\" \/>\n<meta property=\"og:locale\" content=\"de_DE\" \/>\n<meta property=\"og:type\" content=\"article\" \/>\n<meta property=\"og:title\" content=\"Unterst\u00fctzung wegen L\u00e4rmschutz B14 - B\u00fcrgeraktion Korber H\u00f6he e. V.\" \/>\n<meta property=\"og:description\" content=\"Da das Ministerium f\u00fcr Verkehr und Infrastruktur zu unserer erneuten Anfrage zur L\u00e4rmbelastung des Wohngebietes Korber H\u00f6he durch den Verkehr auf der B14 ablehnend geantwortet hatte, haben wir uns mit der Bitte um Unterst\u00fctzung an die Stadt Waiblingen und die Gemeinderatsfraktionen gewandt.\" \/>\n<meta property=\"og:url\" content=\"https:\/\/bakh.de\/wdp\/unterstutzung-wegen-larmschutz-b14\/\" \/>\n<meta property=\"og:site_name\" content=\"B\u00fcrgeraktion Korber H\u00f6he e. V.\" \/>\n<meta property=\"article:published_time\" content=\"2012-09-30T09:09:50+00:00\" \/>\n<meta property=\"article:modified_time\" content=\"2012-09-30T09:22:35+00:00\" \/>\n<meta property=\"og:image\" content=\"http:\/\/bakh.de\/wdp\/wp-content\/uploads\/2012\/09\/b14-karte.gif\" \/>\n<meta name=\"author\" content=\"Uli\" \/>\n<meta name=\"twitter:card\" content=\"summary_large_image\" \/>\n<meta name=\"twitter:label1\" content=\"Verfasst von\" \/>\n\t<meta name=\"twitter:data1\" content=\"Uli\" \/>\n\t<meta name=\"twitter:label2\" content=\"Gesch\u00e4tzte Lesezeit\" \/>\n\t<meta name=\"twitter:data2\" content=\"1\u00a0Minute\" \/>\n<script type=\"application\/ld+json\" class=\"yoast-schema-graph\">{\"@context\":\"https:\\\/\\\/schema.org\",\"@graph\":[{\"@type\":\"Article\",\"@id\":\"https:\\\/\\\/bakh.de\\\/wdp\\\/unterstutzung-wegen-larmschutz-b14\\\/#article\",\"isPartOf\":{\"@id\":\"https:\\\/\\\/bakh.de\\\/wdp\\\/unterstutzung-wegen-larmschutz-b14\\\/\"},\"author\":{\"name\":\"Uli\",\"@id\":\"https:\\\/\\\/bakh.de\\\/wdp\\\/#\\\/schema\\\/person\\\/75a1e296c1c53d3fbbc0a3c6104f6370\"},\"headline\":\"Unterst\u00fctzung wegen L\u00e4rmschutz B14\",\"datePublished\":\"2012-09-30T09:09:50+00:00\",\"dateModified\":\"2012-09-30T09:22:35+00:00\",\"mainEntityOfPage\":{\"@id\":\"https:\\\/\\\/bakh.de\\\/wdp\\\/unterstutzung-wegen-larmschutz-b14\\\/\"},\"wordCount\":110,\"publisher\":{\"@id\":\"https:\\\/\\\/bakh.de\\\/wdp\\\/#organization\"},\"image\":{\"@id\":\"https:\\\/\\\/bakh.de\\\/wdp\\\/unterstutzung-wegen-larmschutz-b14\\\/#primaryimage\"},\"thumbnailUrl\":\"http:\\\/\\\/bakh.de\\\/wdp\\\/wp-content\\\/uploads\\\/2012\\\/09\\\/b14-karte.gif\",\"articleSection\":[\"L\u00e4rmbelastung B14\"],\"inLanguage\":\"de\"},{\"@type\":\"WebPage\",\"@id\":\"https:\\\/\\\/bakh.de\\\/wdp\\\/unterstutzung-wegen-larmschutz-b14\\\/\",\"url\":\"https:\\\/\\\/bakh.de\\\/wdp\\\/unterstutzung-wegen-larmschutz-b14\\\/\",\"name\":\"Unterst\u00fctzung wegen L\u00e4rmschutz B14 - B\u00fcrgeraktion Korber H\u00f6he e. V.\",\"isPartOf\":{\"@id\":\"https:\\\/\\\/bakh.de\\\/wdp\\\/#website\"},\"primaryImageOfPage\":{\"@id\":\"https:\\\/\\\/bakh.de\\\/wdp\\\/unterstutzung-wegen-larmschutz-b14\\\/#primaryimage\"},\"image\":{\"@id\":\"https:\\\/\\\/bakh.de\\\/wdp\\\/unterstutzung-wegen-larmschutz-b14\\\/#primaryimage\"},\"thumbnailUrl\":\"http:\\\/\\\/bakh.de\\\/wdp\\\/wp-content\\\/uploads\\\/2012\\\/09\\\/b14-karte.gif\",\"datePublished\":\"2012-09-30T09:09:50+00:00\",\"dateModified\":\"2012-09-30T09:22:35+00:00\",\"breadcrumb\":{\"@id\":\"https:\\\/\\\/bakh.de\\\/wdp\\\/unterstutzung-wegen-larmschutz-b14\\\/#breadcrumb\"},\"inLanguage\":\"de\",\"potentialAction\":[{\"@type\":\"ReadAction\",\"target\":[\"https:\\\/\\\/bakh.de\\\/wdp\\\/unterstutzung-wegen-larmschutz-b14\\\/\"]}]},{\"@type\":\"ImageObject\",\"inLanguage\":\"de\",\"@id\":\"https:\\\/\\\/bakh.de\\\/wdp\\\/unterstutzung-wegen-larmschutz-b14\\\/#primaryimage\",\"url\":\"https:\\\/\\\/bakh.de\\\/wdp\\\/wp-content\\\/uploads\\\/2012\\\/09\\\/b14-karte.gif\",\"contentUrl\":\"https:\\\/\\\/bakh.de\\\/wdp\\\/wp-content\\\/uploads\\\/2012\\\/09\\\/b14-karte.gif\",\"width\":\"270\",\"height\":\"185\"},{\"@type\":\"BreadcrumbList\",\"@id\":\"https:\\\/\\\/bakh.de\\\/wdp\\\/unterstutzung-wegen-larmschutz-b14\\\/#breadcrumb\",\"itemListElement\":[{\"@type\":\"ListItem\",\"position\":1,\"name\":\"Startseite\",\"item\":\"https:\\\/\\\/bakh.de\\\/wdp\\\/\"},{\"@type\":\"ListItem\",\"position\":2,\"name\":\"Unterst\u00fctzung wegen L\u00e4rmschutz B14\"}]},{\"@type\":\"WebSite\",\"@id\":\"https:\\\/\\\/bakh.de\\\/wdp\\\/#website\",\"url\":\"https:\\\/\\\/bakh.de\\\/wdp\\\/\",\"name\":\"B\u00fcrgeraktion Korber H\u00f6he e. V.\",\"description\":\"\",\"publisher\":{\"@id\":\"https:\\\/\\\/bakh.de\\\/wdp\\\/#organization\"},\"potentialAction\":[{\"@type\":\"SearchAction\",\"target\":{\"@type\":\"EntryPoint\",\"urlTemplate\":\"https:\\\/\\\/bakh.de\\\/wdp\\\/?s={search_term_string}\"},\"query-input\":{\"@type\":\"PropertyValueSpecification\",\"valueRequired\":true,\"valueName\":\"search_term_string\"}}],\"inLanguage\":\"de\"},{\"@type\":\"Organization\",\"@id\":\"https:\\\/\\\/bakh.de\\\/wdp\\\/#organization\",\"name\":\"B\u00fcrgeraktion Korber H\u00f6he e. V.\",\"url\":\"https:\\\/\\\/bakh.de\\\/wdp\\\/\",\"logo\":{\"@type\":\"ImageObject\",\"inLanguage\":\"de\",\"@id\":\"https:\\\/\\\/bakh.de\\\/wdp\\\/#\\\/schema\\\/logo\\\/image\\\/\",\"url\":\"https:\\\/\\\/bakh.de\\\/wdp\\\/wp-content\\\/uploads\\\/2025\\\/11\\\/BAKH_Logo_4c_512.jpg\",\"contentUrl\":\"https:\\\/\\\/bakh.de\\\/wdp\\\/wp-content\\\/uploads\\\/2025\\\/11\\\/BAKH_Logo_4c_512.jpg\",\"width\":516,\"height\":518,\"caption\":\"B\u00fcrgeraktion Korber H\u00f6he e. V.\"},\"image\":{\"@id\":\"https:\\\/\\\/bakh.de\\\/wdp\\\/#\\\/schema\\\/logo\\\/image\\\/\"}},{\"@type\":\"Person\",\"@id\":\"https:\\\/\\\/bakh.de\\\/wdp\\\/#\\\/schema\\\/person\\\/75a1e296c1c53d3fbbc0a3c6104f6370\",\"name\":\"Uli\",\"image\":{\"@type\":\"ImageObject\",\"inLanguage\":\"de\",\"@id\":\"https:\\\/\\\/secure.gravatar.com\\\/avatar\\\/3b55f09e3908cc7190694de428627f99ad7fb1fd6ca4aa1f5a2c94110a7a2967?s=96&d=mm&r=g\",\"url\":\"https:\\\/\\\/secure.gravatar.com\\\/avatar\\\/3b55f09e3908cc7190694de428627f99ad7fb1fd6ca4aa1f5a2c94110a7a2967?s=96&d=mm&r=g\",\"contentUrl\":\"https:\\\/\\\/secure.gravatar.com\\\/avatar\\\/3b55f09e3908cc7190694de428627f99ad7fb1fd6ca4aa1f5a2c94110a7a2967?s=96&d=mm&r=g\",\"caption\":\"Uli\"},\"url\":\"https:\\\/\\\/bakh.de\\\/wdp\\\/author\\\/uli\\\/\"}]}<\/script>\n<!-- \/ Yoast SEO plugin. -->","yoast_head_json":{"title":"Unterst\u00fctzung wegen L\u00e4rmschutz B14 - B\u00fcrgeraktion Korber H\u00f6he e. V.","robots":{"index":"index","follow":"follow","max-snippet":"max-snippet:-1","max-image-preview":"max-image-preview:large","max-video-preview":"max-video-preview:-1"},"canonical":"https:\/\/bakh.de\/wdp\/unterstutzung-wegen-larmschutz-b14\/","og_locale":"de_DE","og_type":"article","og_title":"Unterst\u00fctzung wegen L\u00e4rmschutz B14 - B\u00fcrgeraktion Korber H\u00f6he e. V.","og_description":"Da das Ministerium f\u00fcr Verkehr und Infrastruktur zu unserer erneuten Anfrage zur L\u00e4rmbelastung des Wohngebietes Korber H\u00f6he durch den Verkehr auf der B14 ablehnend geantwortet hatte, haben wir uns mit der Bitte um Unterst\u00fctzung an die Stadt Waiblingen und die Gemeinderatsfraktionen gewandt.","og_url":"https:\/\/bakh.de\/wdp\/unterstutzung-wegen-larmschutz-b14\/","og_site_name":"B\u00fcrgeraktion Korber H\u00f6he e. V.","article_published_time":"2012-09-30T09:09:50+00:00","article_modified_time":"2012-09-30T09:22:35+00:00","og_image":[{"url":"http:\/\/bakh.de\/wdp\/wp-content\/uploads\/2012\/09\/b14-karte.gif","type":"","width":"","height":""}],"author":"Uli","twitter_card":"summary_large_image","twitter_misc":{"Verfasst von":"Uli","Gesch\u00e4tzte Lesezeit":"1\u00a0Minute"},"schema":{"@context":"https:\/\/schema.org","@graph":[{"@type":"Article","@id":"https:\/\/bakh.de\/wdp\/unterstutzung-wegen-larmschutz-b14\/#article","isPartOf":{"@id":"https:\/\/bakh.de\/wdp\/unterstutzung-wegen-larmschutz-b14\/"},"author":{"name":"Uli","@id":"https:\/\/bakh.de\/wdp\/#\/schema\/person\/75a1e296c1c53d3fbbc0a3c6104f6370"},"headline":"Unterst\u00fctzung wegen L\u00e4rmschutz B14","datePublished":"2012-09-30T09:09:50+00:00","dateModified":"2012-09-30T09:22:35+00:00","mainEntityOfPage":{"@id":"https:\/\/bakh.de\/wdp\/unterstutzung-wegen-larmschutz-b14\/"},"wordCount":110,"publisher":{"@id":"https:\/\/bakh.de\/wdp\/#organization"},"image":{"@id":"https:\/\/bakh.de\/wdp\/unterstutzung-wegen-larmschutz-b14\/#primaryimage"},"thumbnailUrl":"http:\/\/bakh.de\/wdp\/wp-content\/uploads\/2012\/09\/b14-karte.gif","articleSection":["L\u00e4rmbelastung B14"],"inLanguage":"de"},{"@type":"WebPage","@id":"https:\/\/bakh.de\/wdp\/unterstutzung-wegen-larmschutz-b14\/","url":"https:\/\/bakh.de\/wdp\/unterstutzung-wegen-larmschutz-b14\/","name":"Unterst\u00fctzung wegen L\u00e4rmschutz B14 - B\u00fcrgeraktion Korber H\u00f6he e. V.","isPartOf":{"@id":"https:\/\/bakh.de\/wdp\/#website"},"primaryImageOfPage":{"@id":"https:\/\/bakh.de\/wdp\/unterstutzung-wegen-larmschutz-b14\/#primaryimage"},"image":{"@id":"https:\/\/bakh.de\/wdp\/unterstutzung-wegen-larmschutz-b14\/#primaryimage"},"thumbnailUrl":"http:\/\/bakh.de\/wdp\/wp-content\/uploads\/2012\/09\/b14-karte.gif","datePublished":"2012-09-30T09:09:50+00:00","dateModified":"2012-09-30T09:22:35+00:00","breadcrumb":{"@id":"https:\/\/bakh.de\/wdp\/unterstutzung-wegen-larmschutz-b14\/#breadcrumb"},"inLanguage":"de","potentialAction":[{"@type":"ReadAction","target":["https:\/\/bakh.de\/wdp\/unterstutzung-wegen-larmschutz-b14\/"]}]},{"@type":"ImageObject","inLanguage":"de","@id":"https:\/\/bakh.de\/wdp\/unterstutzung-wegen-larmschutz-b14\/#primaryimage","url":"https:\/\/bakh.de\/wdp\/wp-content\/uploads\/2012\/09\/b14-karte.gif","contentUrl":"https:\/\/bakh.de\/wdp\/wp-content\/uploads\/2012\/09\/b14-karte.gif","width":"270","height":"185"},{"@type":"BreadcrumbList","@id":"https:\/\/bakh.de\/wdp\/unterstutzung-wegen-larmschutz-b14\/#breadcrumb","itemListElement":[{"@type":"ListItem","position":1,"name":"Startseite","item":"https:\/\/bakh.de\/wdp\/"},{"@type":"ListItem","position":2,"name":"Unterst\u00fctzung wegen L\u00e4rmschutz B14"}]},{"@type":"WebSite","@id":"https:\/\/bakh.de\/wdp\/#website","url":"https:\/\/bakh.de\/wdp\/","name":"B\u00fcrgeraktion Korber H\u00f6he e. V.","description":"","publisher":{"@id":"https:\/\/bakh.de\/wdp\/#organization"},"potentialAction":[{"@type":"SearchAction","target":{"@type":"EntryPoint","urlTemplate":"https:\/\/bakh.de\/wdp\/?s={search_term_string}"},"query-input":{"@type":"PropertyValueSpecification","valueRequired":true,"valueName":"search_term_string"}}],"inLanguage":"de"},{"@type":"Organization","@id":"https:\/\/bakh.de\/wdp\/#organization","name":"B\u00fcrgeraktion Korber H\u00f6he e. V.","url":"https:\/\/bakh.de\/wdp\/","logo":{"@type":"ImageObject","inLanguage":"de","@id":"https:\/\/bakh.de\/wdp\/#\/schema\/logo\/image\/","url":"https:\/\/bakh.de\/wdp\/wp-content\/uploads\/2025\/11\/BAKH_Logo_4c_512.jpg","contentUrl":"https:\/\/bakh.de\/wdp\/wp-content\/uploads\/2025\/11\/BAKH_Logo_4c_512.jpg","width":516,"height":518,"caption":"B\u00fcrgeraktion Korber H\u00f6he e. V."},"image":{"@id":"https:\/\/bakh.de\/wdp\/#\/schema\/logo\/image\/"}},{"@type":"Person","@id":"https:\/\/bakh.de\/wdp\/#\/schema\/person\/75a1e296c1c53d3fbbc0a3c6104f6370","name":"Uli","image":{"@type":"ImageObject","inLanguage":"de","@id":"https:\/\/secure.gravatar.com\/avatar\/3b55f09e3908cc7190694de428627f99ad7fb1fd6ca4aa1f5a2c94110a7a2967?s=96&d=mm&r=g","url":"https:\/\/secure.gravatar.com\/avatar\/3b55f09e3908cc7190694de428627f99ad7fb1fd6ca4aa1f5a2c94110a7a2967?s=96&d=mm&r=g","contentUrl":"https:\/\/secure.gravatar.com\/avatar\/3b55f09e3908cc7190694de428627f99ad7fb1fd6ca4aa1f5a2c94110a7a2967?s=96&d=mm&r=g","caption":"Uli"},"url":"https:\/\/bakh.de\/wdp\/author\/uli\/"}]}},"_links":{"self":[{"href":"https:\/\/bakh.de\/wdp\/wp-json\/wp\/v2\/posts\/888","targetHints":{"allow":["GET"]}}],"collection":[{"href":"https:\/\/bakh.de\/wdp\/wp-json\/wp\/v2\/posts"}],"about":[{"href":"https:\/\/bakh.de\/wdp\/wp-json\/wp\/v2\/types\/post"}],"author":[{"embeddable":true,"href":"https:\/\/bakh.de\/wdp\/wp-json\/wp\/v2\/users\/3"}],"replies":[{"embeddable":true,"href":"https:\/\/bakh.de\/wdp\/wp-json\/wp\/v2\/comments?post=888"}],"version-history":[{"count":6,"href":"https:\/\/bakh.de\/wdp\/wp-json\/wp\/v2\/posts\/888\/revisions"}],"predecessor-version":[{"id":891,"href":"https:\/\/bakh.de\/wdp\/wp-json\/wp\/v2\/posts\/888\/revisions\/891"}],"wp:attachment":[{"href":"https:\/\/bakh.de\/wdp\/wp-json\/wp\/v2\/media?parent=888"}],"wp:term":[{"taxonomy":"category","embeddable":true,"href":"https:\/\/bakh.de\/wdp\/wp-json\/wp\/v2\/categories?post=888"},{"taxonomy":"post_tag","embeddable":true,"href":"https:\/\/bakh.de\/wdp\/wp-json\/wp\/v2\/tags?post=888"}],"curies":[{"name":"wp","href":"https:\/\/api.w.org\/{rel}","templated":true}]}}