{"id":878,"date":"2012-09-30T08:35:33","date_gmt":"2012-09-30T08:35:33","guid":{"rendered":"http:\/\/bakh.de\/wdp\/?p=878"},"modified":"2014-07-27T18:47:54","modified_gmt":"2014-07-27T18:47:54","slug":"jugendfarm-soll-auf-den-finkenberg","status":"publish","type":"post","link":"https:\/\/bakh.de\/wdp\/jugendfarm-soll-auf-den-finkenberg\/","title":{"rendered":"Jugendfarm soll auf den Finkenberg"},"content":{"rendered":"<p>ngg_shortcode_0_placeholder\u00a0Am Freitag 21.September hatten wir zur Info-Hocketse am Finkenberggel\u00e4nde auf der Korber H\u00f6he eingeladen. Bei sch\u00f6nstem Wetter konnte Winfried Koch \u00fcber 60 interessierte Bewohner der Korber H\u00f6he begr\u00fc\u00dfen. Er berichtete \u00fcber das zurzeit laufende Umwidmungsverfahren beim Landratsamt. Bis Ende des Jahres soll das Erddeponiegel\u00e4nde in eine Gr\u00fcnfl\u00e4che umgewidmet werden.<!--more-->Mittlerweile hat der Verein Jugendfarm sich auf den Finkenberg als Standort festgelegt. Wenn Stadtverwaltung und Gemeinderat dies entsprechend unterst\u00fctzen, k\u00f6nnte im Laufe des n\u00e4chsten Jahres eine Jugendfarm entstehen. Die bereits jetzt auf dem Finkenberg lebenden Tiere sollen in die Jugendfarm integriert werden. Herr L\u00f6w, der Halter der Tiere, unterst\u00fctzt die Pl\u00e4ne f\u00fcr eine Jugendfarm und ist bereit bei der Gestaltung mitzuwirken.<\/p>\n<p>Wer auf der B14 in Richtung Winnenden f\u00e4hrt hat sie sicher schon beobachten k\u00f6nnen: K\u00fche, Pferde, Schafe, Ziegen und Esel; wie ein kleiner Tierpark direkt neben der Stadt. Herr L\u00f6w hat die Tiere aus Tiertransporten aufgenommen und bietet ihnen ein Refugium. Sie werden von ihm mit viel Aufwand und Engagement versorgt. Mit gro\u00dfem Interesse lauschten die Besucher den Ausf\u00fchrungen von Herrn L\u00f6w, der zahlreiche, interessante Geschichten zu den Tieren erz\u00e4hlen konnte. Die Besucher waren der Meinung, dass die Tiere weiter auf dem Finkenberg bleiben sollten. Sie w\u00fcnschen sich einen Weg auf dem Gel\u00e4nde, von dem man die Tiere besser beobachten kann.<\/p>\n<p>Wir werden zusammen mit dem <a href=\"http:\/\/www.jugendfarm-waiblingen.de\/\" target=\"_blank\">Verein Jugendfarm<\/a> \u00fcber die weiteren Schritte in Richtung Jugendfarm informieren.<\/p>\nngg_shortcode_1_placeholder\n","protected":false},"excerpt":{"rendered":"<p>\u00a0Am Freitag 21.September hatten wir zur Info-Hocketse am Finkenberggel\u00e4nde auf der Korber H\u00f6he eingeladen. Bei sch\u00f6nstem Wetter konnte Winfried Koch \u00fcber 60 interessierte Bewohner der Korber H\u00f6he begr\u00fc\u00dfen. Er berichtete \u00fcber das zurzeit laufende Umwidmungsverfahren beim Landratsamt. Bis Ende des Jahres soll das Erddeponiegel\u00e4nde in eine Gr\u00fcnfl\u00e4che umgewidmet werden.<\/p>\n","protected":false},"author":3,"featured_media":0,"comment_status":"closed","ping_status":"closed","sticky":false,"template":"","format":"standard","meta":{"ngg_post_thumbnail":0,"footnotes":""},"categories":[11],"tags":[],"class_list":["post-878","post","type-post","status-publish","format-standard","hentry","category-finkenberg"],"yoast_head":"<!-- This site is optimized with the Yoast SEO plugin v27.5 - https:\/\/yoast.com\/product\/yoast-seo-wordpress\/ -->\n<title>Jugendfarm soll auf den Finkenberg - B\u00fcrgeraktion Korber H\u00f6he e. V.<\/title>\n<meta name=\"robots\" content=\"index, follow, max-snippet:-1, max-image-preview:large, max-video-preview:-1\" \/>\n<link rel=\"canonical\" href=\"https:\/\/bakh.de\/wdp\/jugendfarm-soll-auf-den-finkenberg\/\" \/>\n<meta property=\"og:locale\" content=\"de_DE\" \/>\n<meta property=\"og:type\" content=\"article\" \/>\n<meta property=\"og:title\" content=\"Jugendfarm soll auf den Finkenberg - B\u00fcrgeraktion Korber H\u00f6he e. V.\" \/>\n<meta property=\"og:description\" content=\"\u00a0Am Freitag 21.September hatten wir zur Info-Hocketse am Finkenberggel\u00e4nde auf der Korber H\u00f6he eingeladen. Bei sch\u00f6nstem Wetter konnte Winfried Koch \u00fcber 60 interessierte Bewohner der Korber H\u00f6he begr\u00fc\u00dfen. Er berichtete \u00fcber das zurzeit laufende Umwidmungsverfahren beim Landratsamt. Bis Ende des Jahres soll das Erddeponiegel\u00e4nde in eine Gr\u00fcnfl\u00e4che umgewidmet werden.\" \/>\n<meta property=\"og:url\" content=\"https:\/\/bakh.de\/wdp\/jugendfarm-soll-auf-den-finkenberg\/\" \/>\n<meta property=\"og:site_name\" content=\"B\u00fcrgeraktion Korber H\u00f6he e. V.\" \/>\n<meta property=\"article:published_time\" content=\"2012-09-30T08:35:33+00:00\" \/>\n<meta property=\"article:modified_time\" content=\"2014-07-27T18:47:54+00:00\" \/>\n<meta property=\"og:image\" content=\"https:\/\/bakh.de\/wdp\/wp-content\/uploads\/2025\/11\/BAKH_Logo_4c_512.jpg\" \/>\n\t<meta property=\"og:image:width\" content=\"516\" \/>\n\t<meta property=\"og:image:height\" content=\"518\" \/>\n\t<meta property=\"og:image:type\" content=\"image\/jpeg\" \/>\n<meta name=\"author\" content=\"Uli\" \/>\n<meta name=\"twitter:card\" content=\"summary_large_image\" \/>\n<meta name=\"twitter:label1\" content=\"Verfasst von\" \/>\n\t<meta name=\"twitter:data1\" content=\"Uli\" \/>\n\t<meta name=\"twitter:label2\" content=\"Gesch\u00e4tzte Lesezeit\" \/>\n\t<meta name=\"twitter:data2\" content=\"1\u00a0Minute\" \/>\n<script type=\"application\/ld+json\" class=\"yoast-schema-graph\">{\"@context\":\"https:\\\/\\\/schema.org\",\"@graph\":[{\"@type\":\"Article\",\"@id\":\"https:\\\/\\\/bakh.de\\\/wdp\\\/jugendfarm-soll-auf-den-finkenberg\\\/#article\",\"isPartOf\":{\"@id\":\"https:\\\/\\\/bakh.de\\\/wdp\\\/jugendfarm-soll-auf-den-finkenberg\\\/\"},\"author\":{\"name\":\"Uli\",\"@id\":\"https:\\\/\\\/bakh.de\\\/wdp\\\/#\\\/schema\\\/person\\\/75a1e296c1c53d3fbbc0a3c6104f6370\"},\"headline\":\"Jugendfarm soll auf den Finkenberg\",\"datePublished\":\"2012-09-30T08:35:33+00:00\",\"dateModified\":\"2014-07-27T18:47:54+00:00\",\"mainEntityOfPage\":{\"@id\":\"https:\\\/\\\/bakh.de\\\/wdp\\\/jugendfarm-soll-auf-den-finkenberg\\\/\"},\"wordCount\":263,\"publisher\":{\"@id\":\"https:\\\/\\\/bakh.de\\\/wdp\\\/#organization\"},\"articleSection\":[\"Finkenberg\"],\"inLanguage\":\"de\"},{\"@type\":\"WebPage\",\"@id\":\"https:\\\/\\\/bakh.de\\\/wdp\\\/jugendfarm-soll-auf-den-finkenberg\\\/\",\"url\":\"https:\\\/\\\/bakh.de\\\/wdp\\\/jugendfarm-soll-auf-den-finkenberg\\\/\",\"name\":\"Jugendfarm soll auf den Finkenberg - B\u00fcrgeraktion Korber H\u00f6he e. V.\",\"isPartOf\":{\"@id\":\"https:\\\/\\\/bakh.de\\\/wdp\\\/#website\"},\"datePublished\":\"2012-09-30T08:35:33+00:00\",\"dateModified\":\"2014-07-27T18:47:54+00:00\",\"breadcrumb\":{\"@id\":\"https:\\\/\\\/bakh.de\\\/wdp\\\/jugendfarm-soll-auf-den-finkenberg\\\/#breadcrumb\"},\"inLanguage\":\"de\",\"potentialAction\":[{\"@type\":\"ReadAction\",\"target\":[\"https:\\\/\\\/bakh.de\\\/wdp\\\/jugendfarm-soll-auf-den-finkenberg\\\/\"]}]},{\"@type\":\"BreadcrumbList\",\"@id\":\"https:\\\/\\\/bakh.de\\\/wdp\\\/jugendfarm-soll-auf-den-finkenberg\\\/#breadcrumb\",\"itemListElement\":[{\"@type\":\"ListItem\",\"position\":1,\"name\":\"Startseite\",\"item\":\"https:\\\/\\\/bakh.de\\\/wdp\\\/\"},{\"@type\":\"ListItem\",\"position\":2,\"name\":\"Jugendfarm soll auf den Finkenberg\"}]},{\"@type\":\"WebSite\",\"@id\":\"https:\\\/\\\/bakh.de\\\/wdp\\\/#website\",\"url\":\"https:\\\/\\\/bakh.de\\\/wdp\\\/\",\"name\":\"B\u00fcrgeraktion Korber H\u00f6he e. V.\",\"description\":\"\",\"publisher\":{\"@id\":\"https:\\\/\\\/bakh.de\\\/wdp\\\/#organization\"},\"potentialAction\":[{\"@type\":\"SearchAction\",\"target\":{\"@type\":\"EntryPoint\",\"urlTemplate\":\"https:\\\/\\\/bakh.de\\\/wdp\\\/?s={search_term_string}\"},\"query-input\":{\"@type\":\"PropertyValueSpecification\",\"valueRequired\":true,\"valueName\":\"search_term_string\"}}],\"inLanguage\":\"de\"},{\"@type\":\"Organization\",\"@id\":\"https:\\\/\\\/bakh.de\\\/wdp\\\/#organization\",\"name\":\"B\u00fcrgeraktion Korber H\u00f6he e. V.\",\"url\":\"https:\\\/\\\/bakh.de\\\/wdp\\\/\",\"logo\":{\"@type\":\"ImageObject\",\"inLanguage\":\"de\",\"@id\":\"https:\\\/\\\/bakh.de\\\/wdp\\\/#\\\/schema\\\/logo\\\/image\\\/\",\"url\":\"https:\\\/\\\/bakh.de\\\/wdp\\\/wp-content\\\/uploads\\\/2025\\\/11\\\/BAKH_Logo_4c_512.jpg\",\"contentUrl\":\"https:\\\/\\\/bakh.de\\\/wdp\\\/wp-content\\\/uploads\\\/2025\\\/11\\\/BAKH_Logo_4c_512.jpg\",\"width\":516,\"height\":518,\"caption\":\"B\u00fcrgeraktion Korber H\u00f6he e. V.\"},\"image\":{\"@id\":\"https:\\\/\\\/bakh.de\\\/wdp\\\/#\\\/schema\\\/logo\\\/image\\\/\"}},{\"@type\":\"Person\",\"@id\":\"https:\\\/\\\/bakh.de\\\/wdp\\\/#\\\/schema\\\/person\\\/75a1e296c1c53d3fbbc0a3c6104f6370\",\"name\":\"Uli\",\"image\":{\"@type\":\"ImageObject\",\"inLanguage\":\"de\",\"@id\":\"https:\\\/\\\/secure.gravatar.com\\\/avatar\\\/3b55f09e3908cc7190694de428627f99ad7fb1fd6ca4aa1f5a2c94110a7a2967?s=96&d=mm&r=g\",\"url\":\"https:\\\/\\\/secure.gravatar.com\\\/avatar\\\/3b55f09e3908cc7190694de428627f99ad7fb1fd6ca4aa1f5a2c94110a7a2967?s=96&d=mm&r=g\",\"contentUrl\":\"https:\\\/\\\/secure.gravatar.com\\\/avatar\\\/3b55f09e3908cc7190694de428627f99ad7fb1fd6ca4aa1f5a2c94110a7a2967?s=96&d=mm&r=g\",\"caption\":\"Uli\"},\"url\":\"https:\\\/\\\/bakh.de\\\/wdp\\\/author\\\/uli\\\/\"}]}<\/script>\n<!-- \/ Yoast SEO plugin. -->","yoast_head_json":{"title":"Jugendfarm soll auf den Finkenberg - B\u00fcrgeraktion Korber H\u00f6he e. V.","robots":{"index":"index","follow":"follow","max-snippet":"max-snippet:-1","max-image-preview":"max-image-preview:large","max-video-preview":"max-video-preview:-1"},"canonical":"https:\/\/bakh.de\/wdp\/jugendfarm-soll-auf-den-finkenberg\/","og_locale":"de_DE","og_type":"article","og_title":"Jugendfarm soll auf den Finkenberg - B\u00fcrgeraktion Korber H\u00f6he e. V.","og_description":"\u00a0Am Freitag 21.September hatten wir zur Info-Hocketse am Finkenberggel\u00e4nde auf der Korber H\u00f6he eingeladen. Bei sch\u00f6nstem Wetter konnte Winfried Koch \u00fcber 60 interessierte Bewohner der Korber H\u00f6he begr\u00fc\u00dfen. Er berichtete \u00fcber das zurzeit laufende Umwidmungsverfahren beim Landratsamt. Bis Ende des Jahres soll das Erddeponiegel\u00e4nde in eine Gr\u00fcnfl\u00e4che umgewidmet werden.","og_url":"https:\/\/bakh.de\/wdp\/jugendfarm-soll-auf-den-finkenberg\/","og_site_name":"B\u00fcrgeraktion Korber H\u00f6he e. V.","article_published_time":"2012-09-30T08:35:33+00:00","article_modified_time":"2014-07-27T18:47:54+00:00","og_image":[{"width":516,"height":518,"url":"https:\/\/bakh.de\/wdp\/wp-content\/uploads\/2025\/11\/BAKH_Logo_4c_512.jpg","type":"image\/jpeg"}],"author":"Uli","twitter_card":"summary_large_image","twitter_misc":{"Verfasst von":"Uli","Gesch\u00e4tzte Lesezeit":"1\u00a0Minute"},"schema":{"@context":"https:\/\/schema.org","@graph":[{"@type":"Article","@id":"https:\/\/bakh.de\/wdp\/jugendfarm-soll-auf-den-finkenberg\/#article","isPartOf":{"@id":"https:\/\/bakh.de\/wdp\/jugendfarm-soll-auf-den-finkenberg\/"},"author":{"name":"Uli","@id":"https:\/\/bakh.de\/wdp\/#\/schema\/person\/75a1e296c1c53d3fbbc0a3c6104f6370"},"headline":"Jugendfarm soll auf den Finkenberg","datePublished":"2012-09-30T08:35:33+00:00","dateModified":"2014-07-27T18:47:54+00:00","mainEntityOfPage":{"@id":"https:\/\/bakh.de\/wdp\/jugendfarm-soll-auf-den-finkenberg\/"},"wordCount":263,"publisher":{"@id":"https:\/\/bakh.de\/wdp\/#organization"},"articleSection":["Finkenberg"],"inLanguage":"de"},{"@type":"WebPage","@id":"https:\/\/bakh.de\/wdp\/jugendfarm-soll-auf-den-finkenberg\/","url":"https:\/\/bakh.de\/wdp\/jugendfarm-soll-auf-den-finkenberg\/","name":"Jugendfarm soll auf den Finkenberg - B\u00fcrgeraktion Korber H\u00f6he e. V.","isPartOf":{"@id":"https:\/\/bakh.de\/wdp\/#website"},"datePublished":"2012-09-30T08:35:33+00:00","dateModified":"2014-07-27T18:47:54+00:00","breadcrumb":{"@id":"https:\/\/bakh.de\/wdp\/jugendfarm-soll-auf-den-finkenberg\/#breadcrumb"},"inLanguage":"de","potentialAction":[{"@type":"ReadAction","target":["https:\/\/bakh.de\/wdp\/jugendfarm-soll-auf-den-finkenberg\/"]}]},{"@type":"BreadcrumbList","@id":"https:\/\/bakh.de\/wdp\/jugendfarm-soll-auf-den-finkenberg\/#breadcrumb","itemListElement":[{"@type":"ListItem","position":1,"name":"Startseite","item":"https:\/\/bakh.de\/wdp\/"},{"@type":"ListItem","position":2,"name":"Jugendfarm soll auf den Finkenberg"}]},{"@type":"WebSite","@id":"https:\/\/bakh.de\/wdp\/#website","url":"https:\/\/bakh.de\/wdp\/","name":"B\u00fcrgeraktion Korber H\u00f6he e. V.","description":"","publisher":{"@id":"https:\/\/bakh.de\/wdp\/#organization"},"potentialAction":[{"@type":"SearchAction","target":{"@type":"EntryPoint","urlTemplate":"https:\/\/bakh.de\/wdp\/?s={search_term_string}"},"query-input":{"@type":"PropertyValueSpecification","valueRequired":true,"valueName":"search_term_string"}}],"inLanguage":"de"},{"@type":"Organization","@id":"https:\/\/bakh.de\/wdp\/#organization","name":"B\u00fcrgeraktion Korber H\u00f6he e. V.","url":"https:\/\/bakh.de\/wdp\/","logo":{"@type":"ImageObject","inLanguage":"de","@id":"https:\/\/bakh.de\/wdp\/#\/schema\/logo\/image\/","url":"https:\/\/bakh.de\/wdp\/wp-content\/uploads\/2025\/11\/BAKH_Logo_4c_512.jpg","contentUrl":"https:\/\/bakh.de\/wdp\/wp-content\/uploads\/2025\/11\/BAKH_Logo_4c_512.jpg","width":516,"height":518,"caption":"B\u00fcrgeraktion Korber H\u00f6he e. V."},"image":{"@id":"https:\/\/bakh.de\/wdp\/#\/schema\/logo\/image\/"}},{"@type":"Person","@id":"https:\/\/bakh.de\/wdp\/#\/schema\/person\/75a1e296c1c53d3fbbc0a3c6104f6370","name":"Uli","image":{"@type":"ImageObject","inLanguage":"de","@id":"https:\/\/secure.gravatar.com\/avatar\/3b55f09e3908cc7190694de428627f99ad7fb1fd6ca4aa1f5a2c94110a7a2967?s=96&d=mm&r=g","url":"https:\/\/secure.gravatar.com\/avatar\/3b55f09e3908cc7190694de428627f99ad7fb1fd6ca4aa1f5a2c94110a7a2967?s=96&d=mm&r=g","contentUrl":"https:\/\/secure.gravatar.com\/avatar\/3b55f09e3908cc7190694de428627f99ad7fb1fd6ca4aa1f5a2c94110a7a2967?s=96&d=mm&r=g","caption":"Uli"},"url":"https:\/\/bakh.de\/wdp\/author\/uli\/"}]}},"_links":{"self":[{"href":"https:\/\/bakh.de\/wdp\/wp-json\/wp\/v2\/posts\/878","targetHints":{"allow":["GET"]}}],"collection":[{"href":"https:\/\/bakh.de\/wdp\/wp-json\/wp\/v2\/posts"}],"about":[{"href":"https:\/\/bakh.de\/wdp\/wp-json\/wp\/v2\/types\/post"}],"author":[{"embeddable":true,"href":"https:\/\/bakh.de\/wdp\/wp-json\/wp\/v2\/users\/3"}],"replies":[{"embeddable":true,"href":"https:\/\/bakh.de\/wdp\/wp-json\/wp\/v2\/comments?post=878"}],"version-history":[{"count":11,"href":"https:\/\/bakh.de\/wdp\/wp-json\/wp\/v2\/posts\/878\/revisions"}],"predecessor-version":[{"id":2028,"href":"https:\/\/bakh.de\/wdp\/wp-json\/wp\/v2\/posts\/878\/revisions\/2028"}],"wp:attachment":[{"href":"https:\/\/bakh.de\/wdp\/wp-json\/wp\/v2\/media?parent=878"}],"wp:term":[{"taxonomy":"category","embeddable":true,"href":"https:\/\/bakh.de\/wdp\/wp-json\/wp\/v2\/categories?post=878"},{"taxonomy":"post_tag","embeddable":true,"href":"https:\/\/bakh.de\/wdp\/wp-json\/wp\/v2\/tags?post=878"}],"curies":[{"name":"wp","href":"https:\/\/api.w.org\/{rel}","templated":true}]}}