{"id":747,"date":"2012-07-15T15:35:07","date_gmt":"2012-07-15T15:35:07","guid":{"rendered":"http:\/\/bakh.de\/wdp\/?p=747"},"modified":"2014-07-27T18:46:49","modified_gmt":"2014-07-27T18:46:49","slug":"stadtteilbegehung-korber-hohe","status":"publish","type":"post","link":"https:\/\/bakh.de\/wdp\/stadtteilbegehung-korber-hohe\/","title":{"rendered":"Stadtteilbegehung Korber H\u00f6he"},"content":{"rendered":"<p><a href=\"http:\/\/bakh.de\/wdp\/wp-content\/uploads\/2012\/07\/wkz-logo12.gif\"><img loading=\"lazy\" decoding=\"async\" class=\"alignleft size-full wp-image-772\" title=\"wkz-logo1\" src=\"http:\/\/bakh.de\/wdp\/wp-content\/uploads\/2012\/07\/wkz-logo12.gif\" alt=\"\" width=\"75\" height=\"75\" \/><\/a>Die Lokalredaktion der Waiblinger Kreiszeitung veranstaltete am Mittwoch 18.07. eine Stadtteilbegehung auf der Korber H\u00f6he.<!--more-->Bei einem Spaziergang \u00fcber den gr\u00fcnen Anger zum Finkenberg erfuhren die zahlreichen Besucher von Baub\u00fcrgermeisterin Birgit Priebe und Sabine Raetzel von der B\u00fcrgeraktion Korber H\u00f6he\u00a0Interessantes \u00fcber die Entwicklung unseres Stadtteils von der Entstehung Anfang der 70er Jahre bis heute.<\/p>\n<p>Hier der Bericht aus der Waiblinger Kreiszeitung vom Freitag 20.07.2012 (zum Vergr\u00f6\u00dfern, bitte auf den Artikel klicken):<\/p>\n<p style=\"text-align: center;\"><a href=\"http:\/\/bakh.de\/wdp\/wp-content\/uploads\/2012\/07\/k-stadtteilbegehung-wkz1.jpg\"><img loading=\"lazy\" decoding=\"async\" class=\" wp-image-780 aligncenter\" title=\"k-stadtteilbegehung-wkz\" src=\"http:\/\/bakh.de\/wdp\/wp-content\/uploads\/2012\/07\/k-stadtteilbegehung-wkz1.jpg\" alt=\"\" width=\"491\" height=\"369\" srcset=\"https:\/\/bakh.de\/wdp\/wp-content\/uploads\/2012\/07\/k-stadtteilbegehung-wkz1.jpg 1024w, https:\/\/bakh.de\/wdp\/wp-content\/uploads\/2012\/07\/k-stadtteilbegehung-wkz1-300x225.jpg 300w\" sizes=\"auto, (max-width: 491px) 100vw, 491px\" \/><\/a><\/p>\n","protected":false},"excerpt":{"rendered":"<p>Die Lokalredaktion der Waiblinger Kreiszeitung veranstaltete am Mittwoch 18.07. eine Stadtteilbegehung auf der Korber H\u00f6he.<\/p>\n","protected":false},"author":3,"featured_media":0,"comment_status":"closed","ping_status":"closed","sticky":false,"template":"","format":"standard","meta":{"ngg_post_thumbnail":0,"footnotes":""},"categories":[16],"tags":[],"class_list":["post-747","post","type-post","status-publish","format-standard","hentry","category-archiv"],"yoast_head":"<!-- This site is optimized with the Yoast SEO plugin v27.5 - https:\/\/yoast.com\/product\/yoast-seo-wordpress\/ -->\n<title>Stadtteilbegehung Korber H\u00f6he - B\u00fcrgeraktion Korber H\u00f6he e. V.<\/title>\n<meta name=\"robots\" content=\"index, follow, max-snippet:-1, max-image-preview:large, max-video-preview:-1\" \/>\n<link rel=\"canonical\" href=\"https:\/\/bakh.de\/wdp\/stadtteilbegehung-korber-hohe\/\" \/>\n<meta property=\"og:locale\" content=\"de_DE\" \/>\n<meta property=\"og:type\" content=\"article\" \/>\n<meta property=\"og:title\" content=\"Stadtteilbegehung Korber H\u00f6he - B\u00fcrgeraktion Korber H\u00f6he e. V.\" \/>\n<meta property=\"og:description\" content=\"Die Lokalredaktion der Waiblinger Kreiszeitung veranstaltete am Mittwoch 18.07. eine Stadtteilbegehung auf der Korber H\u00f6he.\" \/>\n<meta property=\"og:url\" content=\"https:\/\/bakh.de\/wdp\/stadtteilbegehung-korber-hohe\/\" \/>\n<meta property=\"og:site_name\" content=\"B\u00fcrgeraktion Korber H\u00f6he e. V.\" \/>\n<meta property=\"article:published_time\" content=\"2012-07-15T15:35:07+00:00\" \/>\n<meta property=\"article:modified_time\" content=\"2014-07-27T18:46:49+00:00\" \/>\n<meta property=\"og:image\" content=\"http:\/\/bakh.de\/wdp\/wp-content\/uploads\/2012\/07\/wkz-logo12.gif\" \/>\n<meta name=\"author\" content=\"Uli\" \/>\n<meta name=\"twitter:card\" content=\"summary_large_image\" \/>\n<meta name=\"twitter:label1\" content=\"Verfasst von\" \/>\n\t<meta name=\"twitter:data1\" content=\"Uli\" \/>\n<script type=\"application\/ld+json\" class=\"yoast-schema-graph\">{\"@context\":\"https:\\\/\\\/schema.org\",\"@graph\":[{\"@type\":\"Article\",\"@id\":\"https:\\\/\\\/bakh.de\\\/wdp\\\/stadtteilbegehung-korber-hohe\\\/#article\",\"isPartOf\":{\"@id\":\"https:\\\/\\\/bakh.de\\\/wdp\\\/stadtteilbegehung-korber-hohe\\\/\"},\"author\":{\"name\":\"Uli\",\"@id\":\"https:\\\/\\\/bakh.de\\\/wdp\\\/#\\\/schema\\\/person\\\/75a1e296c1c53d3fbbc0a3c6104f6370\"},\"headline\":\"Stadtteilbegehung Korber H\u00f6he\",\"datePublished\":\"2012-07-15T15:35:07+00:00\",\"dateModified\":\"2014-07-27T18:46:49+00:00\",\"mainEntityOfPage\":{\"@id\":\"https:\\\/\\\/bakh.de\\\/wdp\\\/stadtteilbegehung-korber-hohe\\\/\"},\"wordCount\":80,\"publisher\":{\"@id\":\"https:\\\/\\\/bakh.de\\\/wdp\\\/#organization\"},\"image\":{\"@id\":\"https:\\\/\\\/bakh.de\\\/wdp\\\/stadtteilbegehung-korber-hohe\\\/#primaryimage\"},\"thumbnailUrl\":\"http:\\\/\\\/bakh.de\\\/wdp\\\/wp-content\\\/uploads\\\/2012\\\/07\\\/wkz-logo12.gif\",\"articleSection\":[\"Archiv\"],\"inLanguage\":\"de\"},{\"@type\":\"WebPage\",\"@id\":\"https:\\\/\\\/bakh.de\\\/wdp\\\/stadtteilbegehung-korber-hohe\\\/\",\"url\":\"https:\\\/\\\/bakh.de\\\/wdp\\\/stadtteilbegehung-korber-hohe\\\/\",\"name\":\"Stadtteilbegehung Korber H\u00f6he - B\u00fcrgeraktion Korber H\u00f6he e. V.\",\"isPartOf\":{\"@id\":\"https:\\\/\\\/bakh.de\\\/wdp\\\/#website\"},\"primaryImageOfPage\":{\"@id\":\"https:\\\/\\\/bakh.de\\\/wdp\\\/stadtteilbegehung-korber-hohe\\\/#primaryimage\"},\"image\":{\"@id\":\"https:\\\/\\\/bakh.de\\\/wdp\\\/stadtteilbegehung-korber-hohe\\\/#primaryimage\"},\"thumbnailUrl\":\"http:\\\/\\\/bakh.de\\\/wdp\\\/wp-content\\\/uploads\\\/2012\\\/07\\\/wkz-logo12.gif\",\"datePublished\":\"2012-07-15T15:35:07+00:00\",\"dateModified\":\"2014-07-27T18:46:49+00:00\",\"breadcrumb\":{\"@id\":\"https:\\\/\\\/bakh.de\\\/wdp\\\/stadtteilbegehung-korber-hohe\\\/#breadcrumb\"},\"inLanguage\":\"de\",\"potentialAction\":[{\"@type\":\"ReadAction\",\"target\":[\"https:\\\/\\\/bakh.de\\\/wdp\\\/stadtteilbegehung-korber-hohe\\\/\"]}]},{\"@type\":\"ImageObject\",\"inLanguage\":\"de\",\"@id\":\"https:\\\/\\\/bakh.de\\\/wdp\\\/stadtteilbegehung-korber-hohe\\\/#primaryimage\",\"url\":\"https:\\\/\\\/bakh.de\\\/wdp\\\/wp-content\\\/uploads\\\/2012\\\/07\\\/wkz-logo12.gif\",\"contentUrl\":\"https:\\\/\\\/bakh.de\\\/wdp\\\/wp-content\\\/uploads\\\/2012\\\/07\\\/wkz-logo12.gif\",\"width\":\"75\",\"height\":\"75\"},{\"@type\":\"BreadcrumbList\",\"@id\":\"https:\\\/\\\/bakh.de\\\/wdp\\\/stadtteilbegehung-korber-hohe\\\/#breadcrumb\",\"itemListElement\":[{\"@type\":\"ListItem\",\"position\":1,\"name\":\"Startseite\",\"item\":\"https:\\\/\\\/bakh.de\\\/wdp\\\/\"},{\"@type\":\"ListItem\",\"position\":2,\"name\":\"Stadtteilbegehung Korber H\u00f6he\"}]},{\"@type\":\"WebSite\",\"@id\":\"https:\\\/\\\/bakh.de\\\/wdp\\\/#website\",\"url\":\"https:\\\/\\\/bakh.de\\\/wdp\\\/\",\"name\":\"B\u00fcrgeraktion Korber H\u00f6he e. V.\",\"description\":\"\",\"publisher\":{\"@id\":\"https:\\\/\\\/bakh.de\\\/wdp\\\/#organization\"},\"potentialAction\":[{\"@type\":\"SearchAction\",\"target\":{\"@type\":\"EntryPoint\",\"urlTemplate\":\"https:\\\/\\\/bakh.de\\\/wdp\\\/?s={search_term_string}\"},\"query-input\":{\"@type\":\"PropertyValueSpecification\",\"valueRequired\":true,\"valueName\":\"search_term_string\"}}],\"inLanguage\":\"de\"},{\"@type\":\"Organization\",\"@id\":\"https:\\\/\\\/bakh.de\\\/wdp\\\/#organization\",\"name\":\"B\u00fcrgeraktion Korber H\u00f6he e. V.\",\"url\":\"https:\\\/\\\/bakh.de\\\/wdp\\\/\",\"logo\":{\"@type\":\"ImageObject\",\"inLanguage\":\"de\",\"@id\":\"https:\\\/\\\/bakh.de\\\/wdp\\\/#\\\/schema\\\/logo\\\/image\\\/\",\"url\":\"https:\\\/\\\/bakh.de\\\/wdp\\\/wp-content\\\/uploads\\\/2025\\\/11\\\/BAKH_Logo_4c_512.jpg\",\"contentUrl\":\"https:\\\/\\\/bakh.de\\\/wdp\\\/wp-content\\\/uploads\\\/2025\\\/11\\\/BAKH_Logo_4c_512.jpg\",\"width\":516,\"height\":518,\"caption\":\"B\u00fcrgeraktion Korber H\u00f6he e. V.\"},\"image\":{\"@id\":\"https:\\\/\\\/bakh.de\\\/wdp\\\/#\\\/schema\\\/logo\\\/image\\\/\"}},{\"@type\":\"Person\",\"@id\":\"https:\\\/\\\/bakh.de\\\/wdp\\\/#\\\/schema\\\/person\\\/75a1e296c1c53d3fbbc0a3c6104f6370\",\"name\":\"Uli\",\"image\":{\"@type\":\"ImageObject\",\"inLanguage\":\"de\",\"@id\":\"https:\\\/\\\/secure.gravatar.com\\\/avatar\\\/3b55f09e3908cc7190694de428627f99ad7fb1fd6ca4aa1f5a2c94110a7a2967?s=96&d=mm&r=g\",\"url\":\"https:\\\/\\\/secure.gravatar.com\\\/avatar\\\/3b55f09e3908cc7190694de428627f99ad7fb1fd6ca4aa1f5a2c94110a7a2967?s=96&d=mm&r=g\",\"contentUrl\":\"https:\\\/\\\/secure.gravatar.com\\\/avatar\\\/3b55f09e3908cc7190694de428627f99ad7fb1fd6ca4aa1f5a2c94110a7a2967?s=96&d=mm&r=g\",\"caption\":\"Uli\"},\"url\":\"https:\\\/\\\/bakh.de\\\/wdp\\\/author\\\/uli\\\/\"}]}<\/script>\n<!-- \/ Yoast SEO plugin. -->","yoast_head_json":{"title":"Stadtteilbegehung Korber H\u00f6he - B\u00fcrgeraktion Korber H\u00f6he e. V.","robots":{"index":"index","follow":"follow","max-snippet":"max-snippet:-1","max-image-preview":"max-image-preview:large","max-video-preview":"max-video-preview:-1"},"canonical":"https:\/\/bakh.de\/wdp\/stadtteilbegehung-korber-hohe\/","og_locale":"de_DE","og_type":"article","og_title":"Stadtteilbegehung Korber H\u00f6he - B\u00fcrgeraktion Korber H\u00f6he e. V.","og_description":"Die Lokalredaktion der Waiblinger Kreiszeitung veranstaltete am Mittwoch 18.07. eine Stadtteilbegehung auf der Korber H\u00f6he.","og_url":"https:\/\/bakh.de\/wdp\/stadtteilbegehung-korber-hohe\/","og_site_name":"B\u00fcrgeraktion Korber H\u00f6he e. V.","article_published_time":"2012-07-15T15:35:07+00:00","article_modified_time":"2014-07-27T18:46:49+00:00","og_image":[{"url":"http:\/\/bakh.de\/wdp\/wp-content\/uploads\/2012\/07\/wkz-logo12.gif","type":"","width":"","height":""}],"author":"Uli","twitter_card":"summary_large_image","twitter_misc":{"Verfasst von":"Uli"},"schema":{"@context":"https:\/\/schema.org","@graph":[{"@type":"Article","@id":"https:\/\/bakh.de\/wdp\/stadtteilbegehung-korber-hohe\/#article","isPartOf":{"@id":"https:\/\/bakh.de\/wdp\/stadtteilbegehung-korber-hohe\/"},"author":{"name":"Uli","@id":"https:\/\/bakh.de\/wdp\/#\/schema\/person\/75a1e296c1c53d3fbbc0a3c6104f6370"},"headline":"Stadtteilbegehung Korber H\u00f6he","datePublished":"2012-07-15T15:35:07+00:00","dateModified":"2014-07-27T18:46:49+00:00","mainEntityOfPage":{"@id":"https:\/\/bakh.de\/wdp\/stadtteilbegehung-korber-hohe\/"},"wordCount":80,"publisher":{"@id":"https:\/\/bakh.de\/wdp\/#organization"},"image":{"@id":"https:\/\/bakh.de\/wdp\/stadtteilbegehung-korber-hohe\/#primaryimage"},"thumbnailUrl":"http:\/\/bakh.de\/wdp\/wp-content\/uploads\/2012\/07\/wkz-logo12.gif","articleSection":["Archiv"],"inLanguage":"de"},{"@type":"WebPage","@id":"https:\/\/bakh.de\/wdp\/stadtteilbegehung-korber-hohe\/","url":"https:\/\/bakh.de\/wdp\/stadtteilbegehung-korber-hohe\/","name":"Stadtteilbegehung Korber H\u00f6he - B\u00fcrgeraktion Korber H\u00f6he e. V.","isPartOf":{"@id":"https:\/\/bakh.de\/wdp\/#website"},"primaryImageOfPage":{"@id":"https:\/\/bakh.de\/wdp\/stadtteilbegehung-korber-hohe\/#primaryimage"},"image":{"@id":"https:\/\/bakh.de\/wdp\/stadtteilbegehung-korber-hohe\/#primaryimage"},"thumbnailUrl":"http:\/\/bakh.de\/wdp\/wp-content\/uploads\/2012\/07\/wkz-logo12.gif","datePublished":"2012-07-15T15:35:07+00:00","dateModified":"2014-07-27T18:46:49+00:00","breadcrumb":{"@id":"https:\/\/bakh.de\/wdp\/stadtteilbegehung-korber-hohe\/#breadcrumb"},"inLanguage":"de","potentialAction":[{"@type":"ReadAction","target":["https:\/\/bakh.de\/wdp\/stadtteilbegehung-korber-hohe\/"]}]},{"@type":"ImageObject","inLanguage":"de","@id":"https:\/\/bakh.de\/wdp\/stadtteilbegehung-korber-hohe\/#primaryimage","url":"https:\/\/bakh.de\/wdp\/wp-content\/uploads\/2012\/07\/wkz-logo12.gif","contentUrl":"https:\/\/bakh.de\/wdp\/wp-content\/uploads\/2012\/07\/wkz-logo12.gif","width":"75","height":"75"},{"@type":"BreadcrumbList","@id":"https:\/\/bakh.de\/wdp\/stadtteilbegehung-korber-hohe\/#breadcrumb","itemListElement":[{"@type":"ListItem","position":1,"name":"Startseite","item":"https:\/\/bakh.de\/wdp\/"},{"@type":"ListItem","position":2,"name":"Stadtteilbegehung Korber H\u00f6he"}]},{"@type":"WebSite","@id":"https:\/\/bakh.de\/wdp\/#website","url":"https:\/\/bakh.de\/wdp\/","name":"B\u00fcrgeraktion Korber H\u00f6he e. V.","description":"","publisher":{"@id":"https:\/\/bakh.de\/wdp\/#organization"},"potentialAction":[{"@type":"SearchAction","target":{"@type":"EntryPoint","urlTemplate":"https:\/\/bakh.de\/wdp\/?s={search_term_string}"},"query-input":{"@type":"PropertyValueSpecification","valueRequired":true,"valueName":"search_term_string"}}],"inLanguage":"de"},{"@type":"Organization","@id":"https:\/\/bakh.de\/wdp\/#organization","name":"B\u00fcrgeraktion Korber H\u00f6he e. V.","url":"https:\/\/bakh.de\/wdp\/","logo":{"@type":"ImageObject","inLanguage":"de","@id":"https:\/\/bakh.de\/wdp\/#\/schema\/logo\/image\/","url":"https:\/\/bakh.de\/wdp\/wp-content\/uploads\/2025\/11\/BAKH_Logo_4c_512.jpg","contentUrl":"https:\/\/bakh.de\/wdp\/wp-content\/uploads\/2025\/11\/BAKH_Logo_4c_512.jpg","width":516,"height":518,"caption":"B\u00fcrgeraktion Korber H\u00f6he e. V."},"image":{"@id":"https:\/\/bakh.de\/wdp\/#\/schema\/logo\/image\/"}},{"@type":"Person","@id":"https:\/\/bakh.de\/wdp\/#\/schema\/person\/75a1e296c1c53d3fbbc0a3c6104f6370","name":"Uli","image":{"@type":"ImageObject","inLanguage":"de","@id":"https:\/\/secure.gravatar.com\/avatar\/3b55f09e3908cc7190694de428627f99ad7fb1fd6ca4aa1f5a2c94110a7a2967?s=96&d=mm&r=g","url":"https:\/\/secure.gravatar.com\/avatar\/3b55f09e3908cc7190694de428627f99ad7fb1fd6ca4aa1f5a2c94110a7a2967?s=96&d=mm&r=g","contentUrl":"https:\/\/secure.gravatar.com\/avatar\/3b55f09e3908cc7190694de428627f99ad7fb1fd6ca4aa1f5a2c94110a7a2967?s=96&d=mm&r=g","caption":"Uli"},"url":"https:\/\/bakh.de\/wdp\/author\/uli\/"}]}},"_links":{"self":[{"href":"https:\/\/bakh.de\/wdp\/wp-json\/wp\/v2\/posts\/747","targetHints":{"allow":["GET"]}}],"collection":[{"href":"https:\/\/bakh.de\/wdp\/wp-json\/wp\/v2\/posts"}],"about":[{"href":"https:\/\/bakh.de\/wdp\/wp-json\/wp\/v2\/types\/post"}],"author":[{"embeddable":true,"href":"https:\/\/bakh.de\/wdp\/wp-json\/wp\/v2\/users\/3"}],"replies":[{"embeddable":true,"href":"https:\/\/bakh.de\/wdp\/wp-json\/wp\/v2\/comments?post=747"}],"version-history":[{"count":14,"href":"https:\/\/bakh.de\/wdp\/wp-json\/wp\/v2\/posts\/747\/revisions"}],"predecessor-version":[{"id":2027,"href":"https:\/\/bakh.de\/wdp\/wp-json\/wp\/v2\/posts\/747\/revisions\/2027"}],"wp:attachment":[{"href":"https:\/\/bakh.de\/wdp\/wp-json\/wp\/v2\/media?parent=747"}],"wp:term":[{"taxonomy":"category","embeddable":true,"href":"https:\/\/bakh.de\/wdp\/wp-json\/wp\/v2\/categories?post=747"},{"taxonomy":"post_tag","embeddable":true,"href":"https:\/\/bakh.de\/wdp\/wp-json\/wp\/v2\/tags?post=747"}],"curies":[{"name":"wp","href":"https:\/\/api.w.org\/{rel}","templated":true}]}}