{"id":733,"date":"2012-07-01T11:11:25","date_gmt":"2012-07-01T11:11:25","guid":{"rendered":"http:\/\/bakh.de\/wdp\/?p=733"},"modified":"2012-07-01T11:21:57","modified_gmt":"2012-07-01T11:21:57","slug":"b14-keine-geschwindigkeitsreduzierung-wegen-larmschutz","status":"publish","type":"post","link":"https:\/\/bakh.de\/wdp\/b14-keine-geschwindigkeitsreduzierung-wegen-larmschutz\/","title":{"rendered":"B14: Keine Beschr\u00e4nkung der Geschwindigkeit wegen L\u00e4rmschutz"},"content":{"rendered":"<p><a href=\"http:\/\/bakh.de\/wdp\/wp-content\/uploads\/2012\/04\/B_14_number.svg_.png\"><img loading=\"lazy\" decoding=\"async\" class=\"alignleft size-full wp-image-479\" title=\"B_14_number.svg\" src=\"http:\/\/bakh.de\/wdp\/wp-content\/uploads\/2012\/04\/B_14_number.svg_.png\" alt=\"\" width=\"130\" height=\"78\" \/><\/a>Der L\u00e4rmschutz spielte bei der Geschwindigkeitsbeschr\u00e4nkung auf der B14 keine Rolle.<\/p>\n<p><!--more--><\/p>\n<p>&nbsp;<\/p>\n<p>Die <a title=\"L\u00e4rmschutzma\u00dfnahmen auf der B 14 vom Ministerium abgelehnt\" href=\"http:\/\/bakh.de\/wdp\/?p=474\">unterschiedlichen Geschwindigkeitsbeschr\u00e4nkungen<\/a> auf der B14 je nach Fahrtrichtung sind unseres Erachtens nicht einsichtig. Von Winnenden kommend besteht ab der Ausfahrt Korb momentan eine Tempobeschr\u00e4nkung auf 100 km\/h. In der anderen Richtung sind 120 km\/h erlaubt.<\/p>\n<p>Um zumindest eine Beschr\u00e4nkung auf 100 km\/h in beiden Richtungen zu erreichen, hatten wir uns deshalb an Ministerium f\u00fcr Verkehr und Infrastruktur gewandt.<\/p>\n<p>Wie das Ministerium f\u00fcr Verkehr und Infrastruktur jetzt schreibt, wurden die unterschiedlichen Geschwindigkeitsbeschr\u00e4nkungen auf der B14 zwischen den Ausfahrten Waiblingen-Mitte und Waiblingen-Nord aus Gr\u00fcnden der Verkehrssicherheit angeordnet<\/p>\n<p>Das relativ starke Gef\u00e4lle in Fahrtrichtung Stuttgart, kombiniert mit dem h\u00e4ufigen R\u00fcckstau am Kontenpunkt B14\/B29 w\u00e4re der Grund f\u00fcr die Beschr\u00e4nkung der zul\u00e4ssigen H\u00f6chtsgeschwindigkeit auf 100 km\/h gewesen. In Fahrtrichtung Winnenden w\u00fcrde der ansteigend Streckenverlauf kein solches Tempolimit aus Gr\u00fcnden der Verkehrssicherheit rechtfertigen.<\/p>\n","protected":false},"excerpt":{"rendered":"<p>Der L\u00e4rmschutz spielte bei der Geschwindigkeitsbeschr\u00e4nkung auf der B14 keine Rolle.<\/p>\n","protected":false},"author":3,"featured_media":0,"comment_status":"closed","ping_status":"closed","sticky":false,"template":"","format":"standard","meta":{"ngg_post_thumbnail":0,"footnotes":""},"categories":[8],"tags":[],"class_list":["post-733","post","type-post","status-publish","format-standard","hentry","category-larmbelastung-b14"],"yoast_head":"<!-- This site is optimized with the Yoast SEO plugin v27.5 - https:\/\/yoast.com\/product\/yoast-seo-wordpress\/ -->\n<title>B14: Keine Beschr\u00e4nkung der Geschwindigkeit wegen L\u00e4rmschutz - B\u00fcrgeraktion Korber H\u00f6he e. V.<\/title>\n<meta name=\"robots\" content=\"index, follow, max-snippet:-1, max-image-preview:large, max-video-preview:-1\" \/>\n<link rel=\"canonical\" href=\"https:\/\/bakh.de\/wdp\/b14-keine-geschwindigkeitsreduzierung-wegen-larmschutz\/\" \/>\n<meta property=\"og:locale\" content=\"de_DE\" \/>\n<meta property=\"og:type\" content=\"article\" \/>\n<meta property=\"og:title\" content=\"B14: Keine Beschr\u00e4nkung der Geschwindigkeit wegen L\u00e4rmschutz - B\u00fcrgeraktion Korber H\u00f6he e. V.\" \/>\n<meta property=\"og:description\" content=\"Der L\u00e4rmschutz spielte bei der Geschwindigkeitsbeschr\u00e4nkung auf der B14 keine Rolle.\" \/>\n<meta property=\"og:url\" content=\"https:\/\/bakh.de\/wdp\/b14-keine-geschwindigkeitsreduzierung-wegen-larmschutz\/\" \/>\n<meta property=\"og:site_name\" content=\"B\u00fcrgeraktion Korber H\u00f6he e. V.\" \/>\n<meta property=\"article:published_time\" content=\"2012-07-01T11:11:25+00:00\" \/>\n<meta property=\"article:modified_time\" content=\"2012-07-01T11:21:57+00:00\" \/>\n<meta property=\"og:image\" content=\"http:\/\/bakh.de\/wdp\/wp-content\/uploads\/2012\/04\/B_14_number.svg_.png\" \/>\n<meta name=\"author\" content=\"Uli\" \/>\n<meta name=\"twitter:card\" content=\"summary_large_image\" \/>\n<meta name=\"twitter:label1\" content=\"Verfasst von\" \/>\n\t<meta name=\"twitter:data1\" content=\"Uli\" \/>\n\t<meta name=\"twitter:label2\" content=\"Gesch\u00e4tzte Lesezeit\" \/>\n\t<meta name=\"twitter:data2\" content=\"1\u00a0Minute\" \/>\n<script type=\"application\/ld+json\" class=\"yoast-schema-graph\">{\"@context\":\"https:\\\/\\\/schema.org\",\"@graph\":[{\"@type\":\"Article\",\"@id\":\"https:\\\/\\\/bakh.de\\\/wdp\\\/b14-keine-geschwindigkeitsreduzierung-wegen-larmschutz\\\/#article\",\"isPartOf\":{\"@id\":\"https:\\\/\\\/bakh.de\\\/wdp\\\/b14-keine-geschwindigkeitsreduzierung-wegen-larmschutz\\\/\"},\"author\":{\"name\":\"Uli\",\"@id\":\"https:\\\/\\\/bakh.de\\\/wdp\\\/#\\\/schema\\\/person\\\/75a1e296c1c53d3fbbc0a3c6104f6370\"},\"headline\":\"B14: Keine Beschr\u00e4nkung der Geschwindigkeit wegen L\u00e4rmschutz\",\"datePublished\":\"2012-07-01T11:11:25+00:00\",\"dateModified\":\"2012-07-01T11:21:57+00:00\",\"mainEntityOfPage\":{\"@id\":\"https:\\\/\\\/bakh.de\\\/wdp\\\/b14-keine-geschwindigkeitsreduzierung-wegen-larmschutz\\\/\"},\"wordCount\":170,\"publisher\":{\"@id\":\"https:\\\/\\\/bakh.de\\\/wdp\\\/#organization\"},\"image\":{\"@id\":\"https:\\\/\\\/bakh.de\\\/wdp\\\/b14-keine-geschwindigkeitsreduzierung-wegen-larmschutz\\\/#primaryimage\"},\"thumbnailUrl\":\"http:\\\/\\\/bakh.de\\\/wdp\\\/wp-content\\\/uploads\\\/2012\\\/04\\\/B_14_number.svg_.png\",\"articleSection\":[\"L\u00e4rmbelastung B14\"],\"inLanguage\":\"de\"},{\"@type\":\"WebPage\",\"@id\":\"https:\\\/\\\/bakh.de\\\/wdp\\\/b14-keine-geschwindigkeitsreduzierung-wegen-larmschutz\\\/\",\"url\":\"https:\\\/\\\/bakh.de\\\/wdp\\\/b14-keine-geschwindigkeitsreduzierung-wegen-larmschutz\\\/\",\"name\":\"B14: Keine Beschr\u00e4nkung der Geschwindigkeit wegen L\u00e4rmschutz - B\u00fcrgeraktion Korber H\u00f6he e. V.\",\"isPartOf\":{\"@id\":\"https:\\\/\\\/bakh.de\\\/wdp\\\/#website\"},\"primaryImageOfPage\":{\"@id\":\"https:\\\/\\\/bakh.de\\\/wdp\\\/b14-keine-geschwindigkeitsreduzierung-wegen-larmschutz\\\/#primaryimage\"},\"image\":{\"@id\":\"https:\\\/\\\/bakh.de\\\/wdp\\\/b14-keine-geschwindigkeitsreduzierung-wegen-larmschutz\\\/#primaryimage\"},\"thumbnailUrl\":\"http:\\\/\\\/bakh.de\\\/wdp\\\/wp-content\\\/uploads\\\/2012\\\/04\\\/B_14_number.svg_.png\",\"datePublished\":\"2012-07-01T11:11:25+00:00\",\"dateModified\":\"2012-07-01T11:21:57+00:00\",\"breadcrumb\":{\"@id\":\"https:\\\/\\\/bakh.de\\\/wdp\\\/b14-keine-geschwindigkeitsreduzierung-wegen-larmschutz\\\/#breadcrumb\"},\"inLanguage\":\"de\",\"potentialAction\":[{\"@type\":\"ReadAction\",\"target\":[\"https:\\\/\\\/bakh.de\\\/wdp\\\/b14-keine-geschwindigkeitsreduzierung-wegen-larmschutz\\\/\"]}]},{\"@type\":\"ImageObject\",\"inLanguage\":\"de\",\"@id\":\"https:\\\/\\\/bakh.de\\\/wdp\\\/b14-keine-geschwindigkeitsreduzierung-wegen-larmschutz\\\/#primaryimage\",\"url\":\"https:\\\/\\\/bakh.de\\\/wdp\\\/wp-content\\\/uploads\\\/2012\\\/04\\\/B_14_number.svg_.png\",\"contentUrl\":\"https:\\\/\\\/bakh.de\\\/wdp\\\/wp-content\\\/uploads\\\/2012\\\/04\\\/B_14_number.svg_.png\",\"width\":\"130\",\"height\":\"78\"},{\"@type\":\"BreadcrumbList\",\"@id\":\"https:\\\/\\\/bakh.de\\\/wdp\\\/b14-keine-geschwindigkeitsreduzierung-wegen-larmschutz\\\/#breadcrumb\",\"itemListElement\":[{\"@type\":\"ListItem\",\"position\":1,\"name\":\"Startseite\",\"item\":\"https:\\\/\\\/bakh.de\\\/wdp\\\/\"},{\"@type\":\"ListItem\",\"position\":2,\"name\":\"B14: Keine Beschr\u00e4nkung der Geschwindigkeit wegen L\u00e4rmschutz\"}]},{\"@type\":\"WebSite\",\"@id\":\"https:\\\/\\\/bakh.de\\\/wdp\\\/#website\",\"url\":\"https:\\\/\\\/bakh.de\\\/wdp\\\/\",\"name\":\"B\u00fcrgeraktion Korber H\u00f6he e. V.\",\"description\":\"\",\"publisher\":{\"@id\":\"https:\\\/\\\/bakh.de\\\/wdp\\\/#organization\"},\"potentialAction\":[{\"@type\":\"SearchAction\",\"target\":{\"@type\":\"EntryPoint\",\"urlTemplate\":\"https:\\\/\\\/bakh.de\\\/wdp\\\/?s={search_term_string}\"},\"query-input\":{\"@type\":\"PropertyValueSpecification\",\"valueRequired\":true,\"valueName\":\"search_term_string\"}}],\"inLanguage\":\"de\"},{\"@type\":\"Organization\",\"@id\":\"https:\\\/\\\/bakh.de\\\/wdp\\\/#organization\",\"name\":\"B\u00fcrgeraktion Korber H\u00f6he e. V.\",\"url\":\"https:\\\/\\\/bakh.de\\\/wdp\\\/\",\"logo\":{\"@type\":\"ImageObject\",\"inLanguage\":\"de\",\"@id\":\"https:\\\/\\\/bakh.de\\\/wdp\\\/#\\\/schema\\\/logo\\\/image\\\/\",\"url\":\"https:\\\/\\\/bakh.de\\\/wdp\\\/wp-content\\\/uploads\\\/2025\\\/11\\\/BAKH_Logo_4c_512.jpg\",\"contentUrl\":\"https:\\\/\\\/bakh.de\\\/wdp\\\/wp-content\\\/uploads\\\/2025\\\/11\\\/BAKH_Logo_4c_512.jpg\",\"width\":516,\"height\":518,\"caption\":\"B\u00fcrgeraktion Korber H\u00f6he e. V.\"},\"image\":{\"@id\":\"https:\\\/\\\/bakh.de\\\/wdp\\\/#\\\/schema\\\/logo\\\/image\\\/\"}},{\"@type\":\"Person\",\"@id\":\"https:\\\/\\\/bakh.de\\\/wdp\\\/#\\\/schema\\\/person\\\/75a1e296c1c53d3fbbc0a3c6104f6370\",\"name\":\"Uli\",\"image\":{\"@type\":\"ImageObject\",\"inLanguage\":\"de\",\"@id\":\"https:\\\/\\\/secure.gravatar.com\\\/avatar\\\/3b55f09e3908cc7190694de428627f99ad7fb1fd6ca4aa1f5a2c94110a7a2967?s=96&d=mm&r=g\",\"url\":\"https:\\\/\\\/secure.gravatar.com\\\/avatar\\\/3b55f09e3908cc7190694de428627f99ad7fb1fd6ca4aa1f5a2c94110a7a2967?s=96&d=mm&r=g\",\"contentUrl\":\"https:\\\/\\\/secure.gravatar.com\\\/avatar\\\/3b55f09e3908cc7190694de428627f99ad7fb1fd6ca4aa1f5a2c94110a7a2967?s=96&d=mm&r=g\",\"caption\":\"Uli\"},\"url\":\"https:\\\/\\\/bakh.de\\\/wdp\\\/author\\\/uli\\\/\"}]}<\/script>\n<!-- \/ Yoast SEO plugin. -->","yoast_head_json":{"title":"B14: Keine Beschr\u00e4nkung der Geschwindigkeit wegen L\u00e4rmschutz - B\u00fcrgeraktion Korber H\u00f6he e. V.","robots":{"index":"index","follow":"follow","max-snippet":"max-snippet:-1","max-image-preview":"max-image-preview:large","max-video-preview":"max-video-preview:-1"},"canonical":"https:\/\/bakh.de\/wdp\/b14-keine-geschwindigkeitsreduzierung-wegen-larmschutz\/","og_locale":"de_DE","og_type":"article","og_title":"B14: Keine Beschr\u00e4nkung der Geschwindigkeit wegen L\u00e4rmschutz - B\u00fcrgeraktion Korber H\u00f6he e. V.","og_description":"Der L\u00e4rmschutz spielte bei der Geschwindigkeitsbeschr\u00e4nkung auf der B14 keine Rolle.","og_url":"https:\/\/bakh.de\/wdp\/b14-keine-geschwindigkeitsreduzierung-wegen-larmschutz\/","og_site_name":"B\u00fcrgeraktion Korber H\u00f6he e. V.","article_published_time":"2012-07-01T11:11:25+00:00","article_modified_time":"2012-07-01T11:21:57+00:00","og_image":[{"url":"http:\/\/bakh.de\/wdp\/wp-content\/uploads\/2012\/04\/B_14_number.svg_.png","type":"","width":"","height":""}],"author":"Uli","twitter_card":"summary_large_image","twitter_misc":{"Verfasst von":"Uli","Gesch\u00e4tzte Lesezeit":"1\u00a0Minute"},"schema":{"@context":"https:\/\/schema.org","@graph":[{"@type":"Article","@id":"https:\/\/bakh.de\/wdp\/b14-keine-geschwindigkeitsreduzierung-wegen-larmschutz\/#article","isPartOf":{"@id":"https:\/\/bakh.de\/wdp\/b14-keine-geschwindigkeitsreduzierung-wegen-larmschutz\/"},"author":{"name":"Uli","@id":"https:\/\/bakh.de\/wdp\/#\/schema\/person\/75a1e296c1c53d3fbbc0a3c6104f6370"},"headline":"B14: Keine Beschr\u00e4nkung der Geschwindigkeit wegen L\u00e4rmschutz","datePublished":"2012-07-01T11:11:25+00:00","dateModified":"2012-07-01T11:21:57+00:00","mainEntityOfPage":{"@id":"https:\/\/bakh.de\/wdp\/b14-keine-geschwindigkeitsreduzierung-wegen-larmschutz\/"},"wordCount":170,"publisher":{"@id":"https:\/\/bakh.de\/wdp\/#organization"},"image":{"@id":"https:\/\/bakh.de\/wdp\/b14-keine-geschwindigkeitsreduzierung-wegen-larmschutz\/#primaryimage"},"thumbnailUrl":"http:\/\/bakh.de\/wdp\/wp-content\/uploads\/2012\/04\/B_14_number.svg_.png","articleSection":["L\u00e4rmbelastung B14"],"inLanguage":"de"},{"@type":"WebPage","@id":"https:\/\/bakh.de\/wdp\/b14-keine-geschwindigkeitsreduzierung-wegen-larmschutz\/","url":"https:\/\/bakh.de\/wdp\/b14-keine-geschwindigkeitsreduzierung-wegen-larmschutz\/","name":"B14: Keine Beschr\u00e4nkung der Geschwindigkeit wegen L\u00e4rmschutz - B\u00fcrgeraktion Korber H\u00f6he e. V.","isPartOf":{"@id":"https:\/\/bakh.de\/wdp\/#website"},"primaryImageOfPage":{"@id":"https:\/\/bakh.de\/wdp\/b14-keine-geschwindigkeitsreduzierung-wegen-larmschutz\/#primaryimage"},"image":{"@id":"https:\/\/bakh.de\/wdp\/b14-keine-geschwindigkeitsreduzierung-wegen-larmschutz\/#primaryimage"},"thumbnailUrl":"http:\/\/bakh.de\/wdp\/wp-content\/uploads\/2012\/04\/B_14_number.svg_.png","datePublished":"2012-07-01T11:11:25+00:00","dateModified":"2012-07-01T11:21:57+00:00","breadcrumb":{"@id":"https:\/\/bakh.de\/wdp\/b14-keine-geschwindigkeitsreduzierung-wegen-larmschutz\/#breadcrumb"},"inLanguage":"de","potentialAction":[{"@type":"ReadAction","target":["https:\/\/bakh.de\/wdp\/b14-keine-geschwindigkeitsreduzierung-wegen-larmschutz\/"]}]},{"@type":"ImageObject","inLanguage":"de","@id":"https:\/\/bakh.de\/wdp\/b14-keine-geschwindigkeitsreduzierung-wegen-larmschutz\/#primaryimage","url":"https:\/\/bakh.de\/wdp\/wp-content\/uploads\/2012\/04\/B_14_number.svg_.png","contentUrl":"https:\/\/bakh.de\/wdp\/wp-content\/uploads\/2012\/04\/B_14_number.svg_.png","width":"130","height":"78"},{"@type":"BreadcrumbList","@id":"https:\/\/bakh.de\/wdp\/b14-keine-geschwindigkeitsreduzierung-wegen-larmschutz\/#breadcrumb","itemListElement":[{"@type":"ListItem","position":1,"name":"Startseite","item":"https:\/\/bakh.de\/wdp\/"},{"@type":"ListItem","position":2,"name":"B14: Keine Beschr\u00e4nkung der Geschwindigkeit wegen L\u00e4rmschutz"}]},{"@type":"WebSite","@id":"https:\/\/bakh.de\/wdp\/#website","url":"https:\/\/bakh.de\/wdp\/","name":"B\u00fcrgeraktion Korber H\u00f6he e. V.","description":"","publisher":{"@id":"https:\/\/bakh.de\/wdp\/#organization"},"potentialAction":[{"@type":"SearchAction","target":{"@type":"EntryPoint","urlTemplate":"https:\/\/bakh.de\/wdp\/?s={search_term_string}"},"query-input":{"@type":"PropertyValueSpecification","valueRequired":true,"valueName":"search_term_string"}}],"inLanguage":"de"},{"@type":"Organization","@id":"https:\/\/bakh.de\/wdp\/#organization","name":"B\u00fcrgeraktion Korber H\u00f6he e. V.","url":"https:\/\/bakh.de\/wdp\/","logo":{"@type":"ImageObject","inLanguage":"de","@id":"https:\/\/bakh.de\/wdp\/#\/schema\/logo\/image\/","url":"https:\/\/bakh.de\/wdp\/wp-content\/uploads\/2025\/11\/BAKH_Logo_4c_512.jpg","contentUrl":"https:\/\/bakh.de\/wdp\/wp-content\/uploads\/2025\/11\/BAKH_Logo_4c_512.jpg","width":516,"height":518,"caption":"B\u00fcrgeraktion Korber H\u00f6he e. V."},"image":{"@id":"https:\/\/bakh.de\/wdp\/#\/schema\/logo\/image\/"}},{"@type":"Person","@id":"https:\/\/bakh.de\/wdp\/#\/schema\/person\/75a1e296c1c53d3fbbc0a3c6104f6370","name":"Uli","image":{"@type":"ImageObject","inLanguage":"de","@id":"https:\/\/secure.gravatar.com\/avatar\/3b55f09e3908cc7190694de428627f99ad7fb1fd6ca4aa1f5a2c94110a7a2967?s=96&d=mm&r=g","url":"https:\/\/secure.gravatar.com\/avatar\/3b55f09e3908cc7190694de428627f99ad7fb1fd6ca4aa1f5a2c94110a7a2967?s=96&d=mm&r=g","contentUrl":"https:\/\/secure.gravatar.com\/avatar\/3b55f09e3908cc7190694de428627f99ad7fb1fd6ca4aa1f5a2c94110a7a2967?s=96&d=mm&r=g","caption":"Uli"},"url":"https:\/\/bakh.de\/wdp\/author\/uli\/"}]}},"_links":{"self":[{"href":"https:\/\/bakh.de\/wdp\/wp-json\/wp\/v2\/posts\/733","targetHints":{"allow":["GET"]}}],"collection":[{"href":"https:\/\/bakh.de\/wdp\/wp-json\/wp\/v2\/posts"}],"about":[{"href":"https:\/\/bakh.de\/wdp\/wp-json\/wp\/v2\/types\/post"}],"author":[{"embeddable":true,"href":"https:\/\/bakh.de\/wdp\/wp-json\/wp\/v2\/users\/3"}],"replies":[{"embeddable":true,"href":"https:\/\/bakh.de\/wdp\/wp-json\/wp\/v2\/comments?post=733"}],"version-history":[{"count":6,"href":"https:\/\/bakh.de\/wdp\/wp-json\/wp\/v2\/posts\/733\/revisions"}],"predecessor-version":[{"id":737,"href":"https:\/\/bakh.de\/wdp\/wp-json\/wp\/v2\/posts\/733\/revisions\/737"}],"wp:attachment":[{"href":"https:\/\/bakh.de\/wdp\/wp-json\/wp\/v2\/media?parent=733"}],"wp:term":[{"taxonomy":"category","embeddable":true,"href":"https:\/\/bakh.de\/wdp\/wp-json\/wp\/v2\/categories?post=733"},{"taxonomy":"post_tag","embeddable":true,"href":"https:\/\/bakh.de\/wdp\/wp-json\/wp\/v2\/tags?post=733"}],"curies":[{"name":"wp","href":"https:\/\/api.w.org\/{rel}","templated":true}]}}