{"id":559,"date":"2012-04-22T14:58:18","date_gmt":"2012-04-22T14:58:18","guid":{"rendered":"http:\/\/bakh.de\/wdp\/?p=559"},"modified":"2012-09-16T22:22:06","modified_gmt":"2012-09-16T22:22:06","slug":"begehung-und-hocketse-finkenberg","status":"publish","type":"post","link":"https:\/\/bakh.de\/wdp\/begehung-und-hocketse-finkenberg\/","title":{"rendered":"Begehung und Hocketse Finkenberg"},"content":{"rendered":"<p><a class=\"shutterset_\" title=\"\" href=\"http:\/\/bakh.de\/wdp\/wp-content\/gallery\/finkenberg_2011\/2011-07-finkbg-hock-009.jpg\"><img decoding=\"async\" class=\"ngg-singlepic ngg-left\" src=\"http:\/\/bakh.de\/wdp\/wp-content\/gallery\/finkenberg_2011\/thumbs\/thumbs_2011-07-finkbg-hock-009.jpg\" alt=\"2011-07-finkbg-hock-009\" \/><\/a><\/p>\n<p>Wir hatten Herrn Bossler vom Gr\u00fcnfl\u00e4chenamt zu einer erneuten Begehung des Finkenbergs eingeladen. Leider kann Herr Bossler jetzt doch nicht kommen. Er wird uns aber vorher ausf\u00fchrlich \u00fcber den aktuellen Stand bez\u00fcglich der Umwidmung in ein Freizeitgel\u00e4nde informieren, so dass wir bei der Hocketse dar\u00fcber berichten k\u00f6nnen, auch \u00fcber die Chancen auf dem Gel\u00e4nde eine Jugendfarm ein zu richten.<\/p>\n<p>Alle Bewohner der Korber H\u00f6he und der umliegenden Wohngebiete sind herzlich eingeladen.<\/p>\n\n","protected":false},"excerpt":{"rendered":"<p>Wir hatten Herrn Bossler vom Gr\u00fcnfl\u00e4chenamt zu einer erneuten Begehung des Finkenbergs eingeladen. Leider kann Herr Bossler jetzt doch nicht kommen. Er wird uns aber vorher ausf\u00fchrlich \u00fcber den aktuellen Stand bez\u00fcglich der Umwidmung in ein Freizeitgel\u00e4nde informieren, so dass wir bei der Hocketse dar\u00fcber berichten k\u00f6nnen, auch \u00fcber die Chancen auf dem Gel\u00e4nde eine [&hellip;]<\/p>\n","protected":false},"author":3,"featured_media":0,"comment_status":"closed","ping_status":"closed","sticky":false,"template":"","format":"standard","meta":{"ngg_post_thumbnail":0,"footnotes":""},"categories":[6],"tags":[],"class_list":["post-559","post","type-post","status-publish","format-standard","hentry","category-termine"],"yoast_head":"<!-- This site is optimized with the Yoast SEO plugin v27.5 - https:\/\/yoast.com\/product\/yoast-seo-wordpress\/ -->\n<title>Begehung und Hocketse Finkenberg - B\u00fcrgeraktion Korber H\u00f6he e. V.<\/title>\n<meta name=\"robots\" content=\"index, follow, max-snippet:-1, max-image-preview:large, max-video-preview:-1\" \/>\n<link rel=\"canonical\" href=\"https:\/\/bakh.de\/wdp\/begehung-und-hocketse-finkenberg\/\" \/>\n<meta property=\"og:locale\" content=\"de_DE\" \/>\n<meta property=\"og:type\" content=\"article\" \/>\n<meta property=\"og:title\" content=\"Begehung und Hocketse Finkenberg - B\u00fcrgeraktion Korber H\u00f6he e. V.\" \/>\n<meta property=\"og:description\" content=\"Wir hatten Herrn Bossler vom Gr\u00fcnfl\u00e4chenamt zu einer erneuten Begehung des Finkenbergs eingeladen. Leider kann Herr Bossler jetzt doch nicht kommen. Er wird uns aber vorher ausf\u00fchrlich \u00fcber den aktuellen Stand bez\u00fcglich der Umwidmung in ein Freizeitgel\u00e4nde informieren, so dass wir bei der Hocketse dar\u00fcber berichten k\u00f6nnen, auch \u00fcber die Chancen auf dem Gel\u00e4nde eine [&hellip;]\" \/>\n<meta property=\"og:url\" content=\"https:\/\/bakh.de\/wdp\/begehung-und-hocketse-finkenberg\/\" \/>\n<meta property=\"og:site_name\" content=\"B\u00fcrgeraktion Korber H\u00f6he e. V.\" \/>\n<meta property=\"article:published_time\" content=\"2012-04-22T14:58:18+00:00\" \/>\n<meta property=\"article:modified_time\" content=\"2012-09-16T22:22:06+00:00\" \/>\n<meta property=\"og:image\" content=\"http:\/\/bakh.de\/wdp\/wp-content\/gallery\/finkenberg_2011\/thumbs\/thumbs_2011-07-finkbg-hock-009.jpg\" \/>\n<meta name=\"author\" content=\"Uli\" \/>\n<meta name=\"twitter:card\" content=\"summary_large_image\" \/>\n<meta name=\"twitter:label1\" content=\"Verfasst von\" \/>\n\t<meta name=\"twitter:data1\" content=\"Uli\" \/>\n<script type=\"application\/ld+json\" class=\"yoast-schema-graph\">{\"@context\":\"https:\\\/\\\/schema.org\",\"@graph\":[{\"@type\":\"Article\",\"@id\":\"https:\\\/\\\/bakh.de\\\/wdp\\\/begehung-und-hocketse-finkenberg\\\/#article\",\"isPartOf\":{\"@id\":\"https:\\\/\\\/bakh.de\\\/wdp\\\/begehung-und-hocketse-finkenberg\\\/\"},\"author\":{\"name\":\"Uli\",\"@id\":\"https:\\\/\\\/bakh.de\\\/wdp\\\/#\\\/schema\\\/person\\\/75a1e296c1c53d3fbbc0a3c6104f6370\"},\"headline\":\"Begehung und Hocketse Finkenberg\",\"datePublished\":\"2012-04-22T14:58:18+00:00\",\"dateModified\":\"2012-09-16T22:22:06+00:00\",\"mainEntityOfPage\":{\"@id\":\"https:\\\/\\\/bakh.de\\\/wdp\\\/begehung-und-hocketse-finkenberg\\\/\"},\"wordCount\":86,\"publisher\":{\"@id\":\"https:\\\/\\\/bakh.de\\\/wdp\\\/#organization\"},\"image\":{\"@id\":\"https:\\\/\\\/bakh.de\\\/wdp\\\/begehung-und-hocketse-finkenberg\\\/#primaryimage\"},\"thumbnailUrl\":\"http:\\\/\\\/bakh.de\\\/wdp\\\/wp-content\\\/gallery\\\/finkenberg_2011\\\/thumbs\\\/thumbs_2011-07-finkbg-hock-009.jpg\",\"articleSection\":[\"Termine\"],\"inLanguage\":\"de\"},{\"@type\":\"WebPage\",\"@id\":\"https:\\\/\\\/bakh.de\\\/wdp\\\/begehung-und-hocketse-finkenberg\\\/\",\"url\":\"https:\\\/\\\/bakh.de\\\/wdp\\\/begehung-und-hocketse-finkenberg\\\/\",\"name\":\"Begehung und Hocketse Finkenberg - B\u00fcrgeraktion Korber H\u00f6he e. V.\",\"isPartOf\":{\"@id\":\"https:\\\/\\\/bakh.de\\\/wdp\\\/#website\"},\"primaryImageOfPage\":{\"@id\":\"https:\\\/\\\/bakh.de\\\/wdp\\\/begehung-und-hocketse-finkenberg\\\/#primaryimage\"},\"image\":{\"@id\":\"https:\\\/\\\/bakh.de\\\/wdp\\\/begehung-und-hocketse-finkenberg\\\/#primaryimage\"},\"thumbnailUrl\":\"http:\\\/\\\/bakh.de\\\/wdp\\\/wp-content\\\/gallery\\\/finkenberg_2011\\\/thumbs\\\/thumbs_2011-07-finkbg-hock-009.jpg\",\"datePublished\":\"2012-04-22T14:58:18+00:00\",\"dateModified\":\"2012-09-16T22:22:06+00:00\",\"breadcrumb\":{\"@id\":\"https:\\\/\\\/bakh.de\\\/wdp\\\/begehung-und-hocketse-finkenberg\\\/#breadcrumb\"},\"inLanguage\":\"de\",\"potentialAction\":[{\"@type\":\"ReadAction\",\"target\":[\"https:\\\/\\\/bakh.de\\\/wdp\\\/begehung-und-hocketse-finkenberg\\\/\"]}]},{\"@type\":\"ImageObject\",\"inLanguage\":\"de\",\"@id\":\"https:\\\/\\\/bakh.de\\\/wdp\\\/begehung-und-hocketse-finkenberg\\\/#primaryimage\",\"url\":\"http:\\\/\\\/bakh.de\\\/wdp\\\/wp-content\\\/gallery\\\/finkenberg_2011\\\/thumbs\\\/thumbs_2011-07-finkbg-hock-009.jpg\",\"contentUrl\":\"http:\\\/\\\/bakh.de\\\/wdp\\\/wp-content\\\/gallery\\\/finkenberg_2011\\\/thumbs\\\/thumbs_2011-07-finkbg-hock-009.jpg\"},{\"@type\":\"BreadcrumbList\",\"@id\":\"https:\\\/\\\/bakh.de\\\/wdp\\\/begehung-und-hocketse-finkenberg\\\/#breadcrumb\",\"itemListElement\":[{\"@type\":\"ListItem\",\"position\":1,\"name\":\"Startseite\",\"item\":\"https:\\\/\\\/bakh.de\\\/wdp\\\/\"},{\"@type\":\"ListItem\",\"position\":2,\"name\":\"Begehung und Hocketse Finkenberg\"}]},{\"@type\":\"WebSite\",\"@id\":\"https:\\\/\\\/bakh.de\\\/wdp\\\/#website\",\"url\":\"https:\\\/\\\/bakh.de\\\/wdp\\\/\",\"name\":\"B\u00fcrgeraktion Korber H\u00f6he e. V.\",\"description\":\"\",\"publisher\":{\"@id\":\"https:\\\/\\\/bakh.de\\\/wdp\\\/#organization\"},\"potentialAction\":[{\"@type\":\"SearchAction\",\"target\":{\"@type\":\"EntryPoint\",\"urlTemplate\":\"https:\\\/\\\/bakh.de\\\/wdp\\\/?s={search_term_string}\"},\"query-input\":{\"@type\":\"PropertyValueSpecification\",\"valueRequired\":true,\"valueName\":\"search_term_string\"}}],\"inLanguage\":\"de\"},{\"@type\":\"Organization\",\"@id\":\"https:\\\/\\\/bakh.de\\\/wdp\\\/#organization\",\"name\":\"B\u00fcrgeraktion Korber H\u00f6he e. V.\",\"url\":\"https:\\\/\\\/bakh.de\\\/wdp\\\/\",\"logo\":{\"@type\":\"ImageObject\",\"inLanguage\":\"de\",\"@id\":\"https:\\\/\\\/bakh.de\\\/wdp\\\/#\\\/schema\\\/logo\\\/image\\\/\",\"url\":\"https:\\\/\\\/bakh.de\\\/wdp\\\/wp-content\\\/uploads\\\/2025\\\/11\\\/BAKH_Logo_4c_512.jpg\",\"contentUrl\":\"https:\\\/\\\/bakh.de\\\/wdp\\\/wp-content\\\/uploads\\\/2025\\\/11\\\/BAKH_Logo_4c_512.jpg\",\"width\":516,\"height\":518,\"caption\":\"B\u00fcrgeraktion Korber H\u00f6he e. V.\"},\"image\":{\"@id\":\"https:\\\/\\\/bakh.de\\\/wdp\\\/#\\\/schema\\\/logo\\\/image\\\/\"}},{\"@type\":\"Person\",\"@id\":\"https:\\\/\\\/bakh.de\\\/wdp\\\/#\\\/schema\\\/person\\\/75a1e296c1c53d3fbbc0a3c6104f6370\",\"name\":\"Uli\",\"image\":{\"@type\":\"ImageObject\",\"inLanguage\":\"de\",\"@id\":\"https:\\\/\\\/secure.gravatar.com\\\/avatar\\\/3b55f09e3908cc7190694de428627f99ad7fb1fd6ca4aa1f5a2c94110a7a2967?s=96&d=mm&r=g\",\"url\":\"https:\\\/\\\/secure.gravatar.com\\\/avatar\\\/3b55f09e3908cc7190694de428627f99ad7fb1fd6ca4aa1f5a2c94110a7a2967?s=96&d=mm&r=g\",\"contentUrl\":\"https:\\\/\\\/secure.gravatar.com\\\/avatar\\\/3b55f09e3908cc7190694de428627f99ad7fb1fd6ca4aa1f5a2c94110a7a2967?s=96&d=mm&r=g\",\"caption\":\"Uli\"},\"url\":\"https:\\\/\\\/bakh.de\\\/wdp\\\/author\\\/uli\\\/\"}]}<\/script>\n<!-- \/ Yoast SEO plugin. -->","yoast_head_json":{"title":"Begehung und Hocketse Finkenberg - B\u00fcrgeraktion Korber H\u00f6he e. V.","robots":{"index":"index","follow":"follow","max-snippet":"max-snippet:-1","max-image-preview":"max-image-preview:large","max-video-preview":"max-video-preview:-1"},"canonical":"https:\/\/bakh.de\/wdp\/begehung-und-hocketse-finkenberg\/","og_locale":"de_DE","og_type":"article","og_title":"Begehung und Hocketse Finkenberg - B\u00fcrgeraktion Korber H\u00f6he e. V.","og_description":"Wir hatten Herrn Bossler vom Gr\u00fcnfl\u00e4chenamt zu einer erneuten Begehung des Finkenbergs eingeladen. Leider kann Herr Bossler jetzt doch nicht kommen. Er wird uns aber vorher ausf\u00fchrlich \u00fcber den aktuellen Stand bez\u00fcglich der Umwidmung in ein Freizeitgel\u00e4nde informieren, so dass wir bei der Hocketse dar\u00fcber berichten k\u00f6nnen, auch \u00fcber die Chancen auf dem Gel\u00e4nde eine [&hellip;]","og_url":"https:\/\/bakh.de\/wdp\/begehung-und-hocketse-finkenberg\/","og_site_name":"B\u00fcrgeraktion Korber H\u00f6he e. V.","article_published_time":"2012-04-22T14:58:18+00:00","article_modified_time":"2012-09-16T22:22:06+00:00","og_image":[{"url":"http:\/\/bakh.de\/wdp\/wp-content\/gallery\/finkenberg_2011\/thumbs\/thumbs_2011-07-finkbg-hock-009.jpg","type":"","width":"","height":""}],"author":"Uli","twitter_card":"summary_large_image","twitter_misc":{"Verfasst von":"Uli"},"schema":{"@context":"https:\/\/schema.org","@graph":[{"@type":"Article","@id":"https:\/\/bakh.de\/wdp\/begehung-und-hocketse-finkenberg\/#article","isPartOf":{"@id":"https:\/\/bakh.de\/wdp\/begehung-und-hocketse-finkenberg\/"},"author":{"name":"Uli","@id":"https:\/\/bakh.de\/wdp\/#\/schema\/person\/75a1e296c1c53d3fbbc0a3c6104f6370"},"headline":"Begehung und Hocketse Finkenberg","datePublished":"2012-04-22T14:58:18+00:00","dateModified":"2012-09-16T22:22:06+00:00","mainEntityOfPage":{"@id":"https:\/\/bakh.de\/wdp\/begehung-und-hocketse-finkenberg\/"},"wordCount":86,"publisher":{"@id":"https:\/\/bakh.de\/wdp\/#organization"},"image":{"@id":"https:\/\/bakh.de\/wdp\/begehung-und-hocketse-finkenberg\/#primaryimage"},"thumbnailUrl":"http:\/\/bakh.de\/wdp\/wp-content\/gallery\/finkenberg_2011\/thumbs\/thumbs_2011-07-finkbg-hock-009.jpg","articleSection":["Termine"],"inLanguage":"de"},{"@type":"WebPage","@id":"https:\/\/bakh.de\/wdp\/begehung-und-hocketse-finkenberg\/","url":"https:\/\/bakh.de\/wdp\/begehung-und-hocketse-finkenberg\/","name":"Begehung und Hocketse Finkenberg - B\u00fcrgeraktion Korber H\u00f6he e. V.","isPartOf":{"@id":"https:\/\/bakh.de\/wdp\/#website"},"primaryImageOfPage":{"@id":"https:\/\/bakh.de\/wdp\/begehung-und-hocketse-finkenberg\/#primaryimage"},"image":{"@id":"https:\/\/bakh.de\/wdp\/begehung-und-hocketse-finkenberg\/#primaryimage"},"thumbnailUrl":"http:\/\/bakh.de\/wdp\/wp-content\/gallery\/finkenberg_2011\/thumbs\/thumbs_2011-07-finkbg-hock-009.jpg","datePublished":"2012-04-22T14:58:18+00:00","dateModified":"2012-09-16T22:22:06+00:00","breadcrumb":{"@id":"https:\/\/bakh.de\/wdp\/begehung-und-hocketse-finkenberg\/#breadcrumb"},"inLanguage":"de","potentialAction":[{"@type":"ReadAction","target":["https:\/\/bakh.de\/wdp\/begehung-und-hocketse-finkenberg\/"]}]},{"@type":"ImageObject","inLanguage":"de","@id":"https:\/\/bakh.de\/wdp\/begehung-und-hocketse-finkenberg\/#primaryimage","url":"http:\/\/bakh.de\/wdp\/wp-content\/gallery\/finkenberg_2011\/thumbs\/thumbs_2011-07-finkbg-hock-009.jpg","contentUrl":"http:\/\/bakh.de\/wdp\/wp-content\/gallery\/finkenberg_2011\/thumbs\/thumbs_2011-07-finkbg-hock-009.jpg"},{"@type":"BreadcrumbList","@id":"https:\/\/bakh.de\/wdp\/begehung-und-hocketse-finkenberg\/#breadcrumb","itemListElement":[{"@type":"ListItem","position":1,"name":"Startseite","item":"https:\/\/bakh.de\/wdp\/"},{"@type":"ListItem","position":2,"name":"Begehung und Hocketse Finkenberg"}]},{"@type":"WebSite","@id":"https:\/\/bakh.de\/wdp\/#website","url":"https:\/\/bakh.de\/wdp\/","name":"B\u00fcrgeraktion Korber H\u00f6he e. V.","description":"","publisher":{"@id":"https:\/\/bakh.de\/wdp\/#organization"},"potentialAction":[{"@type":"SearchAction","target":{"@type":"EntryPoint","urlTemplate":"https:\/\/bakh.de\/wdp\/?s={search_term_string}"},"query-input":{"@type":"PropertyValueSpecification","valueRequired":true,"valueName":"search_term_string"}}],"inLanguage":"de"},{"@type":"Organization","@id":"https:\/\/bakh.de\/wdp\/#organization","name":"B\u00fcrgeraktion Korber H\u00f6he e. V.","url":"https:\/\/bakh.de\/wdp\/","logo":{"@type":"ImageObject","inLanguage":"de","@id":"https:\/\/bakh.de\/wdp\/#\/schema\/logo\/image\/","url":"https:\/\/bakh.de\/wdp\/wp-content\/uploads\/2025\/11\/BAKH_Logo_4c_512.jpg","contentUrl":"https:\/\/bakh.de\/wdp\/wp-content\/uploads\/2025\/11\/BAKH_Logo_4c_512.jpg","width":516,"height":518,"caption":"B\u00fcrgeraktion Korber H\u00f6he e. V."},"image":{"@id":"https:\/\/bakh.de\/wdp\/#\/schema\/logo\/image\/"}},{"@type":"Person","@id":"https:\/\/bakh.de\/wdp\/#\/schema\/person\/75a1e296c1c53d3fbbc0a3c6104f6370","name":"Uli","image":{"@type":"ImageObject","inLanguage":"de","@id":"https:\/\/secure.gravatar.com\/avatar\/3b55f09e3908cc7190694de428627f99ad7fb1fd6ca4aa1f5a2c94110a7a2967?s=96&d=mm&r=g","url":"https:\/\/secure.gravatar.com\/avatar\/3b55f09e3908cc7190694de428627f99ad7fb1fd6ca4aa1f5a2c94110a7a2967?s=96&d=mm&r=g","contentUrl":"https:\/\/secure.gravatar.com\/avatar\/3b55f09e3908cc7190694de428627f99ad7fb1fd6ca4aa1f5a2c94110a7a2967?s=96&d=mm&r=g","caption":"Uli"},"url":"https:\/\/bakh.de\/wdp\/author\/uli\/"}]}},"_links":{"self":[{"href":"https:\/\/bakh.de\/wdp\/wp-json\/wp\/v2\/posts\/559","targetHints":{"allow":["GET"]}}],"collection":[{"href":"https:\/\/bakh.de\/wdp\/wp-json\/wp\/v2\/posts"}],"about":[{"href":"https:\/\/bakh.de\/wdp\/wp-json\/wp\/v2\/types\/post"}],"author":[{"embeddable":true,"href":"https:\/\/bakh.de\/wdp\/wp-json\/wp\/v2\/users\/3"}],"replies":[{"embeddable":true,"href":"https:\/\/bakh.de\/wdp\/wp-json\/wp\/v2\/comments?post=559"}],"version-history":[{"count":11,"href":"https:\/\/bakh.de\/wdp\/wp-json\/wp\/v2\/posts\/559\/revisions"}],"predecessor-version":[{"id":563,"href":"https:\/\/bakh.de\/wdp\/wp-json\/wp\/v2\/posts\/559\/revisions\/563"}],"wp:attachment":[{"href":"https:\/\/bakh.de\/wdp\/wp-json\/wp\/v2\/media?parent=559"}],"wp:term":[{"taxonomy":"category","embeddable":true,"href":"https:\/\/bakh.de\/wdp\/wp-json\/wp\/v2\/categories?post=559"},{"taxonomy":"post_tag","embeddable":true,"href":"https:\/\/bakh.de\/wdp\/wp-json\/wp\/v2\/tags?post=559"}],"curies":[{"name":"wp","href":"https:\/\/api.w.org\/{rel}","templated":true}]}}