{"id":485,"date":"2012-04-01T20:30:25","date_gmt":"2012-04-01T20:30:25","guid":{"rendered":"http:\/\/bakh.de\/wdp\/?p=485"},"modified":"2018-03-10T15:50:52","modified_gmt":"2018-03-10T15:50:52","slug":"mitgliederversammlung-2012-war-gut-besucht","status":"publish","type":"post","link":"https:\/\/bakh.de\/wdp\/mitgliederversammlung-2012-war-gut-besucht\/","title":{"rendered":"Mitgliederversammlung 2012 war gut besucht."},"content":{"rendered":"<p>Am Mittwoch, 15. Februar 2012, kamen 37 Mitglieder zur diesj\u00e4hrigen Mitglieder-versammlung im Korber-H\u00f6he-Treff zusammen. Winfried Koch wurde als erster Vorsitzender wiedergew\u00e4hlt.<!--more--><\/p>\n<p>In seinem R\u00fcckblick berichtete Vorstand Winfried Koch von den Veranstaltungen im Jahr 2011.<\/p>\n<p>Im M\u00e4rz fand die allj\u00e4hrliche Putzete statt, die Zahl der Teilnehmenden war r\u00fcckl\u00e4ufig, vor allem bei den Kindern und Jugendlichen, die M\u00fcllmenge hat sich verringert. Im Juli fand auf dem <a title=\"Finkenberg soll Freizeitgel\u00e4nde werden\" href=\"http:\/\/bakh.de\/wdp\/?p=291\">Finkenberg <\/a>eine Hocketse mit Vertretern der Stadt und den aktuellen Nutzern statt, aktuell hat der Bauausschuss der Umwidmung der Erddeponie in ein Freizeitgel\u00e4nde zugestimmt, der Beschluss des Gemeinderates wird in K\u00fcrze erwartet. Im Oktober wurde die Reihe \u201eGemeinsam auf der Korber H\u00f6he\u201c mit Menschen t\u00fcrkischer Abstammung fortgesetzt. Die interessante Veranstaltung war von Seiten der G\u00e4ste gut besucht, die Reihe wird fortgesetzt. Anfang Dezember fand das Schachturnier statt, es war wegen Parallelveranstaltungen im Stadtteil etwas weniger gut besucht. Im Februar 2012 organisierte Ayg\u00fcl Aras ein <a title=\"Erbeben in Van in Ostanatolien\" href=\"http:\/\/bakh.de\/wdp\/?page_id=336\">Solidarit\u00e4tsfr\u00fchst\u00fcck<\/a> zu Gunsten der Erdbebenopfer, es wurden 1205\u20ac gespendet. \u00dcber den Verein \u201eFreunde helfen Freunden e.V.\u201c wird direkt vor Ort Hilfe geleistet.<\/p>\n<p>Eine gute Anbindung des<a title=\"Busanbindung Klinik \u00fcber Schwaikheim\" href=\"http:\/\/bakh.de\/wdp\/?p=424\"> \u00d6PNVs an das neue Krankenhaus<\/a> in Winnenden ist das Ziel der B\u00fcrgeraktion. Die Taktfrequenz darf nicht zu gering und der Zeitaufwand nicht zu hoch sein. Die bisher unterbreiteten Vorschl\u00e4ge treffen aufgrund hoher Kosten noch nicht auf den Widerhall der Planenden.<br \/>\nUm eine <a title=\"L\u00e4rmschutzma\u00dfnahmen auf der B 14 vom Ministerium abgelehnt\" href=\"http:\/\/bakh.de\/wdp\/?p=474\">L\u00e4rmreduktion auf der B14<\/a> zu erreichen wandte sich die BAKH mit einem Schreiben an das Verkehrsministerium, nachrichtlich an OB Hesky und die Fraktionsvorsitzenden im Gemeinderat. OB Hesky unterst\u00fctzt die Forderungen nach Tempo 80 km\/h und Fl\u00fcsterasphalt.<br \/>\nWie in den Vorjahren engagierte sich die B\u00fcrgeraktion im Arbeitskreis \u201eSoziale Integration\u201c, der 2011 eine Brosch\u00fcre \u00fcber Initiativen auf der Korber H\u00f6he entwickelt hat, sowie bei der Aktion \u201eSaubere Stadt\u201c und im Integrationsrat.<\/p>\n<p>Bei den Neuwahlen gab es keine \u00dcberraschungen. Winfried Koch wurde f\u00fcr 2 Jahre als erster Vorsitzender wieder gew\u00e4hlt. Da sich Gerda Forster und Heinz Offtermatt wegen Umzugs nicht mehr zur Wahl stellten, mussten 2 neue Mitglieder f\u00fcr den Hauptausschuss gefunden werden. Neben den neuen Mitgliedern Annett Oviedo und Sabaht Almis wurden Claudia R\u00e4der, Jochen Lohr und Ulrich Bayha in den Hauptausschuss gew\u00e4hlt. Ulrich Bayha bleibt Kassenwart, Anett Oviedo wird Schriftf\u00fchrerin.<\/p>\n","protected":false},"excerpt":{"rendered":"<p>Am Mittwoch, 15. Februar 2012, kamen 37 Mitglieder zur diesj\u00e4hrigen Mitglieder-versammlung im Korber-H\u00f6he-Treff zusammen. Winfried Koch wurde als erster Vorsitzender wiedergew\u00e4hlt.<\/p>\n","protected":false},"author":3,"featured_media":0,"comment_status":"closed","ping_status":"closed","sticky":false,"template":"","format":"standard","meta":{"ngg_post_thumbnail":0,"footnotes":""},"categories":[19],"tags":[],"class_list":["post-485","post","type-post","status-publish","format-standard","hentry","category-mv"],"yoast_head":"<!-- This site is optimized with the Yoast SEO plugin v27.5 - https:\/\/yoast.com\/product\/yoast-seo-wordpress\/ -->\n<title>Mitgliederversammlung 2012 war gut besucht. - B\u00fcrgeraktion Korber H\u00f6he e. V.<\/title>\n<meta name=\"robots\" content=\"index, follow, max-snippet:-1, max-image-preview:large, max-video-preview:-1\" \/>\n<link rel=\"canonical\" href=\"https:\/\/bakh.de\/wdp\/mitgliederversammlung-2012-war-gut-besucht\/\" \/>\n<meta property=\"og:locale\" content=\"de_DE\" \/>\n<meta property=\"og:type\" content=\"article\" \/>\n<meta property=\"og:title\" content=\"Mitgliederversammlung 2012 war gut besucht. - B\u00fcrgeraktion Korber H\u00f6he e. V.\" \/>\n<meta property=\"og:description\" content=\"Am Mittwoch, 15. Februar 2012, kamen 37 Mitglieder zur diesj\u00e4hrigen Mitglieder-versammlung im Korber-H\u00f6he-Treff zusammen. Winfried Koch wurde als erster Vorsitzender wiedergew\u00e4hlt.\" \/>\n<meta property=\"og:url\" content=\"https:\/\/bakh.de\/wdp\/mitgliederversammlung-2012-war-gut-besucht\/\" \/>\n<meta property=\"og:site_name\" content=\"B\u00fcrgeraktion Korber H\u00f6he e. V.\" \/>\n<meta property=\"article:published_time\" content=\"2012-04-01T20:30:25+00:00\" \/>\n<meta property=\"article:modified_time\" content=\"2018-03-10T15:50:52+00:00\" \/>\n<meta property=\"og:image\" content=\"https:\/\/bakh.de\/wdp\/wp-content\/uploads\/2025\/11\/BAKH_Logo_4c_512.jpg\" \/>\n\t<meta property=\"og:image:width\" content=\"516\" \/>\n\t<meta property=\"og:image:height\" content=\"518\" \/>\n\t<meta property=\"og:image:type\" content=\"image\/jpeg\" \/>\n<meta name=\"author\" content=\"Uli\" \/>\n<meta name=\"twitter:card\" content=\"summary_large_image\" \/>\n<meta name=\"twitter:label1\" content=\"Verfasst von\" \/>\n\t<meta name=\"twitter:data1\" content=\"Uli\" \/>\n\t<meta name=\"twitter:label2\" content=\"Gesch\u00e4tzte Lesezeit\" \/>\n\t<meta name=\"twitter:data2\" content=\"2\u00a0Minuten\" \/>\n<script type=\"application\/ld+json\" class=\"yoast-schema-graph\">{\"@context\":\"https:\\\/\\\/schema.org\",\"@graph\":[{\"@type\":\"Article\",\"@id\":\"https:\\\/\\\/bakh.de\\\/wdp\\\/mitgliederversammlung-2012-war-gut-besucht\\\/#article\",\"isPartOf\":{\"@id\":\"https:\\\/\\\/bakh.de\\\/wdp\\\/mitgliederversammlung-2012-war-gut-besucht\\\/\"},\"author\":{\"name\":\"Uli\",\"@id\":\"https:\\\/\\\/bakh.de\\\/wdp\\\/#\\\/schema\\\/person\\\/75a1e296c1c53d3fbbc0a3c6104f6370\"},\"headline\":\"Mitgliederversammlung 2012 war gut besucht.\",\"datePublished\":\"2012-04-01T20:30:25+00:00\",\"dateModified\":\"2018-03-10T15:50:52+00:00\",\"mainEntityOfPage\":{\"@id\":\"https:\\\/\\\/bakh.de\\\/wdp\\\/mitgliederversammlung-2012-war-gut-besucht\\\/\"},\"wordCount\":383,\"publisher\":{\"@id\":\"https:\\\/\\\/bakh.de\\\/wdp\\\/#organization\"},\"articleSection\":[\"Fr\u00fchere Mitgliederversammlungen\"],\"inLanguage\":\"de\"},{\"@type\":\"WebPage\",\"@id\":\"https:\\\/\\\/bakh.de\\\/wdp\\\/mitgliederversammlung-2012-war-gut-besucht\\\/\",\"url\":\"https:\\\/\\\/bakh.de\\\/wdp\\\/mitgliederversammlung-2012-war-gut-besucht\\\/\",\"name\":\"Mitgliederversammlung 2012 war gut besucht. - B\u00fcrgeraktion Korber H\u00f6he e. V.\",\"isPartOf\":{\"@id\":\"https:\\\/\\\/bakh.de\\\/wdp\\\/#website\"},\"datePublished\":\"2012-04-01T20:30:25+00:00\",\"dateModified\":\"2018-03-10T15:50:52+00:00\",\"breadcrumb\":{\"@id\":\"https:\\\/\\\/bakh.de\\\/wdp\\\/mitgliederversammlung-2012-war-gut-besucht\\\/#breadcrumb\"},\"inLanguage\":\"de\",\"potentialAction\":[{\"@type\":\"ReadAction\",\"target\":[\"https:\\\/\\\/bakh.de\\\/wdp\\\/mitgliederversammlung-2012-war-gut-besucht\\\/\"]}]},{\"@type\":\"BreadcrumbList\",\"@id\":\"https:\\\/\\\/bakh.de\\\/wdp\\\/mitgliederversammlung-2012-war-gut-besucht\\\/#breadcrumb\",\"itemListElement\":[{\"@type\":\"ListItem\",\"position\":1,\"name\":\"Startseite\",\"item\":\"https:\\\/\\\/bakh.de\\\/wdp\\\/\"},{\"@type\":\"ListItem\",\"position\":2,\"name\":\"Mitgliederversammlung 2012 war gut besucht.\"}]},{\"@type\":\"WebSite\",\"@id\":\"https:\\\/\\\/bakh.de\\\/wdp\\\/#website\",\"url\":\"https:\\\/\\\/bakh.de\\\/wdp\\\/\",\"name\":\"B\u00fcrgeraktion Korber H\u00f6he e. V.\",\"description\":\"\",\"publisher\":{\"@id\":\"https:\\\/\\\/bakh.de\\\/wdp\\\/#organization\"},\"potentialAction\":[{\"@type\":\"SearchAction\",\"target\":{\"@type\":\"EntryPoint\",\"urlTemplate\":\"https:\\\/\\\/bakh.de\\\/wdp\\\/?s={search_term_string}\"},\"query-input\":{\"@type\":\"PropertyValueSpecification\",\"valueRequired\":true,\"valueName\":\"search_term_string\"}}],\"inLanguage\":\"de\"},{\"@type\":\"Organization\",\"@id\":\"https:\\\/\\\/bakh.de\\\/wdp\\\/#organization\",\"name\":\"B\u00fcrgeraktion Korber H\u00f6he e. V.\",\"url\":\"https:\\\/\\\/bakh.de\\\/wdp\\\/\",\"logo\":{\"@type\":\"ImageObject\",\"inLanguage\":\"de\",\"@id\":\"https:\\\/\\\/bakh.de\\\/wdp\\\/#\\\/schema\\\/logo\\\/image\\\/\",\"url\":\"https:\\\/\\\/bakh.de\\\/wdp\\\/wp-content\\\/uploads\\\/2025\\\/11\\\/BAKH_Logo_4c_512.jpg\",\"contentUrl\":\"https:\\\/\\\/bakh.de\\\/wdp\\\/wp-content\\\/uploads\\\/2025\\\/11\\\/BAKH_Logo_4c_512.jpg\",\"width\":516,\"height\":518,\"caption\":\"B\u00fcrgeraktion Korber H\u00f6he e. V.\"},\"image\":{\"@id\":\"https:\\\/\\\/bakh.de\\\/wdp\\\/#\\\/schema\\\/logo\\\/image\\\/\"}},{\"@type\":\"Person\",\"@id\":\"https:\\\/\\\/bakh.de\\\/wdp\\\/#\\\/schema\\\/person\\\/75a1e296c1c53d3fbbc0a3c6104f6370\",\"name\":\"Uli\",\"image\":{\"@type\":\"ImageObject\",\"inLanguage\":\"de\",\"@id\":\"https:\\\/\\\/secure.gravatar.com\\\/avatar\\\/3b55f09e3908cc7190694de428627f99ad7fb1fd6ca4aa1f5a2c94110a7a2967?s=96&d=mm&r=g\",\"url\":\"https:\\\/\\\/secure.gravatar.com\\\/avatar\\\/3b55f09e3908cc7190694de428627f99ad7fb1fd6ca4aa1f5a2c94110a7a2967?s=96&d=mm&r=g\",\"contentUrl\":\"https:\\\/\\\/secure.gravatar.com\\\/avatar\\\/3b55f09e3908cc7190694de428627f99ad7fb1fd6ca4aa1f5a2c94110a7a2967?s=96&d=mm&r=g\",\"caption\":\"Uli\"},\"url\":\"https:\\\/\\\/bakh.de\\\/wdp\\\/author\\\/uli\\\/\"}]}<\/script>\n<!-- \/ Yoast SEO plugin. -->","yoast_head_json":{"title":"Mitgliederversammlung 2012 war gut besucht. - B\u00fcrgeraktion Korber H\u00f6he e. V.","robots":{"index":"index","follow":"follow","max-snippet":"max-snippet:-1","max-image-preview":"max-image-preview:large","max-video-preview":"max-video-preview:-1"},"canonical":"https:\/\/bakh.de\/wdp\/mitgliederversammlung-2012-war-gut-besucht\/","og_locale":"de_DE","og_type":"article","og_title":"Mitgliederversammlung 2012 war gut besucht. - B\u00fcrgeraktion Korber H\u00f6he e. V.","og_description":"Am Mittwoch, 15. Februar 2012, kamen 37 Mitglieder zur diesj\u00e4hrigen Mitglieder-versammlung im Korber-H\u00f6he-Treff zusammen. Winfried Koch wurde als erster Vorsitzender wiedergew\u00e4hlt.","og_url":"https:\/\/bakh.de\/wdp\/mitgliederversammlung-2012-war-gut-besucht\/","og_site_name":"B\u00fcrgeraktion Korber H\u00f6he e. V.","article_published_time":"2012-04-01T20:30:25+00:00","article_modified_time":"2018-03-10T15:50:52+00:00","og_image":[{"width":516,"height":518,"url":"https:\/\/bakh.de\/wdp\/wp-content\/uploads\/2025\/11\/BAKH_Logo_4c_512.jpg","type":"image\/jpeg"}],"author":"Uli","twitter_card":"summary_large_image","twitter_misc":{"Verfasst von":"Uli","Gesch\u00e4tzte Lesezeit":"2\u00a0Minuten"},"schema":{"@context":"https:\/\/schema.org","@graph":[{"@type":"Article","@id":"https:\/\/bakh.de\/wdp\/mitgliederversammlung-2012-war-gut-besucht\/#article","isPartOf":{"@id":"https:\/\/bakh.de\/wdp\/mitgliederversammlung-2012-war-gut-besucht\/"},"author":{"name":"Uli","@id":"https:\/\/bakh.de\/wdp\/#\/schema\/person\/75a1e296c1c53d3fbbc0a3c6104f6370"},"headline":"Mitgliederversammlung 2012 war gut besucht.","datePublished":"2012-04-01T20:30:25+00:00","dateModified":"2018-03-10T15:50:52+00:00","mainEntityOfPage":{"@id":"https:\/\/bakh.de\/wdp\/mitgliederversammlung-2012-war-gut-besucht\/"},"wordCount":383,"publisher":{"@id":"https:\/\/bakh.de\/wdp\/#organization"},"articleSection":["Fr\u00fchere Mitgliederversammlungen"],"inLanguage":"de"},{"@type":"WebPage","@id":"https:\/\/bakh.de\/wdp\/mitgliederversammlung-2012-war-gut-besucht\/","url":"https:\/\/bakh.de\/wdp\/mitgliederversammlung-2012-war-gut-besucht\/","name":"Mitgliederversammlung 2012 war gut besucht. - B\u00fcrgeraktion Korber H\u00f6he e. V.","isPartOf":{"@id":"https:\/\/bakh.de\/wdp\/#website"},"datePublished":"2012-04-01T20:30:25+00:00","dateModified":"2018-03-10T15:50:52+00:00","breadcrumb":{"@id":"https:\/\/bakh.de\/wdp\/mitgliederversammlung-2012-war-gut-besucht\/#breadcrumb"},"inLanguage":"de","potentialAction":[{"@type":"ReadAction","target":["https:\/\/bakh.de\/wdp\/mitgliederversammlung-2012-war-gut-besucht\/"]}]},{"@type":"BreadcrumbList","@id":"https:\/\/bakh.de\/wdp\/mitgliederversammlung-2012-war-gut-besucht\/#breadcrumb","itemListElement":[{"@type":"ListItem","position":1,"name":"Startseite","item":"https:\/\/bakh.de\/wdp\/"},{"@type":"ListItem","position":2,"name":"Mitgliederversammlung 2012 war gut besucht."}]},{"@type":"WebSite","@id":"https:\/\/bakh.de\/wdp\/#website","url":"https:\/\/bakh.de\/wdp\/","name":"B\u00fcrgeraktion Korber H\u00f6he e. V.","description":"","publisher":{"@id":"https:\/\/bakh.de\/wdp\/#organization"},"potentialAction":[{"@type":"SearchAction","target":{"@type":"EntryPoint","urlTemplate":"https:\/\/bakh.de\/wdp\/?s={search_term_string}"},"query-input":{"@type":"PropertyValueSpecification","valueRequired":true,"valueName":"search_term_string"}}],"inLanguage":"de"},{"@type":"Organization","@id":"https:\/\/bakh.de\/wdp\/#organization","name":"B\u00fcrgeraktion Korber H\u00f6he e. V.","url":"https:\/\/bakh.de\/wdp\/","logo":{"@type":"ImageObject","inLanguage":"de","@id":"https:\/\/bakh.de\/wdp\/#\/schema\/logo\/image\/","url":"https:\/\/bakh.de\/wdp\/wp-content\/uploads\/2025\/11\/BAKH_Logo_4c_512.jpg","contentUrl":"https:\/\/bakh.de\/wdp\/wp-content\/uploads\/2025\/11\/BAKH_Logo_4c_512.jpg","width":516,"height":518,"caption":"B\u00fcrgeraktion Korber H\u00f6he e. V."},"image":{"@id":"https:\/\/bakh.de\/wdp\/#\/schema\/logo\/image\/"}},{"@type":"Person","@id":"https:\/\/bakh.de\/wdp\/#\/schema\/person\/75a1e296c1c53d3fbbc0a3c6104f6370","name":"Uli","image":{"@type":"ImageObject","inLanguage":"de","@id":"https:\/\/secure.gravatar.com\/avatar\/3b55f09e3908cc7190694de428627f99ad7fb1fd6ca4aa1f5a2c94110a7a2967?s=96&d=mm&r=g","url":"https:\/\/secure.gravatar.com\/avatar\/3b55f09e3908cc7190694de428627f99ad7fb1fd6ca4aa1f5a2c94110a7a2967?s=96&d=mm&r=g","contentUrl":"https:\/\/secure.gravatar.com\/avatar\/3b55f09e3908cc7190694de428627f99ad7fb1fd6ca4aa1f5a2c94110a7a2967?s=96&d=mm&r=g","caption":"Uli"},"url":"https:\/\/bakh.de\/wdp\/author\/uli\/"}]}},"_links":{"self":[{"href":"https:\/\/bakh.de\/wdp\/wp-json\/wp\/v2\/posts\/485","targetHints":{"allow":["GET"]}}],"collection":[{"href":"https:\/\/bakh.de\/wdp\/wp-json\/wp\/v2\/posts"}],"about":[{"href":"https:\/\/bakh.de\/wdp\/wp-json\/wp\/v2\/types\/post"}],"author":[{"embeddable":true,"href":"https:\/\/bakh.de\/wdp\/wp-json\/wp\/v2\/users\/3"}],"replies":[{"embeddable":true,"href":"https:\/\/bakh.de\/wdp\/wp-json\/wp\/v2\/comments?post=485"}],"version-history":[{"count":14,"href":"https:\/\/bakh.de\/wdp\/wp-json\/wp\/v2\/posts\/485\/revisions"}],"predecessor-version":[{"id":2396,"href":"https:\/\/bakh.de\/wdp\/wp-json\/wp\/v2\/posts\/485\/revisions\/2396"}],"wp:attachment":[{"href":"https:\/\/bakh.de\/wdp\/wp-json\/wp\/v2\/media?parent=485"}],"wp:term":[{"taxonomy":"category","embeddable":true,"href":"https:\/\/bakh.de\/wdp\/wp-json\/wp\/v2\/categories?post=485"},{"taxonomy":"post_tag","embeddable":true,"href":"https:\/\/bakh.de\/wdp\/wp-json\/wp\/v2\/tags?post=485"}],"curies":[{"name":"wp","href":"https:\/\/api.w.org\/{rel}","templated":true}]}}