{"id":474,"date":"2012-04-01T18:55:51","date_gmt":"2012-04-01T18:55:51","guid":{"rendered":"http:\/\/bakh.de\/wdp\/?p=474"},"modified":"2012-04-06T19:15:21","modified_gmt":"2012-04-06T19:15:21","slug":"larmschutzmasnahmen-vom-ministerium-abegelehnt","status":"publish","type":"post","link":"https:\/\/bakh.de\/wdp\/larmschutzmasnahmen-vom-ministerium-abegelehnt\/","title":{"rendered":"L\u00e4rmschutzma\u00dfnahmen auf der B 14 vom Ministerium abgelehnt"},"content":{"rendered":"<p><a href=\"http:\/\/bakh.de\/wdp\/wp-content\/uploads\/2012\/04\/B_14_number.svg_.png\"><img loading=\"lazy\" decoding=\"async\" class=\"alignleft size-full wp-image-479\" title=\"B14\" src=\"http:\/\/bakh.de\/wdp\/wp-content\/uploads\/2012\/04\/B_14_number.svg_.png\" alt=\"\" width=\"130\" height=\"78\" \/><\/a> Trotz der Unterst\u00fctzung durch OB Andreas Hesky wurde unsere Forderung f\u00fcr eine Geschwindigkeitsbeschr\u00e4nkung auf der B 14 vom Ministerium f\u00fcr Verkehr und Infrastruktur zur\u00fcckgewiesen.<!--more--><\/p>\n<p>Wie Staatssekret\u00e4rin Gisela Splett MdL schreibt, h\u00e4tten L\u00e4rmberechnungen auf Grund der Verkehrszahlen der B 14 von 2011 ergeben, dass die L\u00e4rmwerte f\u00fcr der Bereich Korber H\u00f6he in Waiblingen an allen Geb\u00e4uden deutlich unter den Richtwerten der L\u00e4rmschutz-Richtlinien f\u00fcr den Stra\u00dfenverkehr liegen w\u00fcrden, sowohl tags als auch nachts. Eine verkehrsrechtliche Beschr\u00e4nkung der Geschwindigkeit auf der B 14 aus L\u00e4rmschutz-gr\u00fcnden k\u00e4me \u00a0somit nicht in Betracht.<\/p>\n<p>Diese Antwort ist \u00e4u\u00dferst unbefriedigend und wird der st\u00e4ndigen L\u00e4rmbelastung unseres Wohngebietes durch die B 14 nicht gerecht. L\u00e4rm bedeutet f\u00fcr den K\u00f6rper Stress und kann zu gesundheitlichen Sch\u00e4den und Beeintr\u00e4chtigungen f\u00fchren. Die Korber H\u00f6he ist durch die B 14 einer hohen L\u00e4rmbelastung ausgesetzt. Aus nord\u00f6stlicher Richtung kommt der Verkehrsl\u00e4rm ungehindert auf das Wohngebiet Korber H\u00f6he zu. N\u00f6rdlich der Ausfahrt Korb, auf H\u00f6he des Wohngebietes Schaltenberg in Korb gibt es keinerlei L\u00e4rmschutzma\u00dfnahmen. Auch sonst sind die bestehenden L\u00e4rmschutzma\u00dfnahmen nicht ausreichend. Es gibt nur im s\u00fcdlichen Bereich eine niedrige, l\u00fcckenhafte L\u00e4rmschutzwand.<\/p>\n<p>Besonders \u00e4rgerlich ist die unterschiedliche Geschwindigkeitsbeschr\u00e4nkung je nach Fahrtrichtung. Von Winnenden kommend besteht ab der Ausfahrt Korb momentan eine Tempobeschr\u00e4nkung auf 100 km\/h. In der anderen Richtung sind 120 km\/h erlaubt. Diese Erh\u00f6hung kurz nach der Ausfahrt Waiblingen, auf einer, auf H\u00f6he des Wohngebiets Korber H\u00f6he ansteigende Strecke, ist nicht nachvollziehbar. Es ist nicht einsichtig, warum in der einen Richtung Tempo 100 und in der anderen 120 gilt, und das auch noch auf der H\u00f6he einer Ausfahrt.<\/p>\n<p>Wir wollen diesen letzten Punkt aufgreifen, um zumindest eine Beschr\u00e4nkung auf 100 km\/h in beiden Richtungen zu erreichen.<\/p>\n","protected":false},"excerpt":{"rendered":"<p>Trotz der Unterst\u00fctzung durch OB Andreas Hesky wurde unsere Forderung f\u00fcr eine Geschwindigkeitsbeschr\u00e4nkung auf der B 14 vom Ministerium f\u00fcr Verkehr und Infrastruktur zur\u00fcckgewiesen.<\/p>\n","protected":false},"author":3,"featured_media":0,"comment_status":"closed","ping_status":"closed","sticky":false,"template":"","format":"standard","meta":{"ngg_post_thumbnail":0,"footnotes":""},"categories":[8],"tags":[],"class_list":["post-474","post","type-post","status-publish","format-standard","hentry","category-larmbelastung-b14"],"yoast_head":"<!-- This site is optimized with the Yoast SEO plugin v27.5 - https:\/\/yoast.com\/product\/yoast-seo-wordpress\/ -->\n<title>L\u00e4rmschutzma\u00dfnahmen auf der B 14 vom Ministerium abgelehnt - B\u00fcrgeraktion Korber H\u00f6he e. V.<\/title>\n<meta name=\"robots\" content=\"index, follow, max-snippet:-1, max-image-preview:large, max-video-preview:-1\" \/>\n<link rel=\"canonical\" href=\"https:\/\/bakh.de\/wdp\/larmschutzmasnahmen-vom-ministerium-abegelehnt\/\" \/>\n<meta property=\"og:locale\" content=\"de_DE\" \/>\n<meta property=\"og:type\" content=\"article\" \/>\n<meta property=\"og:title\" content=\"L\u00e4rmschutzma\u00dfnahmen auf der B 14 vom Ministerium abgelehnt - B\u00fcrgeraktion Korber H\u00f6he e. V.\" \/>\n<meta property=\"og:description\" content=\"Trotz der Unterst\u00fctzung durch OB Andreas Hesky wurde unsere Forderung f\u00fcr eine Geschwindigkeitsbeschr\u00e4nkung auf der B 14 vom Ministerium f\u00fcr Verkehr und Infrastruktur zur\u00fcckgewiesen.\" \/>\n<meta property=\"og:url\" content=\"https:\/\/bakh.de\/wdp\/larmschutzmasnahmen-vom-ministerium-abegelehnt\/\" \/>\n<meta property=\"og:site_name\" content=\"B\u00fcrgeraktion Korber H\u00f6he e. V.\" \/>\n<meta property=\"article:published_time\" content=\"2012-04-01T18:55:51+00:00\" \/>\n<meta property=\"article:modified_time\" content=\"2012-04-06T19:15:21+00:00\" \/>\n<meta property=\"og:image\" content=\"http:\/\/bakh.de\/wdp\/wp-content\/uploads\/2012\/04\/B_14_number.svg_.png\" \/>\n<meta name=\"author\" content=\"Uli\" \/>\n<meta name=\"twitter:card\" content=\"summary_large_image\" \/>\n<meta name=\"twitter:label1\" content=\"Verfasst von\" \/>\n\t<meta name=\"twitter:data1\" content=\"Uli\" \/>\n\t<meta name=\"twitter:label2\" content=\"Gesch\u00e4tzte Lesezeit\" \/>\n\t<meta name=\"twitter:data2\" content=\"2\u00a0Minuten\" \/>\n<script type=\"application\/ld+json\" class=\"yoast-schema-graph\">{\"@context\":\"https:\\\/\\\/schema.org\",\"@graph\":[{\"@type\":\"Article\",\"@id\":\"https:\\\/\\\/bakh.de\\\/wdp\\\/larmschutzmasnahmen-vom-ministerium-abegelehnt\\\/#article\",\"isPartOf\":{\"@id\":\"https:\\\/\\\/bakh.de\\\/wdp\\\/larmschutzmasnahmen-vom-ministerium-abegelehnt\\\/\"},\"author\":{\"name\":\"Uli\",\"@id\":\"https:\\\/\\\/bakh.de\\\/wdp\\\/#\\\/schema\\\/person\\\/75a1e296c1c53d3fbbc0a3c6104f6370\"},\"headline\":\"L\u00e4rmschutzma\u00dfnahmen auf der B 14 vom Ministerium abgelehnt\",\"datePublished\":\"2012-04-01T18:55:51+00:00\",\"dateModified\":\"2012-04-06T19:15:21+00:00\",\"mainEntityOfPage\":{\"@id\":\"https:\\\/\\\/bakh.de\\\/wdp\\\/larmschutzmasnahmen-vom-ministerium-abegelehnt\\\/\"},\"wordCount\":323,\"publisher\":{\"@id\":\"https:\\\/\\\/bakh.de\\\/wdp\\\/#organization\"},\"image\":{\"@id\":\"https:\\\/\\\/bakh.de\\\/wdp\\\/larmschutzmasnahmen-vom-ministerium-abegelehnt\\\/#primaryimage\"},\"thumbnailUrl\":\"http:\\\/\\\/bakh.de\\\/wdp\\\/wp-content\\\/uploads\\\/2012\\\/04\\\/B_14_number.svg_.png\",\"articleSection\":[\"L\u00e4rmbelastung B14\"],\"inLanguage\":\"de\"},{\"@type\":\"WebPage\",\"@id\":\"https:\\\/\\\/bakh.de\\\/wdp\\\/larmschutzmasnahmen-vom-ministerium-abegelehnt\\\/\",\"url\":\"https:\\\/\\\/bakh.de\\\/wdp\\\/larmschutzmasnahmen-vom-ministerium-abegelehnt\\\/\",\"name\":\"L\u00e4rmschutzma\u00dfnahmen auf der B 14 vom Ministerium abgelehnt - B\u00fcrgeraktion Korber H\u00f6he e. V.\",\"isPartOf\":{\"@id\":\"https:\\\/\\\/bakh.de\\\/wdp\\\/#website\"},\"primaryImageOfPage\":{\"@id\":\"https:\\\/\\\/bakh.de\\\/wdp\\\/larmschutzmasnahmen-vom-ministerium-abegelehnt\\\/#primaryimage\"},\"image\":{\"@id\":\"https:\\\/\\\/bakh.de\\\/wdp\\\/larmschutzmasnahmen-vom-ministerium-abegelehnt\\\/#primaryimage\"},\"thumbnailUrl\":\"http:\\\/\\\/bakh.de\\\/wdp\\\/wp-content\\\/uploads\\\/2012\\\/04\\\/B_14_number.svg_.png\",\"datePublished\":\"2012-04-01T18:55:51+00:00\",\"dateModified\":\"2012-04-06T19:15:21+00:00\",\"breadcrumb\":{\"@id\":\"https:\\\/\\\/bakh.de\\\/wdp\\\/larmschutzmasnahmen-vom-ministerium-abegelehnt\\\/#breadcrumb\"},\"inLanguage\":\"de\",\"potentialAction\":[{\"@type\":\"ReadAction\",\"target\":[\"https:\\\/\\\/bakh.de\\\/wdp\\\/larmschutzmasnahmen-vom-ministerium-abegelehnt\\\/\"]}]},{\"@type\":\"ImageObject\",\"inLanguage\":\"de\",\"@id\":\"https:\\\/\\\/bakh.de\\\/wdp\\\/larmschutzmasnahmen-vom-ministerium-abegelehnt\\\/#primaryimage\",\"url\":\"https:\\\/\\\/bakh.de\\\/wdp\\\/wp-content\\\/uploads\\\/2012\\\/04\\\/B_14_number.svg_.png\",\"contentUrl\":\"https:\\\/\\\/bakh.de\\\/wdp\\\/wp-content\\\/uploads\\\/2012\\\/04\\\/B_14_number.svg_.png\",\"width\":\"130\",\"height\":\"78\"},{\"@type\":\"BreadcrumbList\",\"@id\":\"https:\\\/\\\/bakh.de\\\/wdp\\\/larmschutzmasnahmen-vom-ministerium-abegelehnt\\\/#breadcrumb\",\"itemListElement\":[{\"@type\":\"ListItem\",\"position\":1,\"name\":\"Startseite\",\"item\":\"https:\\\/\\\/bakh.de\\\/wdp\\\/\"},{\"@type\":\"ListItem\",\"position\":2,\"name\":\"L\u00e4rmschutzma\u00dfnahmen auf der B 14 vom Ministerium abgelehnt\"}]},{\"@type\":\"WebSite\",\"@id\":\"https:\\\/\\\/bakh.de\\\/wdp\\\/#website\",\"url\":\"https:\\\/\\\/bakh.de\\\/wdp\\\/\",\"name\":\"B\u00fcrgeraktion Korber H\u00f6he e. V.\",\"description\":\"\",\"publisher\":{\"@id\":\"https:\\\/\\\/bakh.de\\\/wdp\\\/#organization\"},\"potentialAction\":[{\"@type\":\"SearchAction\",\"target\":{\"@type\":\"EntryPoint\",\"urlTemplate\":\"https:\\\/\\\/bakh.de\\\/wdp\\\/?s={search_term_string}\"},\"query-input\":{\"@type\":\"PropertyValueSpecification\",\"valueRequired\":true,\"valueName\":\"search_term_string\"}}],\"inLanguage\":\"de\"},{\"@type\":\"Organization\",\"@id\":\"https:\\\/\\\/bakh.de\\\/wdp\\\/#organization\",\"name\":\"B\u00fcrgeraktion Korber H\u00f6he e. V.\",\"url\":\"https:\\\/\\\/bakh.de\\\/wdp\\\/\",\"logo\":{\"@type\":\"ImageObject\",\"inLanguage\":\"de\",\"@id\":\"https:\\\/\\\/bakh.de\\\/wdp\\\/#\\\/schema\\\/logo\\\/image\\\/\",\"url\":\"https:\\\/\\\/bakh.de\\\/wdp\\\/wp-content\\\/uploads\\\/2025\\\/11\\\/BAKH_Logo_4c_512.jpg\",\"contentUrl\":\"https:\\\/\\\/bakh.de\\\/wdp\\\/wp-content\\\/uploads\\\/2025\\\/11\\\/BAKH_Logo_4c_512.jpg\",\"width\":516,\"height\":518,\"caption\":\"B\u00fcrgeraktion Korber H\u00f6he e. V.\"},\"image\":{\"@id\":\"https:\\\/\\\/bakh.de\\\/wdp\\\/#\\\/schema\\\/logo\\\/image\\\/\"}},{\"@type\":\"Person\",\"@id\":\"https:\\\/\\\/bakh.de\\\/wdp\\\/#\\\/schema\\\/person\\\/75a1e296c1c53d3fbbc0a3c6104f6370\",\"name\":\"Uli\",\"image\":{\"@type\":\"ImageObject\",\"inLanguage\":\"de\",\"@id\":\"https:\\\/\\\/secure.gravatar.com\\\/avatar\\\/3b55f09e3908cc7190694de428627f99ad7fb1fd6ca4aa1f5a2c94110a7a2967?s=96&d=mm&r=g\",\"url\":\"https:\\\/\\\/secure.gravatar.com\\\/avatar\\\/3b55f09e3908cc7190694de428627f99ad7fb1fd6ca4aa1f5a2c94110a7a2967?s=96&d=mm&r=g\",\"contentUrl\":\"https:\\\/\\\/secure.gravatar.com\\\/avatar\\\/3b55f09e3908cc7190694de428627f99ad7fb1fd6ca4aa1f5a2c94110a7a2967?s=96&d=mm&r=g\",\"caption\":\"Uli\"},\"url\":\"https:\\\/\\\/bakh.de\\\/wdp\\\/author\\\/uli\\\/\"}]}<\/script>\n<!-- \/ Yoast SEO plugin. -->","yoast_head_json":{"title":"L\u00e4rmschutzma\u00dfnahmen auf der B 14 vom Ministerium abgelehnt - B\u00fcrgeraktion Korber H\u00f6he e. V.","robots":{"index":"index","follow":"follow","max-snippet":"max-snippet:-1","max-image-preview":"max-image-preview:large","max-video-preview":"max-video-preview:-1"},"canonical":"https:\/\/bakh.de\/wdp\/larmschutzmasnahmen-vom-ministerium-abegelehnt\/","og_locale":"de_DE","og_type":"article","og_title":"L\u00e4rmschutzma\u00dfnahmen auf der B 14 vom Ministerium abgelehnt - B\u00fcrgeraktion Korber H\u00f6he e. V.","og_description":"Trotz der Unterst\u00fctzung durch OB Andreas Hesky wurde unsere Forderung f\u00fcr eine Geschwindigkeitsbeschr\u00e4nkung auf der B 14 vom Ministerium f\u00fcr Verkehr und Infrastruktur zur\u00fcckgewiesen.","og_url":"https:\/\/bakh.de\/wdp\/larmschutzmasnahmen-vom-ministerium-abegelehnt\/","og_site_name":"B\u00fcrgeraktion Korber H\u00f6he e. V.","article_published_time":"2012-04-01T18:55:51+00:00","article_modified_time":"2012-04-06T19:15:21+00:00","og_image":[{"url":"http:\/\/bakh.de\/wdp\/wp-content\/uploads\/2012\/04\/B_14_number.svg_.png","type":"","width":"","height":""}],"author":"Uli","twitter_card":"summary_large_image","twitter_misc":{"Verfasst von":"Uli","Gesch\u00e4tzte Lesezeit":"2\u00a0Minuten"},"schema":{"@context":"https:\/\/schema.org","@graph":[{"@type":"Article","@id":"https:\/\/bakh.de\/wdp\/larmschutzmasnahmen-vom-ministerium-abegelehnt\/#article","isPartOf":{"@id":"https:\/\/bakh.de\/wdp\/larmschutzmasnahmen-vom-ministerium-abegelehnt\/"},"author":{"name":"Uli","@id":"https:\/\/bakh.de\/wdp\/#\/schema\/person\/75a1e296c1c53d3fbbc0a3c6104f6370"},"headline":"L\u00e4rmschutzma\u00dfnahmen auf der B 14 vom Ministerium abgelehnt","datePublished":"2012-04-01T18:55:51+00:00","dateModified":"2012-04-06T19:15:21+00:00","mainEntityOfPage":{"@id":"https:\/\/bakh.de\/wdp\/larmschutzmasnahmen-vom-ministerium-abegelehnt\/"},"wordCount":323,"publisher":{"@id":"https:\/\/bakh.de\/wdp\/#organization"},"image":{"@id":"https:\/\/bakh.de\/wdp\/larmschutzmasnahmen-vom-ministerium-abegelehnt\/#primaryimage"},"thumbnailUrl":"http:\/\/bakh.de\/wdp\/wp-content\/uploads\/2012\/04\/B_14_number.svg_.png","articleSection":["L\u00e4rmbelastung B14"],"inLanguage":"de"},{"@type":"WebPage","@id":"https:\/\/bakh.de\/wdp\/larmschutzmasnahmen-vom-ministerium-abegelehnt\/","url":"https:\/\/bakh.de\/wdp\/larmschutzmasnahmen-vom-ministerium-abegelehnt\/","name":"L\u00e4rmschutzma\u00dfnahmen auf der B 14 vom Ministerium abgelehnt - B\u00fcrgeraktion Korber H\u00f6he e. V.","isPartOf":{"@id":"https:\/\/bakh.de\/wdp\/#website"},"primaryImageOfPage":{"@id":"https:\/\/bakh.de\/wdp\/larmschutzmasnahmen-vom-ministerium-abegelehnt\/#primaryimage"},"image":{"@id":"https:\/\/bakh.de\/wdp\/larmschutzmasnahmen-vom-ministerium-abegelehnt\/#primaryimage"},"thumbnailUrl":"http:\/\/bakh.de\/wdp\/wp-content\/uploads\/2012\/04\/B_14_number.svg_.png","datePublished":"2012-04-01T18:55:51+00:00","dateModified":"2012-04-06T19:15:21+00:00","breadcrumb":{"@id":"https:\/\/bakh.de\/wdp\/larmschutzmasnahmen-vom-ministerium-abegelehnt\/#breadcrumb"},"inLanguage":"de","potentialAction":[{"@type":"ReadAction","target":["https:\/\/bakh.de\/wdp\/larmschutzmasnahmen-vom-ministerium-abegelehnt\/"]}]},{"@type":"ImageObject","inLanguage":"de","@id":"https:\/\/bakh.de\/wdp\/larmschutzmasnahmen-vom-ministerium-abegelehnt\/#primaryimage","url":"https:\/\/bakh.de\/wdp\/wp-content\/uploads\/2012\/04\/B_14_number.svg_.png","contentUrl":"https:\/\/bakh.de\/wdp\/wp-content\/uploads\/2012\/04\/B_14_number.svg_.png","width":"130","height":"78"},{"@type":"BreadcrumbList","@id":"https:\/\/bakh.de\/wdp\/larmschutzmasnahmen-vom-ministerium-abegelehnt\/#breadcrumb","itemListElement":[{"@type":"ListItem","position":1,"name":"Startseite","item":"https:\/\/bakh.de\/wdp\/"},{"@type":"ListItem","position":2,"name":"L\u00e4rmschutzma\u00dfnahmen auf der B 14 vom Ministerium abgelehnt"}]},{"@type":"WebSite","@id":"https:\/\/bakh.de\/wdp\/#website","url":"https:\/\/bakh.de\/wdp\/","name":"B\u00fcrgeraktion Korber H\u00f6he e. V.","description":"","publisher":{"@id":"https:\/\/bakh.de\/wdp\/#organization"},"potentialAction":[{"@type":"SearchAction","target":{"@type":"EntryPoint","urlTemplate":"https:\/\/bakh.de\/wdp\/?s={search_term_string}"},"query-input":{"@type":"PropertyValueSpecification","valueRequired":true,"valueName":"search_term_string"}}],"inLanguage":"de"},{"@type":"Organization","@id":"https:\/\/bakh.de\/wdp\/#organization","name":"B\u00fcrgeraktion Korber H\u00f6he e. V.","url":"https:\/\/bakh.de\/wdp\/","logo":{"@type":"ImageObject","inLanguage":"de","@id":"https:\/\/bakh.de\/wdp\/#\/schema\/logo\/image\/","url":"https:\/\/bakh.de\/wdp\/wp-content\/uploads\/2025\/11\/BAKH_Logo_4c_512.jpg","contentUrl":"https:\/\/bakh.de\/wdp\/wp-content\/uploads\/2025\/11\/BAKH_Logo_4c_512.jpg","width":516,"height":518,"caption":"B\u00fcrgeraktion Korber H\u00f6he e. V."},"image":{"@id":"https:\/\/bakh.de\/wdp\/#\/schema\/logo\/image\/"}},{"@type":"Person","@id":"https:\/\/bakh.de\/wdp\/#\/schema\/person\/75a1e296c1c53d3fbbc0a3c6104f6370","name":"Uli","image":{"@type":"ImageObject","inLanguage":"de","@id":"https:\/\/secure.gravatar.com\/avatar\/3b55f09e3908cc7190694de428627f99ad7fb1fd6ca4aa1f5a2c94110a7a2967?s=96&d=mm&r=g","url":"https:\/\/secure.gravatar.com\/avatar\/3b55f09e3908cc7190694de428627f99ad7fb1fd6ca4aa1f5a2c94110a7a2967?s=96&d=mm&r=g","contentUrl":"https:\/\/secure.gravatar.com\/avatar\/3b55f09e3908cc7190694de428627f99ad7fb1fd6ca4aa1f5a2c94110a7a2967?s=96&d=mm&r=g","caption":"Uli"},"url":"https:\/\/bakh.de\/wdp\/author\/uli\/"}]}},"_links":{"self":[{"href":"https:\/\/bakh.de\/wdp\/wp-json\/wp\/v2\/posts\/474","targetHints":{"allow":["GET"]}}],"collection":[{"href":"https:\/\/bakh.de\/wdp\/wp-json\/wp\/v2\/posts"}],"about":[{"href":"https:\/\/bakh.de\/wdp\/wp-json\/wp\/v2\/types\/post"}],"author":[{"embeddable":true,"href":"https:\/\/bakh.de\/wdp\/wp-json\/wp\/v2\/users\/3"}],"replies":[{"embeddable":true,"href":"https:\/\/bakh.de\/wdp\/wp-json\/wp\/v2\/comments?post=474"}],"version-history":[{"count":11,"href":"https:\/\/bakh.de\/wdp\/wp-json\/wp\/v2\/posts\/474\/revisions"}],"predecessor-version":[{"id":484,"href":"https:\/\/bakh.de\/wdp\/wp-json\/wp\/v2\/posts\/474\/revisions\/484"}],"wp:attachment":[{"href":"https:\/\/bakh.de\/wdp\/wp-json\/wp\/v2\/media?parent=474"}],"wp:term":[{"taxonomy":"category","embeddable":true,"href":"https:\/\/bakh.de\/wdp\/wp-json\/wp\/v2\/categories?post=474"},{"taxonomy":"post_tag","embeddable":true,"href":"https:\/\/bakh.de\/wdp\/wp-json\/wp\/v2\/tags?post=474"}],"curies":[{"name":"wp","href":"https:\/\/api.w.org\/{rel}","templated":true}]}}