{"id":4451,"date":"2019-03-24T15:21:24","date_gmt":"2019-03-24T14:21:24","guid":{"rendered":"http:\/\/bakh.de\/wdp\/?p=4451"},"modified":"2020-09-19T14:27:23","modified_gmt":"2020-09-19T12:27:23","slug":"versorgung-und-mobilitaet","status":"publish","type":"post","link":"https:\/\/bakh.de\/wdp\/versorgung-und-mobilitaet\/","title":{"rendered":"Versorgung und Mobilit\u00e4t"},"content":{"rendered":"\n<div class=\"wp-block-media-text alignwide is-image-fill\"><figure class=\"wp-block-media-text__media\" style=\"background-image:url(http:\/\/bakh.de\/wdp\/wp-content\/uploads\/2019\/03\/P1010406a_k.jpg);background-position:50% 50%\"><img loading=\"lazy\" decoding=\"async\" width=\"800\" height=\"599\" src=\"http:\/\/bakh.de\/wdp\/wp-content\/uploads\/2019\/03\/P1010406a_k.jpg\" alt=\"\" class=\"wp-image-4452\" srcset=\"https:\/\/bakh.de\/wdp\/wp-content\/uploads\/2019\/03\/P1010406a_k.jpg 800w, https:\/\/bakh.de\/wdp\/wp-content\/uploads\/2019\/03\/P1010406a_k-300x225.jpg 300w, https:\/\/bakh.de\/wdp\/wp-content\/uploads\/2019\/03\/P1010406a_k-768x575.jpg 768w\" sizes=\"auto, (max-width: 800px) 100vw, 800px\" \/><\/figure><div class=\"wp-block-media-text__content\">\n<p>In dieser Arbeitsgruppe war ein gr\u00f6\u00dferes, zentrales Forum Nord sowie die Neubelebung des Mikrozentrums ein wichtiges Thema.<\/p>\n<\/div><\/div>\n\n\n\n<!--more-->\n\n\n\n<p>Au\u00dferdem:<\/p>\n\n\n\n<ul class=\"wp-block-list\"><li>Halbstundentakt der Buslinie 207 am Wochenende und in Abendstunden <\/li><li> bessere Busanbindung der s\u00fcdlichen Korber H\u00f6he (Salierstra\u00dfe bis runter zur Korber Stra\u00dfe) am Wochenende und in den Abendstunden<\/li><li> bessere Verbindung zum Krankenhaus in Winnenden <\/li><li> F\u00f6rderung der Jugendfarm auf dem Finkenberg <\/li><li> Aufwertung des Mikrozentrums durch eine bessere und sch\u00f6nere Gestaltung des Platzes um den ehemaligen Brunnen <\/li><\/ul>\n\n\n\n<figure class=\"wp-block-image is-resized\"><img loading=\"lazy\" decoding=\"async\" src=\"http:\/\/bakh.de\/wdp\/wp-content\/uploads\/2019\/03\/P1010414_k.jpg\" alt=\"\" class=\"wp-image-4457\" width=\"400\" height=\"300\" srcset=\"https:\/\/bakh.de\/wdp\/wp-content\/uploads\/2019\/03\/P1010414_k.jpg 800w, https:\/\/bakh.de\/wdp\/wp-content\/uploads\/2019\/03\/P1010414_k-300x225.jpg 300w, https:\/\/bakh.de\/wdp\/wp-content\/uploads\/2019\/03\/P1010414_k-768x576.jpg 768w\" sizes=\"auto, (max-width: 400px) 100vw, 400px\" \/><\/figure>\n\n\n\n<p>Gelobt wurde die Versorgung mit Apotheke, \u00c4rzten, Physiotherapeut und der Postfiliale. Beanstandet wurden Stolperfallen auf Gehwegen, mangelnde Behindertenparkpl\u00e4tze, vermisst werden eine Infomationstafel, eine \u00f6ffentliche Toilette und mehr Pflanzen<\/p>\n","protected":false},"excerpt":{"rendered":"<p>In dieser Arbeitsgruppe war ein gr\u00f6\u00dferes, zentrales Forum Nord sowie die Neubelebung des Mikrozentrums ein wichtiges Thema.<\/p>\n","protected":false},"author":3,"featured_media":0,"comment_status":"closed","ping_status":"closed","sticky":false,"template":"","format":"standard","meta":{"ngg_post_thumbnail":0,"footnotes":""},"categories":[22],"tags":[],"class_list":["post-4451","post","type-post","status-publish","format-standard","hentry","category-quartier-2020-2030"],"yoast_head":"<!-- This site is optimized with the Yoast SEO plugin v27.5 - https:\/\/yoast.com\/product\/yoast-seo-wordpress\/ -->\n<title>Versorgung und Mobilit\u00e4t - B\u00fcrgeraktion Korber H\u00f6he e. V.<\/title>\n<meta name=\"robots\" content=\"index, follow, max-snippet:-1, max-image-preview:large, max-video-preview:-1\" \/>\n<link rel=\"canonical\" href=\"https:\/\/bakh.de\/wdp\/versorgung-und-mobilitaet\/\" \/>\n<meta property=\"og:locale\" content=\"de_DE\" \/>\n<meta property=\"og:type\" content=\"article\" \/>\n<meta property=\"og:title\" content=\"Versorgung und Mobilit\u00e4t - B\u00fcrgeraktion Korber H\u00f6he e. V.\" \/>\n<meta property=\"og:description\" content=\"In dieser Arbeitsgruppe war ein gr\u00f6\u00dferes, zentrales Forum Nord sowie die Neubelebung des Mikrozentrums ein wichtiges Thema.\" \/>\n<meta property=\"og:url\" content=\"https:\/\/bakh.de\/wdp\/versorgung-und-mobilitaet\/\" \/>\n<meta property=\"og:site_name\" content=\"B\u00fcrgeraktion Korber H\u00f6he e. V.\" \/>\n<meta property=\"article:published_time\" content=\"2019-03-24T14:21:24+00:00\" \/>\n<meta property=\"article:modified_time\" content=\"2020-09-19T12:27:23+00:00\" \/>\n<meta property=\"og:image\" content=\"http:\/\/bakh.de\/wdp\/wp-content\/uploads\/2019\/03\/P1010406a_k.jpg\" \/>\n<meta name=\"author\" content=\"Uli\" \/>\n<meta name=\"twitter:card\" content=\"summary_large_image\" \/>\n<meta name=\"twitter:label1\" content=\"Verfasst von\" \/>\n\t<meta name=\"twitter:data1\" content=\"Uli\" \/>\n\t<meta name=\"twitter:label2\" content=\"Gesch\u00e4tzte Lesezeit\" \/>\n\t<meta name=\"twitter:data2\" content=\"1\u00a0Minute\" \/>\n<script type=\"application\/ld+json\" class=\"yoast-schema-graph\">{\"@context\":\"https:\\\/\\\/schema.org\",\"@graph\":[{\"@type\":\"Article\",\"@id\":\"https:\\\/\\\/bakh.de\\\/wdp\\\/versorgung-und-mobilitaet\\\/#article\",\"isPartOf\":{\"@id\":\"https:\\\/\\\/bakh.de\\\/wdp\\\/versorgung-und-mobilitaet\\\/\"},\"author\":{\"name\":\"Uli\",\"@id\":\"https:\\\/\\\/bakh.de\\\/wdp\\\/#\\\/schema\\\/person\\\/75a1e296c1c53d3fbbc0a3c6104f6370\"},\"headline\":\"Versorgung und Mobilit\u00e4t\",\"datePublished\":\"2019-03-24T14:21:24+00:00\",\"dateModified\":\"2020-09-19T12:27:23+00:00\",\"mainEntityOfPage\":{\"@id\":\"https:\\\/\\\/bakh.de\\\/wdp\\\/versorgung-und-mobilitaet\\\/\"},\"wordCount\":112,\"publisher\":{\"@id\":\"https:\\\/\\\/bakh.de\\\/wdp\\\/#organization\"},\"image\":{\"@id\":\"https:\\\/\\\/bakh.de\\\/wdp\\\/versorgung-und-mobilitaet\\\/#primaryimage\"},\"thumbnailUrl\":\"http:\\\/\\\/bakh.de\\\/wdp\\\/wp-content\\\/uploads\\\/2019\\\/03\\\/P1010406a_k.jpg\",\"articleSection\":[\"Quartier 2020\\\/2030\"],\"inLanguage\":\"de\"},{\"@type\":\"WebPage\",\"@id\":\"https:\\\/\\\/bakh.de\\\/wdp\\\/versorgung-und-mobilitaet\\\/\",\"url\":\"https:\\\/\\\/bakh.de\\\/wdp\\\/versorgung-und-mobilitaet\\\/\",\"name\":\"Versorgung und Mobilit\u00e4t - B\u00fcrgeraktion Korber H\u00f6he e. V.\",\"isPartOf\":{\"@id\":\"https:\\\/\\\/bakh.de\\\/wdp\\\/#website\"},\"primaryImageOfPage\":{\"@id\":\"https:\\\/\\\/bakh.de\\\/wdp\\\/versorgung-und-mobilitaet\\\/#primaryimage\"},\"image\":{\"@id\":\"https:\\\/\\\/bakh.de\\\/wdp\\\/versorgung-und-mobilitaet\\\/#primaryimage\"},\"thumbnailUrl\":\"http:\\\/\\\/bakh.de\\\/wdp\\\/wp-content\\\/uploads\\\/2019\\\/03\\\/P1010406a_k.jpg\",\"datePublished\":\"2019-03-24T14:21:24+00:00\",\"dateModified\":\"2020-09-19T12:27:23+00:00\",\"breadcrumb\":{\"@id\":\"https:\\\/\\\/bakh.de\\\/wdp\\\/versorgung-und-mobilitaet\\\/#breadcrumb\"},\"inLanguage\":\"de\",\"potentialAction\":[{\"@type\":\"ReadAction\",\"target\":[\"https:\\\/\\\/bakh.de\\\/wdp\\\/versorgung-und-mobilitaet\\\/\"]}]},{\"@type\":\"ImageObject\",\"inLanguage\":\"de\",\"@id\":\"https:\\\/\\\/bakh.de\\\/wdp\\\/versorgung-und-mobilitaet\\\/#primaryimage\",\"url\":\"https:\\\/\\\/bakh.de\\\/wdp\\\/wp-content\\\/uploads\\\/2019\\\/03\\\/P1010406a_k.jpg\",\"contentUrl\":\"https:\\\/\\\/bakh.de\\\/wdp\\\/wp-content\\\/uploads\\\/2019\\\/03\\\/P1010406a_k.jpg\",\"width\":800,\"height\":599},{\"@type\":\"BreadcrumbList\",\"@id\":\"https:\\\/\\\/bakh.de\\\/wdp\\\/versorgung-und-mobilitaet\\\/#breadcrumb\",\"itemListElement\":[{\"@type\":\"ListItem\",\"position\":1,\"name\":\"Startseite\",\"item\":\"https:\\\/\\\/bakh.de\\\/wdp\\\/\"},{\"@type\":\"ListItem\",\"position\":2,\"name\":\"Versorgung und Mobilit\u00e4t\"}]},{\"@type\":\"WebSite\",\"@id\":\"https:\\\/\\\/bakh.de\\\/wdp\\\/#website\",\"url\":\"https:\\\/\\\/bakh.de\\\/wdp\\\/\",\"name\":\"B\u00fcrgeraktion Korber H\u00f6he e. V.\",\"description\":\"\",\"publisher\":{\"@id\":\"https:\\\/\\\/bakh.de\\\/wdp\\\/#organization\"},\"potentialAction\":[{\"@type\":\"SearchAction\",\"target\":{\"@type\":\"EntryPoint\",\"urlTemplate\":\"https:\\\/\\\/bakh.de\\\/wdp\\\/?s={search_term_string}\"},\"query-input\":{\"@type\":\"PropertyValueSpecification\",\"valueRequired\":true,\"valueName\":\"search_term_string\"}}],\"inLanguage\":\"de\"},{\"@type\":\"Organization\",\"@id\":\"https:\\\/\\\/bakh.de\\\/wdp\\\/#organization\",\"name\":\"B\u00fcrgeraktion Korber H\u00f6he e. V.\",\"url\":\"https:\\\/\\\/bakh.de\\\/wdp\\\/\",\"logo\":{\"@type\":\"ImageObject\",\"inLanguage\":\"de\",\"@id\":\"https:\\\/\\\/bakh.de\\\/wdp\\\/#\\\/schema\\\/logo\\\/image\\\/\",\"url\":\"https:\\\/\\\/bakh.de\\\/wdp\\\/wp-content\\\/uploads\\\/2025\\\/11\\\/BAKH_Logo_4c_512.jpg\",\"contentUrl\":\"https:\\\/\\\/bakh.de\\\/wdp\\\/wp-content\\\/uploads\\\/2025\\\/11\\\/BAKH_Logo_4c_512.jpg\",\"width\":516,\"height\":518,\"caption\":\"B\u00fcrgeraktion Korber H\u00f6he e. V.\"},\"image\":{\"@id\":\"https:\\\/\\\/bakh.de\\\/wdp\\\/#\\\/schema\\\/logo\\\/image\\\/\"}},{\"@type\":\"Person\",\"@id\":\"https:\\\/\\\/bakh.de\\\/wdp\\\/#\\\/schema\\\/person\\\/75a1e296c1c53d3fbbc0a3c6104f6370\",\"name\":\"Uli\",\"image\":{\"@type\":\"ImageObject\",\"inLanguage\":\"de\",\"@id\":\"https:\\\/\\\/secure.gravatar.com\\\/avatar\\\/3b55f09e3908cc7190694de428627f99ad7fb1fd6ca4aa1f5a2c94110a7a2967?s=96&d=mm&r=g\",\"url\":\"https:\\\/\\\/secure.gravatar.com\\\/avatar\\\/3b55f09e3908cc7190694de428627f99ad7fb1fd6ca4aa1f5a2c94110a7a2967?s=96&d=mm&r=g\",\"contentUrl\":\"https:\\\/\\\/secure.gravatar.com\\\/avatar\\\/3b55f09e3908cc7190694de428627f99ad7fb1fd6ca4aa1f5a2c94110a7a2967?s=96&d=mm&r=g\",\"caption\":\"Uli\"},\"url\":\"https:\\\/\\\/bakh.de\\\/wdp\\\/author\\\/uli\\\/\"}]}<\/script>\n<!-- \/ Yoast SEO plugin. -->","yoast_head_json":{"title":"Versorgung und Mobilit\u00e4t - B\u00fcrgeraktion Korber H\u00f6he e. V.","robots":{"index":"index","follow":"follow","max-snippet":"max-snippet:-1","max-image-preview":"max-image-preview:large","max-video-preview":"max-video-preview:-1"},"canonical":"https:\/\/bakh.de\/wdp\/versorgung-und-mobilitaet\/","og_locale":"de_DE","og_type":"article","og_title":"Versorgung und Mobilit\u00e4t - B\u00fcrgeraktion Korber H\u00f6he e. V.","og_description":"In dieser Arbeitsgruppe war ein gr\u00f6\u00dferes, zentrales Forum Nord sowie die Neubelebung des Mikrozentrums ein wichtiges Thema.","og_url":"https:\/\/bakh.de\/wdp\/versorgung-und-mobilitaet\/","og_site_name":"B\u00fcrgeraktion Korber H\u00f6he e. V.","article_published_time":"2019-03-24T14:21:24+00:00","article_modified_time":"2020-09-19T12:27:23+00:00","og_image":[{"url":"http:\/\/bakh.de\/wdp\/wp-content\/uploads\/2019\/03\/P1010406a_k.jpg","type":"","width":"","height":""}],"author":"Uli","twitter_card":"summary_large_image","twitter_misc":{"Verfasst von":"Uli","Gesch\u00e4tzte Lesezeit":"1\u00a0Minute"},"schema":{"@context":"https:\/\/schema.org","@graph":[{"@type":"Article","@id":"https:\/\/bakh.de\/wdp\/versorgung-und-mobilitaet\/#article","isPartOf":{"@id":"https:\/\/bakh.de\/wdp\/versorgung-und-mobilitaet\/"},"author":{"name":"Uli","@id":"https:\/\/bakh.de\/wdp\/#\/schema\/person\/75a1e296c1c53d3fbbc0a3c6104f6370"},"headline":"Versorgung und Mobilit\u00e4t","datePublished":"2019-03-24T14:21:24+00:00","dateModified":"2020-09-19T12:27:23+00:00","mainEntityOfPage":{"@id":"https:\/\/bakh.de\/wdp\/versorgung-und-mobilitaet\/"},"wordCount":112,"publisher":{"@id":"https:\/\/bakh.de\/wdp\/#organization"},"image":{"@id":"https:\/\/bakh.de\/wdp\/versorgung-und-mobilitaet\/#primaryimage"},"thumbnailUrl":"http:\/\/bakh.de\/wdp\/wp-content\/uploads\/2019\/03\/P1010406a_k.jpg","articleSection":["Quartier 2020\/2030"],"inLanguage":"de"},{"@type":"WebPage","@id":"https:\/\/bakh.de\/wdp\/versorgung-und-mobilitaet\/","url":"https:\/\/bakh.de\/wdp\/versorgung-und-mobilitaet\/","name":"Versorgung und Mobilit\u00e4t - B\u00fcrgeraktion Korber H\u00f6he e. V.","isPartOf":{"@id":"https:\/\/bakh.de\/wdp\/#website"},"primaryImageOfPage":{"@id":"https:\/\/bakh.de\/wdp\/versorgung-und-mobilitaet\/#primaryimage"},"image":{"@id":"https:\/\/bakh.de\/wdp\/versorgung-und-mobilitaet\/#primaryimage"},"thumbnailUrl":"http:\/\/bakh.de\/wdp\/wp-content\/uploads\/2019\/03\/P1010406a_k.jpg","datePublished":"2019-03-24T14:21:24+00:00","dateModified":"2020-09-19T12:27:23+00:00","breadcrumb":{"@id":"https:\/\/bakh.de\/wdp\/versorgung-und-mobilitaet\/#breadcrumb"},"inLanguage":"de","potentialAction":[{"@type":"ReadAction","target":["https:\/\/bakh.de\/wdp\/versorgung-und-mobilitaet\/"]}]},{"@type":"ImageObject","inLanguage":"de","@id":"https:\/\/bakh.de\/wdp\/versorgung-und-mobilitaet\/#primaryimage","url":"https:\/\/bakh.de\/wdp\/wp-content\/uploads\/2019\/03\/P1010406a_k.jpg","contentUrl":"https:\/\/bakh.de\/wdp\/wp-content\/uploads\/2019\/03\/P1010406a_k.jpg","width":800,"height":599},{"@type":"BreadcrumbList","@id":"https:\/\/bakh.de\/wdp\/versorgung-und-mobilitaet\/#breadcrumb","itemListElement":[{"@type":"ListItem","position":1,"name":"Startseite","item":"https:\/\/bakh.de\/wdp\/"},{"@type":"ListItem","position":2,"name":"Versorgung und Mobilit\u00e4t"}]},{"@type":"WebSite","@id":"https:\/\/bakh.de\/wdp\/#website","url":"https:\/\/bakh.de\/wdp\/","name":"B\u00fcrgeraktion Korber H\u00f6he e. V.","description":"","publisher":{"@id":"https:\/\/bakh.de\/wdp\/#organization"},"potentialAction":[{"@type":"SearchAction","target":{"@type":"EntryPoint","urlTemplate":"https:\/\/bakh.de\/wdp\/?s={search_term_string}"},"query-input":{"@type":"PropertyValueSpecification","valueRequired":true,"valueName":"search_term_string"}}],"inLanguage":"de"},{"@type":"Organization","@id":"https:\/\/bakh.de\/wdp\/#organization","name":"B\u00fcrgeraktion Korber H\u00f6he e. V.","url":"https:\/\/bakh.de\/wdp\/","logo":{"@type":"ImageObject","inLanguage":"de","@id":"https:\/\/bakh.de\/wdp\/#\/schema\/logo\/image\/","url":"https:\/\/bakh.de\/wdp\/wp-content\/uploads\/2025\/11\/BAKH_Logo_4c_512.jpg","contentUrl":"https:\/\/bakh.de\/wdp\/wp-content\/uploads\/2025\/11\/BAKH_Logo_4c_512.jpg","width":516,"height":518,"caption":"B\u00fcrgeraktion Korber H\u00f6he e. V."},"image":{"@id":"https:\/\/bakh.de\/wdp\/#\/schema\/logo\/image\/"}},{"@type":"Person","@id":"https:\/\/bakh.de\/wdp\/#\/schema\/person\/75a1e296c1c53d3fbbc0a3c6104f6370","name":"Uli","image":{"@type":"ImageObject","inLanguage":"de","@id":"https:\/\/secure.gravatar.com\/avatar\/3b55f09e3908cc7190694de428627f99ad7fb1fd6ca4aa1f5a2c94110a7a2967?s=96&d=mm&r=g","url":"https:\/\/secure.gravatar.com\/avatar\/3b55f09e3908cc7190694de428627f99ad7fb1fd6ca4aa1f5a2c94110a7a2967?s=96&d=mm&r=g","contentUrl":"https:\/\/secure.gravatar.com\/avatar\/3b55f09e3908cc7190694de428627f99ad7fb1fd6ca4aa1f5a2c94110a7a2967?s=96&d=mm&r=g","caption":"Uli"},"url":"https:\/\/bakh.de\/wdp\/author\/uli\/"}]}},"_links":{"self":[{"href":"https:\/\/bakh.de\/wdp\/wp-json\/wp\/v2\/posts\/4451","targetHints":{"allow":["GET"]}}],"collection":[{"href":"https:\/\/bakh.de\/wdp\/wp-json\/wp\/v2\/posts"}],"about":[{"href":"https:\/\/bakh.de\/wdp\/wp-json\/wp\/v2\/types\/post"}],"author":[{"embeddable":true,"href":"https:\/\/bakh.de\/wdp\/wp-json\/wp\/v2\/users\/3"}],"replies":[{"embeddable":true,"href":"https:\/\/bakh.de\/wdp\/wp-json\/wp\/v2\/comments?post=4451"}],"version-history":[{"count":9,"href":"https:\/\/bakh.de\/wdp\/wp-json\/wp\/v2\/posts\/4451\/revisions"}],"predecessor-version":[{"id":5260,"href":"https:\/\/bakh.de\/wdp\/wp-json\/wp\/v2\/posts\/4451\/revisions\/5260"}],"wp:attachment":[{"href":"https:\/\/bakh.de\/wdp\/wp-json\/wp\/v2\/media?parent=4451"}],"wp:term":[{"taxonomy":"category","embeddable":true,"href":"https:\/\/bakh.de\/wdp\/wp-json\/wp\/v2\/categories?post=4451"},{"taxonomy":"post_tag","embeddable":true,"href":"https:\/\/bakh.de\/wdp\/wp-json\/wp\/v2\/tags?post=4451"}],"curies":[{"name":"wp","href":"https:\/\/api.w.org\/{rel}","templated":true}]}}