{"id":390,"date":"2017-02-25T20:10:43","date_gmt":"2017-02-25T20:10:43","guid":{"rendered":"http:\/\/bakh.de\/wdp\/?p=390"},"modified":"2018-02-23T09:47:15","modified_gmt":"2018-02-23T09:47:15","slug":"korber-hohe-putzete","status":"publish","type":"post","link":"https:\/\/bakh.de\/wdp\/korber-hohe-putzete\/","title":{"rendered":"Korber H\u00f6he Putzete"},"content":{"rendered":"<p>Die Korber H\u00f6he Putzete findet dieses Jahr wieder im Rahmen der <a href=\"http:\/\/www.waiblingen.de\/de\/Die-Stadt\/Aktuelles\/Veranstaltungskalender\/Veranstaltung?id=1130&amp;item=eventDate&amp;view=publish\" target=\"_blank\" rel=\"noopener\">Rems- und der Kreisputzete<\/a> statt. Treffpunkt ist um 9:15 Uhr im&nbsp;Mikrozentrum bei der Apotheke.<\/p>\n<p>Abfalls\u00e4cke, Handschuhe, Warnwesten sowie Zangen stehen zur Verf\u00fcgung. Die Mitarbeiter des st\u00e4dtischen Betriebshofs sind mit ihren Fahrzeugen unterwegs, um die gef\u00fcllten S\u00e4cke und sperrigen St\u00fccke einzusammeln.<\/p>\n<p>Nach getaner Arbeit treffen wir uns im Korber-H\u00f6he-Treff zu einem kleinen Imbiss.<\/p>\n<p><a href=\"http:\/\/bakh.de\/wdp\/wp-content\/uploads\/2012\/06\/k-IMG_6609.jpg\"><img loading=\"lazy\" decoding=\"async\" class=\"aligncenter wp-image-3522\" src=\"http:\/\/bakh.de\/wdp\/wp-content\/uploads\/2012\/06\/k-IMG_6609-300x225.jpg\" alt=\"\" width=\"400\" height=\"300\" srcset=\"https:\/\/bakh.de\/wdp\/wp-content\/uploads\/2012\/06\/k-IMG_6609-300x225.jpg 300w, https:\/\/bakh.de\/wdp\/wp-content\/uploads\/2012\/06\/k-IMG_6609-768x576.jpg 768w, https:\/\/bakh.de\/wdp\/wp-content\/uploads\/2012\/06\/k-IMG_6609.jpg 800w\" sizes=\"auto, (max-width: 400px) 100vw, 400px\" \/><\/a><\/p>\n","protected":false},"excerpt":{"rendered":"<p>Die Korber H\u00f6he Putzete findet dieses Jahr wieder im Rahmen der Rems- und der Kreisputzete statt. Treffpunkt ist um 9:15 Uhr im&nbsp;Mikrozentrum bei der Apotheke. Abfalls\u00e4cke, Handschuhe, Warnwesten sowie Zangen stehen zur Verf\u00fcgung. Die Mitarbeiter des st\u00e4dtischen Betriebshofs sind mit ihren Fahrzeugen unterwegs, um die gef\u00fcllten S\u00e4cke und sperrigen St\u00fccke einzusammeln. Nach getaner Arbeit treffen [&hellip;]<\/p>\n","protected":false},"author":3,"featured_media":0,"comment_status":"closed","ping_status":"closed","sticky":false,"template":"","format":"standard","meta":{"ngg_post_thumbnail":0,"footnotes":""},"categories":[6],"tags":[],"class_list":["post-390","post","type-post","status-publish","format-standard","hentry","category-termine"],"yoast_head":"<!-- This site is optimized with the Yoast SEO plugin v27.5 - https:\/\/yoast.com\/product\/yoast-seo-wordpress\/ -->\n<title>Korber H\u00f6he Putzete - B\u00fcrgeraktion Korber H\u00f6he e. V.<\/title>\n<meta name=\"robots\" content=\"index, follow, max-snippet:-1, max-image-preview:large, max-video-preview:-1\" \/>\n<link rel=\"canonical\" href=\"https:\/\/bakh.de\/wdp\/korber-hohe-putzete\/\" \/>\n<meta property=\"og:locale\" content=\"de_DE\" \/>\n<meta property=\"og:type\" content=\"article\" \/>\n<meta property=\"og:title\" content=\"Korber H\u00f6he Putzete - B\u00fcrgeraktion Korber H\u00f6he e. V.\" \/>\n<meta property=\"og:description\" content=\"Die Korber H\u00f6he Putzete findet dieses Jahr wieder im Rahmen der Rems- und der Kreisputzete statt. Treffpunkt ist um 9:15 Uhr im&nbsp;Mikrozentrum bei der Apotheke. Abfalls\u00e4cke, Handschuhe, Warnwesten sowie Zangen stehen zur Verf\u00fcgung. Die Mitarbeiter des st\u00e4dtischen Betriebshofs sind mit ihren Fahrzeugen unterwegs, um die gef\u00fcllten S\u00e4cke und sperrigen St\u00fccke einzusammeln. Nach getaner Arbeit treffen [&hellip;]\" \/>\n<meta property=\"og:url\" content=\"https:\/\/bakh.de\/wdp\/korber-hohe-putzete\/\" \/>\n<meta property=\"og:site_name\" content=\"B\u00fcrgeraktion Korber H\u00f6he e. V.\" \/>\n<meta property=\"article:published_time\" content=\"2017-02-25T20:10:43+00:00\" \/>\n<meta property=\"article:modified_time\" content=\"2018-02-23T09:47:15+00:00\" \/>\n<meta property=\"og:image\" content=\"http:\/\/bakh.de\/wdp\/wp-content\/uploads\/2012\/06\/k-IMG_6609-300x225.jpg\" \/>\n<meta name=\"author\" content=\"Uli\" \/>\n<meta name=\"twitter:card\" content=\"summary_large_image\" \/>\n<meta name=\"twitter:label1\" content=\"Verfasst von\" \/>\n\t<meta name=\"twitter:data1\" content=\"Uli\" \/>\n<script type=\"application\/ld+json\" class=\"yoast-schema-graph\">{\"@context\":\"https:\\\/\\\/schema.org\",\"@graph\":[{\"@type\":\"Article\",\"@id\":\"https:\\\/\\\/bakh.de\\\/wdp\\\/korber-hohe-putzete\\\/#article\",\"isPartOf\":{\"@id\":\"https:\\\/\\\/bakh.de\\\/wdp\\\/korber-hohe-putzete\\\/\"},\"author\":{\"name\":\"Uli\",\"@id\":\"https:\\\/\\\/bakh.de\\\/wdp\\\/#\\\/schema\\\/person\\\/75a1e296c1c53d3fbbc0a3c6104f6370\"},\"headline\":\"Korber H\u00f6he Putzete\",\"datePublished\":\"2017-02-25T20:10:43+00:00\",\"dateModified\":\"2018-02-23T09:47:15+00:00\",\"mainEntityOfPage\":{\"@id\":\"https:\\\/\\\/bakh.de\\\/wdp\\\/korber-hohe-putzete\\\/\"},\"wordCount\":76,\"publisher\":{\"@id\":\"https:\\\/\\\/bakh.de\\\/wdp\\\/#organization\"},\"image\":{\"@id\":\"https:\\\/\\\/bakh.de\\\/wdp\\\/korber-hohe-putzete\\\/#primaryimage\"},\"thumbnailUrl\":\"http:\\\/\\\/bakh.de\\\/wdp\\\/wp-content\\\/uploads\\\/2012\\\/06\\\/k-IMG_6609-300x225.jpg\",\"articleSection\":[\"Termine\"],\"inLanguage\":\"de\"},{\"@type\":\"WebPage\",\"@id\":\"https:\\\/\\\/bakh.de\\\/wdp\\\/korber-hohe-putzete\\\/\",\"url\":\"https:\\\/\\\/bakh.de\\\/wdp\\\/korber-hohe-putzete\\\/\",\"name\":\"Korber H\u00f6he Putzete - B\u00fcrgeraktion Korber H\u00f6he e. V.\",\"isPartOf\":{\"@id\":\"https:\\\/\\\/bakh.de\\\/wdp\\\/#website\"},\"primaryImageOfPage\":{\"@id\":\"https:\\\/\\\/bakh.de\\\/wdp\\\/korber-hohe-putzete\\\/#primaryimage\"},\"image\":{\"@id\":\"https:\\\/\\\/bakh.de\\\/wdp\\\/korber-hohe-putzete\\\/#primaryimage\"},\"thumbnailUrl\":\"http:\\\/\\\/bakh.de\\\/wdp\\\/wp-content\\\/uploads\\\/2012\\\/06\\\/k-IMG_6609-300x225.jpg\",\"datePublished\":\"2017-02-25T20:10:43+00:00\",\"dateModified\":\"2018-02-23T09:47:15+00:00\",\"breadcrumb\":{\"@id\":\"https:\\\/\\\/bakh.de\\\/wdp\\\/korber-hohe-putzete\\\/#breadcrumb\"},\"inLanguage\":\"de\",\"potentialAction\":[{\"@type\":\"ReadAction\",\"target\":[\"https:\\\/\\\/bakh.de\\\/wdp\\\/korber-hohe-putzete\\\/\"]}]},{\"@type\":\"ImageObject\",\"inLanguage\":\"de\",\"@id\":\"https:\\\/\\\/bakh.de\\\/wdp\\\/korber-hohe-putzete\\\/#primaryimage\",\"url\":\"https:\\\/\\\/bakh.de\\\/wdp\\\/wp-content\\\/uploads\\\/2012\\\/06\\\/k-IMG_6609.jpg\",\"contentUrl\":\"https:\\\/\\\/bakh.de\\\/wdp\\\/wp-content\\\/uploads\\\/2012\\\/06\\\/k-IMG_6609.jpg\",\"width\":800,\"height\":600},{\"@type\":\"BreadcrumbList\",\"@id\":\"https:\\\/\\\/bakh.de\\\/wdp\\\/korber-hohe-putzete\\\/#breadcrumb\",\"itemListElement\":[{\"@type\":\"ListItem\",\"position\":1,\"name\":\"Startseite\",\"item\":\"https:\\\/\\\/bakh.de\\\/wdp\\\/\"},{\"@type\":\"ListItem\",\"position\":2,\"name\":\"Korber H\u00f6he Putzete\"}]},{\"@type\":\"WebSite\",\"@id\":\"https:\\\/\\\/bakh.de\\\/wdp\\\/#website\",\"url\":\"https:\\\/\\\/bakh.de\\\/wdp\\\/\",\"name\":\"B\u00fcrgeraktion Korber H\u00f6he e. V.\",\"description\":\"\",\"publisher\":{\"@id\":\"https:\\\/\\\/bakh.de\\\/wdp\\\/#organization\"},\"potentialAction\":[{\"@type\":\"SearchAction\",\"target\":{\"@type\":\"EntryPoint\",\"urlTemplate\":\"https:\\\/\\\/bakh.de\\\/wdp\\\/?s={search_term_string}\"},\"query-input\":{\"@type\":\"PropertyValueSpecification\",\"valueRequired\":true,\"valueName\":\"search_term_string\"}}],\"inLanguage\":\"de\"},{\"@type\":\"Organization\",\"@id\":\"https:\\\/\\\/bakh.de\\\/wdp\\\/#organization\",\"name\":\"B\u00fcrgeraktion Korber H\u00f6he e. V.\",\"url\":\"https:\\\/\\\/bakh.de\\\/wdp\\\/\",\"logo\":{\"@type\":\"ImageObject\",\"inLanguage\":\"de\",\"@id\":\"https:\\\/\\\/bakh.de\\\/wdp\\\/#\\\/schema\\\/logo\\\/image\\\/\",\"url\":\"https:\\\/\\\/bakh.de\\\/wdp\\\/wp-content\\\/uploads\\\/2025\\\/11\\\/BAKH_Logo_4c_512.jpg\",\"contentUrl\":\"https:\\\/\\\/bakh.de\\\/wdp\\\/wp-content\\\/uploads\\\/2025\\\/11\\\/BAKH_Logo_4c_512.jpg\",\"width\":516,\"height\":518,\"caption\":\"B\u00fcrgeraktion Korber H\u00f6he e. V.\"},\"image\":{\"@id\":\"https:\\\/\\\/bakh.de\\\/wdp\\\/#\\\/schema\\\/logo\\\/image\\\/\"}},{\"@type\":\"Person\",\"@id\":\"https:\\\/\\\/bakh.de\\\/wdp\\\/#\\\/schema\\\/person\\\/75a1e296c1c53d3fbbc0a3c6104f6370\",\"name\":\"Uli\",\"image\":{\"@type\":\"ImageObject\",\"inLanguage\":\"de\",\"@id\":\"https:\\\/\\\/secure.gravatar.com\\\/avatar\\\/3b55f09e3908cc7190694de428627f99ad7fb1fd6ca4aa1f5a2c94110a7a2967?s=96&d=mm&r=g\",\"url\":\"https:\\\/\\\/secure.gravatar.com\\\/avatar\\\/3b55f09e3908cc7190694de428627f99ad7fb1fd6ca4aa1f5a2c94110a7a2967?s=96&d=mm&r=g\",\"contentUrl\":\"https:\\\/\\\/secure.gravatar.com\\\/avatar\\\/3b55f09e3908cc7190694de428627f99ad7fb1fd6ca4aa1f5a2c94110a7a2967?s=96&d=mm&r=g\",\"caption\":\"Uli\"},\"url\":\"https:\\\/\\\/bakh.de\\\/wdp\\\/author\\\/uli\\\/\"}]}<\/script>\n<!-- \/ Yoast SEO plugin. -->","yoast_head_json":{"title":"Korber H\u00f6he Putzete - B\u00fcrgeraktion Korber H\u00f6he e. V.","robots":{"index":"index","follow":"follow","max-snippet":"max-snippet:-1","max-image-preview":"max-image-preview:large","max-video-preview":"max-video-preview:-1"},"canonical":"https:\/\/bakh.de\/wdp\/korber-hohe-putzete\/","og_locale":"de_DE","og_type":"article","og_title":"Korber H\u00f6he Putzete - B\u00fcrgeraktion Korber H\u00f6he e. V.","og_description":"Die Korber H\u00f6he Putzete findet dieses Jahr wieder im Rahmen der Rems- und der Kreisputzete statt. Treffpunkt ist um 9:15 Uhr im&nbsp;Mikrozentrum bei der Apotheke. Abfalls\u00e4cke, Handschuhe, Warnwesten sowie Zangen stehen zur Verf\u00fcgung. Die Mitarbeiter des st\u00e4dtischen Betriebshofs sind mit ihren Fahrzeugen unterwegs, um die gef\u00fcllten S\u00e4cke und sperrigen St\u00fccke einzusammeln. Nach getaner Arbeit treffen [&hellip;]","og_url":"https:\/\/bakh.de\/wdp\/korber-hohe-putzete\/","og_site_name":"B\u00fcrgeraktion Korber H\u00f6he e. V.","article_published_time":"2017-02-25T20:10:43+00:00","article_modified_time":"2018-02-23T09:47:15+00:00","og_image":[{"url":"http:\/\/bakh.de\/wdp\/wp-content\/uploads\/2012\/06\/k-IMG_6609-300x225.jpg","type":"","width":"","height":""}],"author":"Uli","twitter_card":"summary_large_image","twitter_misc":{"Verfasst von":"Uli"},"schema":{"@context":"https:\/\/schema.org","@graph":[{"@type":"Article","@id":"https:\/\/bakh.de\/wdp\/korber-hohe-putzete\/#article","isPartOf":{"@id":"https:\/\/bakh.de\/wdp\/korber-hohe-putzete\/"},"author":{"name":"Uli","@id":"https:\/\/bakh.de\/wdp\/#\/schema\/person\/75a1e296c1c53d3fbbc0a3c6104f6370"},"headline":"Korber H\u00f6he Putzete","datePublished":"2017-02-25T20:10:43+00:00","dateModified":"2018-02-23T09:47:15+00:00","mainEntityOfPage":{"@id":"https:\/\/bakh.de\/wdp\/korber-hohe-putzete\/"},"wordCount":76,"publisher":{"@id":"https:\/\/bakh.de\/wdp\/#organization"},"image":{"@id":"https:\/\/bakh.de\/wdp\/korber-hohe-putzete\/#primaryimage"},"thumbnailUrl":"http:\/\/bakh.de\/wdp\/wp-content\/uploads\/2012\/06\/k-IMG_6609-300x225.jpg","articleSection":["Termine"],"inLanguage":"de"},{"@type":"WebPage","@id":"https:\/\/bakh.de\/wdp\/korber-hohe-putzete\/","url":"https:\/\/bakh.de\/wdp\/korber-hohe-putzete\/","name":"Korber H\u00f6he Putzete - B\u00fcrgeraktion Korber H\u00f6he e. V.","isPartOf":{"@id":"https:\/\/bakh.de\/wdp\/#website"},"primaryImageOfPage":{"@id":"https:\/\/bakh.de\/wdp\/korber-hohe-putzete\/#primaryimage"},"image":{"@id":"https:\/\/bakh.de\/wdp\/korber-hohe-putzete\/#primaryimage"},"thumbnailUrl":"http:\/\/bakh.de\/wdp\/wp-content\/uploads\/2012\/06\/k-IMG_6609-300x225.jpg","datePublished":"2017-02-25T20:10:43+00:00","dateModified":"2018-02-23T09:47:15+00:00","breadcrumb":{"@id":"https:\/\/bakh.de\/wdp\/korber-hohe-putzete\/#breadcrumb"},"inLanguage":"de","potentialAction":[{"@type":"ReadAction","target":["https:\/\/bakh.de\/wdp\/korber-hohe-putzete\/"]}]},{"@type":"ImageObject","inLanguage":"de","@id":"https:\/\/bakh.de\/wdp\/korber-hohe-putzete\/#primaryimage","url":"https:\/\/bakh.de\/wdp\/wp-content\/uploads\/2012\/06\/k-IMG_6609.jpg","contentUrl":"https:\/\/bakh.de\/wdp\/wp-content\/uploads\/2012\/06\/k-IMG_6609.jpg","width":800,"height":600},{"@type":"BreadcrumbList","@id":"https:\/\/bakh.de\/wdp\/korber-hohe-putzete\/#breadcrumb","itemListElement":[{"@type":"ListItem","position":1,"name":"Startseite","item":"https:\/\/bakh.de\/wdp\/"},{"@type":"ListItem","position":2,"name":"Korber H\u00f6he Putzete"}]},{"@type":"WebSite","@id":"https:\/\/bakh.de\/wdp\/#website","url":"https:\/\/bakh.de\/wdp\/","name":"B\u00fcrgeraktion Korber H\u00f6he e. V.","description":"","publisher":{"@id":"https:\/\/bakh.de\/wdp\/#organization"},"potentialAction":[{"@type":"SearchAction","target":{"@type":"EntryPoint","urlTemplate":"https:\/\/bakh.de\/wdp\/?s={search_term_string}"},"query-input":{"@type":"PropertyValueSpecification","valueRequired":true,"valueName":"search_term_string"}}],"inLanguage":"de"},{"@type":"Organization","@id":"https:\/\/bakh.de\/wdp\/#organization","name":"B\u00fcrgeraktion Korber H\u00f6he e. V.","url":"https:\/\/bakh.de\/wdp\/","logo":{"@type":"ImageObject","inLanguage":"de","@id":"https:\/\/bakh.de\/wdp\/#\/schema\/logo\/image\/","url":"https:\/\/bakh.de\/wdp\/wp-content\/uploads\/2025\/11\/BAKH_Logo_4c_512.jpg","contentUrl":"https:\/\/bakh.de\/wdp\/wp-content\/uploads\/2025\/11\/BAKH_Logo_4c_512.jpg","width":516,"height":518,"caption":"B\u00fcrgeraktion Korber H\u00f6he e. V."},"image":{"@id":"https:\/\/bakh.de\/wdp\/#\/schema\/logo\/image\/"}},{"@type":"Person","@id":"https:\/\/bakh.de\/wdp\/#\/schema\/person\/75a1e296c1c53d3fbbc0a3c6104f6370","name":"Uli","image":{"@type":"ImageObject","inLanguage":"de","@id":"https:\/\/secure.gravatar.com\/avatar\/3b55f09e3908cc7190694de428627f99ad7fb1fd6ca4aa1f5a2c94110a7a2967?s=96&d=mm&r=g","url":"https:\/\/secure.gravatar.com\/avatar\/3b55f09e3908cc7190694de428627f99ad7fb1fd6ca4aa1f5a2c94110a7a2967?s=96&d=mm&r=g","contentUrl":"https:\/\/secure.gravatar.com\/avatar\/3b55f09e3908cc7190694de428627f99ad7fb1fd6ca4aa1f5a2c94110a7a2967?s=96&d=mm&r=g","caption":"Uli"},"url":"https:\/\/bakh.de\/wdp\/author\/uli\/"}]}},"_links":{"self":[{"href":"https:\/\/bakh.de\/wdp\/wp-json\/wp\/v2\/posts\/390","targetHints":{"allow":["GET"]}}],"collection":[{"href":"https:\/\/bakh.de\/wdp\/wp-json\/wp\/v2\/posts"}],"about":[{"href":"https:\/\/bakh.de\/wdp\/wp-json\/wp\/v2\/types\/post"}],"author":[{"embeddable":true,"href":"https:\/\/bakh.de\/wdp\/wp-json\/wp\/v2\/users\/3"}],"replies":[{"embeddable":true,"href":"https:\/\/bakh.de\/wdp\/wp-json\/wp\/v2\/comments?post=390"}],"version-history":[{"count":15,"href":"https:\/\/bakh.de\/wdp\/wp-json\/wp\/v2\/posts\/390\/revisions"}],"predecessor-version":[{"id":3789,"href":"https:\/\/bakh.de\/wdp\/wp-json\/wp\/v2\/posts\/390\/revisions\/3789"}],"wp:attachment":[{"href":"https:\/\/bakh.de\/wdp\/wp-json\/wp\/v2\/media?parent=390"}],"wp:term":[{"taxonomy":"category","embeddable":true,"href":"https:\/\/bakh.de\/wdp\/wp-json\/wp\/v2\/categories?post=390"},{"taxonomy":"post_tag","embeddable":true,"href":"https:\/\/bakh.de\/wdp\/wp-json\/wp\/v2\/tags?post=390"}],"curies":[{"name":"wp","href":"https:\/\/api.w.org\/{rel}","templated":true}]}}