{"id":39,"date":"2012-01-01T21:26:56","date_gmt":"2012-01-01T21:26:56","guid":{"rendered":"http:\/\/bakh.de\/wdp\/?p=39"},"modified":"2012-05-01T19:49:21","modified_gmt":"2012-05-01T19:49:21","slug":"larm-mindernde-masnahmen-an-der-b14","status":"publish","type":"post","link":"https:\/\/bakh.de\/wdp\/larm-mindernde-masnahmen-an-der-b14\/","title":{"rendered":"L\u00e4rm mindernde Ma\u00dfnahmen an der B14"},"content":{"rendered":"<p><a href=\"http:\/\/bakh.de\/wdp\/wp-content\/uploads\/2012\/01\/800px-B14unterVerkehr1.jpg\"><img loading=\"lazy\" decoding=\"async\" class=\"alignleft  wp-image-592\" title=\"800px-B14unterVerkehr\" src=\"http:\/\/bakh.de\/wdp\/wp-content\/uploads\/2012\/01\/800px-B14unterVerkehr1.jpg\" alt=\"\" width=\"173\" height=\"92\" srcset=\"https:\/\/bakh.de\/wdp\/wp-content\/uploads\/2012\/01\/800px-B14unterVerkehr1.jpg 800w, https:\/\/bakh.de\/wdp\/wp-content\/uploads\/2012\/01\/800px-B14unterVerkehr1-300x158.jpg 300w\" sizes=\"auto, (max-width: 173px) 100vw, 173px\" \/><\/a>Auf Grund der hohen L\u00e4rmbelastung\u00a0setzen wir uns f\u00fcr L\u00e4rm mindernde Ma\u00dfnahmen an der B14 ein.<\/p>\n<p><!--more-->Seit Jahren ist das Wohngebiet Korber H\u00f6he einer hohen, in den letzten Jahren steigenden L\u00e4rmbelastung durch den Verkehr auf der 4-spurig ausgebauten Bundesstra\u00dfe 14 ausgesetzt. Wir haben uns dazu deshalb in einem Schreiben an Frau Staatssekret\u00e4rin Dr. Gisela Splett vom Ministerium f\u00fcr Verkehr und Infrastruktur gewandt. In dem Schreiben fordern wir eine durchgehende, \u00fcberwachte Geschwindigkeitsbegrenzung auf Tempo 80 km\/h. Als weitere l\u00e4rmsenkende Ma\u00dfnahme sollte auf der B14 im Bereich Waiblingen\/Korb Fl\u00fcsterasphalt verlegt werden.<\/p>\n<p>Unterst\u00fctzt werden wir dabei von Oberb\u00fcrgermeister Andreas Hesky, der sich in einem Schreiben der Stadt Waiblingen an das Ministerium ebenfalls f\u00fcr ein Tempolimit eingesetzt hat.<\/p>\n","protected":false},"excerpt":{"rendered":"<p>Auf Grund der hohen L\u00e4rmbelastung\u00a0setzen wir uns f\u00fcr L\u00e4rm mindernde Ma\u00dfnahmen an der B14 ein.<\/p>\n","protected":false},"author":3,"featured_media":0,"comment_status":"closed","ping_status":"closed","sticky":false,"template":"","format":"standard","meta":{"ngg_post_thumbnail":0,"footnotes":""},"categories":[8],"tags":[],"class_list":["post-39","post","type-post","status-publish","format-standard","hentry","category-larmbelastung-b14"],"yoast_head":"<!-- This site is optimized with the Yoast SEO plugin v27.5 - https:\/\/yoast.com\/product\/yoast-seo-wordpress\/ -->\n<title>L\u00e4rm mindernde Ma\u00dfnahmen an der B14 - B\u00fcrgeraktion Korber H\u00f6he e. V.<\/title>\n<meta name=\"robots\" content=\"index, follow, max-snippet:-1, max-image-preview:large, max-video-preview:-1\" \/>\n<link rel=\"canonical\" href=\"https:\/\/bakh.de\/wdp\/larm-mindernde-masnahmen-an-der-b14\/\" \/>\n<meta property=\"og:locale\" content=\"de_DE\" \/>\n<meta property=\"og:type\" content=\"article\" \/>\n<meta property=\"og:title\" content=\"L\u00e4rm mindernde Ma\u00dfnahmen an der B14 - B\u00fcrgeraktion Korber H\u00f6he e. V.\" \/>\n<meta property=\"og:description\" content=\"Auf Grund der hohen L\u00e4rmbelastung\u00a0setzen wir uns f\u00fcr L\u00e4rm mindernde Ma\u00dfnahmen an der B14 ein.\" \/>\n<meta property=\"og:url\" content=\"https:\/\/bakh.de\/wdp\/larm-mindernde-masnahmen-an-der-b14\/\" \/>\n<meta property=\"og:site_name\" content=\"B\u00fcrgeraktion Korber H\u00f6he e. V.\" \/>\n<meta property=\"article:published_time\" content=\"2012-01-01T21:26:56+00:00\" \/>\n<meta property=\"article:modified_time\" content=\"2012-05-01T19:49:21+00:00\" \/>\n<meta property=\"og:image\" content=\"http:\/\/bakh.de\/wdp\/wp-content\/uploads\/2012\/01\/800px-B14unterVerkehr1.jpg\" \/>\n<meta name=\"author\" content=\"Uli\" \/>\n<meta name=\"twitter:card\" content=\"summary_large_image\" \/>\n<meta name=\"twitter:label1\" content=\"Verfasst von\" \/>\n\t<meta name=\"twitter:data1\" content=\"Uli\" \/>\n\t<meta name=\"twitter:label2\" content=\"Gesch\u00e4tzte Lesezeit\" \/>\n\t<meta name=\"twitter:data2\" content=\"1\u00a0Minute\" \/>\n<script type=\"application\/ld+json\" class=\"yoast-schema-graph\">{\"@context\":\"https:\\\/\\\/schema.org\",\"@graph\":[{\"@type\":\"Article\",\"@id\":\"https:\\\/\\\/bakh.de\\\/wdp\\\/larm-mindernde-masnahmen-an-der-b14\\\/#article\",\"isPartOf\":{\"@id\":\"https:\\\/\\\/bakh.de\\\/wdp\\\/larm-mindernde-masnahmen-an-der-b14\\\/\"},\"author\":{\"name\":\"Uli\",\"@id\":\"https:\\\/\\\/bakh.de\\\/wdp\\\/#\\\/schema\\\/person\\\/75a1e296c1c53d3fbbc0a3c6104f6370\"},\"headline\":\"L\u00e4rm mindernde Ma\u00dfnahmen an der B14\",\"datePublished\":\"2012-01-01T21:26:56+00:00\",\"dateModified\":\"2012-05-01T19:49:21+00:00\",\"mainEntityOfPage\":{\"@id\":\"https:\\\/\\\/bakh.de\\\/wdp\\\/larm-mindernde-masnahmen-an-der-b14\\\/\"},\"wordCount\":137,\"publisher\":{\"@id\":\"https:\\\/\\\/bakh.de\\\/wdp\\\/#organization\"},\"image\":{\"@id\":\"https:\\\/\\\/bakh.de\\\/wdp\\\/larm-mindernde-masnahmen-an-der-b14\\\/#primaryimage\"},\"thumbnailUrl\":\"http:\\\/\\\/bakh.de\\\/wdp\\\/wp-content\\\/uploads\\\/2012\\\/01\\\/800px-B14unterVerkehr1.jpg\",\"articleSection\":[\"L\u00e4rmbelastung B14\"],\"inLanguage\":\"de\"},{\"@type\":\"WebPage\",\"@id\":\"https:\\\/\\\/bakh.de\\\/wdp\\\/larm-mindernde-masnahmen-an-der-b14\\\/\",\"url\":\"https:\\\/\\\/bakh.de\\\/wdp\\\/larm-mindernde-masnahmen-an-der-b14\\\/\",\"name\":\"L\u00e4rm mindernde Ma\u00dfnahmen an der B14 - B\u00fcrgeraktion Korber H\u00f6he e. V.\",\"isPartOf\":{\"@id\":\"https:\\\/\\\/bakh.de\\\/wdp\\\/#website\"},\"primaryImageOfPage\":{\"@id\":\"https:\\\/\\\/bakh.de\\\/wdp\\\/larm-mindernde-masnahmen-an-der-b14\\\/#primaryimage\"},\"image\":{\"@id\":\"https:\\\/\\\/bakh.de\\\/wdp\\\/larm-mindernde-masnahmen-an-der-b14\\\/#primaryimage\"},\"thumbnailUrl\":\"http:\\\/\\\/bakh.de\\\/wdp\\\/wp-content\\\/uploads\\\/2012\\\/01\\\/800px-B14unterVerkehr1.jpg\",\"datePublished\":\"2012-01-01T21:26:56+00:00\",\"dateModified\":\"2012-05-01T19:49:21+00:00\",\"breadcrumb\":{\"@id\":\"https:\\\/\\\/bakh.de\\\/wdp\\\/larm-mindernde-masnahmen-an-der-b14\\\/#breadcrumb\"},\"inLanguage\":\"de\",\"potentialAction\":[{\"@type\":\"ReadAction\",\"target\":[\"https:\\\/\\\/bakh.de\\\/wdp\\\/larm-mindernde-masnahmen-an-der-b14\\\/\"]}]},{\"@type\":\"ImageObject\",\"inLanguage\":\"de\",\"@id\":\"https:\\\/\\\/bakh.de\\\/wdp\\\/larm-mindernde-masnahmen-an-der-b14\\\/#primaryimage\",\"url\":\"https:\\\/\\\/bakh.de\\\/wdp\\\/wp-content\\\/uploads\\\/2012\\\/01\\\/800px-B14unterVerkehr1.jpg\",\"contentUrl\":\"https:\\\/\\\/bakh.de\\\/wdp\\\/wp-content\\\/uploads\\\/2012\\\/01\\\/800px-B14unterVerkehr1.jpg\",\"width\":\"800\",\"height\":\"423\"},{\"@type\":\"BreadcrumbList\",\"@id\":\"https:\\\/\\\/bakh.de\\\/wdp\\\/larm-mindernde-masnahmen-an-der-b14\\\/#breadcrumb\",\"itemListElement\":[{\"@type\":\"ListItem\",\"position\":1,\"name\":\"Startseite\",\"item\":\"https:\\\/\\\/bakh.de\\\/wdp\\\/\"},{\"@type\":\"ListItem\",\"position\":2,\"name\":\"L\u00e4rm mindernde Ma\u00dfnahmen an der B14\"}]},{\"@type\":\"WebSite\",\"@id\":\"https:\\\/\\\/bakh.de\\\/wdp\\\/#website\",\"url\":\"https:\\\/\\\/bakh.de\\\/wdp\\\/\",\"name\":\"B\u00fcrgeraktion Korber H\u00f6he e. V.\",\"description\":\"\",\"publisher\":{\"@id\":\"https:\\\/\\\/bakh.de\\\/wdp\\\/#organization\"},\"potentialAction\":[{\"@type\":\"SearchAction\",\"target\":{\"@type\":\"EntryPoint\",\"urlTemplate\":\"https:\\\/\\\/bakh.de\\\/wdp\\\/?s={search_term_string}\"},\"query-input\":{\"@type\":\"PropertyValueSpecification\",\"valueRequired\":true,\"valueName\":\"search_term_string\"}}],\"inLanguage\":\"de\"},{\"@type\":\"Organization\",\"@id\":\"https:\\\/\\\/bakh.de\\\/wdp\\\/#organization\",\"name\":\"B\u00fcrgeraktion Korber H\u00f6he e. V.\",\"url\":\"https:\\\/\\\/bakh.de\\\/wdp\\\/\",\"logo\":{\"@type\":\"ImageObject\",\"inLanguage\":\"de\",\"@id\":\"https:\\\/\\\/bakh.de\\\/wdp\\\/#\\\/schema\\\/logo\\\/image\\\/\",\"url\":\"https:\\\/\\\/bakh.de\\\/wdp\\\/wp-content\\\/uploads\\\/2025\\\/11\\\/BAKH_Logo_4c_512.jpg\",\"contentUrl\":\"https:\\\/\\\/bakh.de\\\/wdp\\\/wp-content\\\/uploads\\\/2025\\\/11\\\/BAKH_Logo_4c_512.jpg\",\"width\":516,\"height\":518,\"caption\":\"B\u00fcrgeraktion Korber H\u00f6he e. V.\"},\"image\":{\"@id\":\"https:\\\/\\\/bakh.de\\\/wdp\\\/#\\\/schema\\\/logo\\\/image\\\/\"}},{\"@type\":\"Person\",\"@id\":\"https:\\\/\\\/bakh.de\\\/wdp\\\/#\\\/schema\\\/person\\\/75a1e296c1c53d3fbbc0a3c6104f6370\",\"name\":\"Uli\",\"image\":{\"@type\":\"ImageObject\",\"inLanguage\":\"de\",\"@id\":\"https:\\\/\\\/secure.gravatar.com\\\/avatar\\\/3b55f09e3908cc7190694de428627f99ad7fb1fd6ca4aa1f5a2c94110a7a2967?s=96&d=mm&r=g\",\"url\":\"https:\\\/\\\/secure.gravatar.com\\\/avatar\\\/3b55f09e3908cc7190694de428627f99ad7fb1fd6ca4aa1f5a2c94110a7a2967?s=96&d=mm&r=g\",\"contentUrl\":\"https:\\\/\\\/secure.gravatar.com\\\/avatar\\\/3b55f09e3908cc7190694de428627f99ad7fb1fd6ca4aa1f5a2c94110a7a2967?s=96&d=mm&r=g\",\"caption\":\"Uli\"},\"url\":\"https:\\\/\\\/bakh.de\\\/wdp\\\/author\\\/uli\\\/\"}]}<\/script>\n<!-- \/ Yoast SEO plugin. -->","yoast_head_json":{"title":"L\u00e4rm mindernde Ma\u00dfnahmen an der B14 - B\u00fcrgeraktion Korber H\u00f6he e. V.","robots":{"index":"index","follow":"follow","max-snippet":"max-snippet:-1","max-image-preview":"max-image-preview:large","max-video-preview":"max-video-preview:-1"},"canonical":"https:\/\/bakh.de\/wdp\/larm-mindernde-masnahmen-an-der-b14\/","og_locale":"de_DE","og_type":"article","og_title":"L\u00e4rm mindernde Ma\u00dfnahmen an der B14 - B\u00fcrgeraktion Korber H\u00f6he e. V.","og_description":"Auf Grund der hohen L\u00e4rmbelastung\u00a0setzen wir uns f\u00fcr L\u00e4rm mindernde Ma\u00dfnahmen an der B14 ein.","og_url":"https:\/\/bakh.de\/wdp\/larm-mindernde-masnahmen-an-der-b14\/","og_site_name":"B\u00fcrgeraktion Korber H\u00f6he e. V.","article_published_time":"2012-01-01T21:26:56+00:00","article_modified_time":"2012-05-01T19:49:21+00:00","og_image":[{"url":"http:\/\/bakh.de\/wdp\/wp-content\/uploads\/2012\/01\/800px-B14unterVerkehr1.jpg","type":"","width":"","height":""}],"author":"Uli","twitter_card":"summary_large_image","twitter_misc":{"Verfasst von":"Uli","Gesch\u00e4tzte Lesezeit":"1\u00a0Minute"},"schema":{"@context":"https:\/\/schema.org","@graph":[{"@type":"Article","@id":"https:\/\/bakh.de\/wdp\/larm-mindernde-masnahmen-an-der-b14\/#article","isPartOf":{"@id":"https:\/\/bakh.de\/wdp\/larm-mindernde-masnahmen-an-der-b14\/"},"author":{"name":"Uli","@id":"https:\/\/bakh.de\/wdp\/#\/schema\/person\/75a1e296c1c53d3fbbc0a3c6104f6370"},"headline":"L\u00e4rm mindernde Ma\u00dfnahmen an der B14","datePublished":"2012-01-01T21:26:56+00:00","dateModified":"2012-05-01T19:49:21+00:00","mainEntityOfPage":{"@id":"https:\/\/bakh.de\/wdp\/larm-mindernde-masnahmen-an-der-b14\/"},"wordCount":137,"publisher":{"@id":"https:\/\/bakh.de\/wdp\/#organization"},"image":{"@id":"https:\/\/bakh.de\/wdp\/larm-mindernde-masnahmen-an-der-b14\/#primaryimage"},"thumbnailUrl":"http:\/\/bakh.de\/wdp\/wp-content\/uploads\/2012\/01\/800px-B14unterVerkehr1.jpg","articleSection":["L\u00e4rmbelastung B14"],"inLanguage":"de"},{"@type":"WebPage","@id":"https:\/\/bakh.de\/wdp\/larm-mindernde-masnahmen-an-der-b14\/","url":"https:\/\/bakh.de\/wdp\/larm-mindernde-masnahmen-an-der-b14\/","name":"L\u00e4rm mindernde Ma\u00dfnahmen an der B14 - B\u00fcrgeraktion Korber H\u00f6he e. V.","isPartOf":{"@id":"https:\/\/bakh.de\/wdp\/#website"},"primaryImageOfPage":{"@id":"https:\/\/bakh.de\/wdp\/larm-mindernde-masnahmen-an-der-b14\/#primaryimage"},"image":{"@id":"https:\/\/bakh.de\/wdp\/larm-mindernde-masnahmen-an-der-b14\/#primaryimage"},"thumbnailUrl":"http:\/\/bakh.de\/wdp\/wp-content\/uploads\/2012\/01\/800px-B14unterVerkehr1.jpg","datePublished":"2012-01-01T21:26:56+00:00","dateModified":"2012-05-01T19:49:21+00:00","breadcrumb":{"@id":"https:\/\/bakh.de\/wdp\/larm-mindernde-masnahmen-an-der-b14\/#breadcrumb"},"inLanguage":"de","potentialAction":[{"@type":"ReadAction","target":["https:\/\/bakh.de\/wdp\/larm-mindernde-masnahmen-an-der-b14\/"]}]},{"@type":"ImageObject","inLanguage":"de","@id":"https:\/\/bakh.de\/wdp\/larm-mindernde-masnahmen-an-der-b14\/#primaryimage","url":"https:\/\/bakh.de\/wdp\/wp-content\/uploads\/2012\/01\/800px-B14unterVerkehr1.jpg","contentUrl":"https:\/\/bakh.de\/wdp\/wp-content\/uploads\/2012\/01\/800px-B14unterVerkehr1.jpg","width":"800","height":"423"},{"@type":"BreadcrumbList","@id":"https:\/\/bakh.de\/wdp\/larm-mindernde-masnahmen-an-der-b14\/#breadcrumb","itemListElement":[{"@type":"ListItem","position":1,"name":"Startseite","item":"https:\/\/bakh.de\/wdp\/"},{"@type":"ListItem","position":2,"name":"L\u00e4rm mindernde Ma\u00dfnahmen an der B14"}]},{"@type":"WebSite","@id":"https:\/\/bakh.de\/wdp\/#website","url":"https:\/\/bakh.de\/wdp\/","name":"B\u00fcrgeraktion Korber H\u00f6he e. V.","description":"","publisher":{"@id":"https:\/\/bakh.de\/wdp\/#organization"},"potentialAction":[{"@type":"SearchAction","target":{"@type":"EntryPoint","urlTemplate":"https:\/\/bakh.de\/wdp\/?s={search_term_string}"},"query-input":{"@type":"PropertyValueSpecification","valueRequired":true,"valueName":"search_term_string"}}],"inLanguage":"de"},{"@type":"Organization","@id":"https:\/\/bakh.de\/wdp\/#organization","name":"B\u00fcrgeraktion Korber H\u00f6he e. V.","url":"https:\/\/bakh.de\/wdp\/","logo":{"@type":"ImageObject","inLanguage":"de","@id":"https:\/\/bakh.de\/wdp\/#\/schema\/logo\/image\/","url":"https:\/\/bakh.de\/wdp\/wp-content\/uploads\/2025\/11\/BAKH_Logo_4c_512.jpg","contentUrl":"https:\/\/bakh.de\/wdp\/wp-content\/uploads\/2025\/11\/BAKH_Logo_4c_512.jpg","width":516,"height":518,"caption":"B\u00fcrgeraktion Korber H\u00f6he e. V."},"image":{"@id":"https:\/\/bakh.de\/wdp\/#\/schema\/logo\/image\/"}},{"@type":"Person","@id":"https:\/\/bakh.de\/wdp\/#\/schema\/person\/75a1e296c1c53d3fbbc0a3c6104f6370","name":"Uli","image":{"@type":"ImageObject","inLanguage":"de","@id":"https:\/\/secure.gravatar.com\/avatar\/3b55f09e3908cc7190694de428627f99ad7fb1fd6ca4aa1f5a2c94110a7a2967?s=96&d=mm&r=g","url":"https:\/\/secure.gravatar.com\/avatar\/3b55f09e3908cc7190694de428627f99ad7fb1fd6ca4aa1f5a2c94110a7a2967?s=96&d=mm&r=g","contentUrl":"https:\/\/secure.gravatar.com\/avatar\/3b55f09e3908cc7190694de428627f99ad7fb1fd6ca4aa1f5a2c94110a7a2967?s=96&d=mm&r=g","caption":"Uli"},"url":"https:\/\/bakh.de\/wdp\/author\/uli\/"}]}},"_links":{"self":[{"href":"https:\/\/bakh.de\/wdp\/wp-json\/wp\/v2\/posts\/39","targetHints":{"allow":["GET"]}}],"collection":[{"href":"https:\/\/bakh.de\/wdp\/wp-json\/wp\/v2\/posts"}],"about":[{"href":"https:\/\/bakh.de\/wdp\/wp-json\/wp\/v2\/types\/post"}],"author":[{"embeddable":true,"href":"https:\/\/bakh.de\/wdp\/wp-json\/wp\/v2\/users\/3"}],"replies":[{"embeddable":true,"href":"https:\/\/bakh.de\/wdp\/wp-json\/wp\/v2\/comments?post=39"}],"version-history":[{"count":15,"href":"https:\/\/bakh.de\/wdp\/wp-json\/wp\/v2\/posts\/39\/revisions"}],"predecessor-version":[{"id":43,"href":"https:\/\/bakh.de\/wdp\/wp-json\/wp\/v2\/posts\/39\/revisions\/43"}],"wp:attachment":[{"href":"https:\/\/bakh.de\/wdp\/wp-json\/wp\/v2\/media?parent=39"}],"wp:term":[{"taxonomy":"category","embeddable":true,"href":"https:\/\/bakh.de\/wdp\/wp-json\/wp\/v2\/categories?post=39"},{"taxonomy":"post_tag","embeddable":true,"href":"https:\/\/bakh.de\/wdp\/wp-json\/wp\/v2\/tags?post=39"}],"curies":[{"name":"wp","href":"https:\/\/api.w.org\/{rel}","templated":true}]}}