{"id":3656,"date":"2017-10-08T12:16:00","date_gmt":"2017-10-08T12:16:00","guid":{"rendered":"http:\/\/bakh.de\/wdp\/?p=3656"},"modified":"2017-10-14T09:12:36","modified_gmt":"2017-10-14T09:12:36","slug":"finkenberg-fuer-alle","status":"publish","type":"post","link":"https:\/\/bakh.de\/wdp\/finkenberg-fuer-alle\/","title":{"rendered":"Finkenberg f\u00fcr alle"},"content":{"rendered":"<p><img loading=\"lazy\" decoding=\"async\" class=\"alignleft wp-image-3657\" src=\"http:\/\/bakh.de\/wdp\/wp-content\/uploads\/2017\/10\/k-CameraZOOM-20171006173014210.jpg\" alt=\"\" width=\"180\" height=\"135\" srcset=\"https:\/\/bakh.de\/wdp\/wp-content\/uploads\/2017\/10\/k-CameraZOOM-20171006173014210.jpg 800w, https:\/\/bakh.de\/wdp\/wp-content\/uploads\/2017\/10\/k-CameraZOOM-20171006173014210-300x225.jpg 300w, https:\/\/bakh.de\/wdp\/wp-content\/uploads\/2017\/10\/k-CameraZOOM-20171006173014210-768x576.jpg 768w\" sizes=\"auto, (max-width: 180px) 100vw, 180px\" \/>Ein neues Zugangstor zum Finkenberg soll es auf der s\u00fcdlichen Seite des Gel\u00e4ndes vom Weg in Richtung Beinstein geben. Das ge\u00e4nderte Wegekonzept f\u00fcr den Finkenberg stellte Michael Seeger (Fachbereichsleiter St\u00e4dtische Infrastruktur) bei einer Informationsveranstaltung am Freitag, 6.10.2017 vor.<!--more--><\/p>\n<p>&nbsp;<\/p>\n<p>&nbsp;<\/p>\n<p>&nbsp;<\/p>\n<p>Neben dem neuen Zugangstor ist ein Weg mit geringer Steigung vorgesehen. \u00d6ffentlich zug\u00e4nglich soll der \u201eBerg\u201c, neben der Korber Stra\u00dfe werden. Die anderen Bereiche des Finkenbergs sind f\u00fcr die Jugendfarm, Beweidung und \u00f6ffentliche G\u00e4rten vorgesehen. Das Quellgebiet des K\u00e4tzenbachs wird ein kleines Biotop sein. Bei einer kurzen Begehung wurden die Besucher f\u00fcr ihre Ausdauer bei Regen und K\u00fchle durch den sch\u00f6nen Ausblick vom Finkenberg belohnt.<\/p>\n<p><img loading=\"lazy\" decoding=\"async\" class=\"aligncenter wp-image-3669\" src=\"http:\/\/bakh.de\/wdp\/wp-content\/uploads\/2017\/10\/k-CameraZOOM-20171006180058372.jpg\" alt=\"\" width=\"248\" height=\"186\" srcset=\"https:\/\/bakh.de\/wdp\/wp-content\/uploads\/2017\/10\/k-CameraZOOM-20171006180058372.jpg 800w, https:\/\/bakh.de\/wdp\/wp-content\/uploads\/2017\/10\/k-CameraZOOM-20171006180058372-300x225.jpg 300w, https:\/\/bakh.de\/wdp\/wp-content\/uploads\/2017\/10\/k-CameraZOOM-20171006180058372-768x576.jpg 768w\" sizes=\"auto, (max-width: 248px) 100vw, 248px\" \/><\/p>\n<p>Einzelne Frage wie \u00d6ffnungszeiten, Abgrenzung zur Jugendfarm, Vermeidung von Vandalismus, sind noch offen. Vieles wird sich erst bei der Nutzung herausbilden, hoffen wir dass es n\u00e4chstes Jahr losgehen und der Finkenberg f\u00fcr die Bewohner der Korber H\u00f6he zug\u00e4nglich sein wird.<\/p>\n<p><a href=\"http:\/\/bakh.de\/wdp\/wp-content\/uploads\/2017\/10\/k-CameraZOOM-20171006174907066.jpg\"><img loading=\"lazy\" decoding=\"async\" class=\"aligncenter wp-image-3659\" src=\"http:\/\/bakh.de\/wdp\/wp-content\/uploads\/2017\/10\/k-CameraZOOM-20171006174907066.jpg\" alt=\"\" width=\"248\" height=\"186\" srcset=\"https:\/\/bakh.de\/wdp\/wp-content\/uploads\/2017\/10\/k-CameraZOOM-20171006174907066.jpg 800w, https:\/\/bakh.de\/wdp\/wp-content\/uploads\/2017\/10\/k-CameraZOOM-20171006174907066-300x225.jpg 300w, https:\/\/bakh.de\/wdp\/wp-content\/uploads\/2017\/10\/k-CameraZOOM-20171006174907066-768x576.jpg 768w\" sizes=\"auto, (max-width: 248px) 100vw, 248px\" \/><\/a><\/p>\n","protected":false},"excerpt":{"rendered":"<p>Ein neues Zugangstor zum Finkenberg soll es auf der s\u00fcdlichen Seite des Gel\u00e4ndes vom Weg in Richtung Beinstein geben. Das ge\u00e4nderte Wegekonzept f\u00fcr den Finkenberg stellte Michael Seeger (Fachbereichsleiter St\u00e4dtische Infrastruktur) bei einer Informationsveranstaltung am Freitag, 6.10.2017 vor.<\/p>\n","protected":false},"author":3,"featured_media":0,"comment_status":"closed","ping_status":"closed","sticky":false,"template":"","format":"standard","meta":{"ngg_post_thumbnail":0,"footnotes":""},"categories":[11],"tags":[],"class_list":["post-3656","post","type-post","status-publish","format-standard","hentry","category-finkenberg"],"yoast_head":"<!-- This site is optimized with the Yoast SEO plugin v27.5 - https:\/\/yoast.com\/product\/yoast-seo-wordpress\/ -->\n<title>Finkenberg f\u00fcr alle - B\u00fcrgeraktion Korber H\u00f6he e. V.<\/title>\n<meta name=\"robots\" content=\"index, follow, max-snippet:-1, max-image-preview:large, max-video-preview:-1\" \/>\n<link rel=\"canonical\" href=\"https:\/\/bakh.de\/wdp\/finkenberg-fuer-alle\/\" \/>\n<meta property=\"og:locale\" content=\"de_DE\" \/>\n<meta property=\"og:type\" content=\"article\" \/>\n<meta property=\"og:title\" content=\"Finkenberg f\u00fcr alle - B\u00fcrgeraktion Korber H\u00f6he e. V.\" \/>\n<meta property=\"og:description\" content=\"Ein neues Zugangstor zum Finkenberg soll es auf der s\u00fcdlichen Seite des Gel\u00e4ndes vom Weg in Richtung Beinstein geben. Das ge\u00e4nderte Wegekonzept f\u00fcr den Finkenberg stellte Michael Seeger (Fachbereichsleiter St\u00e4dtische Infrastruktur) bei einer Informationsveranstaltung am Freitag, 6.10.2017 vor.\" \/>\n<meta property=\"og:url\" content=\"https:\/\/bakh.de\/wdp\/finkenberg-fuer-alle\/\" \/>\n<meta property=\"og:site_name\" content=\"B\u00fcrgeraktion Korber H\u00f6he e. V.\" \/>\n<meta property=\"article:published_time\" content=\"2017-10-08T12:16:00+00:00\" \/>\n<meta property=\"article:modified_time\" content=\"2017-10-14T09:12:36+00:00\" \/>\n<meta property=\"og:image\" content=\"http:\/\/bakh.de\/wdp\/wp-content\/uploads\/2017\/10\/k-CameraZOOM-20171006173014210.jpg\" \/>\n<meta name=\"author\" content=\"Uli\" \/>\n<meta name=\"twitter:card\" content=\"summary_large_image\" \/>\n<meta name=\"twitter:label1\" content=\"Verfasst von\" \/>\n\t<meta name=\"twitter:data1\" content=\"Uli\" \/>\n\t<meta name=\"twitter:label2\" content=\"Gesch\u00e4tzte Lesezeit\" \/>\n\t<meta name=\"twitter:data2\" content=\"1\u00a0Minute\" \/>\n<script type=\"application\/ld+json\" class=\"yoast-schema-graph\">{\"@context\":\"https:\\\/\\\/schema.org\",\"@graph\":[{\"@type\":\"Article\",\"@id\":\"https:\\\/\\\/bakh.de\\\/wdp\\\/finkenberg-fuer-alle\\\/#article\",\"isPartOf\":{\"@id\":\"https:\\\/\\\/bakh.de\\\/wdp\\\/finkenberg-fuer-alle\\\/\"},\"author\":{\"name\":\"Uli\",\"@id\":\"https:\\\/\\\/bakh.de\\\/wdp\\\/#\\\/schema\\\/person\\\/75a1e296c1c53d3fbbc0a3c6104f6370\"},\"headline\":\"Finkenberg f\u00fcr alle\",\"datePublished\":\"2017-10-08T12:16:00+00:00\",\"dateModified\":\"2017-10-14T09:12:36+00:00\",\"mainEntityOfPage\":{\"@id\":\"https:\\\/\\\/bakh.de\\\/wdp\\\/finkenberg-fuer-alle\\\/\"},\"wordCount\":166,\"publisher\":{\"@id\":\"https:\\\/\\\/bakh.de\\\/wdp\\\/#organization\"},\"image\":{\"@id\":\"https:\\\/\\\/bakh.de\\\/wdp\\\/finkenberg-fuer-alle\\\/#primaryimage\"},\"thumbnailUrl\":\"http:\\\/\\\/bakh.de\\\/wdp\\\/wp-content\\\/uploads\\\/2017\\\/10\\\/k-CameraZOOM-20171006173014210.jpg\",\"articleSection\":[\"Finkenberg\"],\"inLanguage\":\"de\"},{\"@type\":\"WebPage\",\"@id\":\"https:\\\/\\\/bakh.de\\\/wdp\\\/finkenberg-fuer-alle\\\/\",\"url\":\"https:\\\/\\\/bakh.de\\\/wdp\\\/finkenberg-fuer-alle\\\/\",\"name\":\"Finkenberg f\u00fcr alle - B\u00fcrgeraktion Korber H\u00f6he e. V.\",\"isPartOf\":{\"@id\":\"https:\\\/\\\/bakh.de\\\/wdp\\\/#website\"},\"primaryImageOfPage\":{\"@id\":\"https:\\\/\\\/bakh.de\\\/wdp\\\/finkenberg-fuer-alle\\\/#primaryimage\"},\"image\":{\"@id\":\"https:\\\/\\\/bakh.de\\\/wdp\\\/finkenberg-fuer-alle\\\/#primaryimage\"},\"thumbnailUrl\":\"http:\\\/\\\/bakh.de\\\/wdp\\\/wp-content\\\/uploads\\\/2017\\\/10\\\/k-CameraZOOM-20171006173014210.jpg\",\"datePublished\":\"2017-10-08T12:16:00+00:00\",\"dateModified\":\"2017-10-14T09:12:36+00:00\",\"breadcrumb\":{\"@id\":\"https:\\\/\\\/bakh.de\\\/wdp\\\/finkenberg-fuer-alle\\\/#breadcrumb\"},\"inLanguage\":\"de\",\"potentialAction\":[{\"@type\":\"ReadAction\",\"target\":[\"https:\\\/\\\/bakh.de\\\/wdp\\\/finkenberg-fuer-alle\\\/\"]}]},{\"@type\":\"ImageObject\",\"inLanguage\":\"de\",\"@id\":\"https:\\\/\\\/bakh.de\\\/wdp\\\/finkenberg-fuer-alle\\\/#primaryimage\",\"url\":\"https:\\\/\\\/bakh.de\\\/wdp\\\/wp-content\\\/uploads\\\/2017\\\/10\\\/k-CameraZOOM-20171006173014210.jpg\",\"contentUrl\":\"https:\\\/\\\/bakh.de\\\/wdp\\\/wp-content\\\/uploads\\\/2017\\\/10\\\/k-CameraZOOM-20171006173014210.jpg\",\"width\":800,\"height\":600},{\"@type\":\"BreadcrumbList\",\"@id\":\"https:\\\/\\\/bakh.de\\\/wdp\\\/finkenberg-fuer-alle\\\/#breadcrumb\",\"itemListElement\":[{\"@type\":\"ListItem\",\"position\":1,\"name\":\"Startseite\",\"item\":\"https:\\\/\\\/bakh.de\\\/wdp\\\/\"},{\"@type\":\"ListItem\",\"position\":2,\"name\":\"Finkenberg f\u00fcr alle\"}]},{\"@type\":\"WebSite\",\"@id\":\"https:\\\/\\\/bakh.de\\\/wdp\\\/#website\",\"url\":\"https:\\\/\\\/bakh.de\\\/wdp\\\/\",\"name\":\"B\u00fcrgeraktion Korber H\u00f6he e. V.\",\"description\":\"\",\"publisher\":{\"@id\":\"https:\\\/\\\/bakh.de\\\/wdp\\\/#organization\"},\"potentialAction\":[{\"@type\":\"SearchAction\",\"target\":{\"@type\":\"EntryPoint\",\"urlTemplate\":\"https:\\\/\\\/bakh.de\\\/wdp\\\/?s={search_term_string}\"},\"query-input\":{\"@type\":\"PropertyValueSpecification\",\"valueRequired\":true,\"valueName\":\"search_term_string\"}}],\"inLanguage\":\"de\"},{\"@type\":\"Organization\",\"@id\":\"https:\\\/\\\/bakh.de\\\/wdp\\\/#organization\",\"name\":\"B\u00fcrgeraktion Korber H\u00f6he e. V.\",\"url\":\"https:\\\/\\\/bakh.de\\\/wdp\\\/\",\"logo\":{\"@type\":\"ImageObject\",\"inLanguage\":\"de\",\"@id\":\"https:\\\/\\\/bakh.de\\\/wdp\\\/#\\\/schema\\\/logo\\\/image\\\/\",\"url\":\"https:\\\/\\\/bakh.de\\\/wdp\\\/wp-content\\\/uploads\\\/2025\\\/11\\\/BAKH_Logo_4c_512.jpg\",\"contentUrl\":\"https:\\\/\\\/bakh.de\\\/wdp\\\/wp-content\\\/uploads\\\/2025\\\/11\\\/BAKH_Logo_4c_512.jpg\",\"width\":516,\"height\":518,\"caption\":\"B\u00fcrgeraktion Korber H\u00f6he e. V.\"},\"image\":{\"@id\":\"https:\\\/\\\/bakh.de\\\/wdp\\\/#\\\/schema\\\/logo\\\/image\\\/\"}},{\"@type\":\"Person\",\"@id\":\"https:\\\/\\\/bakh.de\\\/wdp\\\/#\\\/schema\\\/person\\\/75a1e296c1c53d3fbbc0a3c6104f6370\",\"name\":\"Uli\",\"image\":{\"@type\":\"ImageObject\",\"inLanguage\":\"de\",\"@id\":\"https:\\\/\\\/secure.gravatar.com\\\/avatar\\\/3b55f09e3908cc7190694de428627f99ad7fb1fd6ca4aa1f5a2c94110a7a2967?s=96&d=mm&r=g\",\"url\":\"https:\\\/\\\/secure.gravatar.com\\\/avatar\\\/3b55f09e3908cc7190694de428627f99ad7fb1fd6ca4aa1f5a2c94110a7a2967?s=96&d=mm&r=g\",\"contentUrl\":\"https:\\\/\\\/secure.gravatar.com\\\/avatar\\\/3b55f09e3908cc7190694de428627f99ad7fb1fd6ca4aa1f5a2c94110a7a2967?s=96&d=mm&r=g\",\"caption\":\"Uli\"},\"url\":\"https:\\\/\\\/bakh.de\\\/wdp\\\/author\\\/uli\\\/\"}]}<\/script>\n<!-- \/ Yoast SEO plugin. -->","yoast_head_json":{"title":"Finkenberg f\u00fcr alle - B\u00fcrgeraktion Korber H\u00f6he e. V.","robots":{"index":"index","follow":"follow","max-snippet":"max-snippet:-1","max-image-preview":"max-image-preview:large","max-video-preview":"max-video-preview:-1"},"canonical":"https:\/\/bakh.de\/wdp\/finkenberg-fuer-alle\/","og_locale":"de_DE","og_type":"article","og_title":"Finkenberg f\u00fcr alle - B\u00fcrgeraktion Korber H\u00f6he e. V.","og_description":"Ein neues Zugangstor zum Finkenberg soll es auf der s\u00fcdlichen Seite des Gel\u00e4ndes vom Weg in Richtung Beinstein geben. Das ge\u00e4nderte Wegekonzept f\u00fcr den Finkenberg stellte Michael Seeger (Fachbereichsleiter St\u00e4dtische Infrastruktur) bei einer Informationsveranstaltung am Freitag, 6.10.2017 vor.","og_url":"https:\/\/bakh.de\/wdp\/finkenberg-fuer-alle\/","og_site_name":"B\u00fcrgeraktion Korber H\u00f6he e. V.","article_published_time":"2017-10-08T12:16:00+00:00","article_modified_time":"2017-10-14T09:12:36+00:00","og_image":[{"url":"http:\/\/bakh.de\/wdp\/wp-content\/uploads\/2017\/10\/k-CameraZOOM-20171006173014210.jpg","type":"","width":"","height":""}],"author":"Uli","twitter_card":"summary_large_image","twitter_misc":{"Verfasst von":"Uli","Gesch\u00e4tzte Lesezeit":"1\u00a0Minute"},"schema":{"@context":"https:\/\/schema.org","@graph":[{"@type":"Article","@id":"https:\/\/bakh.de\/wdp\/finkenberg-fuer-alle\/#article","isPartOf":{"@id":"https:\/\/bakh.de\/wdp\/finkenberg-fuer-alle\/"},"author":{"name":"Uli","@id":"https:\/\/bakh.de\/wdp\/#\/schema\/person\/75a1e296c1c53d3fbbc0a3c6104f6370"},"headline":"Finkenberg f\u00fcr alle","datePublished":"2017-10-08T12:16:00+00:00","dateModified":"2017-10-14T09:12:36+00:00","mainEntityOfPage":{"@id":"https:\/\/bakh.de\/wdp\/finkenberg-fuer-alle\/"},"wordCount":166,"publisher":{"@id":"https:\/\/bakh.de\/wdp\/#organization"},"image":{"@id":"https:\/\/bakh.de\/wdp\/finkenberg-fuer-alle\/#primaryimage"},"thumbnailUrl":"http:\/\/bakh.de\/wdp\/wp-content\/uploads\/2017\/10\/k-CameraZOOM-20171006173014210.jpg","articleSection":["Finkenberg"],"inLanguage":"de"},{"@type":"WebPage","@id":"https:\/\/bakh.de\/wdp\/finkenberg-fuer-alle\/","url":"https:\/\/bakh.de\/wdp\/finkenberg-fuer-alle\/","name":"Finkenberg f\u00fcr alle - B\u00fcrgeraktion Korber H\u00f6he e. V.","isPartOf":{"@id":"https:\/\/bakh.de\/wdp\/#website"},"primaryImageOfPage":{"@id":"https:\/\/bakh.de\/wdp\/finkenberg-fuer-alle\/#primaryimage"},"image":{"@id":"https:\/\/bakh.de\/wdp\/finkenberg-fuer-alle\/#primaryimage"},"thumbnailUrl":"http:\/\/bakh.de\/wdp\/wp-content\/uploads\/2017\/10\/k-CameraZOOM-20171006173014210.jpg","datePublished":"2017-10-08T12:16:00+00:00","dateModified":"2017-10-14T09:12:36+00:00","breadcrumb":{"@id":"https:\/\/bakh.de\/wdp\/finkenberg-fuer-alle\/#breadcrumb"},"inLanguage":"de","potentialAction":[{"@type":"ReadAction","target":["https:\/\/bakh.de\/wdp\/finkenberg-fuer-alle\/"]}]},{"@type":"ImageObject","inLanguage":"de","@id":"https:\/\/bakh.de\/wdp\/finkenberg-fuer-alle\/#primaryimage","url":"https:\/\/bakh.de\/wdp\/wp-content\/uploads\/2017\/10\/k-CameraZOOM-20171006173014210.jpg","contentUrl":"https:\/\/bakh.de\/wdp\/wp-content\/uploads\/2017\/10\/k-CameraZOOM-20171006173014210.jpg","width":800,"height":600},{"@type":"BreadcrumbList","@id":"https:\/\/bakh.de\/wdp\/finkenberg-fuer-alle\/#breadcrumb","itemListElement":[{"@type":"ListItem","position":1,"name":"Startseite","item":"https:\/\/bakh.de\/wdp\/"},{"@type":"ListItem","position":2,"name":"Finkenberg f\u00fcr alle"}]},{"@type":"WebSite","@id":"https:\/\/bakh.de\/wdp\/#website","url":"https:\/\/bakh.de\/wdp\/","name":"B\u00fcrgeraktion Korber H\u00f6he e. V.","description":"","publisher":{"@id":"https:\/\/bakh.de\/wdp\/#organization"},"potentialAction":[{"@type":"SearchAction","target":{"@type":"EntryPoint","urlTemplate":"https:\/\/bakh.de\/wdp\/?s={search_term_string}"},"query-input":{"@type":"PropertyValueSpecification","valueRequired":true,"valueName":"search_term_string"}}],"inLanguage":"de"},{"@type":"Organization","@id":"https:\/\/bakh.de\/wdp\/#organization","name":"B\u00fcrgeraktion Korber H\u00f6he e. V.","url":"https:\/\/bakh.de\/wdp\/","logo":{"@type":"ImageObject","inLanguage":"de","@id":"https:\/\/bakh.de\/wdp\/#\/schema\/logo\/image\/","url":"https:\/\/bakh.de\/wdp\/wp-content\/uploads\/2025\/11\/BAKH_Logo_4c_512.jpg","contentUrl":"https:\/\/bakh.de\/wdp\/wp-content\/uploads\/2025\/11\/BAKH_Logo_4c_512.jpg","width":516,"height":518,"caption":"B\u00fcrgeraktion Korber H\u00f6he e. V."},"image":{"@id":"https:\/\/bakh.de\/wdp\/#\/schema\/logo\/image\/"}},{"@type":"Person","@id":"https:\/\/bakh.de\/wdp\/#\/schema\/person\/75a1e296c1c53d3fbbc0a3c6104f6370","name":"Uli","image":{"@type":"ImageObject","inLanguage":"de","@id":"https:\/\/secure.gravatar.com\/avatar\/3b55f09e3908cc7190694de428627f99ad7fb1fd6ca4aa1f5a2c94110a7a2967?s=96&d=mm&r=g","url":"https:\/\/secure.gravatar.com\/avatar\/3b55f09e3908cc7190694de428627f99ad7fb1fd6ca4aa1f5a2c94110a7a2967?s=96&d=mm&r=g","contentUrl":"https:\/\/secure.gravatar.com\/avatar\/3b55f09e3908cc7190694de428627f99ad7fb1fd6ca4aa1f5a2c94110a7a2967?s=96&d=mm&r=g","caption":"Uli"},"url":"https:\/\/bakh.de\/wdp\/author\/uli\/"}]}},"_links":{"self":[{"href":"https:\/\/bakh.de\/wdp\/wp-json\/wp\/v2\/posts\/3656","targetHints":{"allow":["GET"]}}],"collection":[{"href":"https:\/\/bakh.de\/wdp\/wp-json\/wp\/v2\/posts"}],"about":[{"href":"https:\/\/bakh.de\/wdp\/wp-json\/wp\/v2\/types\/post"}],"author":[{"embeddable":true,"href":"https:\/\/bakh.de\/wdp\/wp-json\/wp\/v2\/users\/3"}],"replies":[{"embeddable":true,"href":"https:\/\/bakh.de\/wdp\/wp-json\/wp\/v2\/comments?post=3656"}],"version-history":[{"count":7,"href":"https:\/\/bakh.de\/wdp\/wp-json\/wp\/v2\/posts\/3656\/revisions"}],"predecessor-version":[{"id":3676,"href":"https:\/\/bakh.de\/wdp\/wp-json\/wp\/v2\/posts\/3656\/revisions\/3676"}],"wp:attachment":[{"href":"https:\/\/bakh.de\/wdp\/wp-json\/wp\/v2\/media?parent=3656"}],"wp:term":[{"taxonomy":"category","embeddable":true,"href":"https:\/\/bakh.de\/wdp\/wp-json\/wp\/v2\/categories?post=3656"},{"taxonomy":"post_tag","embeddable":true,"href":"https:\/\/bakh.de\/wdp\/wp-json\/wp\/v2\/tags?post=3656"}],"curies":[{"name":"wp","href":"https:\/\/api.w.org\/{rel}","templated":true}]}}