{"id":3644,"date":"2017-10-08T12:02:22","date_gmt":"2017-10-08T12:02:22","guid":{"rendered":"http:\/\/bakh.de\/wdp\/?p=3644"},"modified":"2017-11-11T17:00:54","modified_gmt":"2017-11-11T17:00:54","slug":"startschuss-fuer-urbane-gaerten","status":"publish","type":"post","link":"https:\/\/bakh.de\/wdp\/startschuss-fuer-urbane-gaerten\/","title":{"rendered":"Startschuss f\u00fcr urbane G\u00e4rten"},"content":{"rendered":"<p><a href=\"http:\/\/bakh.de\/wdp\/wp-content\/uploads\/2017\/10\/k-CameraZOOM-20171006170509865.jpg\"><img loading=\"lazy\" decoding=\"async\" class=\"alignleft wp-image-3645\" src=\"http:\/\/bakh.de\/wdp\/wp-content\/uploads\/2017\/10\/k-CameraZOOM-20171006170509865.jpg\" alt=\"\" width=\"180\" height=\"135\" srcset=\"https:\/\/bakh.de\/wdp\/wp-content\/uploads\/2017\/10\/k-CameraZOOM-20171006170509865.jpg 800w, https:\/\/bakh.de\/wdp\/wp-content\/uploads\/2017\/10\/k-CameraZOOM-20171006170509865-300x225.jpg 300w, https:\/\/bakh.de\/wdp\/wp-content\/uploads\/2017\/10\/k-CameraZOOM-20171006170509865-768x576.jpg 768w\" sizes=\"auto, (max-width: 180px) 100vw, 180px\" \/><\/a>Mit Hochbeeten aus umgebauten Paletten m\u00f6chte die Stadt&nbsp; Waiblingen auf dem Gel\u00e4nde des Finkenbergs bei der Korber H\u00f6he einen <a href=\"https:\/\/de.wikipedia.org\/wiki\/Urbaner_Gartenbau\" target=\"_blank\" rel=\"noopener\">Nachbarschaftsgarten<\/a> initiieren. Bei einer Informationsveranstaltung am Freitag, 6.10.2017, stellte die Waiblinger Landschaftsarchitektin <a href=\"http:\/\/www.grueber-landschaftsarchitektur.de\/home.html\" target=\"_blank\" rel=\"noopener\">Ute Gr\u00fcber<\/a> zusammen mit Michael Seeger von der Stadtverwaltung Waiblingen den Entwurf \u201eG\u00e4rten auf dem Finkenberg\u201c vor.<!--more--><\/p>\n<p>\u201eSelbermachen\u201c steht im Vordergrund. Die <a href=\"https:\/\/anstiftung.de\/urbane-gaerten\/praxisseiten-urbane-gaerten\/107-praxisblaetter\/urbane-gaerten\/1427-praxisblatt-hochbeet-huegelbeet-und-tischbeet\" target=\"_blank\" rel=\"noopener\">Hochbeete<\/a> beim dem Gel\u00e4nde der <a href=\"http:\/\/www.jugendfarm-waiblingen.de\/\" target=\"_blank\" rel=\"noopener\">Jugendfarm<\/a> sind dabei ein Anfang. Wie sie gestaltet werden, welche Erweiterungen mit weiteren Beeten, Pflanzkisten, B\u00e4nken, ist offen. Erste interessierte B\u00fcrger haben sich bei der Veranstaltung gemeldet. Weitere Mitstreiter k\u00f6nnen sich bei <a href=\"mailto:michael.seeger@waiblingen.de\">Michael Seeger<\/a> oder bei <a href=\"mailto:grueber@grueber-landschaftsarchitektur.de\">Ute Gr\u00fcber<\/a> melden.<\/p>\n<p><a href=\"http:\/\/bakh.de\/wdp\/wp-content\/uploads\/2017\/08\/k-Hochbeete-Paletten-Beispiel.jpg\"><img loading=\"lazy\" decoding=\"async\" class=\"wp-image-3635 aligncenter\" src=\"http:\/\/bakh.de\/wdp\/wp-content\/uploads\/2017\/08\/k-Hochbeete-Paletten-Beispiel.jpg\" alt=\"\" width=\"248\" height=\"186\" srcset=\"https:\/\/bakh.de\/wdp\/wp-content\/uploads\/2017\/08\/k-Hochbeete-Paletten-Beispiel.jpg 800w, https:\/\/bakh.de\/wdp\/wp-content\/uploads\/2017\/08\/k-Hochbeete-Paletten-Beispiel-300x225.jpg 300w, https:\/\/bakh.de\/wdp\/wp-content\/uploads\/2017\/08\/k-Hochbeete-Paletten-Beispiel-768x576.jpg 768w\" sizes=\"auto, (max-width: 248px) 100vw, 248px\" \/><\/a><\/p>\n<p>Viele Dinge, wie z.B. das Zusammenspiel mit der Jugendfarm, sind noch ungekl\u00e4rt. Dies hat aber den Vorteil die G\u00e4rten selbst gestalten zu k\u00f6nnen. Jetzt sind engagierte Mitstreiter gefragt. Melden Sie sich, machen Sie mit auf der Korber H\u00f6he durch gemeinsames G\u00e4rtnern einen weiteren Treffpunkt f\u00fcr Begegnungen in unserem Stadtteil zu schaffen.<\/p>\n<p><a href=\"http:\/\/bakh.de\/wdp\/wp-content\/uploads\/2017\/10\/k-CameraZOOM-20171006173104712.jpg\"><img loading=\"lazy\" decoding=\"async\" class=\"wp-image-3646 aligncenter\" src=\"http:\/\/bakh.de\/wdp\/wp-content\/uploads\/2017\/10\/k-CameraZOOM-20171006173104712-300x225.jpg\" alt=\"\" width=\"248\" height=\"186\" srcset=\"https:\/\/bakh.de\/wdp\/wp-content\/uploads\/2017\/10\/k-CameraZOOM-20171006173104712-300x225.jpg 300w, https:\/\/bakh.de\/wdp\/wp-content\/uploads\/2017\/10\/k-CameraZOOM-20171006173104712-768x576.jpg 768w, https:\/\/bakh.de\/wdp\/wp-content\/uploads\/2017\/10\/k-CameraZOOM-20171006173104712.jpg 800w\" sizes=\"auto, (max-width: 248px) 100vw, 248px\" \/><\/a><\/p>\n","protected":false},"excerpt":{"rendered":"<p>Mit Hochbeeten aus umgebauten Paletten m\u00f6chte die Stadt&nbsp; Waiblingen auf dem Gel\u00e4nde des Finkenbergs bei der Korber H\u00f6he einen Nachbarschaftsgarten initiieren. Bei einer Informationsveranstaltung am Freitag, 6.10.2017, stellte die Waiblinger Landschaftsarchitektin Ute Gr\u00fcber zusammen mit Michael Seeger von der Stadtverwaltung Waiblingen den Entwurf \u201eG\u00e4rten auf dem Finkenberg\u201c vor.<\/p>\n","protected":false},"author":3,"featured_media":0,"comment_status":"closed","ping_status":"closed","sticky":false,"template":"","format":"standard","meta":{"ngg_post_thumbnail":0,"footnotes":""},"categories":[11],"tags":[],"class_list":["post-3644","post","type-post","status-publish","format-standard","hentry","category-finkenberg"],"yoast_head":"<!-- This site is optimized with the Yoast SEO plugin v27.5 - https:\/\/yoast.com\/product\/yoast-seo-wordpress\/ -->\n<title>Startschuss f\u00fcr urbane G\u00e4rten - B\u00fcrgeraktion Korber H\u00f6he e. V.<\/title>\n<meta name=\"robots\" content=\"index, follow, max-snippet:-1, max-image-preview:large, max-video-preview:-1\" \/>\n<link rel=\"canonical\" href=\"https:\/\/bakh.de\/wdp\/startschuss-fuer-urbane-gaerten\/\" \/>\n<meta property=\"og:locale\" content=\"de_DE\" \/>\n<meta property=\"og:type\" content=\"article\" \/>\n<meta property=\"og:title\" content=\"Startschuss f\u00fcr urbane G\u00e4rten - B\u00fcrgeraktion Korber H\u00f6he e. V.\" \/>\n<meta property=\"og:description\" content=\"Mit Hochbeeten aus umgebauten Paletten m\u00f6chte die Stadt&nbsp; Waiblingen auf dem Gel\u00e4nde des Finkenbergs bei der Korber H\u00f6he einen Nachbarschaftsgarten initiieren. Bei einer Informationsveranstaltung am Freitag, 6.10.2017, stellte die Waiblinger Landschaftsarchitektin Ute Gr\u00fcber zusammen mit Michael Seeger von der Stadtverwaltung Waiblingen den Entwurf \u201eG\u00e4rten auf dem Finkenberg\u201c vor.\" \/>\n<meta property=\"og:url\" content=\"https:\/\/bakh.de\/wdp\/startschuss-fuer-urbane-gaerten\/\" \/>\n<meta property=\"og:site_name\" content=\"B\u00fcrgeraktion Korber H\u00f6he e. V.\" \/>\n<meta property=\"article:published_time\" content=\"2017-10-08T12:02:22+00:00\" \/>\n<meta property=\"article:modified_time\" content=\"2017-11-11T17:00:54+00:00\" \/>\n<meta property=\"og:image\" content=\"http:\/\/bakh.de\/wdp\/wp-content\/uploads\/2017\/10\/k-CameraZOOM-20171006170509865.jpg\" \/>\n<meta name=\"author\" content=\"Uli\" \/>\n<meta name=\"twitter:card\" content=\"summary_large_image\" \/>\n<meta name=\"twitter:label1\" content=\"Verfasst von\" \/>\n\t<meta name=\"twitter:data1\" content=\"Uli\" \/>\n\t<meta name=\"twitter:label2\" content=\"Gesch\u00e4tzte Lesezeit\" \/>\n\t<meta name=\"twitter:data2\" content=\"1\u00a0Minute\" \/>\n<script type=\"application\/ld+json\" class=\"yoast-schema-graph\">{\"@context\":\"https:\\\/\\\/schema.org\",\"@graph\":[{\"@type\":\"Article\",\"@id\":\"https:\\\/\\\/bakh.de\\\/wdp\\\/startschuss-fuer-urbane-gaerten\\\/#article\",\"isPartOf\":{\"@id\":\"https:\\\/\\\/bakh.de\\\/wdp\\\/startschuss-fuer-urbane-gaerten\\\/\"},\"author\":{\"name\":\"Uli\",\"@id\":\"https:\\\/\\\/bakh.de\\\/wdp\\\/#\\\/schema\\\/person\\\/75a1e296c1c53d3fbbc0a3c6104f6370\"},\"headline\":\"Startschuss f\u00fcr urbane G\u00e4rten\",\"datePublished\":\"2017-10-08T12:02:22+00:00\",\"dateModified\":\"2017-11-11T17:00:54+00:00\",\"mainEntityOfPage\":{\"@id\":\"https:\\\/\\\/bakh.de\\\/wdp\\\/startschuss-fuer-urbane-gaerten\\\/\"},\"wordCount\":171,\"publisher\":{\"@id\":\"https:\\\/\\\/bakh.de\\\/wdp\\\/#organization\"},\"image\":{\"@id\":\"https:\\\/\\\/bakh.de\\\/wdp\\\/startschuss-fuer-urbane-gaerten\\\/#primaryimage\"},\"thumbnailUrl\":\"http:\\\/\\\/bakh.de\\\/wdp\\\/wp-content\\\/uploads\\\/2017\\\/10\\\/k-CameraZOOM-20171006170509865.jpg\",\"articleSection\":[\"Finkenberg\"],\"inLanguage\":\"de\"},{\"@type\":\"WebPage\",\"@id\":\"https:\\\/\\\/bakh.de\\\/wdp\\\/startschuss-fuer-urbane-gaerten\\\/\",\"url\":\"https:\\\/\\\/bakh.de\\\/wdp\\\/startschuss-fuer-urbane-gaerten\\\/\",\"name\":\"Startschuss f\u00fcr urbane G\u00e4rten - B\u00fcrgeraktion Korber H\u00f6he e. V.\",\"isPartOf\":{\"@id\":\"https:\\\/\\\/bakh.de\\\/wdp\\\/#website\"},\"primaryImageOfPage\":{\"@id\":\"https:\\\/\\\/bakh.de\\\/wdp\\\/startschuss-fuer-urbane-gaerten\\\/#primaryimage\"},\"image\":{\"@id\":\"https:\\\/\\\/bakh.de\\\/wdp\\\/startschuss-fuer-urbane-gaerten\\\/#primaryimage\"},\"thumbnailUrl\":\"http:\\\/\\\/bakh.de\\\/wdp\\\/wp-content\\\/uploads\\\/2017\\\/10\\\/k-CameraZOOM-20171006170509865.jpg\",\"datePublished\":\"2017-10-08T12:02:22+00:00\",\"dateModified\":\"2017-11-11T17:00:54+00:00\",\"breadcrumb\":{\"@id\":\"https:\\\/\\\/bakh.de\\\/wdp\\\/startschuss-fuer-urbane-gaerten\\\/#breadcrumb\"},\"inLanguage\":\"de\",\"potentialAction\":[{\"@type\":\"ReadAction\",\"target\":[\"https:\\\/\\\/bakh.de\\\/wdp\\\/startschuss-fuer-urbane-gaerten\\\/\"]}]},{\"@type\":\"ImageObject\",\"inLanguage\":\"de\",\"@id\":\"https:\\\/\\\/bakh.de\\\/wdp\\\/startschuss-fuer-urbane-gaerten\\\/#primaryimage\",\"url\":\"https:\\\/\\\/bakh.de\\\/wdp\\\/wp-content\\\/uploads\\\/2017\\\/10\\\/k-CameraZOOM-20171006170509865.jpg\",\"contentUrl\":\"https:\\\/\\\/bakh.de\\\/wdp\\\/wp-content\\\/uploads\\\/2017\\\/10\\\/k-CameraZOOM-20171006170509865.jpg\",\"width\":800,\"height\":600},{\"@type\":\"BreadcrumbList\",\"@id\":\"https:\\\/\\\/bakh.de\\\/wdp\\\/startschuss-fuer-urbane-gaerten\\\/#breadcrumb\",\"itemListElement\":[{\"@type\":\"ListItem\",\"position\":1,\"name\":\"Startseite\",\"item\":\"https:\\\/\\\/bakh.de\\\/wdp\\\/\"},{\"@type\":\"ListItem\",\"position\":2,\"name\":\"Startschuss f\u00fcr urbane G\u00e4rten\"}]},{\"@type\":\"WebSite\",\"@id\":\"https:\\\/\\\/bakh.de\\\/wdp\\\/#website\",\"url\":\"https:\\\/\\\/bakh.de\\\/wdp\\\/\",\"name\":\"B\u00fcrgeraktion Korber H\u00f6he e. V.\",\"description\":\"\",\"publisher\":{\"@id\":\"https:\\\/\\\/bakh.de\\\/wdp\\\/#organization\"},\"potentialAction\":[{\"@type\":\"SearchAction\",\"target\":{\"@type\":\"EntryPoint\",\"urlTemplate\":\"https:\\\/\\\/bakh.de\\\/wdp\\\/?s={search_term_string}\"},\"query-input\":{\"@type\":\"PropertyValueSpecification\",\"valueRequired\":true,\"valueName\":\"search_term_string\"}}],\"inLanguage\":\"de\"},{\"@type\":\"Organization\",\"@id\":\"https:\\\/\\\/bakh.de\\\/wdp\\\/#organization\",\"name\":\"B\u00fcrgeraktion Korber H\u00f6he e. V.\",\"url\":\"https:\\\/\\\/bakh.de\\\/wdp\\\/\",\"logo\":{\"@type\":\"ImageObject\",\"inLanguage\":\"de\",\"@id\":\"https:\\\/\\\/bakh.de\\\/wdp\\\/#\\\/schema\\\/logo\\\/image\\\/\",\"url\":\"https:\\\/\\\/bakh.de\\\/wdp\\\/wp-content\\\/uploads\\\/2025\\\/11\\\/BAKH_Logo_4c_512.jpg\",\"contentUrl\":\"https:\\\/\\\/bakh.de\\\/wdp\\\/wp-content\\\/uploads\\\/2025\\\/11\\\/BAKH_Logo_4c_512.jpg\",\"width\":516,\"height\":518,\"caption\":\"B\u00fcrgeraktion Korber H\u00f6he e. V.\"},\"image\":{\"@id\":\"https:\\\/\\\/bakh.de\\\/wdp\\\/#\\\/schema\\\/logo\\\/image\\\/\"}},{\"@type\":\"Person\",\"@id\":\"https:\\\/\\\/bakh.de\\\/wdp\\\/#\\\/schema\\\/person\\\/75a1e296c1c53d3fbbc0a3c6104f6370\",\"name\":\"Uli\",\"image\":{\"@type\":\"ImageObject\",\"inLanguage\":\"de\",\"@id\":\"https:\\\/\\\/secure.gravatar.com\\\/avatar\\\/3b55f09e3908cc7190694de428627f99ad7fb1fd6ca4aa1f5a2c94110a7a2967?s=96&d=mm&r=g\",\"url\":\"https:\\\/\\\/secure.gravatar.com\\\/avatar\\\/3b55f09e3908cc7190694de428627f99ad7fb1fd6ca4aa1f5a2c94110a7a2967?s=96&d=mm&r=g\",\"contentUrl\":\"https:\\\/\\\/secure.gravatar.com\\\/avatar\\\/3b55f09e3908cc7190694de428627f99ad7fb1fd6ca4aa1f5a2c94110a7a2967?s=96&d=mm&r=g\",\"caption\":\"Uli\"},\"url\":\"https:\\\/\\\/bakh.de\\\/wdp\\\/author\\\/uli\\\/\"}]}<\/script>\n<!-- \/ Yoast SEO plugin. -->","yoast_head_json":{"title":"Startschuss f\u00fcr urbane G\u00e4rten - B\u00fcrgeraktion Korber H\u00f6he e. V.","robots":{"index":"index","follow":"follow","max-snippet":"max-snippet:-1","max-image-preview":"max-image-preview:large","max-video-preview":"max-video-preview:-1"},"canonical":"https:\/\/bakh.de\/wdp\/startschuss-fuer-urbane-gaerten\/","og_locale":"de_DE","og_type":"article","og_title":"Startschuss f\u00fcr urbane G\u00e4rten - B\u00fcrgeraktion Korber H\u00f6he e. V.","og_description":"Mit Hochbeeten aus umgebauten Paletten m\u00f6chte die Stadt&nbsp; Waiblingen auf dem Gel\u00e4nde des Finkenbergs bei der Korber H\u00f6he einen Nachbarschaftsgarten initiieren. Bei einer Informationsveranstaltung am Freitag, 6.10.2017, stellte die Waiblinger Landschaftsarchitektin Ute Gr\u00fcber zusammen mit Michael Seeger von der Stadtverwaltung Waiblingen den Entwurf \u201eG\u00e4rten auf dem Finkenberg\u201c vor.","og_url":"https:\/\/bakh.de\/wdp\/startschuss-fuer-urbane-gaerten\/","og_site_name":"B\u00fcrgeraktion Korber H\u00f6he e. V.","article_published_time":"2017-10-08T12:02:22+00:00","article_modified_time":"2017-11-11T17:00:54+00:00","og_image":[{"url":"http:\/\/bakh.de\/wdp\/wp-content\/uploads\/2017\/10\/k-CameraZOOM-20171006170509865.jpg","type":"","width":"","height":""}],"author":"Uli","twitter_card":"summary_large_image","twitter_misc":{"Verfasst von":"Uli","Gesch\u00e4tzte Lesezeit":"1\u00a0Minute"},"schema":{"@context":"https:\/\/schema.org","@graph":[{"@type":"Article","@id":"https:\/\/bakh.de\/wdp\/startschuss-fuer-urbane-gaerten\/#article","isPartOf":{"@id":"https:\/\/bakh.de\/wdp\/startschuss-fuer-urbane-gaerten\/"},"author":{"name":"Uli","@id":"https:\/\/bakh.de\/wdp\/#\/schema\/person\/75a1e296c1c53d3fbbc0a3c6104f6370"},"headline":"Startschuss f\u00fcr urbane G\u00e4rten","datePublished":"2017-10-08T12:02:22+00:00","dateModified":"2017-11-11T17:00:54+00:00","mainEntityOfPage":{"@id":"https:\/\/bakh.de\/wdp\/startschuss-fuer-urbane-gaerten\/"},"wordCount":171,"publisher":{"@id":"https:\/\/bakh.de\/wdp\/#organization"},"image":{"@id":"https:\/\/bakh.de\/wdp\/startschuss-fuer-urbane-gaerten\/#primaryimage"},"thumbnailUrl":"http:\/\/bakh.de\/wdp\/wp-content\/uploads\/2017\/10\/k-CameraZOOM-20171006170509865.jpg","articleSection":["Finkenberg"],"inLanguage":"de"},{"@type":"WebPage","@id":"https:\/\/bakh.de\/wdp\/startschuss-fuer-urbane-gaerten\/","url":"https:\/\/bakh.de\/wdp\/startschuss-fuer-urbane-gaerten\/","name":"Startschuss f\u00fcr urbane G\u00e4rten - B\u00fcrgeraktion Korber H\u00f6he e. V.","isPartOf":{"@id":"https:\/\/bakh.de\/wdp\/#website"},"primaryImageOfPage":{"@id":"https:\/\/bakh.de\/wdp\/startschuss-fuer-urbane-gaerten\/#primaryimage"},"image":{"@id":"https:\/\/bakh.de\/wdp\/startschuss-fuer-urbane-gaerten\/#primaryimage"},"thumbnailUrl":"http:\/\/bakh.de\/wdp\/wp-content\/uploads\/2017\/10\/k-CameraZOOM-20171006170509865.jpg","datePublished":"2017-10-08T12:02:22+00:00","dateModified":"2017-11-11T17:00:54+00:00","breadcrumb":{"@id":"https:\/\/bakh.de\/wdp\/startschuss-fuer-urbane-gaerten\/#breadcrumb"},"inLanguage":"de","potentialAction":[{"@type":"ReadAction","target":["https:\/\/bakh.de\/wdp\/startschuss-fuer-urbane-gaerten\/"]}]},{"@type":"ImageObject","inLanguage":"de","@id":"https:\/\/bakh.de\/wdp\/startschuss-fuer-urbane-gaerten\/#primaryimage","url":"https:\/\/bakh.de\/wdp\/wp-content\/uploads\/2017\/10\/k-CameraZOOM-20171006170509865.jpg","contentUrl":"https:\/\/bakh.de\/wdp\/wp-content\/uploads\/2017\/10\/k-CameraZOOM-20171006170509865.jpg","width":800,"height":600},{"@type":"BreadcrumbList","@id":"https:\/\/bakh.de\/wdp\/startschuss-fuer-urbane-gaerten\/#breadcrumb","itemListElement":[{"@type":"ListItem","position":1,"name":"Startseite","item":"https:\/\/bakh.de\/wdp\/"},{"@type":"ListItem","position":2,"name":"Startschuss f\u00fcr urbane G\u00e4rten"}]},{"@type":"WebSite","@id":"https:\/\/bakh.de\/wdp\/#website","url":"https:\/\/bakh.de\/wdp\/","name":"B\u00fcrgeraktion Korber H\u00f6he e. V.","description":"","publisher":{"@id":"https:\/\/bakh.de\/wdp\/#organization"},"potentialAction":[{"@type":"SearchAction","target":{"@type":"EntryPoint","urlTemplate":"https:\/\/bakh.de\/wdp\/?s={search_term_string}"},"query-input":{"@type":"PropertyValueSpecification","valueRequired":true,"valueName":"search_term_string"}}],"inLanguage":"de"},{"@type":"Organization","@id":"https:\/\/bakh.de\/wdp\/#organization","name":"B\u00fcrgeraktion Korber H\u00f6he e. V.","url":"https:\/\/bakh.de\/wdp\/","logo":{"@type":"ImageObject","inLanguage":"de","@id":"https:\/\/bakh.de\/wdp\/#\/schema\/logo\/image\/","url":"https:\/\/bakh.de\/wdp\/wp-content\/uploads\/2025\/11\/BAKH_Logo_4c_512.jpg","contentUrl":"https:\/\/bakh.de\/wdp\/wp-content\/uploads\/2025\/11\/BAKH_Logo_4c_512.jpg","width":516,"height":518,"caption":"B\u00fcrgeraktion Korber H\u00f6he e. V."},"image":{"@id":"https:\/\/bakh.de\/wdp\/#\/schema\/logo\/image\/"}},{"@type":"Person","@id":"https:\/\/bakh.de\/wdp\/#\/schema\/person\/75a1e296c1c53d3fbbc0a3c6104f6370","name":"Uli","image":{"@type":"ImageObject","inLanguage":"de","@id":"https:\/\/secure.gravatar.com\/avatar\/3b55f09e3908cc7190694de428627f99ad7fb1fd6ca4aa1f5a2c94110a7a2967?s=96&d=mm&r=g","url":"https:\/\/secure.gravatar.com\/avatar\/3b55f09e3908cc7190694de428627f99ad7fb1fd6ca4aa1f5a2c94110a7a2967?s=96&d=mm&r=g","contentUrl":"https:\/\/secure.gravatar.com\/avatar\/3b55f09e3908cc7190694de428627f99ad7fb1fd6ca4aa1f5a2c94110a7a2967?s=96&d=mm&r=g","caption":"Uli"},"url":"https:\/\/bakh.de\/wdp\/author\/uli\/"}]}},"_links":{"self":[{"href":"https:\/\/bakh.de\/wdp\/wp-json\/wp\/v2\/posts\/3644","targetHints":{"allow":["GET"]}}],"collection":[{"href":"https:\/\/bakh.de\/wdp\/wp-json\/wp\/v2\/posts"}],"about":[{"href":"https:\/\/bakh.de\/wdp\/wp-json\/wp\/v2\/types\/post"}],"author":[{"embeddable":true,"href":"https:\/\/bakh.de\/wdp\/wp-json\/wp\/v2\/users\/3"}],"replies":[{"embeddable":true,"href":"https:\/\/bakh.de\/wdp\/wp-json\/wp\/v2\/comments?post=3644"}],"version-history":[{"count":11,"href":"https:\/\/bakh.de\/wdp\/wp-json\/wp\/v2\/posts\/3644\/revisions"}],"predecessor-version":[{"id":3685,"href":"https:\/\/bakh.de\/wdp\/wp-json\/wp\/v2\/posts\/3644\/revisions\/3685"}],"wp:attachment":[{"href":"https:\/\/bakh.de\/wdp\/wp-json\/wp\/v2\/media?parent=3644"}],"wp:term":[{"taxonomy":"category","embeddable":true,"href":"https:\/\/bakh.de\/wdp\/wp-json\/wp\/v2\/categories?post=3644"},{"taxonomy":"post_tag","embeddable":true,"href":"https:\/\/bakh.de\/wdp\/wp-json\/wp\/v2\/tags?post=3644"}],"curies":[{"name":"wp","href":"https:\/\/api.w.org\/{rel}","templated":true}]}}