{"id":3634,"date":"2017-08-27T10:12:26","date_gmt":"2017-08-27T10:12:26","guid":{"rendered":"http:\/\/bakh.de\/wdp\/?p=3634"},"modified":"2017-08-27T10:14:19","modified_gmt":"2017-08-27T10:14:19","slug":"nutzung-finkenberg","status":"publish","type":"post","link":"https:\/\/bakh.de\/wdp\/nutzung-finkenberg\/","title":{"rendered":"Nutzung Finkenberg"},"content":{"rendered":"<p>Die <a href=\"http:\/\/www.jugendfarm-waiblingen.de\/\" target=\"_blank\" rel=\"noopener\">Jugendfarm<\/a> ist der zentrale Ort auf dem Finkenberg. Aber welche Nutzungsm\u00f6glichkeiten gibt es sonst noch?<\/p>\n<p><a href=\"https:\/\/anstiftung.de\/urbane-gaerten\/gaerten-im-ueberblick\" target=\"_blank\" rel=\"noopener\">Essbare G\u00e4rten\/ Urban Gardening<\/a> ist ein Vorschlag der Stadtverwaltung. Diese Idee und weitere Pl\u00e4ne f\u00fcr Zugang, Beweidung, Wege, Aussichtspunkt wird Michael Seeger (Fachbereichsleiter St\u00e4dtische Infrastruktur) allen interessierten B\u00fcrgern und Mitstreitern am Freitag, den 06. Oktober 2017 um 17.00 Uhr vorstellen und weitere Aktionen besprechen.<\/p>\n<p><a href=\"http:\/\/bakh.de\/wdp\/wp-content\/uploads\/2017\/08\/k-Hochbeete-Paletten-Beispiel.jpg\"><img loading=\"lazy\" decoding=\"async\" class=\"aligncenter wp-image-3635\" src=\"http:\/\/bakh.de\/wdp\/wp-content\/uploads\/2017\/08\/k-Hochbeete-Paletten-Beispiel.jpg\" alt=\"\" width=\"400\" height=\"300\" srcset=\"https:\/\/bakh.de\/wdp\/wp-content\/uploads\/2017\/08\/k-Hochbeete-Paletten-Beispiel.jpg 800w, https:\/\/bakh.de\/wdp\/wp-content\/uploads\/2017\/08\/k-Hochbeete-Paletten-Beispiel-300x225.jpg 300w, https:\/\/bakh.de\/wdp\/wp-content\/uploads\/2017\/08\/k-Hochbeete-Paletten-Beispiel-768x576.jpg 768w\" sizes=\"auto, (max-width: 400px) 100vw, 400px\" \/><\/a><\/p>\n<p>&nbsp;<\/p>\n","protected":false},"excerpt":{"rendered":"<p>Die Jugendfarm ist der zentrale Ort auf dem Finkenberg. Aber welche Nutzungsm\u00f6glichkeiten gibt es sonst noch? Essbare G\u00e4rten\/ Urban Gardening ist ein Vorschlag der Stadtverwaltung. Diese Idee und weitere Pl\u00e4ne f\u00fcr Zugang, Beweidung, Wege, Aussichtspunkt wird Michael Seeger (Fachbereichsleiter St\u00e4dtische Infrastruktur) allen interessierten B\u00fcrgern und Mitstreitern am Freitag, den 06. Oktober 2017 um 17.00 Uhr [&hellip;]<\/p>\n","protected":false},"author":3,"featured_media":0,"comment_status":"closed","ping_status":"closed","sticky":false,"template":"","format":"standard","meta":{"ngg_post_thumbnail":0,"footnotes":""},"categories":[11,6],"tags":[],"class_list":["post-3634","post","type-post","status-publish","format-standard","hentry","category-finkenberg","category-termine"],"yoast_head":"<!-- This site is optimized with the Yoast SEO plugin v27.5 - https:\/\/yoast.com\/product\/yoast-seo-wordpress\/ -->\n<title>Nutzung Finkenberg - B\u00fcrgeraktion Korber H\u00f6he e. V.<\/title>\n<meta name=\"robots\" content=\"index, follow, max-snippet:-1, max-image-preview:large, max-video-preview:-1\" \/>\n<link rel=\"canonical\" href=\"https:\/\/bakh.de\/wdp\/nutzung-finkenberg\/\" \/>\n<meta property=\"og:locale\" content=\"de_DE\" \/>\n<meta property=\"og:type\" content=\"article\" \/>\n<meta property=\"og:title\" content=\"Nutzung Finkenberg - B\u00fcrgeraktion Korber H\u00f6he e. V.\" \/>\n<meta property=\"og:description\" content=\"Die Jugendfarm ist der zentrale Ort auf dem Finkenberg. Aber welche Nutzungsm\u00f6glichkeiten gibt es sonst noch? Essbare G\u00e4rten\/ Urban Gardening ist ein Vorschlag der Stadtverwaltung. Diese Idee und weitere Pl\u00e4ne f\u00fcr Zugang, Beweidung, Wege, Aussichtspunkt wird Michael Seeger (Fachbereichsleiter St\u00e4dtische Infrastruktur) allen interessierten B\u00fcrgern und Mitstreitern am Freitag, den 06. Oktober 2017 um 17.00 Uhr [&hellip;]\" \/>\n<meta property=\"og:url\" content=\"https:\/\/bakh.de\/wdp\/nutzung-finkenberg\/\" \/>\n<meta property=\"og:site_name\" content=\"B\u00fcrgeraktion Korber H\u00f6he e. V.\" \/>\n<meta property=\"article:published_time\" content=\"2017-08-27T10:12:26+00:00\" \/>\n<meta property=\"article:modified_time\" content=\"2017-08-27T10:14:19+00:00\" \/>\n<meta property=\"og:image\" content=\"http:\/\/bakh.de\/wdp\/wp-content\/uploads\/2017\/08\/k-Hochbeete-Paletten-Beispiel.jpg\" \/>\n<meta name=\"author\" content=\"Uli\" \/>\n<meta name=\"twitter:card\" content=\"summary_large_image\" \/>\n<meta name=\"twitter:label1\" content=\"Verfasst von\" \/>\n\t<meta name=\"twitter:data1\" content=\"Uli\" \/>\n<script type=\"application\/ld+json\" class=\"yoast-schema-graph\">{\"@context\":\"https:\\\/\\\/schema.org\",\"@graph\":[{\"@type\":\"Article\",\"@id\":\"https:\\\/\\\/bakh.de\\\/wdp\\\/nutzung-finkenberg\\\/#article\",\"isPartOf\":{\"@id\":\"https:\\\/\\\/bakh.de\\\/wdp\\\/nutzung-finkenberg\\\/\"},\"author\":{\"name\":\"Uli\",\"@id\":\"https:\\\/\\\/bakh.de\\\/wdp\\\/#\\\/schema\\\/person\\\/75a1e296c1c53d3fbbc0a3c6104f6370\"},\"headline\":\"Nutzung Finkenberg\",\"datePublished\":\"2017-08-27T10:12:26+00:00\",\"dateModified\":\"2017-08-27T10:14:19+00:00\",\"mainEntityOfPage\":{\"@id\":\"https:\\\/\\\/bakh.de\\\/wdp\\\/nutzung-finkenberg\\\/\"},\"wordCount\":66,\"publisher\":{\"@id\":\"https:\\\/\\\/bakh.de\\\/wdp\\\/#organization\"},\"image\":{\"@id\":\"https:\\\/\\\/bakh.de\\\/wdp\\\/nutzung-finkenberg\\\/#primaryimage\"},\"thumbnailUrl\":\"http:\\\/\\\/bakh.de\\\/wdp\\\/wp-content\\\/uploads\\\/2017\\\/08\\\/k-Hochbeete-Paletten-Beispiel.jpg\",\"articleSection\":[\"Finkenberg\",\"Termine\"],\"inLanguage\":\"de\"},{\"@type\":\"WebPage\",\"@id\":\"https:\\\/\\\/bakh.de\\\/wdp\\\/nutzung-finkenberg\\\/\",\"url\":\"https:\\\/\\\/bakh.de\\\/wdp\\\/nutzung-finkenberg\\\/\",\"name\":\"Nutzung Finkenberg - B\u00fcrgeraktion Korber H\u00f6he e. V.\",\"isPartOf\":{\"@id\":\"https:\\\/\\\/bakh.de\\\/wdp\\\/#website\"},\"primaryImageOfPage\":{\"@id\":\"https:\\\/\\\/bakh.de\\\/wdp\\\/nutzung-finkenberg\\\/#primaryimage\"},\"image\":{\"@id\":\"https:\\\/\\\/bakh.de\\\/wdp\\\/nutzung-finkenberg\\\/#primaryimage\"},\"thumbnailUrl\":\"http:\\\/\\\/bakh.de\\\/wdp\\\/wp-content\\\/uploads\\\/2017\\\/08\\\/k-Hochbeete-Paletten-Beispiel.jpg\",\"datePublished\":\"2017-08-27T10:12:26+00:00\",\"dateModified\":\"2017-08-27T10:14:19+00:00\",\"breadcrumb\":{\"@id\":\"https:\\\/\\\/bakh.de\\\/wdp\\\/nutzung-finkenberg\\\/#breadcrumb\"},\"inLanguage\":\"de\",\"potentialAction\":[{\"@type\":\"ReadAction\",\"target\":[\"https:\\\/\\\/bakh.de\\\/wdp\\\/nutzung-finkenberg\\\/\"]}]},{\"@type\":\"ImageObject\",\"inLanguage\":\"de\",\"@id\":\"https:\\\/\\\/bakh.de\\\/wdp\\\/nutzung-finkenberg\\\/#primaryimage\",\"url\":\"https:\\\/\\\/bakh.de\\\/wdp\\\/wp-content\\\/uploads\\\/2017\\\/08\\\/k-Hochbeete-Paletten-Beispiel.jpg\",\"contentUrl\":\"https:\\\/\\\/bakh.de\\\/wdp\\\/wp-content\\\/uploads\\\/2017\\\/08\\\/k-Hochbeete-Paletten-Beispiel.jpg\",\"width\":800,\"height\":600},{\"@type\":\"BreadcrumbList\",\"@id\":\"https:\\\/\\\/bakh.de\\\/wdp\\\/nutzung-finkenberg\\\/#breadcrumb\",\"itemListElement\":[{\"@type\":\"ListItem\",\"position\":1,\"name\":\"Startseite\",\"item\":\"https:\\\/\\\/bakh.de\\\/wdp\\\/\"},{\"@type\":\"ListItem\",\"position\":2,\"name\":\"Nutzung Finkenberg\"}]},{\"@type\":\"WebSite\",\"@id\":\"https:\\\/\\\/bakh.de\\\/wdp\\\/#website\",\"url\":\"https:\\\/\\\/bakh.de\\\/wdp\\\/\",\"name\":\"B\u00fcrgeraktion Korber H\u00f6he e. V.\",\"description\":\"\",\"publisher\":{\"@id\":\"https:\\\/\\\/bakh.de\\\/wdp\\\/#organization\"},\"potentialAction\":[{\"@type\":\"SearchAction\",\"target\":{\"@type\":\"EntryPoint\",\"urlTemplate\":\"https:\\\/\\\/bakh.de\\\/wdp\\\/?s={search_term_string}\"},\"query-input\":{\"@type\":\"PropertyValueSpecification\",\"valueRequired\":true,\"valueName\":\"search_term_string\"}}],\"inLanguage\":\"de\"},{\"@type\":\"Organization\",\"@id\":\"https:\\\/\\\/bakh.de\\\/wdp\\\/#organization\",\"name\":\"B\u00fcrgeraktion Korber H\u00f6he e. V.\",\"url\":\"https:\\\/\\\/bakh.de\\\/wdp\\\/\",\"logo\":{\"@type\":\"ImageObject\",\"inLanguage\":\"de\",\"@id\":\"https:\\\/\\\/bakh.de\\\/wdp\\\/#\\\/schema\\\/logo\\\/image\\\/\",\"url\":\"https:\\\/\\\/bakh.de\\\/wdp\\\/wp-content\\\/uploads\\\/2025\\\/11\\\/BAKH_Logo_4c_512.jpg\",\"contentUrl\":\"https:\\\/\\\/bakh.de\\\/wdp\\\/wp-content\\\/uploads\\\/2025\\\/11\\\/BAKH_Logo_4c_512.jpg\",\"width\":516,\"height\":518,\"caption\":\"B\u00fcrgeraktion Korber H\u00f6he e. V.\"},\"image\":{\"@id\":\"https:\\\/\\\/bakh.de\\\/wdp\\\/#\\\/schema\\\/logo\\\/image\\\/\"}},{\"@type\":\"Person\",\"@id\":\"https:\\\/\\\/bakh.de\\\/wdp\\\/#\\\/schema\\\/person\\\/75a1e296c1c53d3fbbc0a3c6104f6370\",\"name\":\"Uli\",\"image\":{\"@type\":\"ImageObject\",\"inLanguage\":\"de\",\"@id\":\"https:\\\/\\\/secure.gravatar.com\\\/avatar\\\/3b55f09e3908cc7190694de428627f99ad7fb1fd6ca4aa1f5a2c94110a7a2967?s=96&d=mm&r=g\",\"url\":\"https:\\\/\\\/secure.gravatar.com\\\/avatar\\\/3b55f09e3908cc7190694de428627f99ad7fb1fd6ca4aa1f5a2c94110a7a2967?s=96&d=mm&r=g\",\"contentUrl\":\"https:\\\/\\\/secure.gravatar.com\\\/avatar\\\/3b55f09e3908cc7190694de428627f99ad7fb1fd6ca4aa1f5a2c94110a7a2967?s=96&d=mm&r=g\",\"caption\":\"Uli\"},\"url\":\"https:\\\/\\\/bakh.de\\\/wdp\\\/author\\\/uli\\\/\"}]}<\/script>\n<!-- \/ Yoast SEO plugin. -->","yoast_head_json":{"title":"Nutzung Finkenberg - B\u00fcrgeraktion Korber H\u00f6he e. V.","robots":{"index":"index","follow":"follow","max-snippet":"max-snippet:-1","max-image-preview":"max-image-preview:large","max-video-preview":"max-video-preview:-1"},"canonical":"https:\/\/bakh.de\/wdp\/nutzung-finkenberg\/","og_locale":"de_DE","og_type":"article","og_title":"Nutzung Finkenberg - B\u00fcrgeraktion Korber H\u00f6he e. V.","og_description":"Die Jugendfarm ist der zentrale Ort auf dem Finkenberg. Aber welche Nutzungsm\u00f6glichkeiten gibt es sonst noch? Essbare G\u00e4rten\/ Urban Gardening ist ein Vorschlag der Stadtverwaltung. Diese Idee und weitere Pl\u00e4ne f\u00fcr Zugang, Beweidung, Wege, Aussichtspunkt wird Michael Seeger (Fachbereichsleiter St\u00e4dtische Infrastruktur) allen interessierten B\u00fcrgern und Mitstreitern am Freitag, den 06. Oktober 2017 um 17.00 Uhr [&hellip;]","og_url":"https:\/\/bakh.de\/wdp\/nutzung-finkenberg\/","og_site_name":"B\u00fcrgeraktion Korber H\u00f6he e. V.","article_published_time":"2017-08-27T10:12:26+00:00","article_modified_time":"2017-08-27T10:14:19+00:00","og_image":[{"url":"http:\/\/bakh.de\/wdp\/wp-content\/uploads\/2017\/08\/k-Hochbeete-Paletten-Beispiel.jpg","type":"","width":"","height":""}],"author":"Uli","twitter_card":"summary_large_image","twitter_misc":{"Verfasst von":"Uli"},"schema":{"@context":"https:\/\/schema.org","@graph":[{"@type":"Article","@id":"https:\/\/bakh.de\/wdp\/nutzung-finkenberg\/#article","isPartOf":{"@id":"https:\/\/bakh.de\/wdp\/nutzung-finkenberg\/"},"author":{"name":"Uli","@id":"https:\/\/bakh.de\/wdp\/#\/schema\/person\/75a1e296c1c53d3fbbc0a3c6104f6370"},"headline":"Nutzung Finkenberg","datePublished":"2017-08-27T10:12:26+00:00","dateModified":"2017-08-27T10:14:19+00:00","mainEntityOfPage":{"@id":"https:\/\/bakh.de\/wdp\/nutzung-finkenberg\/"},"wordCount":66,"publisher":{"@id":"https:\/\/bakh.de\/wdp\/#organization"},"image":{"@id":"https:\/\/bakh.de\/wdp\/nutzung-finkenberg\/#primaryimage"},"thumbnailUrl":"http:\/\/bakh.de\/wdp\/wp-content\/uploads\/2017\/08\/k-Hochbeete-Paletten-Beispiel.jpg","articleSection":["Finkenberg","Termine"],"inLanguage":"de"},{"@type":"WebPage","@id":"https:\/\/bakh.de\/wdp\/nutzung-finkenberg\/","url":"https:\/\/bakh.de\/wdp\/nutzung-finkenberg\/","name":"Nutzung Finkenberg - B\u00fcrgeraktion Korber H\u00f6he e. V.","isPartOf":{"@id":"https:\/\/bakh.de\/wdp\/#website"},"primaryImageOfPage":{"@id":"https:\/\/bakh.de\/wdp\/nutzung-finkenberg\/#primaryimage"},"image":{"@id":"https:\/\/bakh.de\/wdp\/nutzung-finkenberg\/#primaryimage"},"thumbnailUrl":"http:\/\/bakh.de\/wdp\/wp-content\/uploads\/2017\/08\/k-Hochbeete-Paletten-Beispiel.jpg","datePublished":"2017-08-27T10:12:26+00:00","dateModified":"2017-08-27T10:14:19+00:00","breadcrumb":{"@id":"https:\/\/bakh.de\/wdp\/nutzung-finkenberg\/#breadcrumb"},"inLanguage":"de","potentialAction":[{"@type":"ReadAction","target":["https:\/\/bakh.de\/wdp\/nutzung-finkenberg\/"]}]},{"@type":"ImageObject","inLanguage":"de","@id":"https:\/\/bakh.de\/wdp\/nutzung-finkenberg\/#primaryimage","url":"https:\/\/bakh.de\/wdp\/wp-content\/uploads\/2017\/08\/k-Hochbeete-Paletten-Beispiel.jpg","contentUrl":"https:\/\/bakh.de\/wdp\/wp-content\/uploads\/2017\/08\/k-Hochbeete-Paletten-Beispiel.jpg","width":800,"height":600},{"@type":"BreadcrumbList","@id":"https:\/\/bakh.de\/wdp\/nutzung-finkenberg\/#breadcrumb","itemListElement":[{"@type":"ListItem","position":1,"name":"Startseite","item":"https:\/\/bakh.de\/wdp\/"},{"@type":"ListItem","position":2,"name":"Nutzung Finkenberg"}]},{"@type":"WebSite","@id":"https:\/\/bakh.de\/wdp\/#website","url":"https:\/\/bakh.de\/wdp\/","name":"B\u00fcrgeraktion Korber H\u00f6he e. V.","description":"","publisher":{"@id":"https:\/\/bakh.de\/wdp\/#organization"},"potentialAction":[{"@type":"SearchAction","target":{"@type":"EntryPoint","urlTemplate":"https:\/\/bakh.de\/wdp\/?s={search_term_string}"},"query-input":{"@type":"PropertyValueSpecification","valueRequired":true,"valueName":"search_term_string"}}],"inLanguage":"de"},{"@type":"Organization","@id":"https:\/\/bakh.de\/wdp\/#organization","name":"B\u00fcrgeraktion Korber H\u00f6he e. V.","url":"https:\/\/bakh.de\/wdp\/","logo":{"@type":"ImageObject","inLanguage":"de","@id":"https:\/\/bakh.de\/wdp\/#\/schema\/logo\/image\/","url":"https:\/\/bakh.de\/wdp\/wp-content\/uploads\/2025\/11\/BAKH_Logo_4c_512.jpg","contentUrl":"https:\/\/bakh.de\/wdp\/wp-content\/uploads\/2025\/11\/BAKH_Logo_4c_512.jpg","width":516,"height":518,"caption":"B\u00fcrgeraktion Korber H\u00f6he e. V."},"image":{"@id":"https:\/\/bakh.de\/wdp\/#\/schema\/logo\/image\/"}},{"@type":"Person","@id":"https:\/\/bakh.de\/wdp\/#\/schema\/person\/75a1e296c1c53d3fbbc0a3c6104f6370","name":"Uli","image":{"@type":"ImageObject","inLanguage":"de","@id":"https:\/\/secure.gravatar.com\/avatar\/3b55f09e3908cc7190694de428627f99ad7fb1fd6ca4aa1f5a2c94110a7a2967?s=96&d=mm&r=g","url":"https:\/\/secure.gravatar.com\/avatar\/3b55f09e3908cc7190694de428627f99ad7fb1fd6ca4aa1f5a2c94110a7a2967?s=96&d=mm&r=g","contentUrl":"https:\/\/secure.gravatar.com\/avatar\/3b55f09e3908cc7190694de428627f99ad7fb1fd6ca4aa1f5a2c94110a7a2967?s=96&d=mm&r=g","caption":"Uli"},"url":"https:\/\/bakh.de\/wdp\/author\/uli\/"}]}},"_links":{"self":[{"href":"https:\/\/bakh.de\/wdp\/wp-json\/wp\/v2\/posts\/3634","targetHints":{"allow":["GET"]}}],"collection":[{"href":"https:\/\/bakh.de\/wdp\/wp-json\/wp\/v2\/posts"}],"about":[{"href":"https:\/\/bakh.de\/wdp\/wp-json\/wp\/v2\/types\/post"}],"author":[{"embeddable":true,"href":"https:\/\/bakh.de\/wdp\/wp-json\/wp\/v2\/users\/3"}],"replies":[{"embeddable":true,"href":"https:\/\/bakh.de\/wdp\/wp-json\/wp\/v2\/comments?post=3634"}],"version-history":[{"count":1,"href":"https:\/\/bakh.de\/wdp\/wp-json\/wp\/v2\/posts\/3634\/revisions"}],"predecessor-version":[{"id":3636,"href":"https:\/\/bakh.de\/wdp\/wp-json\/wp\/v2\/posts\/3634\/revisions\/3636"}],"wp:attachment":[{"href":"https:\/\/bakh.de\/wdp\/wp-json\/wp\/v2\/media?parent=3634"}],"wp:term":[{"taxonomy":"category","embeddable":true,"href":"https:\/\/bakh.de\/wdp\/wp-json\/wp\/v2\/categories?post=3634"},{"taxonomy":"post_tag","embeddable":true,"href":"https:\/\/bakh.de\/wdp\/wp-json\/wp\/v2\/tags?post=3634"}],"curies":[{"name":"wp","href":"https:\/\/api.w.org\/{rel}","templated":true}]}}