{"id":3609,"date":"2017-07-10T16:11:46","date_gmt":"2017-07-10T16:11:46","guid":{"rendered":"http:\/\/bakh.de\/wdp\/?p=3609"},"modified":"2017-07-10T16:15:15","modified_gmt":"2017-07-10T16:15:15","slug":"keine-zukunft-fuer-das-gruene-hochhaus","status":"publish","type":"post","link":"https:\/\/bakh.de\/wdp\/keine-zukunft-fuer-das-gruene-hochhaus\/","title":{"rendered":"Keine Zukunft f\u00fcr das gr\u00fcne Hochhaus?"},"content":{"rendered":"<div data-canvas-width=\"361.4\">\n<div data-canvas-width=\"247.22000000000003\">\n<p>Die CDU-Gemeinderatsfraktion hat beantragt, das Projekt &#8222;Gr\u00fcnes Hochhaus&#8220; nicht weiter zu verfolgen. Sie bef\u00fcrchtet extrem hohe Kosten und ein nicht verantwortbares Risiko. Der Gemeinderat wird in seiner Sitzung am Donnerstag 20.7.2017 dar\u00fcber entscheiden. Da Ali und DFB den Antrag unterst\u00fctzen, wird das Vorhaben voraussichtlich beerdigt werden. Die SPD ist anderer Meinung und setzt sich vehement f\u00fcr das Projekt ein.<\/p>\n<\/div>\n<\/div>\n<p><!--more--><\/p>\n<div data-canvas-width=\"232.92\">\n<div data-canvas-width=\"708.7400000000002\">Die <a href=\"http:\/\/www.stuttgarter-zeitung.de\/inhalt.waiblinger-bauplaene-dem-gruenen-hochhaus-droht-die-rote-karte.82f42a09-5036-4ffb-ad83-e2041bc0fd24.html\" target=\"_blank\" rel=\"noopener\">Stuttgarter Zeitung<\/a> berichtete in ihrer Ausgabe vom 7.7.2017 ausf\u00fchrlich \u00fcber die Stellungnahme des SPD-Fraktionsvorsitzenden Roland Wied, der bef\u00fcrchtet, dass durch den Antrag der CDU-Fraktion ein attraktives Projekt auf der Korber-H\u00f6he verhindert wird.<\/div>\n<div data-canvas-width=\"708.7400000000002\">Im Hauptausschuss der B\u00fcrgeraktion haben wir die Antr\u00e4ge diskutiert. Das Vorhaben des neuen Investors hat durchaus positive Aspekte. Wir beurteilen das geplante Hochhaus aber weiterhin kritisch&nbsp; und wollen die Entscheidung des Gemeinderates abwarten.<\/div>\n<\/div>\n<div data-canvas-width=\"708.7400000000002\">&nbsp;<\/div>\n<div data-canvas-width=\"232.92\">\n<div data-canvas-width=\"708.7400000000002\">Hier die Stellungnahme der SPD-Fraktion: <\/div>\n<\/div>\n","protected":false},"excerpt":{"rendered":"<p>Die CDU-Gemeinderatsfraktion hat beantragt, das Projekt &#8222;Gr\u00fcnes Hochhaus&#8220; nicht weiter zu verfolgen. Sie bef\u00fcrchtet extrem hohe Kosten und ein nicht verantwortbares Risiko. Der Gemeinderat wird in seiner Sitzung am Donnerstag 20.7.2017 dar\u00fcber entscheiden. Da Ali und DFB den Antrag unterst\u00fctzen, wird das Vorhaben voraussichtlich beerdigt werden. Die SPD ist anderer Meinung und setzt sich vehement [&hellip;]<\/p>\n","protected":false},"author":3,"featured_media":0,"comment_status":"closed","ping_status":"closed","sticky":false,"template":"","format":"standard","meta":{"ngg_post_thumbnail":0,"footnotes":""},"categories":[17,6],"tags":[],"class_list":["post-3609","post","type-post","status-publish","format-standard","hentry","category-hochhaus-korber-hoehe-ii","category-termine"],"yoast_head":"<!-- This site is optimized with the Yoast SEO plugin v27.5 - https:\/\/yoast.com\/product\/yoast-seo-wordpress\/ -->\n<title>Keine Zukunft f\u00fcr das gr\u00fcne Hochhaus? - B\u00fcrgeraktion Korber H\u00f6he e. V.<\/title>\n<meta name=\"robots\" content=\"index, follow, max-snippet:-1, max-image-preview:large, max-video-preview:-1\" \/>\n<link rel=\"canonical\" href=\"https:\/\/bakh.de\/wdp\/keine-zukunft-fuer-das-gruene-hochhaus\/\" \/>\n<meta property=\"og:locale\" content=\"de_DE\" \/>\n<meta property=\"og:type\" content=\"article\" \/>\n<meta property=\"og:title\" content=\"Keine Zukunft f\u00fcr das gr\u00fcne Hochhaus? - B\u00fcrgeraktion Korber H\u00f6he e. V.\" \/>\n<meta property=\"og:description\" content=\"Die CDU-Gemeinderatsfraktion hat beantragt, das Projekt &#8222;Gr\u00fcnes Hochhaus&#8220; nicht weiter zu verfolgen. Sie bef\u00fcrchtet extrem hohe Kosten und ein nicht verantwortbares Risiko. Der Gemeinderat wird in seiner Sitzung am Donnerstag 20.7.2017 dar\u00fcber entscheiden. Da Ali und DFB den Antrag unterst\u00fctzen, wird das Vorhaben voraussichtlich beerdigt werden. Die SPD ist anderer Meinung und setzt sich vehement [&hellip;]\" \/>\n<meta property=\"og:url\" content=\"https:\/\/bakh.de\/wdp\/keine-zukunft-fuer-das-gruene-hochhaus\/\" \/>\n<meta property=\"og:site_name\" content=\"B\u00fcrgeraktion Korber H\u00f6he e. V.\" \/>\n<meta property=\"article:published_time\" content=\"2017-07-10T16:11:46+00:00\" \/>\n<meta property=\"article:modified_time\" content=\"2017-07-10T16:15:15+00:00\" \/>\n<meta property=\"og:image\" content=\"https:\/\/bakh.de\/wdp\/wp-content\/uploads\/2025\/11\/BAKH_Logo_4c_512.jpg\" \/>\n\t<meta property=\"og:image:width\" content=\"516\" \/>\n\t<meta property=\"og:image:height\" content=\"518\" \/>\n\t<meta property=\"og:image:type\" content=\"image\/jpeg\" \/>\n<meta name=\"author\" content=\"Uli\" \/>\n<meta name=\"twitter:card\" content=\"summary_large_image\" \/>\n<meta name=\"twitter:label1\" content=\"Verfasst von\" \/>\n\t<meta name=\"twitter:data1\" content=\"Uli\" \/>\n\t<meta name=\"twitter:label2\" content=\"Gesch\u00e4tzte Lesezeit\" \/>\n\t<meta name=\"twitter:data2\" content=\"1\u00a0Minute\" \/>\n<script type=\"application\/ld+json\" class=\"yoast-schema-graph\">{\"@context\":\"https:\\\/\\\/schema.org\",\"@graph\":[{\"@type\":\"Article\",\"@id\":\"https:\\\/\\\/bakh.de\\\/wdp\\\/keine-zukunft-fuer-das-gruene-hochhaus\\\/#article\",\"isPartOf\":{\"@id\":\"https:\\\/\\\/bakh.de\\\/wdp\\\/keine-zukunft-fuer-das-gruene-hochhaus\\\/\"},\"author\":{\"name\":\"Uli\",\"@id\":\"https:\\\/\\\/bakh.de\\\/wdp\\\/#\\\/schema\\\/person\\\/75a1e296c1c53d3fbbc0a3c6104f6370\"},\"headline\":\"Keine Zukunft f\u00fcr das gr\u00fcne Hochhaus?\",\"datePublished\":\"2017-07-10T16:11:46+00:00\",\"dateModified\":\"2017-07-10T16:15:15+00:00\",\"mainEntityOfPage\":{\"@id\":\"https:\\\/\\\/bakh.de\\\/wdp\\\/keine-zukunft-fuer-das-gruene-hochhaus\\\/\"},\"wordCount\":150,\"publisher\":{\"@id\":\"https:\\\/\\\/bakh.de\\\/wdp\\\/#organization\"},\"articleSection\":[\"Hochhaus\",\"Termine\"],\"inLanguage\":\"de\"},{\"@type\":\"WebPage\",\"@id\":\"https:\\\/\\\/bakh.de\\\/wdp\\\/keine-zukunft-fuer-das-gruene-hochhaus\\\/\",\"url\":\"https:\\\/\\\/bakh.de\\\/wdp\\\/keine-zukunft-fuer-das-gruene-hochhaus\\\/\",\"name\":\"Keine Zukunft f\u00fcr das gr\u00fcne Hochhaus? - B\u00fcrgeraktion Korber H\u00f6he e. V.\",\"isPartOf\":{\"@id\":\"https:\\\/\\\/bakh.de\\\/wdp\\\/#website\"},\"datePublished\":\"2017-07-10T16:11:46+00:00\",\"dateModified\":\"2017-07-10T16:15:15+00:00\",\"breadcrumb\":{\"@id\":\"https:\\\/\\\/bakh.de\\\/wdp\\\/keine-zukunft-fuer-das-gruene-hochhaus\\\/#breadcrumb\"},\"inLanguage\":\"de\",\"potentialAction\":[{\"@type\":\"ReadAction\",\"target\":[\"https:\\\/\\\/bakh.de\\\/wdp\\\/keine-zukunft-fuer-das-gruene-hochhaus\\\/\"]}]},{\"@type\":\"BreadcrumbList\",\"@id\":\"https:\\\/\\\/bakh.de\\\/wdp\\\/keine-zukunft-fuer-das-gruene-hochhaus\\\/#breadcrumb\",\"itemListElement\":[{\"@type\":\"ListItem\",\"position\":1,\"name\":\"Startseite\",\"item\":\"https:\\\/\\\/bakh.de\\\/wdp\\\/\"},{\"@type\":\"ListItem\",\"position\":2,\"name\":\"Keine Zukunft f\u00fcr das gr\u00fcne Hochhaus?\"}]},{\"@type\":\"WebSite\",\"@id\":\"https:\\\/\\\/bakh.de\\\/wdp\\\/#website\",\"url\":\"https:\\\/\\\/bakh.de\\\/wdp\\\/\",\"name\":\"B\u00fcrgeraktion Korber H\u00f6he e. V.\",\"description\":\"\",\"publisher\":{\"@id\":\"https:\\\/\\\/bakh.de\\\/wdp\\\/#organization\"},\"potentialAction\":[{\"@type\":\"SearchAction\",\"target\":{\"@type\":\"EntryPoint\",\"urlTemplate\":\"https:\\\/\\\/bakh.de\\\/wdp\\\/?s={search_term_string}\"},\"query-input\":{\"@type\":\"PropertyValueSpecification\",\"valueRequired\":true,\"valueName\":\"search_term_string\"}}],\"inLanguage\":\"de\"},{\"@type\":\"Organization\",\"@id\":\"https:\\\/\\\/bakh.de\\\/wdp\\\/#organization\",\"name\":\"B\u00fcrgeraktion Korber H\u00f6he e. V.\",\"url\":\"https:\\\/\\\/bakh.de\\\/wdp\\\/\",\"logo\":{\"@type\":\"ImageObject\",\"inLanguage\":\"de\",\"@id\":\"https:\\\/\\\/bakh.de\\\/wdp\\\/#\\\/schema\\\/logo\\\/image\\\/\",\"url\":\"https:\\\/\\\/bakh.de\\\/wdp\\\/wp-content\\\/uploads\\\/2025\\\/11\\\/BAKH_Logo_4c_512.jpg\",\"contentUrl\":\"https:\\\/\\\/bakh.de\\\/wdp\\\/wp-content\\\/uploads\\\/2025\\\/11\\\/BAKH_Logo_4c_512.jpg\",\"width\":516,\"height\":518,\"caption\":\"B\u00fcrgeraktion Korber H\u00f6he e. V.\"},\"image\":{\"@id\":\"https:\\\/\\\/bakh.de\\\/wdp\\\/#\\\/schema\\\/logo\\\/image\\\/\"}},{\"@type\":\"Person\",\"@id\":\"https:\\\/\\\/bakh.de\\\/wdp\\\/#\\\/schema\\\/person\\\/75a1e296c1c53d3fbbc0a3c6104f6370\",\"name\":\"Uli\",\"image\":{\"@type\":\"ImageObject\",\"inLanguage\":\"de\",\"@id\":\"https:\\\/\\\/secure.gravatar.com\\\/avatar\\\/3b55f09e3908cc7190694de428627f99ad7fb1fd6ca4aa1f5a2c94110a7a2967?s=96&d=mm&r=g\",\"url\":\"https:\\\/\\\/secure.gravatar.com\\\/avatar\\\/3b55f09e3908cc7190694de428627f99ad7fb1fd6ca4aa1f5a2c94110a7a2967?s=96&d=mm&r=g\",\"contentUrl\":\"https:\\\/\\\/secure.gravatar.com\\\/avatar\\\/3b55f09e3908cc7190694de428627f99ad7fb1fd6ca4aa1f5a2c94110a7a2967?s=96&d=mm&r=g\",\"caption\":\"Uli\"},\"url\":\"https:\\\/\\\/bakh.de\\\/wdp\\\/author\\\/uli\\\/\"}]}<\/script>\n<!-- \/ Yoast SEO plugin. -->","yoast_head_json":{"title":"Keine Zukunft f\u00fcr das gr\u00fcne Hochhaus? - B\u00fcrgeraktion Korber H\u00f6he e. V.","robots":{"index":"index","follow":"follow","max-snippet":"max-snippet:-1","max-image-preview":"max-image-preview:large","max-video-preview":"max-video-preview:-1"},"canonical":"https:\/\/bakh.de\/wdp\/keine-zukunft-fuer-das-gruene-hochhaus\/","og_locale":"de_DE","og_type":"article","og_title":"Keine Zukunft f\u00fcr das gr\u00fcne Hochhaus? - B\u00fcrgeraktion Korber H\u00f6he e. V.","og_description":"Die CDU-Gemeinderatsfraktion hat beantragt, das Projekt &#8222;Gr\u00fcnes Hochhaus&#8220; nicht weiter zu verfolgen. Sie bef\u00fcrchtet extrem hohe Kosten und ein nicht verantwortbares Risiko. Der Gemeinderat wird in seiner Sitzung am Donnerstag 20.7.2017 dar\u00fcber entscheiden. Da Ali und DFB den Antrag unterst\u00fctzen, wird das Vorhaben voraussichtlich beerdigt werden. Die SPD ist anderer Meinung und setzt sich vehement [&hellip;]","og_url":"https:\/\/bakh.de\/wdp\/keine-zukunft-fuer-das-gruene-hochhaus\/","og_site_name":"B\u00fcrgeraktion Korber H\u00f6he e. V.","article_published_time":"2017-07-10T16:11:46+00:00","article_modified_time":"2017-07-10T16:15:15+00:00","og_image":[{"width":516,"height":518,"url":"https:\/\/bakh.de\/wdp\/wp-content\/uploads\/2025\/11\/BAKH_Logo_4c_512.jpg","type":"image\/jpeg"}],"author":"Uli","twitter_card":"summary_large_image","twitter_misc":{"Verfasst von":"Uli","Gesch\u00e4tzte Lesezeit":"1\u00a0Minute"},"schema":{"@context":"https:\/\/schema.org","@graph":[{"@type":"Article","@id":"https:\/\/bakh.de\/wdp\/keine-zukunft-fuer-das-gruene-hochhaus\/#article","isPartOf":{"@id":"https:\/\/bakh.de\/wdp\/keine-zukunft-fuer-das-gruene-hochhaus\/"},"author":{"name":"Uli","@id":"https:\/\/bakh.de\/wdp\/#\/schema\/person\/75a1e296c1c53d3fbbc0a3c6104f6370"},"headline":"Keine Zukunft f\u00fcr das gr\u00fcne Hochhaus?","datePublished":"2017-07-10T16:11:46+00:00","dateModified":"2017-07-10T16:15:15+00:00","mainEntityOfPage":{"@id":"https:\/\/bakh.de\/wdp\/keine-zukunft-fuer-das-gruene-hochhaus\/"},"wordCount":150,"publisher":{"@id":"https:\/\/bakh.de\/wdp\/#organization"},"articleSection":["Hochhaus","Termine"],"inLanguage":"de"},{"@type":"WebPage","@id":"https:\/\/bakh.de\/wdp\/keine-zukunft-fuer-das-gruene-hochhaus\/","url":"https:\/\/bakh.de\/wdp\/keine-zukunft-fuer-das-gruene-hochhaus\/","name":"Keine Zukunft f\u00fcr das gr\u00fcne Hochhaus? - B\u00fcrgeraktion Korber H\u00f6he e. V.","isPartOf":{"@id":"https:\/\/bakh.de\/wdp\/#website"},"datePublished":"2017-07-10T16:11:46+00:00","dateModified":"2017-07-10T16:15:15+00:00","breadcrumb":{"@id":"https:\/\/bakh.de\/wdp\/keine-zukunft-fuer-das-gruene-hochhaus\/#breadcrumb"},"inLanguage":"de","potentialAction":[{"@type":"ReadAction","target":["https:\/\/bakh.de\/wdp\/keine-zukunft-fuer-das-gruene-hochhaus\/"]}]},{"@type":"BreadcrumbList","@id":"https:\/\/bakh.de\/wdp\/keine-zukunft-fuer-das-gruene-hochhaus\/#breadcrumb","itemListElement":[{"@type":"ListItem","position":1,"name":"Startseite","item":"https:\/\/bakh.de\/wdp\/"},{"@type":"ListItem","position":2,"name":"Keine Zukunft f\u00fcr das gr\u00fcne Hochhaus?"}]},{"@type":"WebSite","@id":"https:\/\/bakh.de\/wdp\/#website","url":"https:\/\/bakh.de\/wdp\/","name":"B\u00fcrgeraktion Korber H\u00f6he e. V.","description":"","publisher":{"@id":"https:\/\/bakh.de\/wdp\/#organization"},"potentialAction":[{"@type":"SearchAction","target":{"@type":"EntryPoint","urlTemplate":"https:\/\/bakh.de\/wdp\/?s={search_term_string}"},"query-input":{"@type":"PropertyValueSpecification","valueRequired":true,"valueName":"search_term_string"}}],"inLanguage":"de"},{"@type":"Organization","@id":"https:\/\/bakh.de\/wdp\/#organization","name":"B\u00fcrgeraktion Korber H\u00f6he e. V.","url":"https:\/\/bakh.de\/wdp\/","logo":{"@type":"ImageObject","inLanguage":"de","@id":"https:\/\/bakh.de\/wdp\/#\/schema\/logo\/image\/","url":"https:\/\/bakh.de\/wdp\/wp-content\/uploads\/2025\/11\/BAKH_Logo_4c_512.jpg","contentUrl":"https:\/\/bakh.de\/wdp\/wp-content\/uploads\/2025\/11\/BAKH_Logo_4c_512.jpg","width":516,"height":518,"caption":"B\u00fcrgeraktion Korber H\u00f6he e. V."},"image":{"@id":"https:\/\/bakh.de\/wdp\/#\/schema\/logo\/image\/"}},{"@type":"Person","@id":"https:\/\/bakh.de\/wdp\/#\/schema\/person\/75a1e296c1c53d3fbbc0a3c6104f6370","name":"Uli","image":{"@type":"ImageObject","inLanguage":"de","@id":"https:\/\/secure.gravatar.com\/avatar\/3b55f09e3908cc7190694de428627f99ad7fb1fd6ca4aa1f5a2c94110a7a2967?s=96&d=mm&r=g","url":"https:\/\/secure.gravatar.com\/avatar\/3b55f09e3908cc7190694de428627f99ad7fb1fd6ca4aa1f5a2c94110a7a2967?s=96&d=mm&r=g","contentUrl":"https:\/\/secure.gravatar.com\/avatar\/3b55f09e3908cc7190694de428627f99ad7fb1fd6ca4aa1f5a2c94110a7a2967?s=96&d=mm&r=g","caption":"Uli"},"url":"https:\/\/bakh.de\/wdp\/author\/uli\/"}]}},"_links":{"self":[{"href":"https:\/\/bakh.de\/wdp\/wp-json\/wp\/v2\/posts\/3609","targetHints":{"allow":["GET"]}}],"collection":[{"href":"https:\/\/bakh.de\/wdp\/wp-json\/wp\/v2\/posts"}],"about":[{"href":"https:\/\/bakh.de\/wdp\/wp-json\/wp\/v2\/types\/post"}],"author":[{"embeddable":true,"href":"https:\/\/bakh.de\/wdp\/wp-json\/wp\/v2\/users\/3"}],"replies":[{"embeddable":true,"href":"https:\/\/bakh.de\/wdp\/wp-json\/wp\/v2\/comments?post=3609"}],"version-history":[{"count":5,"href":"https:\/\/bakh.de\/wdp\/wp-json\/wp\/v2\/posts\/3609\/revisions"}],"predecessor-version":[{"id":3614,"href":"https:\/\/bakh.de\/wdp\/wp-json\/wp\/v2\/posts\/3609\/revisions\/3614"}],"wp:attachment":[{"href":"https:\/\/bakh.de\/wdp\/wp-json\/wp\/v2\/media?parent=3609"}],"wp:term":[{"taxonomy":"category","embeddable":true,"href":"https:\/\/bakh.de\/wdp\/wp-json\/wp\/v2\/categories?post=3609"},{"taxonomy":"post_tag","embeddable":true,"href":"https:\/\/bakh.de\/wdp\/wp-json\/wp\/v2\/tags?post=3609"}],"curies":[{"name":"wp","href":"https:\/\/api.w.org\/{rel}","templated":true}]}}