{"id":3587,"date":"2017-05-29T11:05:28","date_gmt":"2017-05-29T11:05:28","guid":{"rendered":"http:\/\/bakh.de\/wdp\/?p=3587"},"modified":"2017-05-29T11:18:28","modified_gmt":"2017-05-29T11:18:28","slug":"neuer-investor-fuer-gruenes-hochhaus","status":"publish","type":"post","link":"https:\/\/bakh.de\/wdp\/neuer-investor-fuer-gruenes-hochhaus\/","title":{"rendered":"Neuer Investor f\u00fcr gr\u00fcnes Hochhaus"},"content":{"rendered":"<p><a href=\"http:\/\/bakh.de\/wdp\/wp-content\/uploads\/2016\/07\/schwingende-g\u00e4rten.jpeg\"><img loading=\"lazy\" decoding=\"async\" class=\"alignleft wp-image-3238\" src=\"http:\/\/bakh.de\/wdp\/wp-content\/uploads\/2016\/07\/schwingende-g\u00e4rten.jpeg\" alt=\"\" width=\"170\" height=\"112\" srcset=\"https:\/\/bakh.de\/wdp\/wp-content\/uploads\/2016\/07\/schwingende-g\u00e4rten.jpeg 510w, https:\/\/bakh.de\/wdp\/wp-content\/uploads\/2016\/07\/schwingende-g\u00e4rten-300x197.jpeg 300w\" sizes=\"auto, (max-width: 170px) 100vw, 170px\" \/><\/a>Nachdem die beiden verbliebenen Investoren zur\u00fcckgezogen haben, wollen nun die Stuttgarter Firmen <a href=\"http:\/\/www.archy-nova.de\/\" target=\"_blank\" rel=\"noopener noreferrer\">Archy Nova<\/a> und <a href=\"http:\/\/www.zueblin.de\/\" target=\"_blank\" rel=\"noopener noreferrer\">Z\u00fcblin<\/a> das gr\u00fcne Hochhaus bauen. \u00dcber die Presseerkl\u00e4rung von Archy Nova und Z\u00fcblin haben Waiblinger Kreiszeitung und <a href=\"http:\/\/www.stuttgarter-zeitung.de\/inhalt.neuer-investor-fuer-wohnturm-in-waiblingen-gruenes-hochhaus-soll-2019-fertig-sein.4b0c3d76-cc19-41af-a0c9-954452e2369c.html\" target=\"_blank\" rel=\"noopener noreferrer\">Stuttgarter Zeitung<\/a> berichtet.<\/p>\n<p>Es soll keine Luxuswohnungen geben. G\u00fcnstige Mietwohnungen stehen im Vordergrund, auch Sozialwohnungen sollen m\u00f6glich sein. \u00d6kologisches Bauen, generationen-\u00fcbergreifendes Wohnen und ein eigenes Restaurant sind weitere Stichworte des Konzepts.<\/p>\n<p>Bei der n\u00e4chsten Gemeinderatssitzung am 1.6.2017 steht das Hochhaus nicht auf der Tagesordnung. Vermutlich wird es in der n\u00e4chsten Sitzung des <a href=\"https:\/\/www.waiblingen.de\/de\/Das-Rathaus\/Kommunalpolitik\/Sitzungen\/Sitzung?view=publish&amp;item=eventDate&amp;id=5335\" target=\"_blank\" rel=\"noopener noreferrer\">Ausschusses f\u00fcr Plaunung, Technik und Umwelt<\/a> am Dienstag 13.7.2017 Thema sein.<\/p>\n<p>Wir sind gespannt.<\/p>\n","protected":false},"excerpt":{"rendered":"<p>Nachdem die beiden verbliebenen Investoren zur\u00fcckgezogen haben, wollen nun die Stuttgarter Firmen Archy Nova und Z\u00fcblin das gr\u00fcne Hochhaus bauen. \u00dcber die Presseerkl\u00e4rung von Archy Nova und Z\u00fcblin haben Waiblinger Kreiszeitung und Stuttgarter Zeitung berichtet. Es soll keine Luxuswohnungen geben. G\u00fcnstige Mietwohnungen stehen im Vordergrund, auch Sozialwohnungen sollen m\u00f6glich sein. \u00d6kologisches Bauen, generationen-\u00fcbergreifendes Wohnen und [&hellip;]<\/p>\n","protected":false},"author":3,"featured_media":0,"comment_status":"closed","ping_status":"closed","sticky":false,"template":"","format":"standard","meta":{"ngg_post_thumbnail":0,"footnotes":""},"categories":[4,17],"tags":[],"class_list":["post-3587","post","type-post","status-publish","format-standard","hentry","category-aktuelles","category-hochhaus-korber-hoehe-ii"],"yoast_head":"<!-- This site is optimized with the Yoast SEO plugin v27.5 - https:\/\/yoast.com\/product\/yoast-seo-wordpress\/ -->\n<title>Neuer Investor f\u00fcr gr\u00fcnes Hochhaus - B\u00fcrgeraktion Korber H\u00f6he e. V.<\/title>\n<meta name=\"robots\" content=\"index, follow, max-snippet:-1, max-image-preview:large, max-video-preview:-1\" \/>\n<link rel=\"canonical\" href=\"https:\/\/bakh.de\/wdp\/neuer-investor-fuer-gruenes-hochhaus\/\" \/>\n<meta property=\"og:locale\" content=\"de_DE\" \/>\n<meta property=\"og:type\" content=\"article\" \/>\n<meta property=\"og:title\" content=\"Neuer Investor f\u00fcr gr\u00fcnes Hochhaus - B\u00fcrgeraktion Korber H\u00f6he e. V.\" \/>\n<meta property=\"og:description\" content=\"Nachdem die beiden verbliebenen Investoren zur\u00fcckgezogen haben, wollen nun die Stuttgarter Firmen Archy Nova und Z\u00fcblin das gr\u00fcne Hochhaus bauen. \u00dcber die Presseerkl\u00e4rung von Archy Nova und Z\u00fcblin haben Waiblinger Kreiszeitung und Stuttgarter Zeitung berichtet. Es soll keine Luxuswohnungen geben. G\u00fcnstige Mietwohnungen stehen im Vordergrund, auch Sozialwohnungen sollen m\u00f6glich sein. \u00d6kologisches Bauen, generationen-\u00fcbergreifendes Wohnen und [&hellip;]\" \/>\n<meta property=\"og:url\" content=\"https:\/\/bakh.de\/wdp\/neuer-investor-fuer-gruenes-hochhaus\/\" \/>\n<meta property=\"og:site_name\" content=\"B\u00fcrgeraktion Korber H\u00f6he e. V.\" \/>\n<meta property=\"article:published_time\" content=\"2017-05-29T11:05:28+00:00\" \/>\n<meta property=\"article:modified_time\" content=\"2017-05-29T11:18:28+00:00\" \/>\n<meta property=\"og:image\" content=\"https:\/\/bakh.de\/wdp\/wp-content\/uploads\/2025\/11\/BAKH_Logo_4c_512.jpg\" \/>\n\t<meta property=\"og:image:width\" content=\"516\" \/>\n\t<meta property=\"og:image:height\" content=\"518\" \/>\n\t<meta property=\"og:image:type\" content=\"image\/jpeg\" \/>\n<meta name=\"author\" content=\"Uli\" \/>\n<meta name=\"twitter:card\" content=\"summary_large_image\" \/>\n<meta name=\"twitter:label1\" content=\"Verfasst von\" \/>\n\t<meta name=\"twitter:data1\" content=\"Uli\" \/>\n\t<meta name=\"twitter:label2\" content=\"Gesch\u00e4tzte Lesezeit\" \/>\n\t<meta name=\"twitter:data2\" content=\"1\u00a0Minute\" \/>\n<script type=\"application\/ld+json\" class=\"yoast-schema-graph\">{\"@context\":\"https:\\\/\\\/schema.org\",\"@graph\":[{\"@type\":\"Article\",\"@id\":\"https:\\\/\\\/bakh.de\\\/wdp\\\/neuer-investor-fuer-gruenes-hochhaus\\\/#article\",\"isPartOf\":{\"@id\":\"https:\\\/\\\/bakh.de\\\/wdp\\\/neuer-investor-fuer-gruenes-hochhaus\\\/\"},\"author\":{\"name\":\"Uli\",\"@id\":\"https:\\\/\\\/bakh.de\\\/wdp\\\/#\\\/schema\\\/person\\\/75a1e296c1c53d3fbbc0a3c6104f6370\"},\"headline\":\"Neuer Investor f\u00fcr gr\u00fcnes Hochhaus\",\"datePublished\":\"2017-05-29T11:05:28+00:00\",\"dateModified\":\"2017-05-29T11:18:28+00:00\",\"mainEntityOfPage\":{\"@id\":\"https:\\\/\\\/bakh.de\\\/wdp\\\/neuer-investor-fuer-gruenes-hochhaus\\\/\"},\"wordCount\":114,\"publisher\":{\"@id\":\"https:\\\/\\\/bakh.de\\\/wdp\\\/#organization\"},\"articleSection\":[\"Aktuelle Beitr\u00e4ge\",\"Hochhaus\"],\"inLanguage\":\"de\"},{\"@type\":\"WebPage\",\"@id\":\"https:\\\/\\\/bakh.de\\\/wdp\\\/neuer-investor-fuer-gruenes-hochhaus\\\/\",\"url\":\"https:\\\/\\\/bakh.de\\\/wdp\\\/neuer-investor-fuer-gruenes-hochhaus\\\/\",\"name\":\"Neuer Investor f\u00fcr gr\u00fcnes Hochhaus - B\u00fcrgeraktion Korber H\u00f6he e. V.\",\"isPartOf\":{\"@id\":\"https:\\\/\\\/bakh.de\\\/wdp\\\/#website\"},\"datePublished\":\"2017-05-29T11:05:28+00:00\",\"dateModified\":\"2017-05-29T11:18:28+00:00\",\"breadcrumb\":{\"@id\":\"https:\\\/\\\/bakh.de\\\/wdp\\\/neuer-investor-fuer-gruenes-hochhaus\\\/#breadcrumb\"},\"inLanguage\":\"de\",\"potentialAction\":[{\"@type\":\"ReadAction\",\"target\":[\"https:\\\/\\\/bakh.de\\\/wdp\\\/neuer-investor-fuer-gruenes-hochhaus\\\/\"]}]},{\"@type\":\"BreadcrumbList\",\"@id\":\"https:\\\/\\\/bakh.de\\\/wdp\\\/neuer-investor-fuer-gruenes-hochhaus\\\/#breadcrumb\",\"itemListElement\":[{\"@type\":\"ListItem\",\"position\":1,\"name\":\"Startseite\",\"item\":\"https:\\\/\\\/bakh.de\\\/wdp\\\/\"},{\"@type\":\"ListItem\",\"position\":2,\"name\":\"Neuer Investor f\u00fcr gr\u00fcnes Hochhaus\"}]},{\"@type\":\"WebSite\",\"@id\":\"https:\\\/\\\/bakh.de\\\/wdp\\\/#website\",\"url\":\"https:\\\/\\\/bakh.de\\\/wdp\\\/\",\"name\":\"B\u00fcrgeraktion Korber H\u00f6he e. V.\",\"description\":\"\",\"publisher\":{\"@id\":\"https:\\\/\\\/bakh.de\\\/wdp\\\/#organization\"},\"potentialAction\":[{\"@type\":\"SearchAction\",\"target\":{\"@type\":\"EntryPoint\",\"urlTemplate\":\"https:\\\/\\\/bakh.de\\\/wdp\\\/?s={search_term_string}\"},\"query-input\":{\"@type\":\"PropertyValueSpecification\",\"valueRequired\":true,\"valueName\":\"search_term_string\"}}],\"inLanguage\":\"de\"},{\"@type\":\"Organization\",\"@id\":\"https:\\\/\\\/bakh.de\\\/wdp\\\/#organization\",\"name\":\"B\u00fcrgeraktion Korber H\u00f6he e. V.\",\"url\":\"https:\\\/\\\/bakh.de\\\/wdp\\\/\",\"logo\":{\"@type\":\"ImageObject\",\"inLanguage\":\"de\",\"@id\":\"https:\\\/\\\/bakh.de\\\/wdp\\\/#\\\/schema\\\/logo\\\/image\\\/\",\"url\":\"https:\\\/\\\/bakh.de\\\/wdp\\\/wp-content\\\/uploads\\\/2025\\\/11\\\/BAKH_Logo_4c_512.jpg\",\"contentUrl\":\"https:\\\/\\\/bakh.de\\\/wdp\\\/wp-content\\\/uploads\\\/2025\\\/11\\\/BAKH_Logo_4c_512.jpg\",\"width\":516,\"height\":518,\"caption\":\"B\u00fcrgeraktion Korber H\u00f6he e. V.\"},\"image\":{\"@id\":\"https:\\\/\\\/bakh.de\\\/wdp\\\/#\\\/schema\\\/logo\\\/image\\\/\"}},{\"@type\":\"Person\",\"@id\":\"https:\\\/\\\/bakh.de\\\/wdp\\\/#\\\/schema\\\/person\\\/75a1e296c1c53d3fbbc0a3c6104f6370\",\"name\":\"Uli\",\"image\":{\"@type\":\"ImageObject\",\"inLanguage\":\"de\",\"@id\":\"https:\\\/\\\/secure.gravatar.com\\\/avatar\\\/3b55f09e3908cc7190694de428627f99ad7fb1fd6ca4aa1f5a2c94110a7a2967?s=96&d=mm&r=g\",\"url\":\"https:\\\/\\\/secure.gravatar.com\\\/avatar\\\/3b55f09e3908cc7190694de428627f99ad7fb1fd6ca4aa1f5a2c94110a7a2967?s=96&d=mm&r=g\",\"contentUrl\":\"https:\\\/\\\/secure.gravatar.com\\\/avatar\\\/3b55f09e3908cc7190694de428627f99ad7fb1fd6ca4aa1f5a2c94110a7a2967?s=96&d=mm&r=g\",\"caption\":\"Uli\"},\"url\":\"https:\\\/\\\/bakh.de\\\/wdp\\\/author\\\/uli\\\/\"}]}<\/script>\n<!-- \/ Yoast SEO plugin. -->","yoast_head_json":{"title":"Neuer Investor f\u00fcr gr\u00fcnes Hochhaus - B\u00fcrgeraktion Korber H\u00f6he e. V.","robots":{"index":"index","follow":"follow","max-snippet":"max-snippet:-1","max-image-preview":"max-image-preview:large","max-video-preview":"max-video-preview:-1"},"canonical":"https:\/\/bakh.de\/wdp\/neuer-investor-fuer-gruenes-hochhaus\/","og_locale":"de_DE","og_type":"article","og_title":"Neuer Investor f\u00fcr gr\u00fcnes Hochhaus - B\u00fcrgeraktion Korber H\u00f6he e. V.","og_description":"Nachdem die beiden verbliebenen Investoren zur\u00fcckgezogen haben, wollen nun die Stuttgarter Firmen Archy Nova und Z\u00fcblin das gr\u00fcne Hochhaus bauen. \u00dcber die Presseerkl\u00e4rung von Archy Nova und Z\u00fcblin haben Waiblinger Kreiszeitung und Stuttgarter Zeitung berichtet. Es soll keine Luxuswohnungen geben. G\u00fcnstige Mietwohnungen stehen im Vordergrund, auch Sozialwohnungen sollen m\u00f6glich sein. \u00d6kologisches Bauen, generationen-\u00fcbergreifendes Wohnen und [&hellip;]","og_url":"https:\/\/bakh.de\/wdp\/neuer-investor-fuer-gruenes-hochhaus\/","og_site_name":"B\u00fcrgeraktion Korber H\u00f6he e. V.","article_published_time":"2017-05-29T11:05:28+00:00","article_modified_time":"2017-05-29T11:18:28+00:00","og_image":[{"width":516,"height":518,"url":"https:\/\/bakh.de\/wdp\/wp-content\/uploads\/2025\/11\/BAKH_Logo_4c_512.jpg","type":"image\/jpeg"}],"author":"Uli","twitter_card":"summary_large_image","twitter_misc":{"Verfasst von":"Uli","Gesch\u00e4tzte Lesezeit":"1\u00a0Minute"},"schema":{"@context":"https:\/\/schema.org","@graph":[{"@type":"Article","@id":"https:\/\/bakh.de\/wdp\/neuer-investor-fuer-gruenes-hochhaus\/#article","isPartOf":{"@id":"https:\/\/bakh.de\/wdp\/neuer-investor-fuer-gruenes-hochhaus\/"},"author":{"name":"Uli","@id":"https:\/\/bakh.de\/wdp\/#\/schema\/person\/75a1e296c1c53d3fbbc0a3c6104f6370"},"headline":"Neuer Investor f\u00fcr gr\u00fcnes Hochhaus","datePublished":"2017-05-29T11:05:28+00:00","dateModified":"2017-05-29T11:18:28+00:00","mainEntityOfPage":{"@id":"https:\/\/bakh.de\/wdp\/neuer-investor-fuer-gruenes-hochhaus\/"},"wordCount":114,"publisher":{"@id":"https:\/\/bakh.de\/wdp\/#organization"},"articleSection":["Aktuelle Beitr\u00e4ge","Hochhaus"],"inLanguage":"de"},{"@type":"WebPage","@id":"https:\/\/bakh.de\/wdp\/neuer-investor-fuer-gruenes-hochhaus\/","url":"https:\/\/bakh.de\/wdp\/neuer-investor-fuer-gruenes-hochhaus\/","name":"Neuer Investor f\u00fcr gr\u00fcnes Hochhaus - B\u00fcrgeraktion Korber H\u00f6he e. V.","isPartOf":{"@id":"https:\/\/bakh.de\/wdp\/#website"},"datePublished":"2017-05-29T11:05:28+00:00","dateModified":"2017-05-29T11:18:28+00:00","breadcrumb":{"@id":"https:\/\/bakh.de\/wdp\/neuer-investor-fuer-gruenes-hochhaus\/#breadcrumb"},"inLanguage":"de","potentialAction":[{"@type":"ReadAction","target":["https:\/\/bakh.de\/wdp\/neuer-investor-fuer-gruenes-hochhaus\/"]}]},{"@type":"BreadcrumbList","@id":"https:\/\/bakh.de\/wdp\/neuer-investor-fuer-gruenes-hochhaus\/#breadcrumb","itemListElement":[{"@type":"ListItem","position":1,"name":"Startseite","item":"https:\/\/bakh.de\/wdp\/"},{"@type":"ListItem","position":2,"name":"Neuer Investor f\u00fcr gr\u00fcnes Hochhaus"}]},{"@type":"WebSite","@id":"https:\/\/bakh.de\/wdp\/#website","url":"https:\/\/bakh.de\/wdp\/","name":"B\u00fcrgeraktion Korber H\u00f6he e. V.","description":"","publisher":{"@id":"https:\/\/bakh.de\/wdp\/#organization"},"potentialAction":[{"@type":"SearchAction","target":{"@type":"EntryPoint","urlTemplate":"https:\/\/bakh.de\/wdp\/?s={search_term_string}"},"query-input":{"@type":"PropertyValueSpecification","valueRequired":true,"valueName":"search_term_string"}}],"inLanguage":"de"},{"@type":"Organization","@id":"https:\/\/bakh.de\/wdp\/#organization","name":"B\u00fcrgeraktion Korber H\u00f6he e. V.","url":"https:\/\/bakh.de\/wdp\/","logo":{"@type":"ImageObject","inLanguage":"de","@id":"https:\/\/bakh.de\/wdp\/#\/schema\/logo\/image\/","url":"https:\/\/bakh.de\/wdp\/wp-content\/uploads\/2025\/11\/BAKH_Logo_4c_512.jpg","contentUrl":"https:\/\/bakh.de\/wdp\/wp-content\/uploads\/2025\/11\/BAKH_Logo_4c_512.jpg","width":516,"height":518,"caption":"B\u00fcrgeraktion Korber H\u00f6he e. V."},"image":{"@id":"https:\/\/bakh.de\/wdp\/#\/schema\/logo\/image\/"}},{"@type":"Person","@id":"https:\/\/bakh.de\/wdp\/#\/schema\/person\/75a1e296c1c53d3fbbc0a3c6104f6370","name":"Uli","image":{"@type":"ImageObject","inLanguage":"de","@id":"https:\/\/secure.gravatar.com\/avatar\/3b55f09e3908cc7190694de428627f99ad7fb1fd6ca4aa1f5a2c94110a7a2967?s=96&d=mm&r=g","url":"https:\/\/secure.gravatar.com\/avatar\/3b55f09e3908cc7190694de428627f99ad7fb1fd6ca4aa1f5a2c94110a7a2967?s=96&d=mm&r=g","contentUrl":"https:\/\/secure.gravatar.com\/avatar\/3b55f09e3908cc7190694de428627f99ad7fb1fd6ca4aa1f5a2c94110a7a2967?s=96&d=mm&r=g","caption":"Uli"},"url":"https:\/\/bakh.de\/wdp\/author\/uli\/"}]}},"_links":{"self":[{"href":"https:\/\/bakh.de\/wdp\/wp-json\/wp\/v2\/posts\/3587","targetHints":{"allow":["GET"]}}],"collection":[{"href":"https:\/\/bakh.de\/wdp\/wp-json\/wp\/v2\/posts"}],"about":[{"href":"https:\/\/bakh.de\/wdp\/wp-json\/wp\/v2\/types\/post"}],"author":[{"embeddable":true,"href":"https:\/\/bakh.de\/wdp\/wp-json\/wp\/v2\/users\/3"}],"replies":[{"embeddable":true,"href":"https:\/\/bakh.de\/wdp\/wp-json\/wp\/v2\/comments?post=3587"}],"version-history":[{"count":7,"href":"https:\/\/bakh.de\/wdp\/wp-json\/wp\/v2\/posts\/3587\/revisions"}],"predecessor-version":[{"id":3597,"href":"https:\/\/bakh.de\/wdp\/wp-json\/wp\/v2\/posts\/3587\/revisions\/3597"}],"wp:attachment":[{"href":"https:\/\/bakh.de\/wdp\/wp-json\/wp\/v2\/media?parent=3587"}],"wp:term":[{"taxonomy":"category","embeddable":true,"href":"https:\/\/bakh.de\/wdp\/wp-json\/wp\/v2\/categories?post=3587"},{"taxonomy":"post_tag","embeddable":true,"href":"https:\/\/bakh.de\/wdp\/wp-json\/wp\/v2\/tags?post=3587"}],"curies":[{"name":"wp","href":"https:\/\/api.w.org\/{rel}","templated":true}]}}