{"id":3563,"date":"2017-03-28T18:40:01","date_gmt":"2017-03-28T18:40:01","guid":{"rendered":"http:\/\/bakh.de\/wdp\/?p=3563"},"modified":"2017-03-28T18:40:01","modified_gmt":"2017-03-28T18:40:01","slug":"kippt-das-gruene-hochhaus","status":"publish","type":"post","link":"https:\/\/bakh.de\/wdp\/kippt-das-gruene-hochhaus\/","title":{"rendered":"Kippt das gr\u00fcne Hochhaus?"},"content":{"rendered":"<p><a href=\"http:\/\/bakh.de\/wdp\/wp-content\/uploads\/2016\/07\/schwingende-g\u00e4rten.jpeg\"><img loading=\"lazy\" decoding=\"async\" class=\"alignleft wp-image-3238\" src=\"http:\/\/bakh.de\/wdp\/wp-content\/uploads\/2016\/07\/schwingende-g\u00e4rten.jpeg\" height=\"112\" width=\"170\" srcset=\"https:\/\/bakh.de\/wdp\/wp-content\/uploads\/2016\/07\/schwingende-g\u00e4rten.jpeg 510w, https:\/\/bakh.de\/wdp\/wp-content\/uploads\/2016\/07\/schwingende-g\u00e4rten-300x197.jpeg 300w\" sizes=\"auto, (max-width: 170px) 100vw, 170px\" \/><\/a>Wird das gr\u00fcne Hochhaus noch gebaut? Wie die Stuttgarter Zeitung unter der sch\u00f6nen \u00dcberschrift &#8222;<a href=\"http:\/\/www.stuttgarter-zeitung.de\/inhalt.investor-zieht-sich-aus-waiblinger-projekt-zurueck-gruenes-hochhaus-geraet-ins-wanken.4affc833-c83f-4826-9560-e0ce7b45d826.html\" target=\"_blank\">Gr\u00fcnes Hochhaus ger\u00e4t ins Wanken<\/a>&#8220; schreibt, zieht sich mit der GWG Gruppe Stuttgart der letzte verbliebene Investor f\u00fcr das Gr\u00fcne Hochhaus in Waiblingen zur\u00fcck.&nbsp;<!--more--><\/p>\n<p>Bereits Ende M\u00e4rz hatte sich der Winnender Investor Projektbau Pfleiderer aus dem Wettbewerbsverfahren zur\u00fcckgezogen. Damit ist die Zukunft des gr\u00fcnen Hochhauses wieder offen. Ob der von der GWG ins Gespr\u00e4ch gebrachte Investor einsteigen wird, ist fraglich.<\/p>\n<p>Jetzt besteht die Gelegenheit das Projekt neu zu \u00fcberdenken. Soll an dem Hochhaus weiterhin festgehalten werden? Und wenn ja, in welcher Form? Ob die Begr\u00fcnung funktioniert ist zweifelhaft, Beispiele daf\u00fcr gibt es keine. W\u00e4re ein Hochhaus mit einem innovativen Energiekonzept hier am gr\u00fcnen Stadtrand nicht \u00f6kologischer? Oder w\u00fcrde eine 4 bis 5 geschossige Bebauung mit bezahlbaren Wohnungen besser dem Bedarf entsprechen?<\/p>\n<p>&nbsp;<\/p>\n<p>&nbsp;<\/p>\n","protected":false},"excerpt":{"rendered":"<p>Wird das gr\u00fcne Hochhaus noch gebaut? Wie die Stuttgarter Zeitung unter der sch\u00f6nen \u00dcberschrift &#8222;Gr\u00fcnes Hochhaus ger\u00e4t ins Wanken&#8220; schreibt, zieht sich mit der GWG Gruppe Stuttgart der letzte verbliebene Investor f\u00fcr das Gr\u00fcne Hochhaus in Waiblingen zur\u00fcck.&nbsp;<\/p>\n","protected":false},"author":3,"featured_media":0,"comment_status":"closed","ping_status":"closed","sticky":false,"template":"","format":"standard","meta":{"ngg_post_thumbnail":0,"footnotes":""},"categories":[4,17],"tags":[],"class_list":["post-3563","post","type-post","status-publish","format-standard","hentry","category-aktuelles","category-hochhaus-korber-hoehe-ii"],"yoast_head":"<!-- This site is optimized with the Yoast SEO plugin v27.5 - https:\/\/yoast.com\/product\/yoast-seo-wordpress\/ -->\n<title>Kippt das gr\u00fcne Hochhaus? - B\u00fcrgeraktion Korber H\u00f6he e. V.<\/title>\n<meta name=\"robots\" content=\"index, follow, max-snippet:-1, max-image-preview:large, max-video-preview:-1\" \/>\n<link rel=\"canonical\" href=\"https:\/\/bakh.de\/wdp\/kippt-das-gruene-hochhaus\/\" \/>\n<meta property=\"og:locale\" content=\"de_DE\" \/>\n<meta property=\"og:type\" content=\"article\" \/>\n<meta property=\"og:title\" content=\"Kippt das gr\u00fcne Hochhaus? - B\u00fcrgeraktion Korber H\u00f6he e. V.\" \/>\n<meta property=\"og:description\" content=\"Wird das gr\u00fcne Hochhaus noch gebaut? Wie die Stuttgarter Zeitung unter der sch\u00f6nen \u00dcberschrift &#8222;Gr\u00fcnes Hochhaus ger\u00e4t ins Wanken&#8220; schreibt, zieht sich mit der GWG Gruppe Stuttgart der letzte verbliebene Investor f\u00fcr das Gr\u00fcne Hochhaus in Waiblingen zur\u00fcck.&nbsp;\" \/>\n<meta property=\"og:url\" content=\"https:\/\/bakh.de\/wdp\/kippt-das-gruene-hochhaus\/\" \/>\n<meta property=\"og:site_name\" content=\"B\u00fcrgeraktion Korber H\u00f6he e. V.\" \/>\n<meta property=\"article:published_time\" content=\"2017-03-28T18:40:01+00:00\" \/>\n<meta property=\"og:image\" content=\"https:\/\/bakh.de\/wdp\/wp-content\/uploads\/2025\/11\/BAKH_Logo_4c_512.jpg\" \/>\n\t<meta property=\"og:image:width\" content=\"516\" \/>\n\t<meta property=\"og:image:height\" content=\"518\" \/>\n\t<meta property=\"og:image:type\" content=\"image\/jpeg\" \/>\n<meta name=\"author\" content=\"Uli\" \/>\n<meta name=\"twitter:card\" content=\"summary_large_image\" \/>\n<meta name=\"twitter:label1\" content=\"Verfasst von\" \/>\n\t<meta name=\"twitter:data1\" content=\"Uli\" \/>\n\t<meta name=\"twitter:label2\" content=\"Gesch\u00e4tzte Lesezeit\" \/>\n\t<meta name=\"twitter:data2\" content=\"1\u00a0Minute\" \/>\n<script type=\"application\/ld+json\" class=\"yoast-schema-graph\">{\"@context\":\"https:\\\/\\\/schema.org\",\"@graph\":[{\"@type\":\"Article\",\"@id\":\"https:\\\/\\\/bakh.de\\\/wdp\\\/kippt-das-gruene-hochhaus\\\/#article\",\"isPartOf\":{\"@id\":\"https:\\\/\\\/bakh.de\\\/wdp\\\/kippt-das-gruene-hochhaus\\\/\"},\"author\":{\"name\":\"Uli\",\"@id\":\"https:\\\/\\\/bakh.de\\\/wdp\\\/#\\\/schema\\\/person\\\/75a1e296c1c53d3fbbc0a3c6104f6370\"},\"headline\":\"Kippt das gr\u00fcne Hochhaus?\",\"datePublished\":\"2017-03-28T18:40:01+00:00\",\"mainEntityOfPage\":{\"@id\":\"https:\\\/\\\/bakh.de\\\/wdp\\\/kippt-das-gruene-hochhaus\\\/\"},\"wordCount\":157,\"publisher\":{\"@id\":\"https:\\\/\\\/bakh.de\\\/wdp\\\/#organization\"},\"articleSection\":[\"Aktuelle Beitr\u00e4ge\",\"Hochhaus\"],\"inLanguage\":\"de\"},{\"@type\":\"WebPage\",\"@id\":\"https:\\\/\\\/bakh.de\\\/wdp\\\/kippt-das-gruene-hochhaus\\\/\",\"url\":\"https:\\\/\\\/bakh.de\\\/wdp\\\/kippt-das-gruene-hochhaus\\\/\",\"name\":\"Kippt das gr\u00fcne Hochhaus? - B\u00fcrgeraktion Korber H\u00f6he e. V.\",\"isPartOf\":{\"@id\":\"https:\\\/\\\/bakh.de\\\/wdp\\\/#website\"},\"datePublished\":\"2017-03-28T18:40:01+00:00\",\"breadcrumb\":{\"@id\":\"https:\\\/\\\/bakh.de\\\/wdp\\\/kippt-das-gruene-hochhaus\\\/#breadcrumb\"},\"inLanguage\":\"de\",\"potentialAction\":[{\"@type\":\"ReadAction\",\"target\":[\"https:\\\/\\\/bakh.de\\\/wdp\\\/kippt-das-gruene-hochhaus\\\/\"]}]},{\"@type\":\"BreadcrumbList\",\"@id\":\"https:\\\/\\\/bakh.de\\\/wdp\\\/kippt-das-gruene-hochhaus\\\/#breadcrumb\",\"itemListElement\":[{\"@type\":\"ListItem\",\"position\":1,\"name\":\"Startseite\",\"item\":\"https:\\\/\\\/bakh.de\\\/wdp\\\/\"},{\"@type\":\"ListItem\",\"position\":2,\"name\":\"Kippt das gr\u00fcne Hochhaus?\"}]},{\"@type\":\"WebSite\",\"@id\":\"https:\\\/\\\/bakh.de\\\/wdp\\\/#website\",\"url\":\"https:\\\/\\\/bakh.de\\\/wdp\\\/\",\"name\":\"B\u00fcrgeraktion Korber H\u00f6he e. V.\",\"description\":\"\",\"publisher\":{\"@id\":\"https:\\\/\\\/bakh.de\\\/wdp\\\/#organization\"},\"potentialAction\":[{\"@type\":\"SearchAction\",\"target\":{\"@type\":\"EntryPoint\",\"urlTemplate\":\"https:\\\/\\\/bakh.de\\\/wdp\\\/?s={search_term_string}\"},\"query-input\":{\"@type\":\"PropertyValueSpecification\",\"valueRequired\":true,\"valueName\":\"search_term_string\"}}],\"inLanguage\":\"de\"},{\"@type\":\"Organization\",\"@id\":\"https:\\\/\\\/bakh.de\\\/wdp\\\/#organization\",\"name\":\"B\u00fcrgeraktion Korber H\u00f6he e. V.\",\"url\":\"https:\\\/\\\/bakh.de\\\/wdp\\\/\",\"logo\":{\"@type\":\"ImageObject\",\"inLanguage\":\"de\",\"@id\":\"https:\\\/\\\/bakh.de\\\/wdp\\\/#\\\/schema\\\/logo\\\/image\\\/\",\"url\":\"https:\\\/\\\/bakh.de\\\/wdp\\\/wp-content\\\/uploads\\\/2025\\\/11\\\/BAKH_Logo_4c_512.jpg\",\"contentUrl\":\"https:\\\/\\\/bakh.de\\\/wdp\\\/wp-content\\\/uploads\\\/2025\\\/11\\\/BAKH_Logo_4c_512.jpg\",\"width\":516,\"height\":518,\"caption\":\"B\u00fcrgeraktion Korber H\u00f6he e. V.\"},\"image\":{\"@id\":\"https:\\\/\\\/bakh.de\\\/wdp\\\/#\\\/schema\\\/logo\\\/image\\\/\"}},{\"@type\":\"Person\",\"@id\":\"https:\\\/\\\/bakh.de\\\/wdp\\\/#\\\/schema\\\/person\\\/75a1e296c1c53d3fbbc0a3c6104f6370\",\"name\":\"Uli\",\"image\":{\"@type\":\"ImageObject\",\"inLanguage\":\"de\",\"@id\":\"https:\\\/\\\/secure.gravatar.com\\\/avatar\\\/3b55f09e3908cc7190694de428627f99ad7fb1fd6ca4aa1f5a2c94110a7a2967?s=96&d=mm&r=g\",\"url\":\"https:\\\/\\\/secure.gravatar.com\\\/avatar\\\/3b55f09e3908cc7190694de428627f99ad7fb1fd6ca4aa1f5a2c94110a7a2967?s=96&d=mm&r=g\",\"contentUrl\":\"https:\\\/\\\/secure.gravatar.com\\\/avatar\\\/3b55f09e3908cc7190694de428627f99ad7fb1fd6ca4aa1f5a2c94110a7a2967?s=96&d=mm&r=g\",\"caption\":\"Uli\"},\"url\":\"https:\\\/\\\/bakh.de\\\/wdp\\\/author\\\/uli\\\/\"}]}<\/script>\n<!-- \/ Yoast SEO plugin. -->","yoast_head_json":{"title":"Kippt das gr\u00fcne Hochhaus? - B\u00fcrgeraktion Korber H\u00f6he e. V.","robots":{"index":"index","follow":"follow","max-snippet":"max-snippet:-1","max-image-preview":"max-image-preview:large","max-video-preview":"max-video-preview:-1"},"canonical":"https:\/\/bakh.de\/wdp\/kippt-das-gruene-hochhaus\/","og_locale":"de_DE","og_type":"article","og_title":"Kippt das gr\u00fcne Hochhaus? - B\u00fcrgeraktion Korber H\u00f6he e. V.","og_description":"Wird das gr\u00fcne Hochhaus noch gebaut? Wie die Stuttgarter Zeitung unter der sch\u00f6nen \u00dcberschrift &#8222;Gr\u00fcnes Hochhaus ger\u00e4t ins Wanken&#8220; schreibt, zieht sich mit der GWG Gruppe Stuttgart der letzte verbliebene Investor f\u00fcr das Gr\u00fcne Hochhaus in Waiblingen zur\u00fcck.&nbsp;","og_url":"https:\/\/bakh.de\/wdp\/kippt-das-gruene-hochhaus\/","og_site_name":"B\u00fcrgeraktion Korber H\u00f6he e. V.","article_published_time":"2017-03-28T18:40:01+00:00","og_image":[{"width":516,"height":518,"url":"https:\/\/bakh.de\/wdp\/wp-content\/uploads\/2025\/11\/BAKH_Logo_4c_512.jpg","type":"image\/jpeg"}],"author":"Uli","twitter_card":"summary_large_image","twitter_misc":{"Verfasst von":"Uli","Gesch\u00e4tzte Lesezeit":"1\u00a0Minute"},"schema":{"@context":"https:\/\/schema.org","@graph":[{"@type":"Article","@id":"https:\/\/bakh.de\/wdp\/kippt-das-gruene-hochhaus\/#article","isPartOf":{"@id":"https:\/\/bakh.de\/wdp\/kippt-das-gruene-hochhaus\/"},"author":{"name":"Uli","@id":"https:\/\/bakh.de\/wdp\/#\/schema\/person\/75a1e296c1c53d3fbbc0a3c6104f6370"},"headline":"Kippt das gr\u00fcne Hochhaus?","datePublished":"2017-03-28T18:40:01+00:00","mainEntityOfPage":{"@id":"https:\/\/bakh.de\/wdp\/kippt-das-gruene-hochhaus\/"},"wordCount":157,"publisher":{"@id":"https:\/\/bakh.de\/wdp\/#organization"},"articleSection":["Aktuelle Beitr\u00e4ge","Hochhaus"],"inLanguage":"de"},{"@type":"WebPage","@id":"https:\/\/bakh.de\/wdp\/kippt-das-gruene-hochhaus\/","url":"https:\/\/bakh.de\/wdp\/kippt-das-gruene-hochhaus\/","name":"Kippt das gr\u00fcne Hochhaus? - B\u00fcrgeraktion Korber H\u00f6he e. V.","isPartOf":{"@id":"https:\/\/bakh.de\/wdp\/#website"},"datePublished":"2017-03-28T18:40:01+00:00","breadcrumb":{"@id":"https:\/\/bakh.de\/wdp\/kippt-das-gruene-hochhaus\/#breadcrumb"},"inLanguage":"de","potentialAction":[{"@type":"ReadAction","target":["https:\/\/bakh.de\/wdp\/kippt-das-gruene-hochhaus\/"]}]},{"@type":"BreadcrumbList","@id":"https:\/\/bakh.de\/wdp\/kippt-das-gruene-hochhaus\/#breadcrumb","itemListElement":[{"@type":"ListItem","position":1,"name":"Startseite","item":"https:\/\/bakh.de\/wdp\/"},{"@type":"ListItem","position":2,"name":"Kippt das gr\u00fcne Hochhaus?"}]},{"@type":"WebSite","@id":"https:\/\/bakh.de\/wdp\/#website","url":"https:\/\/bakh.de\/wdp\/","name":"B\u00fcrgeraktion Korber H\u00f6he e. V.","description":"","publisher":{"@id":"https:\/\/bakh.de\/wdp\/#organization"},"potentialAction":[{"@type":"SearchAction","target":{"@type":"EntryPoint","urlTemplate":"https:\/\/bakh.de\/wdp\/?s={search_term_string}"},"query-input":{"@type":"PropertyValueSpecification","valueRequired":true,"valueName":"search_term_string"}}],"inLanguage":"de"},{"@type":"Organization","@id":"https:\/\/bakh.de\/wdp\/#organization","name":"B\u00fcrgeraktion Korber H\u00f6he e. V.","url":"https:\/\/bakh.de\/wdp\/","logo":{"@type":"ImageObject","inLanguage":"de","@id":"https:\/\/bakh.de\/wdp\/#\/schema\/logo\/image\/","url":"https:\/\/bakh.de\/wdp\/wp-content\/uploads\/2025\/11\/BAKH_Logo_4c_512.jpg","contentUrl":"https:\/\/bakh.de\/wdp\/wp-content\/uploads\/2025\/11\/BAKH_Logo_4c_512.jpg","width":516,"height":518,"caption":"B\u00fcrgeraktion Korber H\u00f6he e. V."},"image":{"@id":"https:\/\/bakh.de\/wdp\/#\/schema\/logo\/image\/"}},{"@type":"Person","@id":"https:\/\/bakh.de\/wdp\/#\/schema\/person\/75a1e296c1c53d3fbbc0a3c6104f6370","name":"Uli","image":{"@type":"ImageObject","inLanguage":"de","@id":"https:\/\/secure.gravatar.com\/avatar\/3b55f09e3908cc7190694de428627f99ad7fb1fd6ca4aa1f5a2c94110a7a2967?s=96&d=mm&r=g","url":"https:\/\/secure.gravatar.com\/avatar\/3b55f09e3908cc7190694de428627f99ad7fb1fd6ca4aa1f5a2c94110a7a2967?s=96&d=mm&r=g","contentUrl":"https:\/\/secure.gravatar.com\/avatar\/3b55f09e3908cc7190694de428627f99ad7fb1fd6ca4aa1f5a2c94110a7a2967?s=96&d=mm&r=g","caption":"Uli"},"url":"https:\/\/bakh.de\/wdp\/author\/uli\/"}]}},"_links":{"self":[{"href":"https:\/\/bakh.de\/wdp\/wp-json\/wp\/v2\/posts\/3563","targetHints":{"allow":["GET"]}}],"collection":[{"href":"https:\/\/bakh.de\/wdp\/wp-json\/wp\/v2\/posts"}],"about":[{"href":"https:\/\/bakh.de\/wdp\/wp-json\/wp\/v2\/types\/post"}],"author":[{"embeddable":true,"href":"https:\/\/bakh.de\/wdp\/wp-json\/wp\/v2\/users\/3"}],"replies":[{"embeddable":true,"href":"https:\/\/bakh.de\/wdp\/wp-json\/wp\/v2\/comments?post=3563"}],"version-history":[{"count":1,"href":"https:\/\/bakh.de\/wdp\/wp-json\/wp\/v2\/posts\/3563\/revisions"}],"predecessor-version":[{"id":3564,"href":"https:\/\/bakh.de\/wdp\/wp-json\/wp\/v2\/posts\/3563\/revisions\/3564"}],"wp:attachment":[{"href":"https:\/\/bakh.de\/wdp\/wp-json\/wp\/v2\/media?parent=3563"}],"wp:term":[{"taxonomy":"category","embeddable":true,"href":"https:\/\/bakh.de\/wdp\/wp-json\/wp\/v2\/categories?post=3563"},{"taxonomy":"post_tag","embeddable":true,"href":"https:\/\/bakh.de\/wdp\/wp-json\/wp\/v2\/tags?post=3563"}],"curies":[{"name":"wp","href":"https:\/\/api.w.org\/{rel}","templated":true}]}}