{"id":3512,"date":"2017-03-10T17:35:23","date_gmt":"2017-03-10T17:35:23","guid":{"rendered":"http:\/\/bakh.de\/wdp\/?p=3512"},"modified":"2017-03-10T17:35:23","modified_gmt":"2017-03-10T17:35:23","slug":"info-veranstaltung-zum-hochhaus-erst-nach-entscheidung-ueber-investor","status":"publish","type":"post","link":"https:\/\/bakh.de\/wdp\/info-veranstaltung-zum-hochhaus-erst-nach-entscheidung-ueber-investor\/","title":{"rendered":"Info-Veranstaltung zum Hochhaus erst nach Entscheidung \u00fcber Investor"},"content":{"rendered":"<p><a href=\"http:\/\/bakh.de\/wdp\/wp-content\/uploads\/2017\/03\/arabella_hoch.jpg\"><img loading=\"lazy\" decoding=\"async\" class=\"alignleft wp-image-3513\" src=\"http:\/\/bakh.de\/wdp\/wp-content\/uploads\/2017\/03\/arabella_hoch.jpg\" width=\"144\" height=\"192\" srcset=\"https:\/\/bakh.de\/wdp\/wp-content\/uploads\/2017\/03\/arabella_hoch.jpg 287w, https:\/\/bakh.de\/wdp\/wp-content\/uploads\/2017\/03\/arabella_hoch-225x300.jpg 225w\" sizes=\"auto, (max-width: 144px) 100vw, 144px\" \/><\/a>Auf Initiative der <a href=\"http:\/\/bakh.de\/wdp\/?p=3481\">Mitgliederversammlung <\/a>am 16.2.2017 haben wir Oberb\u00fcrgermeister Andreas Hesky zu einer Diskussion \u00fcber das \u201eGr\u00fcnen Hochhaus\u201c eingeladen.<\/p>\n<p>Dies hat Herr Hesky abgelehnt. Nach seiner Ansicht ist es sinnvoller, \u201edie Auswahl des Investors abzuwarten und dann, wie im Juni 2016 vereinbart, wieder eine B\u00fcrgerinformation auf der Korber H\u00f6he gemeinsam mit dem Investor durchzuf\u00fchren, bei der dann Gedanken wie z. B. betreutes Wohnen angesprochen werden k\u00f6nnen.\u201c<!--more--><\/p>\n<p>Die Antwort von Herrn Hesky haben wir mit Bedauern zur Kenntnis genommen und in unserer Antwort darauf hingewiesen, dass die B\u00fcrgeraktion Korber H\u00f6he weiterhin \u00fcberzeugt ist, dass auch zu diesem Zeitpunkt, \u00fcber das Projekt \u201eGr\u00fcnes Hochhaus\u201c \u00f6ffentlich diskutiert werden sollte.<\/p>\n<p>Wir haben Ihn gebeten seine Stellungnahme zu \u00fcberdenken und unsere Argumente bei den Sitzungen im Ausschuss und im Gemeinderat zu ber\u00fccksichtigen und dabei die folgenden Argumente hervorgehoben:<\/p>\n<p>\u201eDie Entwicklung in Fellbach hat gezeigt, dass es nicht nur kleinliche Bedenken sind, wenn eine Bauruine bef\u00fcrchtet wird. Mit Auswahl des Investors f\u00e4llt die Entscheidung f\u00fcr ein bestimmtes Konzept, \u00c4nderungen sind dann nur noch im Detail m\u00f6glich, angesprochene Themen wie betreutes Wohnen bleiben Gedanken.<\/p>\n<p>Die Wohnungen sind, bedingt durch die aufwendige Gr\u00fcnpflege und massive L\u00e4rmschutzma\u00dfnahmen zur B14 hin, relativ teuer. Ein Bedarf f\u00fcr solche teuren Wohnungen wird nicht gesehen. F\u00fcr das Baugel\u00e4nde sollten alternative Nutzungsm\u00f6glichkeiten, die kosteng\u00fcnstiges Wohnen erm\u00f6glichen, gepr\u00fcft werden.<\/p>\n<p>Ob die Begr\u00fcnung funktioniert ist auch unter Fachleuten umstritten. Die Pflanzen sind gerade in gro\u00dfer H\u00f6he extremen Klimabelastungen ausgesetzt, starke Winde machen ihnen zu schaffen. Bew\u00e4sserung, Pflege, Entsorgung des Laubs sind sehr aufwendig. Das Konzept ist \u00f6kologisch und innovativ, aber funktioniert es auch?\u201c<\/p>\n","protected":false},"excerpt":{"rendered":"<p>Auf Initiative der Mitgliederversammlung am 16.2.2017 haben wir Oberb\u00fcrgermeister Andreas Hesky zu einer Diskussion \u00fcber das \u201eGr\u00fcnen Hochhaus\u201c eingeladen. Dies hat Herr Hesky abgelehnt. Nach seiner Ansicht ist es sinnvoller, \u201edie Auswahl des Investors abzuwarten und dann, wie im Juni 2016 vereinbart, wieder eine B\u00fcrgerinformation auf der Korber H\u00f6he gemeinsam mit dem Investor durchzuf\u00fchren, bei [&hellip;]<\/p>\n","protected":false},"author":3,"featured_media":0,"comment_status":"closed","ping_status":"closed","sticky":false,"template":"","format":"standard","meta":{"ngg_post_thumbnail":0,"footnotes":""},"categories":[17],"tags":[],"class_list":["post-3512","post","type-post","status-publish","format-standard","hentry","category-hochhaus-korber-hoehe-ii"],"yoast_head":"<!-- This site is optimized with the Yoast SEO plugin v27.5 - https:\/\/yoast.com\/product\/yoast-seo-wordpress\/ -->\n<title>Info-Veranstaltung zum Hochhaus erst nach Entscheidung \u00fcber Investor - B\u00fcrgeraktion Korber H\u00f6he e. V.<\/title>\n<meta name=\"robots\" content=\"index, follow, max-snippet:-1, max-image-preview:large, max-video-preview:-1\" \/>\n<link rel=\"canonical\" href=\"https:\/\/bakh.de\/wdp\/info-veranstaltung-zum-hochhaus-erst-nach-entscheidung-ueber-investor\/\" \/>\n<meta property=\"og:locale\" content=\"de_DE\" \/>\n<meta property=\"og:type\" content=\"article\" \/>\n<meta property=\"og:title\" content=\"Info-Veranstaltung zum Hochhaus erst nach Entscheidung \u00fcber Investor - B\u00fcrgeraktion Korber H\u00f6he e. V.\" \/>\n<meta property=\"og:description\" content=\"Auf Initiative der Mitgliederversammlung am 16.2.2017 haben wir Oberb\u00fcrgermeister Andreas Hesky zu einer Diskussion \u00fcber das \u201eGr\u00fcnen Hochhaus\u201c eingeladen. Dies hat Herr Hesky abgelehnt. Nach seiner Ansicht ist es sinnvoller, \u201edie Auswahl des Investors abzuwarten und dann, wie im Juni 2016 vereinbart, wieder eine B\u00fcrgerinformation auf der Korber H\u00f6he gemeinsam mit dem Investor durchzuf\u00fchren, bei [&hellip;]\" \/>\n<meta property=\"og:url\" content=\"https:\/\/bakh.de\/wdp\/info-veranstaltung-zum-hochhaus-erst-nach-entscheidung-ueber-investor\/\" \/>\n<meta property=\"og:site_name\" content=\"B\u00fcrgeraktion Korber H\u00f6he e. V.\" \/>\n<meta property=\"article:published_time\" content=\"2017-03-10T17:35:23+00:00\" \/>\n<meta property=\"og:image\" content=\"http:\/\/bakh.de\/wdp\/wp-content\/uploads\/2017\/03\/arabella_hoch.jpg\" \/>\n<meta name=\"author\" content=\"Uli\" \/>\n<meta name=\"twitter:card\" content=\"summary_large_image\" \/>\n<meta name=\"twitter:label1\" content=\"Verfasst von\" \/>\n\t<meta name=\"twitter:data1\" content=\"Uli\" \/>\n\t<meta name=\"twitter:label2\" content=\"Gesch\u00e4tzte Lesezeit\" \/>\n\t<meta name=\"twitter:data2\" content=\"1\u00a0Minute\" \/>\n<script type=\"application\/ld+json\" class=\"yoast-schema-graph\">{\"@context\":\"https:\\\/\\\/schema.org\",\"@graph\":[{\"@type\":\"Article\",\"@id\":\"https:\\\/\\\/bakh.de\\\/wdp\\\/info-veranstaltung-zum-hochhaus-erst-nach-entscheidung-ueber-investor\\\/#article\",\"isPartOf\":{\"@id\":\"https:\\\/\\\/bakh.de\\\/wdp\\\/info-veranstaltung-zum-hochhaus-erst-nach-entscheidung-ueber-investor\\\/\"},\"author\":{\"name\":\"Uli\",\"@id\":\"https:\\\/\\\/bakh.de\\\/wdp\\\/#\\\/schema\\\/person\\\/75a1e296c1c53d3fbbc0a3c6104f6370\"},\"headline\":\"Info-Veranstaltung zum Hochhaus erst nach Entscheidung \u00fcber Investor\",\"datePublished\":\"2017-03-10T17:35:23+00:00\",\"mainEntityOfPage\":{\"@id\":\"https:\\\/\\\/bakh.de\\\/wdp\\\/info-veranstaltung-zum-hochhaus-erst-nach-entscheidung-ueber-investor\\\/\"},\"wordCount\":291,\"publisher\":{\"@id\":\"https:\\\/\\\/bakh.de\\\/wdp\\\/#organization\"},\"image\":{\"@id\":\"https:\\\/\\\/bakh.de\\\/wdp\\\/info-veranstaltung-zum-hochhaus-erst-nach-entscheidung-ueber-investor\\\/#primaryimage\"},\"thumbnailUrl\":\"http:\\\/\\\/bakh.de\\\/wdp\\\/wp-content\\\/uploads\\\/2017\\\/03\\\/arabella_hoch.jpg\",\"articleSection\":[\"Hochhaus\"],\"inLanguage\":\"de\"},{\"@type\":\"WebPage\",\"@id\":\"https:\\\/\\\/bakh.de\\\/wdp\\\/info-veranstaltung-zum-hochhaus-erst-nach-entscheidung-ueber-investor\\\/\",\"url\":\"https:\\\/\\\/bakh.de\\\/wdp\\\/info-veranstaltung-zum-hochhaus-erst-nach-entscheidung-ueber-investor\\\/\",\"name\":\"Info-Veranstaltung zum Hochhaus erst nach Entscheidung \u00fcber Investor - B\u00fcrgeraktion Korber H\u00f6he e. V.\",\"isPartOf\":{\"@id\":\"https:\\\/\\\/bakh.de\\\/wdp\\\/#website\"},\"primaryImageOfPage\":{\"@id\":\"https:\\\/\\\/bakh.de\\\/wdp\\\/info-veranstaltung-zum-hochhaus-erst-nach-entscheidung-ueber-investor\\\/#primaryimage\"},\"image\":{\"@id\":\"https:\\\/\\\/bakh.de\\\/wdp\\\/info-veranstaltung-zum-hochhaus-erst-nach-entscheidung-ueber-investor\\\/#primaryimage\"},\"thumbnailUrl\":\"http:\\\/\\\/bakh.de\\\/wdp\\\/wp-content\\\/uploads\\\/2017\\\/03\\\/arabella_hoch.jpg\",\"datePublished\":\"2017-03-10T17:35:23+00:00\",\"breadcrumb\":{\"@id\":\"https:\\\/\\\/bakh.de\\\/wdp\\\/info-veranstaltung-zum-hochhaus-erst-nach-entscheidung-ueber-investor\\\/#breadcrumb\"},\"inLanguage\":\"de\",\"potentialAction\":[{\"@type\":\"ReadAction\",\"target\":[\"https:\\\/\\\/bakh.de\\\/wdp\\\/info-veranstaltung-zum-hochhaus-erst-nach-entscheidung-ueber-investor\\\/\"]}]},{\"@type\":\"ImageObject\",\"inLanguage\":\"de\",\"@id\":\"https:\\\/\\\/bakh.de\\\/wdp\\\/info-veranstaltung-zum-hochhaus-erst-nach-entscheidung-ueber-investor\\\/#primaryimage\",\"url\":\"https:\\\/\\\/bakh.de\\\/wdp\\\/wp-content\\\/uploads\\\/2017\\\/03\\\/arabella_hoch.jpg\",\"contentUrl\":\"https:\\\/\\\/bakh.de\\\/wdp\\\/wp-content\\\/uploads\\\/2017\\\/03\\\/arabella_hoch.jpg\",\"width\":287,\"height\":382},{\"@type\":\"BreadcrumbList\",\"@id\":\"https:\\\/\\\/bakh.de\\\/wdp\\\/info-veranstaltung-zum-hochhaus-erst-nach-entscheidung-ueber-investor\\\/#breadcrumb\",\"itemListElement\":[{\"@type\":\"ListItem\",\"position\":1,\"name\":\"Startseite\",\"item\":\"https:\\\/\\\/bakh.de\\\/wdp\\\/\"},{\"@type\":\"ListItem\",\"position\":2,\"name\":\"Info-Veranstaltung zum Hochhaus erst nach Entscheidung \u00fcber Investor\"}]},{\"@type\":\"WebSite\",\"@id\":\"https:\\\/\\\/bakh.de\\\/wdp\\\/#website\",\"url\":\"https:\\\/\\\/bakh.de\\\/wdp\\\/\",\"name\":\"B\u00fcrgeraktion Korber H\u00f6he e. V.\",\"description\":\"\",\"publisher\":{\"@id\":\"https:\\\/\\\/bakh.de\\\/wdp\\\/#organization\"},\"potentialAction\":[{\"@type\":\"SearchAction\",\"target\":{\"@type\":\"EntryPoint\",\"urlTemplate\":\"https:\\\/\\\/bakh.de\\\/wdp\\\/?s={search_term_string}\"},\"query-input\":{\"@type\":\"PropertyValueSpecification\",\"valueRequired\":true,\"valueName\":\"search_term_string\"}}],\"inLanguage\":\"de\"},{\"@type\":\"Organization\",\"@id\":\"https:\\\/\\\/bakh.de\\\/wdp\\\/#organization\",\"name\":\"B\u00fcrgeraktion Korber H\u00f6he e. V.\",\"url\":\"https:\\\/\\\/bakh.de\\\/wdp\\\/\",\"logo\":{\"@type\":\"ImageObject\",\"inLanguage\":\"de\",\"@id\":\"https:\\\/\\\/bakh.de\\\/wdp\\\/#\\\/schema\\\/logo\\\/image\\\/\",\"url\":\"https:\\\/\\\/bakh.de\\\/wdp\\\/wp-content\\\/uploads\\\/2025\\\/11\\\/BAKH_Logo_4c_512.jpg\",\"contentUrl\":\"https:\\\/\\\/bakh.de\\\/wdp\\\/wp-content\\\/uploads\\\/2025\\\/11\\\/BAKH_Logo_4c_512.jpg\",\"width\":516,\"height\":518,\"caption\":\"B\u00fcrgeraktion Korber H\u00f6he e. V.\"},\"image\":{\"@id\":\"https:\\\/\\\/bakh.de\\\/wdp\\\/#\\\/schema\\\/logo\\\/image\\\/\"}},{\"@type\":\"Person\",\"@id\":\"https:\\\/\\\/bakh.de\\\/wdp\\\/#\\\/schema\\\/person\\\/75a1e296c1c53d3fbbc0a3c6104f6370\",\"name\":\"Uli\",\"image\":{\"@type\":\"ImageObject\",\"inLanguage\":\"de\",\"@id\":\"https:\\\/\\\/secure.gravatar.com\\\/avatar\\\/3b55f09e3908cc7190694de428627f99ad7fb1fd6ca4aa1f5a2c94110a7a2967?s=96&d=mm&r=g\",\"url\":\"https:\\\/\\\/secure.gravatar.com\\\/avatar\\\/3b55f09e3908cc7190694de428627f99ad7fb1fd6ca4aa1f5a2c94110a7a2967?s=96&d=mm&r=g\",\"contentUrl\":\"https:\\\/\\\/secure.gravatar.com\\\/avatar\\\/3b55f09e3908cc7190694de428627f99ad7fb1fd6ca4aa1f5a2c94110a7a2967?s=96&d=mm&r=g\",\"caption\":\"Uli\"},\"url\":\"https:\\\/\\\/bakh.de\\\/wdp\\\/author\\\/uli\\\/\"}]}<\/script>\n<!-- \/ Yoast SEO plugin. -->","yoast_head_json":{"title":"Info-Veranstaltung zum Hochhaus erst nach Entscheidung \u00fcber Investor - B\u00fcrgeraktion Korber H\u00f6he e. V.","robots":{"index":"index","follow":"follow","max-snippet":"max-snippet:-1","max-image-preview":"max-image-preview:large","max-video-preview":"max-video-preview:-1"},"canonical":"https:\/\/bakh.de\/wdp\/info-veranstaltung-zum-hochhaus-erst-nach-entscheidung-ueber-investor\/","og_locale":"de_DE","og_type":"article","og_title":"Info-Veranstaltung zum Hochhaus erst nach Entscheidung \u00fcber Investor - B\u00fcrgeraktion Korber H\u00f6he e. V.","og_description":"Auf Initiative der Mitgliederversammlung am 16.2.2017 haben wir Oberb\u00fcrgermeister Andreas Hesky zu einer Diskussion \u00fcber das \u201eGr\u00fcnen Hochhaus\u201c eingeladen. Dies hat Herr Hesky abgelehnt. Nach seiner Ansicht ist es sinnvoller, \u201edie Auswahl des Investors abzuwarten und dann, wie im Juni 2016 vereinbart, wieder eine B\u00fcrgerinformation auf der Korber H\u00f6he gemeinsam mit dem Investor durchzuf\u00fchren, bei [&hellip;]","og_url":"https:\/\/bakh.de\/wdp\/info-veranstaltung-zum-hochhaus-erst-nach-entscheidung-ueber-investor\/","og_site_name":"B\u00fcrgeraktion Korber H\u00f6he e. V.","article_published_time":"2017-03-10T17:35:23+00:00","og_image":[{"url":"http:\/\/bakh.de\/wdp\/wp-content\/uploads\/2017\/03\/arabella_hoch.jpg","type":"","width":"","height":""}],"author":"Uli","twitter_card":"summary_large_image","twitter_misc":{"Verfasst von":"Uli","Gesch\u00e4tzte Lesezeit":"1\u00a0Minute"},"schema":{"@context":"https:\/\/schema.org","@graph":[{"@type":"Article","@id":"https:\/\/bakh.de\/wdp\/info-veranstaltung-zum-hochhaus-erst-nach-entscheidung-ueber-investor\/#article","isPartOf":{"@id":"https:\/\/bakh.de\/wdp\/info-veranstaltung-zum-hochhaus-erst-nach-entscheidung-ueber-investor\/"},"author":{"name":"Uli","@id":"https:\/\/bakh.de\/wdp\/#\/schema\/person\/75a1e296c1c53d3fbbc0a3c6104f6370"},"headline":"Info-Veranstaltung zum Hochhaus erst nach Entscheidung \u00fcber Investor","datePublished":"2017-03-10T17:35:23+00:00","mainEntityOfPage":{"@id":"https:\/\/bakh.de\/wdp\/info-veranstaltung-zum-hochhaus-erst-nach-entscheidung-ueber-investor\/"},"wordCount":291,"publisher":{"@id":"https:\/\/bakh.de\/wdp\/#organization"},"image":{"@id":"https:\/\/bakh.de\/wdp\/info-veranstaltung-zum-hochhaus-erst-nach-entscheidung-ueber-investor\/#primaryimage"},"thumbnailUrl":"http:\/\/bakh.de\/wdp\/wp-content\/uploads\/2017\/03\/arabella_hoch.jpg","articleSection":["Hochhaus"],"inLanguage":"de"},{"@type":"WebPage","@id":"https:\/\/bakh.de\/wdp\/info-veranstaltung-zum-hochhaus-erst-nach-entscheidung-ueber-investor\/","url":"https:\/\/bakh.de\/wdp\/info-veranstaltung-zum-hochhaus-erst-nach-entscheidung-ueber-investor\/","name":"Info-Veranstaltung zum Hochhaus erst nach Entscheidung \u00fcber Investor - B\u00fcrgeraktion Korber H\u00f6he e. V.","isPartOf":{"@id":"https:\/\/bakh.de\/wdp\/#website"},"primaryImageOfPage":{"@id":"https:\/\/bakh.de\/wdp\/info-veranstaltung-zum-hochhaus-erst-nach-entscheidung-ueber-investor\/#primaryimage"},"image":{"@id":"https:\/\/bakh.de\/wdp\/info-veranstaltung-zum-hochhaus-erst-nach-entscheidung-ueber-investor\/#primaryimage"},"thumbnailUrl":"http:\/\/bakh.de\/wdp\/wp-content\/uploads\/2017\/03\/arabella_hoch.jpg","datePublished":"2017-03-10T17:35:23+00:00","breadcrumb":{"@id":"https:\/\/bakh.de\/wdp\/info-veranstaltung-zum-hochhaus-erst-nach-entscheidung-ueber-investor\/#breadcrumb"},"inLanguage":"de","potentialAction":[{"@type":"ReadAction","target":["https:\/\/bakh.de\/wdp\/info-veranstaltung-zum-hochhaus-erst-nach-entscheidung-ueber-investor\/"]}]},{"@type":"ImageObject","inLanguage":"de","@id":"https:\/\/bakh.de\/wdp\/info-veranstaltung-zum-hochhaus-erst-nach-entscheidung-ueber-investor\/#primaryimage","url":"https:\/\/bakh.de\/wdp\/wp-content\/uploads\/2017\/03\/arabella_hoch.jpg","contentUrl":"https:\/\/bakh.de\/wdp\/wp-content\/uploads\/2017\/03\/arabella_hoch.jpg","width":287,"height":382},{"@type":"BreadcrumbList","@id":"https:\/\/bakh.de\/wdp\/info-veranstaltung-zum-hochhaus-erst-nach-entscheidung-ueber-investor\/#breadcrumb","itemListElement":[{"@type":"ListItem","position":1,"name":"Startseite","item":"https:\/\/bakh.de\/wdp\/"},{"@type":"ListItem","position":2,"name":"Info-Veranstaltung zum Hochhaus erst nach Entscheidung \u00fcber Investor"}]},{"@type":"WebSite","@id":"https:\/\/bakh.de\/wdp\/#website","url":"https:\/\/bakh.de\/wdp\/","name":"B\u00fcrgeraktion Korber H\u00f6he e. V.","description":"","publisher":{"@id":"https:\/\/bakh.de\/wdp\/#organization"},"potentialAction":[{"@type":"SearchAction","target":{"@type":"EntryPoint","urlTemplate":"https:\/\/bakh.de\/wdp\/?s={search_term_string}"},"query-input":{"@type":"PropertyValueSpecification","valueRequired":true,"valueName":"search_term_string"}}],"inLanguage":"de"},{"@type":"Organization","@id":"https:\/\/bakh.de\/wdp\/#organization","name":"B\u00fcrgeraktion Korber H\u00f6he e. V.","url":"https:\/\/bakh.de\/wdp\/","logo":{"@type":"ImageObject","inLanguage":"de","@id":"https:\/\/bakh.de\/wdp\/#\/schema\/logo\/image\/","url":"https:\/\/bakh.de\/wdp\/wp-content\/uploads\/2025\/11\/BAKH_Logo_4c_512.jpg","contentUrl":"https:\/\/bakh.de\/wdp\/wp-content\/uploads\/2025\/11\/BAKH_Logo_4c_512.jpg","width":516,"height":518,"caption":"B\u00fcrgeraktion Korber H\u00f6he e. V."},"image":{"@id":"https:\/\/bakh.de\/wdp\/#\/schema\/logo\/image\/"}},{"@type":"Person","@id":"https:\/\/bakh.de\/wdp\/#\/schema\/person\/75a1e296c1c53d3fbbc0a3c6104f6370","name":"Uli","image":{"@type":"ImageObject","inLanguage":"de","@id":"https:\/\/secure.gravatar.com\/avatar\/3b55f09e3908cc7190694de428627f99ad7fb1fd6ca4aa1f5a2c94110a7a2967?s=96&d=mm&r=g","url":"https:\/\/secure.gravatar.com\/avatar\/3b55f09e3908cc7190694de428627f99ad7fb1fd6ca4aa1f5a2c94110a7a2967?s=96&d=mm&r=g","contentUrl":"https:\/\/secure.gravatar.com\/avatar\/3b55f09e3908cc7190694de428627f99ad7fb1fd6ca4aa1f5a2c94110a7a2967?s=96&d=mm&r=g","caption":"Uli"},"url":"https:\/\/bakh.de\/wdp\/author\/uli\/"}]}},"_links":{"self":[{"href":"https:\/\/bakh.de\/wdp\/wp-json\/wp\/v2\/posts\/3512","targetHints":{"allow":["GET"]}}],"collection":[{"href":"https:\/\/bakh.de\/wdp\/wp-json\/wp\/v2\/posts"}],"about":[{"href":"https:\/\/bakh.de\/wdp\/wp-json\/wp\/v2\/types\/post"}],"author":[{"embeddable":true,"href":"https:\/\/bakh.de\/wdp\/wp-json\/wp\/v2\/users\/3"}],"replies":[{"embeddable":true,"href":"https:\/\/bakh.de\/wdp\/wp-json\/wp\/v2\/comments?post=3512"}],"version-history":[{"count":1,"href":"https:\/\/bakh.de\/wdp\/wp-json\/wp\/v2\/posts\/3512\/revisions"}],"predecessor-version":[{"id":3514,"href":"https:\/\/bakh.de\/wdp\/wp-json\/wp\/v2\/posts\/3512\/revisions\/3514"}],"wp:attachment":[{"href":"https:\/\/bakh.de\/wdp\/wp-json\/wp\/v2\/media?parent=3512"}],"wp:term":[{"taxonomy":"category","embeddable":true,"href":"https:\/\/bakh.de\/wdp\/wp-json\/wp\/v2\/categories?post=3512"},{"taxonomy":"post_tag","embeddable":true,"href":"https:\/\/bakh.de\/wdp\/wp-json\/wp\/v2\/tags?post=3512"}],"curies":[{"name":"wp","href":"https:\/\/api.w.org\/{rel}","templated":true}]}}