{"id":3457,"date":"2017-02-19T10:30:44","date_gmt":"2017-02-19T10:30:44","guid":{"rendered":"http:\/\/bakh.de\/wdp\/?p=3457"},"modified":"2020-10-15T12:43:47","modified_gmt":"2020-10-15T10:43:47","slug":"mitgliederversammlung-2017","status":"publish","type":"post","link":"https:\/\/bakh.de\/wdp\/mitgliederversammlung-2017\/","title":{"rendered":"Mitgliederversammlung 2017"},"content":{"rendered":"<p><a href=\"http:\/\/bakh.de\/wdp\/wp-content\/uploads\/2017\/02\/k-IMG_6559.jpg\"><img loading=\"lazy\" decoding=\"async\" class=\"alignleft wp-image-3458\" src=\"http:\/\/bakh.de\/wdp\/wp-content\/uploads\/2017\/02\/k-IMG_6559.jpg\" width=\"140\" height=\"105\" srcset=\"https:\/\/bakh.de\/wdp\/wp-content\/uploads\/2017\/02\/k-IMG_6559.jpg 800w, https:\/\/bakh.de\/wdp\/wp-content\/uploads\/2017\/02\/k-IMG_6559-300x225.jpg 300w, https:\/\/bakh.de\/wdp\/wp-content\/uploads\/2017\/02\/k-IMG_6559-768x576.jpg 768w\" sizes=\"auto, (max-width: 140px) 100vw, 140px\" \/><\/a><\/p>\n<p>&nbsp;<\/p>\n<p>33 Mitglieder waren am Donnerstag, 16.2.2017 zur diesj\u00e4hrigen Mitgliederversammlung in den Korber-H\u00f6he-Treff gekommen. Neben den Berichten des Vorstands und der Neigungsgruppen, Ehrungen und Wahlen waren die Nutzung des Finkenbergs und das geplante Hochhaus auf der Korber H\u00f6he II wichtige Tagesordnungspunkte.<\/p>\n<p><!--more--><\/p>\n<p>&nbsp;<\/p>\n<p>&nbsp;<\/p>\n<p>In seinem R\u00fcckblick berichtete Winfried Koch \u00fcber die Aktivit\u00e4ten des Hauptausschusses, die <a href=\"http:\/\/bakh.de\/wdp\/?p=3132\" target=\"_blank\" rel=\"noopener noreferrer\">Informationsveranstaltung zum geplanten Hochhaus<\/a> auf der Korber H\u00f6he \u201egr\u00fcner Daumen\u201c und den <a href=\"http:\/\/bakh.de\/wdp\/?p=3295\" target=\"_blank\" rel=\"noopener noreferrer\">Besuch der Kindertagesst\u00e4tte Finkenburg<\/a> mit B\u00fcrgermeisterin Christiane D\u00fcrr.<\/p>\n<p>Die <a href=\"http:\/\/bakh.de\/wdp\/?page_id=185\" target=\"_blank\" rel=\"noopener noreferrer\">Sportabzeichengruppe<\/a> besteht seit 32 Jahren. Karl-Heinz Korioth war seit Anfang an dabei und hat jedes Jahr das Sportabzeichen abgelegt. Jochen Lohr wurde 2016 von der Stadt Waiblingen f\u00fcr das 30. Sportabzeichen geehrt.<\/p>\n<p>Bei den Neuwahlen wurde Sabahat Almis als 2. Vorsitzender wiedergew\u00e4hlt. Renate Czurda, Annett Oviedo, Klaus Bulling. Roland Luther und Ulrich Bayha wurden wieder in den Hauptausschuss gew\u00e4hlt. Ulrich Bayha bleibt Kassenwart, Annett Oviedo Schriftf\u00fchrerin.<\/p>\n<p>Winfried Koch ehrte Heiderose und Bernd Scheerer, Justine und Anton Schnalzer f\u00fcr 40 Jahre Mitgliedschaft, sowie Karin und Notker Deyringer, Christina Reimitz, Ernst M\u00e4nner-Reimitz und Roland Stark f\u00fcr 25 Jahre Mitgliedschaft.<\/p>\nngg_shortcode_0_placeholder\n","protected":false},"excerpt":{"rendered":"<p>&nbsp; 33 Mitglieder waren am Donnerstag, 16.2.2017 zur diesj\u00e4hrigen Mitgliederversammlung in den Korber-H\u00f6he-Treff gekommen. Neben den Berichten des Vorstands und der Neigungsgruppen, Ehrungen und Wahlen waren die Nutzung des Finkenbergs und das geplante Hochhaus auf der Korber H\u00f6he II wichtige Tagesordnungspunkte.<\/p>\n","protected":false},"author":3,"featured_media":0,"comment_status":"closed","ping_status":"closed","sticky":false,"template":"","format":"standard","meta":{"ngg_post_thumbnail":0,"footnotes":""},"categories":[19],"tags":[],"class_list":["post-3457","post","type-post","status-publish","format-standard","hentry","category-mv"],"yoast_head":"<!-- This site is optimized with the Yoast SEO plugin v27.5 - https:\/\/yoast.com\/product\/yoast-seo-wordpress\/ -->\n<title>Mitgliederversammlung 2017 - B\u00fcrgeraktion Korber H\u00f6he e. V.<\/title>\n<meta name=\"robots\" content=\"index, follow, max-snippet:-1, max-image-preview:large, max-video-preview:-1\" \/>\n<link rel=\"canonical\" href=\"https:\/\/bakh.de\/wdp\/mitgliederversammlung-2017\/\" \/>\n<meta property=\"og:locale\" content=\"de_DE\" \/>\n<meta property=\"og:type\" content=\"article\" \/>\n<meta property=\"og:title\" content=\"Mitgliederversammlung 2017 - B\u00fcrgeraktion Korber H\u00f6he e. V.\" \/>\n<meta property=\"og:description\" content=\"&nbsp; 33 Mitglieder waren am Donnerstag, 16.2.2017 zur diesj\u00e4hrigen Mitgliederversammlung in den Korber-H\u00f6he-Treff gekommen. Neben den Berichten des Vorstands und der Neigungsgruppen, Ehrungen und Wahlen waren die Nutzung des Finkenbergs und das geplante Hochhaus auf der Korber H\u00f6he II wichtige Tagesordnungspunkte.\" \/>\n<meta property=\"og:url\" content=\"https:\/\/bakh.de\/wdp\/mitgliederversammlung-2017\/\" \/>\n<meta property=\"og:site_name\" content=\"B\u00fcrgeraktion Korber H\u00f6he e. V.\" \/>\n<meta property=\"article:published_time\" content=\"2017-02-19T10:30:44+00:00\" \/>\n<meta property=\"article:modified_time\" content=\"2020-10-15T10:43:47+00:00\" \/>\n<meta property=\"og:image\" content=\"http:\/\/bakh.de\/wdp\/wp-content\/uploads\/2017\/02\/k-IMG_6559.jpg\" \/>\n<meta name=\"author\" content=\"Uli\" \/>\n<meta name=\"twitter:card\" content=\"summary_large_image\" \/>\n<meta name=\"twitter:label1\" content=\"Verfasst von\" \/>\n\t<meta name=\"twitter:data1\" content=\"Uli\" \/>\n\t<meta name=\"twitter:label2\" content=\"Gesch\u00e4tzte Lesezeit\" \/>\n\t<meta name=\"twitter:data2\" content=\"1\u00a0Minute\" \/>\n<script type=\"application\/ld+json\" class=\"yoast-schema-graph\">{\"@context\":\"https:\\\/\\\/schema.org\",\"@graph\":[{\"@type\":\"Article\",\"@id\":\"https:\\\/\\\/bakh.de\\\/wdp\\\/mitgliederversammlung-2017\\\/#article\",\"isPartOf\":{\"@id\":\"https:\\\/\\\/bakh.de\\\/wdp\\\/mitgliederversammlung-2017\\\/\"},\"author\":{\"name\":\"Uli\",\"@id\":\"https:\\\/\\\/bakh.de\\\/wdp\\\/#\\\/schema\\\/person\\\/75a1e296c1c53d3fbbc0a3c6104f6370\"},\"headline\":\"Mitgliederversammlung 2017\",\"datePublished\":\"2017-02-19T10:30:44+00:00\",\"dateModified\":\"2020-10-15T10:43:47+00:00\",\"mainEntityOfPage\":{\"@id\":\"https:\\\/\\\/bakh.de\\\/wdp\\\/mitgliederversammlung-2017\\\/\"},\"wordCount\":238,\"publisher\":{\"@id\":\"https:\\\/\\\/bakh.de\\\/wdp\\\/#organization\"},\"image\":{\"@id\":\"https:\\\/\\\/bakh.de\\\/wdp\\\/mitgliederversammlung-2017\\\/#primaryimage\"},\"thumbnailUrl\":\"http:\\\/\\\/bakh.de\\\/wdp\\\/wp-content\\\/uploads\\\/2017\\\/02\\\/k-IMG_6559.jpg\",\"articleSection\":[\"Fr\u00fchere Mitgliederversammlungen\"],\"inLanguage\":\"de\"},{\"@type\":\"WebPage\",\"@id\":\"https:\\\/\\\/bakh.de\\\/wdp\\\/mitgliederversammlung-2017\\\/\",\"url\":\"https:\\\/\\\/bakh.de\\\/wdp\\\/mitgliederversammlung-2017\\\/\",\"name\":\"Mitgliederversammlung 2017 - B\u00fcrgeraktion Korber H\u00f6he e. V.\",\"isPartOf\":{\"@id\":\"https:\\\/\\\/bakh.de\\\/wdp\\\/#website\"},\"primaryImageOfPage\":{\"@id\":\"https:\\\/\\\/bakh.de\\\/wdp\\\/mitgliederversammlung-2017\\\/#primaryimage\"},\"image\":{\"@id\":\"https:\\\/\\\/bakh.de\\\/wdp\\\/mitgliederversammlung-2017\\\/#primaryimage\"},\"thumbnailUrl\":\"http:\\\/\\\/bakh.de\\\/wdp\\\/wp-content\\\/uploads\\\/2017\\\/02\\\/k-IMG_6559.jpg\",\"datePublished\":\"2017-02-19T10:30:44+00:00\",\"dateModified\":\"2020-10-15T10:43:47+00:00\",\"breadcrumb\":{\"@id\":\"https:\\\/\\\/bakh.de\\\/wdp\\\/mitgliederversammlung-2017\\\/#breadcrumb\"},\"inLanguage\":\"de\",\"potentialAction\":[{\"@type\":\"ReadAction\",\"target\":[\"https:\\\/\\\/bakh.de\\\/wdp\\\/mitgliederversammlung-2017\\\/\"]}]},{\"@type\":\"ImageObject\",\"inLanguage\":\"de\",\"@id\":\"https:\\\/\\\/bakh.de\\\/wdp\\\/mitgliederversammlung-2017\\\/#primaryimage\",\"url\":\"https:\\\/\\\/bakh.de\\\/wdp\\\/wp-content\\\/uploads\\\/2017\\\/02\\\/k-IMG_6559.jpg\",\"contentUrl\":\"https:\\\/\\\/bakh.de\\\/wdp\\\/wp-content\\\/uploads\\\/2017\\\/02\\\/k-IMG_6559.jpg\",\"width\":800,\"height\":600},{\"@type\":\"BreadcrumbList\",\"@id\":\"https:\\\/\\\/bakh.de\\\/wdp\\\/mitgliederversammlung-2017\\\/#breadcrumb\",\"itemListElement\":[{\"@type\":\"ListItem\",\"position\":1,\"name\":\"Startseite\",\"item\":\"https:\\\/\\\/bakh.de\\\/wdp\\\/\"},{\"@type\":\"ListItem\",\"position\":2,\"name\":\"Mitgliederversammlung 2017\"}]},{\"@type\":\"WebSite\",\"@id\":\"https:\\\/\\\/bakh.de\\\/wdp\\\/#website\",\"url\":\"https:\\\/\\\/bakh.de\\\/wdp\\\/\",\"name\":\"B\u00fcrgeraktion Korber H\u00f6he e. V.\",\"description\":\"\",\"publisher\":{\"@id\":\"https:\\\/\\\/bakh.de\\\/wdp\\\/#organization\"},\"potentialAction\":[{\"@type\":\"SearchAction\",\"target\":{\"@type\":\"EntryPoint\",\"urlTemplate\":\"https:\\\/\\\/bakh.de\\\/wdp\\\/?s={search_term_string}\"},\"query-input\":{\"@type\":\"PropertyValueSpecification\",\"valueRequired\":true,\"valueName\":\"search_term_string\"}}],\"inLanguage\":\"de\"},{\"@type\":\"Organization\",\"@id\":\"https:\\\/\\\/bakh.de\\\/wdp\\\/#organization\",\"name\":\"B\u00fcrgeraktion Korber H\u00f6he e. V.\",\"url\":\"https:\\\/\\\/bakh.de\\\/wdp\\\/\",\"logo\":{\"@type\":\"ImageObject\",\"inLanguage\":\"de\",\"@id\":\"https:\\\/\\\/bakh.de\\\/wdp\\\/#\\\/schema\\\/logo\\\/image\\\/\",\"url\":\"https:\\\/\\\/bakh.de\\\/wdp\\\/wp-content\\\/uploads\\\/2025\\\/11\\\/BAKH_Logo_4c_512.jpg\",\"contentUrl\":\"https:\\\/\\\/bakh.de\\\/wdp\\\/wp-content\\\/uploads\\\/2025\\\/11\\\/BAKH_Logo_4c_512.jpg\",\"width\":516,\"height\":518,\"caption\":\"B\u00fcrgeraktion Korber H\u00f6he e. V.\"},\"image\":{\"@id\":\"https:\\\/\\\/bakh.de\\\/wdp\\\/#\\\/schema\\\/logo\\\/image\\\/\"}},{\"@type\":\"Person\",\"@id\":\"https:\\\/\\\/bakh.de\\\/wdp\\\/#\\\/schema\\\/person\\\/75a1e296c1c53d3fbbc0a3c6104f6370\",\"name\":\"Uli\",\"image\":{\"@type\":\"ImageObject\",\"inLanguage\":\"de\",\"@id\":\"https:\\\/\\\/secure.gravatar.com\\\/avatar\\\/3b55f09e3908cc7190694de428627f99ad7fb1fd6ca4aa1f5a2c94110a7a2967?s=96&d=mm&r=g\",\"url\":\"https:\\\/\\\/secure.gravatar.com\\\/avatar\\\/3b55f09e3908cc7190694de428627f99ad7fb1fd6ca4aa1f5a2c94110a7a2967?s=96&d=mm&r=g\",\"contentUrl\":\"https:\\\/\\\/secure.gravatar.com\\\/avatar\\\/3b55f09e3908cc7190694de428627f99ad7fb1fd6ca4aa1f5a2c94110a7a2967?s=96&d=mm&r=g\",\"caption\":\"Uli\"},\"url\":\"https:\\\/\\\/bakh.de\\\/wdp\\\/author\\\/uli\\\/\"}]}<\/script>\n<!-- \/ Yoast SEO plugin. -->","yoast_head_json":{"title":"Mitgliederversammlung 2017 - B\u00fcrgeraktion Korber H\u00f6he e. V.","robots":{"index":"index","follow":"follow","max-snippet":"max-snippet:-1","max-image-preview":"max-image-preview:large","max-video-preview":"max-video-preview:-1"},"canonical":"https:\/\/bakh.de\/wdp\/mitgliederversammlung-2017\/","og_locale":"de_DE","og_type":"article","og_title":"Mitgliederversammlung 2017 - B\u00fcrgeraktion Korber H\u00f6he e. V.","og_description":"&nbsp; 33 Mitglieder waren am Donnerstag, 16.2.2017 zur diesj\u00e4hrigen Mitgliederversammlung in den Korber-H\u00f6he-Treff gekommen. Neben den Berichten des Vorstands und der Neigungsgruppen, Ehrungen und Wahlen waren die Nutzung des Finkenbergs und das geplante Hochhaus auf der Korber H\u00f6he II wichtige Tagesordnungspunkte.","og_url":"https:\/\/bakh.de\/wdp\/mitgliederversammlung-2017\/","og_site_name":"B\u00fcrgeraktion Korber H\u00f6he e. V.","article_published_time":"2017-02-19T10:30:44+00:00","article_modified_time":"2020-10-15T10:43:47+00:00","og_image":[{"url":"http:\/\/bakh.de\/wdp\/wp-content\/uploads\/2017\/02\/k-IMG_6559.jpg","type":"","width":"","height":""}],"author":"Uli","twitter_card":"summary_large_image","twitter_misc":{"Verfasst von":"Uli","Gesch\u00e4tzte Lesezeit":"1\u00a0Minute"},"schema":{"@context":"https:\/\/schema.org","@graph":[{"@type":"Article","@id":"https:\/\/bakh.de\/wdp\/mitgliederversammlung-2017\/#article","isPartOf":{"@id":"https:\/\/bakh.de\/wdp\/mitgliederversammlung-2017\/"},"author":{"name":"Uli","@id":"https:\/\/bakh.de\/wdp\/#\/schema\/person\/75a1e296c1c53d3fbbc0a3c6104f6370"},"headline":"Mitgliederversammlung 2017","datePublished":"2017-02-19T10:30:44+00:00","dateModified":"2020-10-15T10:43:47+00:00","mainEntityOfPage":{"@id":"https:\/\/bakh.de\/wdp\/mitgliederversammlung-2017\/"},"wordCount":238,"publisher":{"@id":"https:\/\/bakh.de\/wdp\/#organization"},"image":{"@id":"https:\/\/bakh.de\/wdp\/mitgliederversammlung-2017\/#primaryimage"},"thumbnailUrl":"http:\/\/bakh.de\/wdp\/wp-content\/uploads\/2017\/02\/k-IMG_6559.jpg","articleSection":["Fr\u00fchere Mitgliederversammlungen"],"inLanguage":"de"},{"@type":"WebPage","@id":"https:\/\/bakh.de\/wdp\/mitgliederversammlung-2017\/","url":"https:\/\/bakh.de\/wdp\/mitgliederversammlung-2017\/","name":"Mitgliederversammlung 2017 - B\u00fcrgeraktion Korber H\u00f6he e. V.","isPartOf":{"@id":"https:\/\/bakh.de\/wdp\/#website"},"primaryImageOfPage":{"@id":"https:\/\/bakh.de\/wdp\/mitgliederversammlung-2017\/#primaryimage"},"image":{"@id":"https:\/\/bakh.de\/wdp\/mitgliederversammlung-2017\/#primaryimage"},"thumbnailUrl":"http:\/\/bakh.de\/wdp\/wp-content\/uploads\/2017\/02\/k-IMG_6559.jpg","datePublished":"2017-02-19T10:30:44+00:00","dateModified":"2020-10-15T10:43:47+00:00","breadcrumb":{"@id":"https:\/\/bakh.de\/wdp\/mitgliederversammlung-2017\/#breadcrumb"},"inLanguage":"de","potentialAction":[{"@type":"ReadAction","target":["https:\/\/bakh.de\/wdp\/mitgliederversammlung-2017\/"]}]},{"@type":"ImageObject","inLanguage":"de","@id":"https:\/\/bakh.de\/wdp\/mitgliederversammlung-2017\/#primaryimage","url":"https:\/\/bakh.de\/wdp\/wp-content\/uploads\/2017\/02\/k-IMG_6559.jpg","contentUrl":"https:\/\/bakh.de\/wdp\/wp-content\/uploads\/2017\/02\/k-IMG_6559.jpg","width":800,"height":600},{"@type":"BreadcrumbList","@id":"https:\/\/bakh.de\/wdp\/mitgliederversammlung-2017\/#breadcrumb","itemListElement":[{"@type":"ListItem","position":1,"name":"Startseite","item":"https:\/\/bakh.de\/wdp\/"},{"@type":"ListItem","position":2,"name":"Mitgliederversammlung 2017"}]},{"@type":"WebSite","@id":"https:\/\/bakh.de\/wdp\/#website","url":"https:\/\/bakh.de\/wdp\/","name":"B\u00fcrgeraktion Korber H\u00f6he e. V.","description":"","publisher":{"@id":"https:\/\/bakh.de\/wdp\/#organization"},"potentialAction":[{"@type":"SearchAction","target":{"@type":"EntryPoint","urlTemplate":"https:\/\/bakh.de\/wdp\/?s={search_term_string}"},"query-input":{"@type":"PropertyValueSpecification","valueRequired":true,"valueName":"search_term_string"}}],"inLanguage":"de"},{"@type":"Organization","@id":"https:\/\/bakh.de\/wdp\/#organization","name":"B\u00fcrgeraktion Korber H\u00f6he e. V.","url":"https:\/\/bakh.de\/wdp\/","logo":{"@type":"ImageObject","inLanguage":"de","@id":"https:\/\/bakh.de\/wdp\/#\/schema\/logo\/image\/","url":"https:\/\/bakh.de\/wdp\/wp-content\/uploads\/2025\/11\/BAKH_Logo_4c_512.jpg","contentUrl":"https:\/\/bakh.de\/wdp\/wp-content\/uploads\/2025\/11\/BAKH_Logo_4c_512.jpg","width":516,"height":518,"caption":"B\u00fcrgeraktion Korber H\u00f6he e. V."},"image":{"@id":"https:\/\/bakh.de\/wdp\/#\/schema\/logo\/image\/"}},{"@type":"Person","@id":"https:\/\/bakh.de\/wdp\/#\/schema\/person\/75a1e296c1c53d3fbbc0a3c6104f6370","name":"Uli","image":{"@type":"ImageObject","inLanguage":"de","@id":"https:\/\/secure.gravatar.com\/avatar\/3b55f09e3908cc7190694de428627f99ad7fb1fd6ca4aa1f5a2c94110a7a2967?s=96&d=mm&r=g","url":"https:\/\/secure.gravatar.com\/avatar\/3b55f09e3908cc7190694de428627f99ad7fb1fd6ca4aa1f5a2c94110a7a2967?s=96&d=mm&r=g","contentUrl":"https:\/\/secure.gravatar.com\/avatar\/3b55f09e3908cc7190694de428627f99ad7fb1fd6ca4aa1f5a2c94110a7a2967?s=96&d=mm&r=g","caption":"Uli"},"url":"https:\/\/bakh.de\/wdp\/author\/uli\/"}]}},"_links":{"self":[{"href":"https:\/\/bakh.de\/wdp\/wp-json\/wp\/v2\/posts\/3457","targetHints":{"allow":["GET"]}}],"collection":[{"href":"https:\/\/bakh.de\/wdp\/wp-json\/wp\/v2\/posts"}],"about":[{"href":"https:\/\/bakh.de\/wdp\/wp-json\/wp\/v2\/types\/post"}],"author":[{"embeddable":true,"href":"https:\/\/bakh.de\/wdp\/wp-json\/wp\/v2\/users\/3"}],"replies":[{"embeddable":true,"href":"https:\/\/bakh.de\/wdp\/wp-json\/wp\/v2\/comments?post=3457"}],"version-history":[{"count":16,"href":"https:\/\/bakh.de\/wdp\/wp-json\/wp\/v2\/posts\/3457\/revisions"}],"predecessor-version":[{"id":5290,"href":"https:\/\/bakh.de\/wdp\/wp-json\/wp\/v2\/posts\/3457\/revisions\/5290"}],"wp:attachment":[{"href":"https:\/\/bakh.de\/wdp\/wp-json\/wp\/v2\/media?parent=3457"}],"wp:term":[{"taxonomy":"category","embeddable":true,"href":"https:\/\/bakh.de\/wdp\/wp-json\/wp\/v2\/categories?post=3457"},{"taxonomy":"post_tag","embeddable":true,"href":"https:\/\/bakh.de\/wdp\/wp-json\/wp\/v2\/tags?post=3457"}],"curies":[{"name":"wp","href":"https:\/\/api.w.org\/{rel}","templated":true}]}}