{"id":3345,"date":"2017-01-22T12:19:18","date_gmt":"2017-01-22T12:19:18","guid":{"rendered":"http:\/\/bakh.de\/wdp\/?p=3345"},"modified":"2017-01-22T12:30:24","modified_gmt":"2017-01-22T12:30:24","slug":"ausblick-finkenberg","status":"publish","type":"post","link":"https:\/\/bakh.de\/wdp\/ausblick-finkenberg\/","title":{"rendered":"Ausblick Finkenberg"},"content":{"rendered":"<p><a href=\"http:\/\/bakh.de\/wdp\/wp-content\/uploads\/2012\/06\/k-DSC06508a-Kopie.jpg\"><img loading=\"lazy\" decoding=\"async\" class=\"alignleft wp-image-3352\" src=\"http:\/\/bakh.de\/wdp\/wp-content\/uploads\/2012\/06\/k-DSC06508a-Kopie.jpg\" width=\"180\" height=\"135\" srcset=\"https:\/\/bakh.de\/wdp\/wp-content\/uploads\/2012\/06\/k-DSC06508a-Kopie.jpg 800w, https:\/\/bakh.de\/wdp\/wp-content\/uploads\/2012\/06\/k-DSC06508a-Kopie-300x225.jpg 300w, https:\/\/bakh.de\/wdp\/wp-content\/uploads\/2012\/06\/k-DSC06508a-Kopie-768x576.jpg 768w\" sizes=\"auto, (max-width: 180px) 100vw, 180px\" \/><\/a>Im Dezember 2016 hatte die Stadt Waiblingen eingeladen, um den Stand und die Weiterentwicklung des Finkenbergs im Kreise aller Beteiligten zu er\u00f6rtern.<!--more--><\/p>\n<p>Es gab f\u00fcr uns 2 \u00dcberraschungen:<\/p>\n<p>Die Zug\u00e4nglichkeit des Finkenberggel\u00e4ndes wurde zwischenzeitlich verbessert. Man kann das gesamte Gel\u00e4nde umwandern und \u00fcber eine Fu\u00dfg\u00e4ngerfurt die Stra\u00dfe nach Korb gefahrlos \u00fcberqueren. Au\u00dferdem wurde mitten durchs Gel\u00e4nde die \u201cTal\u201c-Stra\u00dfe &nbsp;befestigt. In und um den T\u00fcmpel haben sich seltene Kleinlebewesen etabliert &#8211; ein Kle<a href=\"http:\/\/bakh.de\/wdp\/wp-content\/uploads\/2017\/01\/k-Scan_20170117-Kopie.png\"><img loading=\"lazy\" decoding=\"async\" class=\"alignright wp-image-3346\" src=\"http:\/\/bakh.de\/wdp\/wp-content\/uploads\/2017\/01\/k-Scan_20170117-Kopie.png\" width=\"180\" height=\"135\" srcset=\"https:\/\/bakh.de\/wdp\/wp-content\/uploads\/2017\/01\/k-Scan_20170117-Kopie.png 800w, https:\/\/bakh.de\/wdp\/wp-content\/uploads\/2017\/01\/k-Scan_20170117-Kopie-300x225.png 300w, https:\/\/bakh.de\/wdp\/wp-content\/uploads\/2017\/01\/k-Scan_20170117-Kopie-768x576.png 768w\" sizes=\"auto, (max-width: 180px) 100vw, 180px\" \/><\/a>inod!<\/p>\n<p>Der <a href=\"http:\/\/www.jugendfarm-waiblingen.de\/\" target=\"_blank\">Jugendfarm-Verein<\/a> zeigte den Entwurf eines einfachen Holz-Geb\u00e4udes, in dem ab 2017 Kleintiere untergebracht werden sollen, um dem Namen \u201eFarm\u201c gerecht zu werden. Herr Beck von der Jugendfarm Waiblingen war zuversichtlich, dass \u00fcber angek\u00fcndigte Spenden, wie die der Firma Stihl (10.000 \u20ac am 22. 12. 2016), die Farm finanziert werden kann.<\/p>\n<p>In der Runde war eine Aufbruchsstimmung sp\u00fcrbar, dieses besondere Vorhaben, die Natur den St\u00e4dtern n\u00e4her zu bringen, St\u00fcck f\u00fcr St\u00fcck zu f\u00f6rdern und aufwachsen zu sehen.<\/p>\n<p>Man hofft, dass die Bewohner der Korber H\u00f6he sich aktiv einbringen werden.<\/p>\n<p><a href=\"http:\/\/bakh.de\/wdp\/wp-content\/uploads\/2012\/06\/k-DSC06505a-Kopie.jpg\"><img loading=\"lazy\" decoding=\"async\" class=\"aligncenter wp-image-3351\" src=\"http:\/\/bakh.de\/wdp\/wp-content\/uploads\/2012\/06\/k-DSC06505a-Kopie.jpg\" width=\"400\" height=\"300\" srcset=\"https:\/\/bakh.de\/wdp\/wp-content\/uploads\/2012\/06\/k-DSC06505a-Kopie.jpg 800w, https:\/\/bakh.de\/wdp\/wp-content\/uploads\/2012\/06\/k-DSC06505a-Kopie-300x225.jpg 300w, https:\/\/bakh.de\/wdp\/wp-content\/uploads\/2012\/06\/k-DSC06505a-Kopie-768x576.jpg 768w\" sizes=\"auto, (max-width: 400px) 100vw, 400px\" \/><\/a><\/p>\n","protected":false},"excerpt":{"rendered":"<p>Im Dezember 2016 hatte die Stadt Waiblingen eingeladen, um den Stand und die Weiterentwicklung des Finkenbergs im Kreise aller Beteiligten zu er\u00f6rtern.<\/p>\n","protected":false},"author":3,"featured_media":0,"comment_status":"closed","ping_status":"closed","sticky":false,"template":"","format":"standard","meta":{"ngg_post_thumbnail":0,"footnotes":""},"categories":[11],"tags":[],"class_list":["post-3345","post","type-post","status-publish","format-standard","hentry","category-finkenberg"],"yoast_head":"<!-- This site is optimized with the Yoast SEO plugin v27.5 - https:\/\/yoast.com\/product\/yoast-seo-wordpress\/ -->\n<title>Ausblick Finkenberg - B\u00fcrgeraktion Korber H\u00f6he e. V.<\/title>\n<meta name=\"robots\" content=\"index, follow, max-snippet:-1, max-image-preview:large, max-video-preview:-1\" \/>\n<link rel=\"canonical\" href=\"https:\/\/bakh.de\/wdp\/ausblick-finkenberg\/\" \/>\n<meta property=\"og:locale\" content=\"de_DE\" \/>\n<meta property=\"og:type\" content=\"article\" \/>\n<meta property=\"og:title\" content=\"Ausblick Finkenberg - B\u00fcrgeraktion Korber H\u00f6he e. V.\" \/>\n<meta property=\"og:description\" content=\"Im Dezember 2016 hatte die Stadt Waiblingen eingeladen, um den Stand und die Weiterentwicklung des Finkenbergs im Kreise aller Beteiligten zu er\u00f6rtern.\" \/>\n<meta property=\"og:url\" content=\"https:\/\/bakh.de\/wdp\/ausblick-finkenberg\/\" \/>\n<meta property=\"og:site_name\" content=\"B\u00fcrgeraktion Korber H\u00f6he e. V.\" \/>\n<meta property=\"article:published_time\" content=\"2017-01-22T12:19:18+00:00\" \/>\n<meta property=\"article:modified_time\" content=\"2017-01-22T12:30:24+00:00\" \/>\n<meta property=\"og:image\" content=\"http:\/\/bakh.de\/wdp\/wp-content\/uploads\/2012\/06\/k-DSC06508a-Kopie.jpg\" \/>\n<meta name=\"author\" content=\"Uli\" \/>\n<meta name=\"twitter:card\" content=\"summary_large_image\" \/>\n<meta name=\"twitter:label1\" content=\"Verfasst von\" \/>\n\t<meta name=\"twitter:data1\" content=\"Uli\" \/>\n\t<meta name=\"twitter:label2\" content=\"Gesch\u00e4tzte Lesezeit\" \/>\n\t<meta name=\"twitter:data2\" content=\"1\u00a0Minute\" \/>\n<script type=\"application\/ld+json\" class=\"yoast-schema-graph\">{\"@context\":\"https:\\\/\\\/schema.org\",\"@graph\":[{\"@type\":\"Article\",\"@id\":\"https:\\\/\\\/bakh.de\\\/wdp\\\/ausblick-finkenberg\\\/#article\",\"isPartOf\":{\"@id\":\"https:\\\/\\\/bakh.de\\\/wdp\\\/ausblick-finkenberg\\\/\"},\"author\":{\"name\":\"Uli\",\"@id\":\"https:\\\/\\\/bakh.de\\\/wdp\\\/#\\\/schema\\\/person\\\/75a1e296c1c53d3fbbc0a3c6104f6370\"},\"headline\":\"Ausblick Finkenberg\",\"datePublished\":\"2017-01-22T12:19:18+00:00\",\"dateModified\":\"2017-01-22T12:30:24+00:00\",\"mainEntityOfPage\":{\"@id\":\"https:\\\/\\\/bakh.de\\\/wdp\\\/ausblick-finkenberg\\\/\"},\"wordCount\":180,\"publisher\":{\"@id\":\"https:\\\/\\\/bakh.de\\\/wdp\\\/#organization\"},\"image\":{\"@id\":\"https:\\\/\\\/bakh.de\\\/wdp\\\/ausblick-finkenberg\\\/#primaryimage\"},\"thumbnailUrl\":\"http:\\\/\\\/bakh.de\\\/wdp\\\/wp-content\\\/uploads\\\/2012\\\/06\\\/k-DSC06508a-Kopie.jpg\",\"articleSection\":[\"Finkenberg\"],\"inLanguage\":\"de\"},{\"@type\":\"WebPage\",\"@id\":\"https:\\\/\\\/bakh.de\\\/wdp\\\/ausblick-finkenberg\\\/\",\"url\":\"https:\\\/\\\/bakh.de\\\/wdp\\\/ausblick-finkenberg\\\/\",\"name\":\"Ausblick Finkenberg - B\u00fcrgeraktion Korber H\u00f6he e. V.\",\"isPartOf\":{\"@id\":\"https:\\\/\\\/bakh.de\\\/wdp\\\/#website\"},\"primaryImageOfPage\":{\"@id\":\"https:\\\/\\\/bakh.de\\\/wdp\\\/ausblick-finkenberg\\\/#primaryimage\"},\"image\":{\"@id\":\"https:\\\/\\\/bakh.de\\\/wdp\\\/ausblick-finkenberg\\\/#primaryimage\"},\"thumbnailUrl\":\"http:\\\/\\\/bakh.de\\\/wdp\\\/wp-content\\\/uploads\\\/2012\\\/06\\\/k-DSC06508a-Kopie.jpg\",\"datePublished\":\"2017-01-22T12:19:18+00:00\",\"dateModified\":\"2017-01-22T12:30:24+00:00\",\"breadcrumb\":{\"@id\":\"https:\\\/\\\/bakh.de\\\/wdp\\\/ausblick-finkenberg\\\/#breadcrumb\"},\"inLanguage\":\"de\",\"potentialAction\":[{\"@type\":\"ReadAction\",\"target\":[\"https:\\\/\\\/bakh.de\\\/wdp\\\/ausblick-finkenberg\\\/\"]}]},{\"@type\":\"ImageObject\",\"inLanguage\":\"de\",\"@id\":\"https:\\\/\\\/bakh.de\\\/wdp\\\/ausblick-finkenberg\\\/#primaryimage\",\"url\":\"https:\\\/\\\/bakh.de\\\/wdp\\\/wp-content\\\/uploads\\\/2012\\\/06\\\/k-DSC06508a-Kopie.jpg\",\"contentUrl\":\"https:\\\/\\\/bakh.de\\\/wdp\\\/wp-content\\\/uploads\\\/2012\\\/06\\\/k-DSC06508a-Kopie.jpg\",\"width\":800,\"height\":600},{\"@type\":\"BreadcrumbList\",\"@id\":\"https:\\\/\\\/bakh.de\\\/wdp\\\/ausblick-finkenberg\\\/#breadcrumb\",\"itemListElement\":[{\"@type\":\"ListItem\",\"position\":1,\"name\":\"Startseite\",\"item\":\"https:\\\/\\\/bakh.de\\\/wdp\\\/\"},{\"@type\":\"ListItem\",\"position\":2,\"name\":\"Ausblick Finkenberg\"}]},{\"@type\":\"WebSite\",\"@id\":\"https:\\\/\\\/bakh.de\\\/wdp\\\/#website\",\"url\":\"https:\\\/\\\/bakh.de\\\/wdp\\\/\",\"name\":\"B\u00fcrgeraktion Korber H\u00f6he e. V.\",\"description\":\"\",\"publisher\":{\"@id\":\"https:\\\/\\\/bakh.de\\\/wdp\\\/#organization\"},\"potentialAction\":[{\"@type\":\"SearchAction\",\"target\":{\"@type\":\"EntryPoint\",\"urlTemplate\":\"https:\\\/\\\/bakh.de\\\/wdp\\\/?s={search_term_string}\"},\"query-input\":{\"@type\":\"PropertyValueSpecification\",\"valueRequired\":true,\"valueName\":\"search_term_string\"}}],\"inLanguage\":\"de\"},{\"@type\":\"Organization\",\"@id\":\"https:\\\/\\\/bakh.de\\\/wdp\\\/#organization\",\"name\":\"B\u00fcrgeraktion Korber H\u00f6he e. V.\",\"url\":\"https:\\\/\\\/bakh.de\\\/wdp\\\/\",\"logo\":{\"@type\":\"ImageObject\",\"inLanguage\":\"de\",\"@id\":\"https:\\\/\\\/bakh.de\\\/wdp\\\/#\\\/schema\\\/logo\\\/image\\\/\",\"url\":\"https:\\\/\\\/bakh.de\\\/wdp\\\/wp-content\\\/uploads\\\/2025\\\/11\\\/BAKH_Logo_4c_512.jpg\",\"contentUrl\":\"https:\\\/\\\/bakh.de\\\/wdp\\\/wp-content\\\/uploads\\\/2025\\\/11\\\/BAKH_Logo_4c_512.jpg\",\"width\":516,\"height\":518,\"caption\":\"B\u00fcrgeraktion Korber H\u00f6he e. V.\"},\"image\":{\"@id\":\"https:\\\/\\\/bakh.de\\\/wdp\\\/#\\\/schema\\\/logo\\\/image\\\/\"}},{\"@type\":\"Person\",\"@id\":\"https:\\\/\\\/bakh.de\\\/wdp\\\/#\\\/schema\\\/person\\\/75a1e296c1c53d3fbbc0a3c6104f6370\",\"name\":\"Uli\",\"image\":{\"@type\":\"ImageObject\",\"inLanguage\":\"de\",\"@id\":\"https:\\\/\\\/secure.gravatar.com\\\/avatar\\\/3b55f09e3908cc7190694de428627f99ad7fb1fd6ca4aa1f5a2c94110a7a2967?s=96&d=mm&r=g\",\"url\":\"https:\\\/\\\/secure.gravatar.com\\\/avatar\\\/3b55f09e3908cc7190694de428627f99ad7fb1fd6ca4aa1f5a2c94110a7a2967?s=96&d=mm&r=g\",\"contentUrl\":\"https:\\\/\\\/secure.gravatar.com\\\/avatar\\\/3b55f09e3908cc7190694de428627f99ad7fb1fd6ca4aa1f5a2c94110a7a2967?s=96&d=mm&r=g\",\"caption\":\"Uli\"},\"url\":\"https:\\\/\\\/bakh.de\\\/wdp\\\/author\\\/uli\\\/\"}]}<\/script>\n<!-- \/ Yoast SEO plugin. -->","yoast_head_json":{"title":"Ausblick Finkenberg - B\u00fcrgeraktion Korber H\u00f6he e. V.","robots":{"index":"index","follow":"follow","max-snippet":"max-snippet:-1","max-image-preview":"max-image-preview:large","max-video-preview":"max-video-preview:-1"},"canonical":"https:\/\/bakh.de\/wdp\/ausblick-finkenberg\/","og_locale":"de_DE","og_type":"article","og_title":"Ausblick Finkenberg - B\u00fcrgeraktion Korber H\u00f6he e. V.","og_description":"Im Dezember 2016 hatte die Stadt Waiblingen eingeladen, um den Stand und die Weiterentwicklung des Finkenbergs im Kreise aller Beteiligten zu er\u00f6rtern.","og_url":"https:\/\/bakh.de\/wdp\/ausblick-finkenberg\/","og_site_name":"B\u00fcrgeraktion Korber H\u00f6he e. V.","article_published_time":"2017-01-22T12:19:18+00:00","article_modified_time":"2017-01-22T12:30:24+00:00","og_image":[{"url":"http:\/\/bakh.de\/wdp\/wp-content\/uploads\/2012\/06\/k-DSC06508a-Kopie.jpg","type":"","width":"","height":""}],"author":"Uli","twitter_card":"summary_large_image","twitter_misc":{"Verfasst von":"Uli","Gesch\u00e4tzte Lesezeit":"1\u00a0Minute"},"schema":{"@context":"https:\/\/schema.org","@graph":[{"@type":"Article","@id":"https:\/\/bakh.de\/wdp\/ausblick-finkenberg\/#article","isPartOf":{"@id":"https:\/\/bakh.de\/wdp\/ausblick-finkenberg\/"},"author":{"name":"Uli","@id":"https:\/\/bakh.de\/wdp\/#\/schema\/person\/75a1e296c1c53d3fbbc0a3c6104f6370"},"headline":"Ausblick Finkenberg","datePublished":"2017-01-22T12:19:18+00:00","dateModified":"2017-01-22T12:30:24+00:00","mainEntityOfPage":{"@id":"https:\/\/bakh.de\/wdp\/ausblick-finkenberg\/"},"wordCount":180,"publisher":{"@id":"https:\/\/bakh.de\/wdp\/#organization"},"image":{"@id":"https:\/\/bakh.de\/wdp\/ausblick-finkenberg\/#primaryimage"},"thumbnailUrl":"http:\/\/bakh.de\/wdp\/wp-content\/uploads\/2012\/06\/k-DSC06508a-Kopie.jpg","articleSection":["Finkenberg"],"inLanguage":"de"},{"@type":"WebPage","@id":"https:\/\/bakh.de\/wdp\/ausblick-finkenberg\/","url":"https:\/\/bakh.de\/wdp\/ausblick-finkenberg\/","name":"Ausblick Finkenberg - B\u00fcrgeraktion Korber H\u00f6he e. V.","isPartOf":{"@id":"https:\/\/bakh.de\/wdp\/#website"},"primaryImageOfPage":{"@id":"https:\/\/bakh.de\/wdp\/ausblick-finkenberg\/#primaryimage"},"image":{"@id":"https:\/\/bakh.de\/wdp\/ausblick-finkenberg\/#primaryimage"},"thumbnailUrl":"http:\/\/bakh.de\/wdp\/wp-content\/uploads\/2012\/06\/k-DSC06508a-Kopie.jpg","datePublished":"2017-01-22T12:19:18+00:00","dateModified":"2017-01-22T12:30:24+00:00","breadcrumb":{"@id":"https:\/\/bakh.de\/wdp\/ausblick-finkenberg\/#breadcrumb"},"inLanguage":"de","potentialAction":[{"@type":"ReadAction","target":["https:\/\/bakh.de\/wdp\/ausblick-finkenberg\/"]}]},{"@type":"ImageObject","inLanguage":"de","@id":"https:\/\/bakh.de\/wdp\/ausblick-finkenberg\/#primaryimage","url":"https:\/\/bakh.de\/wdp\/wp-content\/uploads\/2012\/06\/k-DSC06508a-Kopie.jpg","contentUrl":"https:\/\/bakh.de\/wdp\/wp-content\/uploads\/2012\/06\/k-DSC06508a-Kopie.jpg","width":800,"height":600},{"@type":"BreadcrumbList","@id":"https:\/\/bakh.de\/wdp\/ausblick-finkenberg\/#breadcrumb","itemListElement":[{"@type":"ListItem","position":1,"name":"Startseite","item":"https:\/\/bakh.de\/wdp\/"},{"@type":"ListItem","position":2,"name":"Ausblick Finkenberg"}]},{"@type":"WebSite","@id":"https:\/\/bakh.de\/wdp\/#website","url":"https:\/\/bakh.de\/wdp\/","name":"B\u00fcrgeraktion Korber H\u00f6he e. V.","description":"","publisher":{"@id":"https:\/\/bakh.de\/wdp\/#organization"},"potentialAction":[{"@type":"SearchAction","target":{"@type":"EntryPoint","urlTemplate":"https:\/\/bakh.de\/wdp\/?s={search_term_string}"},"query-input":{"@type":"PropertyValueSpecification","valueRequired":true,"valueName":"search_term_string"}}],"inLanguage":"de"},{"@type":"Organization","@id":"https:\/\/bakh.de\/wdp\/#organization","name":"B\u00fcrgeraktion Korber H\u00f6he e. V.","url":"https:\/\/bakh.de\/wdp\/","logo":{"@type":"ImageObject","inLanguage":"de","@id":"https:\/\/bakh.de\/wdp\/#\/schema\/logo\/image\/","url":"https:\/\/bakh.de\/wdp\/wp-content\/uploads\/2025\/11\/BAKH_Logo_4c_512.jpg","contentUrl":"https:\/\/bakh.de\/wdp\/wp-content\/uploads\/2025\/11\/BAKH_Logo_4c_512.jpg","width":516,"height":518,"caption":"B\u00fcrgeraktion Korber H\u00f6he e. V."},"image":{"@id":"https:\/\/bakh.de\/wdp\/#\/schema\/logo\/image\/"}},{"@type":"Person","@id":"https:\/\/bakh.de\/wdp\/#\/schema\/person\/75a1e296c1c53d3fbbc0a3c6104f6370","name":"Uli","image":{"@type":"ImageObject","inLanguage":"de","@id":"https:\/\/secure.gravatar.com\/avatar\/3b55f09e3908cc7190694de428627f99ad7fb1fd6ca4aa1f5a2c94110a7a2967?s=96&d=mm&r=g","url":"https:\/\/secure.gravatar.com\/avatar\/3b55f09e3908cc7190694de428627f99ad7fb1fd6ca4aa1f5a2c94110a7a2967?s=96&d=mm&r=g","contentUrl":"https:\/\/secure.gravatar.com\/avatar\/3b55f09e3908cc7190694de428627f99ad7fb1fd6ca4aa1f5a2c94110a7a2967?s=96&d=mm&r=g","caption":"Uli"},"url":"https:\/\/bakh.de\/wdp\/author\/uli\/"}]}},"_links":{"self":[{"href":"https:\/\/bakh.de\/wdp\/wp-json\/wp\/v2\/posts\/3345","targetHints":{"allow":["GET"]}}],"collection":[{"href":"https:\/\/bakh.de\/wdp\/wp-json\/wp\/v2\/posts"}],"about":[{"href":"https:\/\/bakh.de\/wdp\/wp-json\/wp\/v2\/types\/post"}],"author":[{"embeddable":true,"href":"https:\/\/bakh.de\/wdp\/wp-json\/wp\/v2\/users\/3"}],"replies":[{"embeddable":true,"href":"https:\/\/bakh.de\/wdp\/wp-json\/wp\/v2\/comments?post=3345"}],"version-history":[{"count":3,"href":"https:\/\/bakh.de\/wdp\/wp-json\/wp\/v2\/posts\/3345\/revisions"}],"predecessor-version":[{"id":3354,"href":"https:\/\/bakh.de\/wdp\/wp-json\/wp\/v2\/posts\/3345\/revisions\/3354"}],"wp:attachment":[{"href":"https:\/\/bakh.de\/wdp\/wp-json\/wp\/v2\/media?parent=3345"}],"wp:term":[{"taxonomy":"category","embeddable":true,"href":"https:\/\/bakh.de\/wdp\/wp-json\/wp\/v2\/categories?post=3345"},{"taxonomy":"post_tag","embeddable":true,"href":"https:\/\/bakh.de\/wdp\/wp-json\/wp\/v2\/tags?post=3345"}],"curies":[{"name":"wp","href":"https:\/\/api.w.org\/{rel}","templated":true}]}}