{"id":3295,"date":"2016-11-06T12:50:55","date_gmt":"2016-11-06T12:50:55","guid":{"rendered":"http:\/\/bakh.de\/wdp\/?p=3295"},"modified":"2016-11-06T12:59:27","modified_gmt":"2016-11-06T12:59:27","slug":"besuch-der-finkenburg-am-27-10-2016","status":"publish","type":"post","link":"https:\/\/bakh.de\/wdp\/besuch-der-finkenburg-am-27-10-2016\/","title":{"rendered":"Besuch der Finkenburg am 27.10.2016"},"content":{"rendered":"<p><a href=\"http:\/\/bakh.de\/wdp\/wp-content\/uploads\/2016\/11\/k-DSC06411.jpg\"><img loading=\"lazy\" decoding=\"async\" class=\"alignleft wp-image-3296\" src=\"http:\/\/bakh.de\/wdp\/wp-content\/uploads\/2016\/11\/k-DSC06411.jpg\" alt=\"k-dsc06411\" width=\"180\" height=\"135\" srcset=\"https:\/\/bakh.de\/wdp\/wp-content\/uploads\/2016\/11\/k-DSC06411.jpg 800w, https:\/\/bakh.de\/wdp\/wp-content\/uploads\/2016\/11\/k-DSC06411-300x225.jpg 300w, https:\/\/bakh.de\/wdp\/wp-content\/uploads\/2016\/11\/k-DSC06411-768x576.jpg 768w\" sizes=\"auto, (max-width: 180px) 100vw, 180px\" \/><\/a><\/p>\n<p>&nbsp;<\/p>\n<p>Bei der Begehung der Korber H\u00f6he mit der ersten B\u00fcrgermeisterin Frau D\u00fcrr im Juni 2015 hatte es besonderes Interesse und auch Kritik an der neuen Kindertagesst\u00e4tte \u201eFinkenburg\u201cgegeben. Am 27.10.16 hatte jeder die Gelegenheit, mit Frau D\u00fcrr sich einen aktuellen Eindruck zu verschaffen und n\u00e4heres aus erster Hand zu erfahren.<!--more--><\/p>\n<p>&nbsp;<\/p>\n<p>&nbsp;<\/p>\n<p>Die Leiterin, Frau Neef, f\u00fchrte die Besucher durch das Innere der Burg. Zun\u00e4chst zeigte sie de<a href=\"http:\/\/bakh.de\/wdp\/wp-content\/uploads\/2016\/11\/k-DSC06412.jpg\"><img loading=\"lazy\" decoding=\"async\" class=\"wp-image-3298 alignright\" src=\"http:\/\/bakh.de\/wdp\/wp-content\/uploads\/2016\/11\/k-DSC06412.jpg\" alt=\"k-dsc06412\" width=\"180\" height=\"135\" srcset=\"https:\/\/bakh.de\/wdp\/wp-content\/uploads\/2016\/11\/k-DSC06412.jpg 800w, https:\/\/bakh.de\/wdp\/wp-content\/uploads\/2016\/11\/k-DSC06412-300x225.jpg 300w, https:\/\/bakh.de\/wdp\/wp-content\/uploads\/2016\/11\/k-DSC06412-768x576.jpg 768w\" sizes=\"auto, (max-width: 180px) 100vw, 180px\" \/><\/a>n Keller, wo gebastelt und mit Hilfe einer Hobelbank gewerkt werden kann.<\/p>\n<p>Im Erdgescho\u00df befindet sich f\u00fcr die unter 3-J\u00e4hrigen ein Krabbelnest. Im linken Teil ist der Essenssaal mit eigener K\u00fcche, wo die Mahlzeiten von einem Koch selbst zubereitet werden.<\/p>\n<p>Die Licht-Durch-Flutung der R\u00e4ume durch die gro\u00dfen Fenster und den Dach-Lichtschacht beindruckt m\u00e4chtig. Dies setzt sich in der oberen Etage fort, wie zum Beispiel im gemeinsamen Bewegungsraum, sowie in der Rampen-Wohnung f\u00fcr die \u00fcber 3 J\u00e4hrigen. Hier befindet sich eine echte Kinder-K\u00fcche, in der auch gebacken wird.<\/p>\n<p><a href=\"http:\/\/bakh.de\/wdp\/wp-content\/uploads\/2016\/11\/k-DSC06414.jpg\"><img loading=\"lazy\" decoding=\"async\" class=\"wp-image-3299 alignleft\" src=\"http:\/\/bakh.de\/wdp\/wp-content\/uploads\/2016\/11\/k-DSC06414.jpg\" alt=\"k-dsc06414\" width=\"180\" height=\"135\" srcset=\"https:\/\/bakh.de\/wdp\/wp-content\/uploads\/2016\/11\/k-DSC06414.jpg 800w, https:\/\/bakh.de\/wdp\/wp-content\/uploads\/2016\/11\/k-DSC06414-300x225.jpg 300w, https:\/\/bakh.de\/wdp\/wp-content\/uploads\/2016\/11\/k-DSC06414-768x576.jpg 768w\" sizes=\"auto, (max-width: 180px) 100vw, 180px\" \/><\/a><\/p>\n<p>&nbsp;<\/p>\n<p>Im kleinen Garten werden im Kastenbeet Pflanzen ges\u00e4t, um die Natur beobachten zu k\u00f6nnen. Das Kinderhaus nimmt auch an externen Aktivit\u00e4ten teil, wie z. B. die Jugendfarm auf dem Finkenberg.<\/p>\n<p>&nbsp;<\/p>\n<p>&nbsp;<\/p>\n<p>&nbsp;<\/p>\n<p>&nbsp;<\/p>\n<p>Man muss dieses neue, ausschlie\u00dflich aus Holz bestehende \u201cBurg\u201c- Geb\u00e4ude einfach von innen gesehen haben, um den Nutzen f\u00fcr die Kinder zu erkennen.<\/p>\n<p>Im Moment sin<a href=\"http:\/\/bakh.de\/wdp\/wp-content\/uploads\/2016\/11\/k-DSC06416.jpg\"><img loading=\"lazy\" decoding=\"async\" class=\"wp-image-3300 alignleft\" src=\"http:\/\/bakh.de\/wdp\/wp-content\/uploads\/2016\/11\/k-DSC06416.jpg\" alt=\"k-dsc06416\" width=\"180\" height=\"135\" srcset=\"https:\/\/bakh.de\/wdp\/wp-content\/uploads\/2016\/11\/k-DSC06416.jpg 800w, https:\/\/bakh.de\/wdp\/wp-content\/uploads\/2016\/11\/k-DSC06416-300x225.jpg 300w, https:\/\/bakh.de\/wdp\/wp-content\/uploads\/2016\/11\/k-DSC06416-768x576.jpg 768w\" sizes=\"auto, (max-width: 180px) 100vw, 180px\" \/><\/a>d 70 Kinder in der \u201cBurg\u201c, davon 20 U3- und 50 \u00dc3-Kinder. Weitere 10 Kinder sollen noch aufgenommen werden. Die Kinder kommen zum gro\u00dfen Teil von der Korber H\u00f6he.<\/p>\n<p>Die Stadt WN bezuschusst f\u00fcr 20 Kinder die Geb\u00fchren, so dass sie auf dem Niveau st\u00e4dtischen Kinderg\u00e4rten liegen.<\/p>\n<p>Das Motto des privaten Tr\u00e4gers &#8211; <a href=\"http:\/\/www.konzept-e.de\/kinderbetreuunginstuttgart\/angebote\/kitaplatz-stuttgart\/\" target=\"_blank\">Konzept-e<\/a> &#8211; lautet viel Freiheit, damit die Neugierde der Kinder immer neu geweckt wird und sie lernen, ihre Welt m\u00f6glichst eigenst\u00e4ndig zu begreifen.<\/p>\n<p>Wir waren \u00fcberrascht, was dort auf den Weg gebracht wurde und wie es gelebt wird. Die Vorurteile sind verflogen. Es war schade, dass nicht mehr B\u00fcrger der Korber H\u00f6he diese Gelegenheit wahrgenommen haben.<a href=\"http:\/\/bakh.de\/wdp\/wp-content\/uploads\/2016\/11\/k-DSC06418.jpg\"><img loading=\"lazy\" decoding=\"async\" class=\"wp-image-3297 aligncenter\" src=\"http:\/\/bakh.de\/wdp\/wp-content\/uploads\/2016\/11\/k-DSC06418.jpg\" alt=\"k-dsc06418\" width=\"180\" height=\"135\" srcset=\"https:\/\/bakh.de\/wdp\/wp-content\/uploads\/2016\/11\/k-DSC06418.jpg 800w, https:\/\/bakh.de\/wdp\/wp-content\/uploads\/2016\/11\/k-DSC06418-300x225.jpg 300w, https:\/\/bakh.de\/wdp\/wp-content\/uploads\/2016\/11\/k-DSC06418-768x576.jpg 768w\" sizes=\"auto, (max-width: 180px) 100vw, 180px\" \/><\/a><\/p>\n","protected":false},"excerpt":{"rendered":"<p>&nbsp; Bei der Begehung der Korber H\u00f6he mit der ersten B\u00fcrgermeisterin Frau D\u00fcrr im Juni 2015 hatte es besonderes Interesse und auch Kritik an der neuen Kindertagesst\u00e4tte \u201eFinkenburg\u201cgegeben. Am 27.10.16 hatte jeder die Gelegenheit, mit Frau D\u00fcrr sich einen aktuellen Eindruck zu verschaffen und n\u00e4heres aus erster Hand zu erfahren.<\/p>\n","protected":false},"author":3,"featured_media":0,"comment_status":"closed","ping_status":"closed","sticky":false,"template":"","format":"standard","meta":{"ngg_post_thumbnail":0,"footnotes":""},"categories":[12],"tags":[],"class_list":["post-3295","post","type-post","status-publish","format-standard","hentry","category-kindertagesstatte"],"yoast_head":"<!-- This site is optimized with the Yoast SEO plugin v27.5 - https:\/\/yoast.com\/product\/yoast-seo-wordpress\/ -->\n<title>Besuch der Finkenburg am 27.10.2016 - B\u00fcrgeraktion Korber H\u00f6he e. V.<\/title>\n<meta name=\"robots\" content=\"index, follow, max-snippet:-1, max-image-preview:large, max-video-preview:-1\" \/>\n<link rel=\"canonical\" href=\"https:\/\/bakh.de\/wdp\/besuch-der-finkenburg-am-27-10-2016\/\" \/>\n<meta property=\"og:locale\" content=\"de_DE\" \/>\n<meta property=\"og:type\" content=\"article\" \/>\n<meta property=\"og:title\" content=\"Besuch der Finkenburg am 27.10.2016 - B\u00fcrgeraktion Korber H\u00f6he e. V.\" \/>\n<meta property=\"og:description\" content=\"&nbsp; Bei der Begehung der Korber H\u00f6he mit der ersten B\u00fcrgermeisterin Frau D\u00fcrr im Juni 2015 hatte es besonderes Interesse und auch Kritik an der neuen Kindertagesst\u00e4tte \u201eFinkenburg\u201cgegeben. Am 27.10.16 hatte jeder die Gelegenheit, mit Frau D\u00fcrr sich einen aktuellen Eindruck zu verschaffen und n\u00e4heres aus erster Hand zu erfahren.\" \/>\n<meta property=\"og:url\" content=\"https:\/\/bakh.de\/wdp\/besuch-der-finkenburg-am-27-10-2016\/\" \/>\n<meta property=\"og:site_name\" content=\"B\u00fcrgeraktion Korber H\u00f6he e. V.\" \/>\n<meta property=\"article:published_time\" content=\"2016-11-06T12:50:55+00:00\" \/>\n<meta property=\"article:modified_time\" content=\"2016-11-06T12:59:27+00:00\" \/>\n<meta property=\"og:image\" content=\"http:\/\/bakh.de\/wdp\/wp-content\/uploads\/2016\/11\/k-DSC06411.jpg\" \/>\n<meta name=\"author\" content=\"Uli\" \/>\n<meta name=\"twitter:card\" content=\"summary_large_image\" \/>\n<meta name=\"twitter:label1\" content=\"Verfasst von\" \/>\n\t<meta name=\"twitter:data1\" content=\"Uli\" \/>\n\t<meta name=\"twitter:label2\" content=\"Gesch\u00e4tzte Lesezeit\" \/>\n\t<meta name=\"twitter:data2\" content=\"2\u00a0Minuten\" \/>\n<script type=\"application\/ld+json\" class=\"yoast-schema-graph\">{\"@context\":\"https:\\\/\\\/schema.org\",\"@graph\":[{\"@type\":\"Article\",\"@id\":\"https:\\\/\\\/bakh.de\\\/wdp\\\/besuch-der-finkenburg-am-27-10-2016\\\/#article\",\"isPartOf\":{\"@id\":\"https:\\\/\\\/bakh.de\\\/wdp\\\/besuch-der-finkenburg-am-27-10-2016\\\/\"},\"author\":{\"name\":\"Uli\",\"@id\":\"https:\\\/\\\/bakh.de\\\/wdp\\\/#\\\/schema\\\/person\\\/75a1e296c1c53d3fbbc0a3c6104f6370\"},\"headline\":\"Besuch der Finkenburg am 27.10.2016\",\"datePublished\":\"2016-11-06T12:50:55+00:00\",\"dateModified\":\"2016-11-06T12:59:27+00:00\",\"mainEntityOfPage\":{\"@id\":\"https:\\\/\\\/bakh.de\\\/wdp\\\/besuch-der-finkenburg-am-27-10-2016\\\/\"},\"wordCount\":358,\"publisher\":{\"@id\":\"https:\\\/\\\/bakh.de\\\/wdp\\\/#organization\"},\"image\":{\"@id\":\"https:\\\/\\\/bakh.de\\\/wdp\\\/besuch-der-finkenburg-am-27-10-2016\\\/#primaryimage\"},\"thumbnailUrl\":\"http:\\\/\\\/bakh.de\\\/wdp\\\/wp-content\\\/uploads\\\/2016\\\/11\\\/k-DSC06411.jpg\",\"articleSection\":[\"Kindertagesst\u00e4tte\"],\"inLanguage\":\"de\"},{\"@type\":\"WebPage\",\"@id\":\"https:\\\/\\\/bakh.de\\\/wdp\\\/besuch-der-finkenburg-am-27-10-2016\\\/\",\"url\":\"https:\\\/\\\/bakh.de\\\/wdp\\\/besuch-der-finkenburg-am-27-10-2016\\\/\",\"name\":\"Besuch der Finkenburg am 27.10.2016 - B\u00fcrgeraktion Korber H\u00f6he e. V.\",\"isPartOf\":{\"@id\":\"https:\\\/\\\/bakh.de\\\/wdp\\\/#website\"},\"primaryImageOfPage\":{\"@id\":\"https:\\\/\\\/bakh.de\\\/wdp\\\/besuch-der-finkenburg-am-27-10-2016\\\/#primaryimage\"},\"image\":{\"@id\":\"https:\\\/\\\/bakh.de\\\/wdp\\\/besuch-der-finkenburg-am-27-10-2016\\\/#primaryimage\"},\"thumbnailUrl\":\"http:\\\/\\\/bakh.de\\\/wdp\\\/wp-content\\\/uploads\\\/2016\\\/11\\\/k-DSC06411.jpg\",\"datePublished\":\"2016-11-06T12:50:55+00:00\",\"dateModified\":\"2016-11-06T12:59:27+00:00\",\"breadcrumb\":{\"@id\":\"https:\\\/\\\/bakh.de\\\/wdp\\\/besuch-der-finkenburg-am-27-10-2016\\\/#breadcrumb\"},\"inLanguage\":\"de\",\"potentialAction\":[{\"@type\":\"ReadAction\",\"target\":[\"https:\\\/\\\/bakh.de\\\/wdp\\\/besuch-der-finkenburg-am-27-10-2016\\\/\"]}]},{\"@type\":\"ImageObject\",\"inLanguage\":\"de\",\"@id\":\"https:\\\/\\\/bakh.de\\\/wdp\\\/besuch-der-finkenburg-am-27-10-2016\\\/#primaryimage\",\"url\":\"https:\\\/\\\/bakh.de\\\/wdp\\\/wp-content\\\/uploads\\\/2016\\\/11\\\/k-DSC06411.jpg\",\"contentUrl\":\"https:\\\/\\\/bakh.de\\\/wdp\\\/wp-content\\\/uploads\\\/2016\\\/11\\\/k-DSC06411.jpg\",\"width\":800,\"height\":600},{\"@type\":\"BreadcrumbList\",\"@id\":\"https:\\\/\\\/bakh.de\\\/wdp\\\/besuch-der-finkenburg-am-27-10-2016\\\/#breadcrumb\",\"itemListElement\":[{\"@type\":\"ListItem\",\"position\":1,\"name\":\"Startseite\",\"item\":\"https:\\\/\\\/bakh.de\\\/wdp\\\/\"},{\"@type\":\"ListItem\",\"position\":2,\"name\":\"Besuch der Finkenburg am 27.10.2016\"}]},{\"@type\":\"WebSite\",\"@id\":\"https:\\\/\\\/bakh.de\\\/wdp\\\/#website\",\"url\":\"https:\\\/\\\/bakh.de\\\/wdp\\\/\",\"name\":\"B\u00fcrgeraktion Korber H\u00f6he e. V.\",\"description\":\"\",\"publisher\":{\"@id\":\"https:\\\/\\\/bakh.de\\\/wdp\\\/#organization\"},\"potentialAction\":[{\"@type\":\"SearchAction\",\"target\":{\"@type\":\"EntryPoint\",\"urlTemplate\":\"https:\\\/\\\/bakh.de\\\/wdp\\\/?s={search_term_string}\"},\"query-input\":{\"@type\":\"PropertyValueSpecification\",\"valueRequired\":true,\"valueName\":\"search_term_string\"}}],\"inLanguage\":\"de\"},{\"@type\":\"Organization\",\"@id\":\"https:\\\/\\\/bakh.de\\\/wdp\\\/#organization\",\"name\":\"B\u00fcrgeraktion Korber H\u00f6he e. V.\",\"url\":\"https:\\\/\\\/bakh.de\\\/wdp\\\/\",\"logo\":{\"@type\":\"ImageObject\",\"inLanguage\":\"de\",\"@id\":\"https:\\\/\\\/bakh.de\\\/wdp\\\/#\\\/schema\\\/logo\\\/image\\\/\",\"url\":\"https:\\\/\\\/bakh.de\\\/wdp\\\/wp-content\\\/uploads\\\/2025\\\/11\\\/BAKH_Logo_4c_512.jpg\",\"contentUrl\":\"https:\\\/\\\/bakh.de\\\/wdp\\\/wp-content\\\/uploads\\\/2025\\\/11\\\/BAKH_Logo_4c_512.jpg\",\"width\":516,\"height\":518,\"caption\":\"B\u00fcrgeraktion Korber H\u00f6he e. V.\"},\"image\":{\"@id\":\"https:\\\/\\\/bakh.de\\\/wdp\\\/#\\\/schema\\\/logo\\\/image\\\/\"}},{\"@type\":\"Person\",\"@id\":\"https:\\\/\\\/bakh.de\\\/wdp\\\/#\\\/schema\\\/person\\\/75a1e296c1c53d3fbbc0a3c6104f6370\",\"name\":\"Uli\",\"image\":{\"@type\":\"ImageObject\",\"inLanguage\":\"de\",\"@id\":\"https:\\\/\\\/secure.gravatar.com\\\/avatar\\\/3b55f09e3908cc7190694de428627f99ad7fb1fd6ca4aa1f5a2c94110a7a2967?s=96&d=mm&r=g\",\"url\":\"https:\\\/\\\/secure.gravatar.com\\\/avatar\\\/3b55f09e3908cc7190694de428627f99ad7fb1fd6ca4aa1f5a2c94110a7a2967?s=96&d=mm&r=g\",\"contentUrl\":\"https:\\\/\\\/secure.gravatar.com\\\/avatar\\\/3b55f09e3908cc7190694de428627f99ad7fb1fd6ca4aa1f5a2c94110a7a2967?s=96&d=mm&r=g\",\"caption\":\"Uli\"},\"url\":\"https:\\\/\\\/bakh.de\\\/wdp\\\/author\\\/uli\\\/\"}]}<\/script>\n<!-- \/ Yoast SEO plugin. -->","yoast_head_json":{"title":"Besuch der Finkenburg am 27.10.2016 - B\u00fcrgeraktion Korber H\u00f6he e. V.","robots":{"index":"index","follow":"follow","max-snippet":"max-snippet:-1","max-image-preview":"max-image-preview:large","max-video-preview":"max-video-preview:-1"},"canonical":"https:\/\/bakh.de\/wdp\/besuch-der-finkenburg-am-27-10-2016\/","og_locale":"de_DE","og_type":"article","og_title":"Besuch der Finkenburg am 27.10.2016 - B\u00fcrgeraktion Korber H\u00f6he e. V.","og_description":"&nbsp; Bei der Begehung der Korber H\u00f6he mit der ersten B\u00fcrgermeisterin Frau D\u00fcrr im Juni 2015 hatte es besonderes Interesse und auch Kritik an der neuen Kindertagesst\u00e4tte \u201eFinkenburg\u201cgegeben. Am 27.10.16 hatte jeder die Gelegenheit, mit Frau D\u00fcrr sich einen aktuellen Eindruck zu verschaffen und n\u00e4heres aus erster Hand zu erfahren.","og_url":"https:\/\/bakh.de\/wdp\/besuch-der-finkenburg-am-27-10-2016\/","og_site_name":"B\u00fcrgeraktion Korber H\u00f6he e. V.","article_published_time":"2016-11-06T12:50:55+00:00","article_modified_time":"2016-11-06T12:59:27+00:00","og_image":[{"url":"http:\/\/bakh.de\/wdp\/wp-content\/uploads\/2016\/11\/k-DSC06411.jpg","type":"","width":"","height":""}],"author":"Uli","twitter_card":"summary_large_image","twitter_misc":{"Verfasst von":"Uli","Gesch\u00e4tzte Lesezeit":"2\u00a0Minuten"},"schema":{"@context":"https:\/\/schema.org","@graph":[{"@type":"Article","@id":"https:\/\/bakh.de\/wdp\/besuch-der-finkenburg-am-27-10-2016\/#article","isPartOf":{"@id":"https:\/\/bakh.de\/wdp\/besuch-der-finkenburg-am-27-10-2016\/"},"author":{"name":"Uli","@id":"https:\/\/bakh.de\/wdp\/#\/schema\/person\/75a1e296c1c53d3fbbc0a3c6104f6370"},"headline":"Besuch der Finkenburg am 27.10.2016","datePublished":"2016-11-06T12:50:55+00:00","dateModified":"2016-11-06T12:59:27+00:00","mainEntityOfPage":{"@id":"https:\/\/bakh.de\/wdp\/besuch-der-finkenburg-am-27-10-2016\/"},"wordCount":358,"publisher":{"@id":"https:\/\/bakh.de\/wdp\/#organization"},"image":{"@id":"https:\/\/bakh.de\/wdp\/besuch-der-finkenburg-am-27-10-2016\/#primaryimage"},"thumbnailUrl":"http:\/\/bakh.de\/wdp\/wp-content\/uploads\/2016\/11\/k-DSC06411.jpg","articleSection":["Kindertagesst\u00e4tte"],"inLanguage":"de"},{"@type":"WebPage","@id":"https:\/\/bakh.de\/wdp\/besuch-der-finkenburg-am-27-10-2016\/","url":"https:\/\/bakh.de\/wdp\/besuch-der-finkenburg-am-27-10-2016\/","name":"Besuch der Finkenburg am 27.10.2016 - B\u00fcrgeraktion Korber H\u00f6he e. V.","isPartOf":{"@id":"https:\/\/bakh.de\/wdp\/#website"},"primaryImageOfPage":{"@id":"https:\/\/bakh.de\/wdp\/besuch-der-finkenburg-am-27-10-2016\/#primaryimage"},"image":{"@id":"https:\/\/bakh.de\/wdp\/besuch-der-finkenburg-am-27-10-2016\/#primaryimage"},"thumbnailUrl":"http:\/\/bakh.de\/wdp\/wp-content\/uploads\/2016\/11\/k-DSC06411.jpg","datePublished":"2016-11-06T12:50:55+00:00","dateModified":"2016-11-06T12:59:27+00:00","breadcrumb":{"@id":"https:\/\/bakh.de\/wdp\/besuch-der-finkenburg-am-27-10-2016\/#breadcrumb"},"inLanguage":"de","potentialAction":[{"@type":"ReadAction","target":["https:\/\/bakh.de\/wdp\/besuch-der-finkenburg-am-27-10-2016\/"]}]},{"@type":"ImageObject","inLanguage":"de","@id":"https:\/\/bakh.de\/wdp\/besuch-der-finkenburg-am-27-10-2016\/#primaryimage","url":"https:\/\/bakh.de\/wdp\/wp-content\/uploads\/2016\/11\/k-DSC06411.jpg","contentUrl":"https:\/\/bakh.de\/wdp\/wp-content\/uploads\/2016\/11\/k-DSC06411.jpg","width":800,"height":600},{"@type":"BreadcrumbList","@id":"https:\/\/bakh.de\/wdp\/besuch-der-finkenburg-am-27-10-2016\/#breadcrumb","itemListElement":[{"@type":"ListItem","position":1,"name":"Startseite","item":"https:\/\/bakh.de\/wdp\/"},{"@type":"ListItem","position":2,"name":"Besuch der Finkenburg am 27.10.2016"}]},{"@type":"WebSite","@id":"https:\/\/bakh.de\/wdp\/#website","url":"https:\/\/bakh.de\/wdp\/","name":"B\u00fcrgeraktion Korber H\u00f6he e. V.","description":"","publisher":{"@id":"https:\/\/bakh.de\/wdp\/#organization"},"potentialAction":[{"@type":"SearchAction","target":{"@type":"EntryPoint","urlTemplate":"https:\/\/bakh.de\/wdp\/?s={search_term_string}"},"query-input":{"@type":"PropertyValueSpecification","valueRequired":true,"valueName":"search_term_string"}}],"inLanguage":"de"},{"@type":"Organization","@id":"https:\/\/bakh.de\/wdp\/#organization","name":"B\u00fcrgeraktion Korber H\u00f6he e. V.","url":"https:\/\/bakh.de\/wdp\/","logo":{"@type":"ImageObject","inLanguage":"de","@id":"https:\/\/bakh.de\/wdp\/#\/schema\/logo\/image\/","url":"https:\/\/bakh.de\/wdp\/wp-content\/uploads\/2025\/11\/BAKH_Logo_4c_512.jpg","contentUrl":"https:\/\/bakh.de\/wdp\/wp-content\/uploads\/2025\/11\/BAKH_Logo_4c_512.jpg","width":516,"height":518,"caption":"B\u00fcrgeraktion Korber H\u00f6he e. V."},"image":{"@id":"https:\/\/bakh.de\/wdp\/#\/schema\/logo\/image\/"}},{"@type":"Person","@id":"https:\/\/bakh.de\/wdp\/#\/schema\/person\/75a1e296c1c53d3fbbc0a3c6104f6370","name":"Uli","image":{"@type":"ImageObject","inLanguage":"de","@id":"https:\/\/secure.gravatar.com\/avatar\/3b55f09e3908cc7190694de428627f99ad7fb1fd6ca4aa1f5a2c94110a7a2967?s=96&d=mm&r=g","url":"https:\/\/secure.gravatar.com\/avatar\/3b55f09e3908cc7190694de428627f99ad7fb1fd6ca4aa1f5a2c94110a7a2967?s=96&d=mm&r=g","contentUrl":"https:\/\/secure.gravatar.com\/avatar\/3b55f09e3908cc7190694de428627f99ad7fb1fd6ca4aa1f5a2c94110a7a2967?s=96&d=mm&r=g","caption":"Uli"},"url":"https:\/\/bakh.de\/wdp\/author\/uli\/"}]}},"_links":{"self":[{"href":"https:\/\/bakh.de\/wdp\/wp-json\/wp\/v2\/posts\/3295","targetHints":{"allow":["GET"]}}],"collection":[{"href":"https:\/\/bakh.de\/wdp\/wp-json\/wp\/v2\/posts"}],"about":[{"href":"https:\/\/bakh.de\/wdp\/wp-json\/wp\/v2\/types\/post"}],"author":[{"embeddable":true,"href":"https:\/\/bakh.de\/wdp\/wp-json\/wp\/v2\/users\/3"}],"replies":[{"embeddable":true,"href":"https:\/\/bakh.de\/wdp\/wp-json\/wp\/v2\/comments?post=3295"}],"version-history":[{"count":28,"href":"https:\/\/bakh.de\/wdp\/wp-json\/wp\/v2\/posts\/3295\/revisions"}],"predecessor-version":[{"id":3328,"href":"https:\/\/bakh.de\/wdp\/wp-json\/wp\/v2\/posts\/3295\/revisions\/3328"}],"wp:attachment":[{"href":"https:\/\/bakh.de\/wdp\/wp-json\/wp\/v2\/media?parent=3295"}],"wp:term":[{"taxonomy":"category","embeddable":true,"href":"https:\/\/bakh.de\/wdp\/wp-json\/wp\/v2\/categories?post=3295"},{"taxonomy":"post_tag","embeddable":true,"href":"https:\/\/bakh.de\/wdp\/wp-json\/wp\/v2\/tags?post=3295"}],"curies":[{"name":"wp","href":"https:\/\/api.w.org\/{rel}","templated":true}]}}