{"id":3255,"date":"2016-09-12T20:49:02","date_gmt":"2016-09-12T20:49:02","guid":{"rendered":"http:\/\/bakh.de\/wdp\/?p=3255"},"modified":"2016-09-12T20:59:43","modified_gmt":"2016-09-12T20:59:43","slug":"tolle-ferienwochen-auf-dem-finkenberg","status":"publish","type":"post","link":"https:\/\/bakh.de\/wdp\/tolle-ferienwochen-auf-dem-finkenberg\/","title":{"rendered":"Tolle Ferienwochen auf dem Finkenberg"},"content":{"rendered":"<p><a href=\"http:\/\/bakh.de\/wdp\/wp-content\/uploads\/2016\/09\/k-DSC06176.jpg\"><img loading=\"lazy\" decoding=\"async\" class=\"alignleft wp-image-3256\" src=\"http:\/\/bakh.de\/wdp\/wp-content\/uploads\/2016\/09\/k-DSC06176.jpg\" alt=\"k-dsc06176\" width=\"200\" height=\"150\" srcset=\"https:\/\/bakh.de\/wdp\/wp-content\/uploads\/2016\/09\/k-DSC06176.jpg 800w, https:\/\/bakh.de\/wdp\/wp-content\/uploads\/2016\/09\/k-DSC06176-300x225.jpg 300w, https:\/\/bakh.de\/wdp\/wp-content\/uploads\/2016\/09\/k-DSC06176-768x576.jpg 768w\" sizes=\"auto, (max-width: 200px) 100vw, 200px\" \/><\/a>Das Nature Camp der Stadt Waiblingen, des Vereins \u201eJugendfarm Waiblingen e. V.\u201c und des \u201eKreisjugendrings\u201c auf dem Finkenberg war\u00a0 f\u00fcr die Dauer von 2 Wochen f\u00fcr \u00fcber 70 Kinder ein wundersch\u00f6nes Sommerabenteuer. Vieles wurde gemeinsam unternommen und erlebt, von der Wasserschlacht bis zum H\u00fcttenbau; die Natur wurde entdeckt, miteinander gespielt und gebastelt. Ausf\u00fchrliche Berichte mit vielen Bildern finden Sie auf der <a href=\"http:\/\/www.jugendfarm-waiblingen.de\" target=\"_blank\">Homepage des Jugendfarmvereins<\/a>.<\/p>\n<p>Das Nature Camp hat gezeigt was f\u00fcr ein toles Potential das Gel\u00e4nde auf dem Finkenberg bietet und welche Bereicherungen es f\u00fcr die Korber H\u00f6he darstellt. Unterst\u00fctzen Sie den Jugendfarmverein, damit die Jugendfarm m\u00f6glichst bald regelm\u00e4\u00dfig betrieben werden kann und zu einem Treffpunkt f\u00fcr Kinder und Jugendliche der Korber H\u00f6he wird.<\/p>\n","protected":false},"excerpt":{"rendered":"<p>Das Nature Camp der Stadt Waiblingen, des Vereins \u201eJugendfarm Waiblingen e. V.\u201c und des \u201eKreisjugendrings\u201c auf dem Finkenberg war\u00a0 f\u00fcr die Dauer von 2 Wochen f\u00fcr \u00fcber 70 Kinder ein wundersch\u00f6nes Sommerabenteuer. Vieles wurde gemeinsam unternommen und erlebt, von der Wasserschlacht bis zum H\u00fcttenbau; die Natur wurde entdeckt, miteinander gespielt und gebastelt. Ausf\u00fchrliche Berichte mit [&hellip;]<\/p>\n","protected":false},"author":3,"featured_media":0,"comment_status":"closed","ping_status":"closed","sticky":false,"template":"","format":"standard","meta":{"ngg_post_thumbnail":0,"footnotes":""},"categories":[11],"tags":[],"class_list":["post-3255","post","type-post","status-publish","format-standard","hentry","category-finkenberg"],"yoast_head":"<!-- This site is optimized with the Yoast SEO plugin v27.5 - https:\/\/yoast.com\/product\/yoast-seo-wordpress\/ -->\n<title>Tolle Ferienwochen auf dem Finkenberg - B\u00fcrgeraktion Korber H\u00f6he e. V.<\/title>\n<meta name=\"robots\" content=\"index, follow, max-snippet:-1, max-image-preview:large, max-video-preview:-1\" \/>\n<link rel=\"canonical\" href=\"https:\/\/bakh.de\/wdp\/tolle-ferienwochen-auf-dem-finkenberg\/\" \/>\n<meta property=\"og:locale\" content=\"de_DE\" \/>\n<meta property=\"og:type\" content=\"article\" \/>\n<meta property=\"og:title\" content=\"Tolle Ferienwochen auf dem Finkenberg - B\u00fcrgeraktion Korber H\u00f6he e. V.\" \/>\n<meta property=\"og:description\" content=\"Das Nature Camp der Stadt Waiblingen, des Vereins \u201eJugendfarm Waiblingen e. V.\u201c und des \u201eKreisjugendrings\u201c auf dem Finkenberg war\u00a0 f\u00fcr die Dauer von 2 Wochen f\u00fcr \u00fcber 70 Kinder ein wundersch\u00f6nes Sommerabenteuer. Vieles wurde gemeinsam unternommen und erlebt, von der Wasserschlacht bis zum H\u00fcttenbau; die Natur wurde entdeckt, miteinander gespielt und gebastelt. Ausf\u00fchrliche Berichte mit [&hellip;]\" \/>\n<meta property=\"og:url\" content=\"https:\/\/bakh.de\/wdp\/tolle-ferienwochen-auf-dem-finkenberg\/\" \/>\n<meta property=\"og:site_name\" content=\"B\u00fcrgeraktion Korber H\u00f6he e. V.\" \/>\n<meta property=\"article:published_time\" content=\"2016-09-12T20:49:02+00:00\" \/>\n<meta property=\"article:modified_time\" content=\"2016-09-12T20:59:43+00:00\" \/>\n<meta property=\"og:image\" content=\"http:\/\/bakh.de\/wdp\/wp-content\/uploads\/2016\/09\/k-DSC06176.jpg\" \/>\n<meta name=\"author\" content=\"Uli\" \/>\n<meta name=\"twitter:card\" content=\"summary_large_image\" \/>\n<meta name=\"twitter:label1\" content=\"Verfasst von\" \/>\n\t<meta name=\"twitter:data1\" content=\"Uli\" \/>\n\t<meta name=\"twitter:label2\" content=\"Gesch\u00e4tzte Lesezeit\" \/>\n\t<meta name=\"twitter:data2\" content=\"1\u00a0Minute\" \/>\n<script type=\"application\/ld+json\" class=\"yoast-schema-graph\">{\"@context\":\"https:\\\/\\\/schema.org\",\"@graph\":[{\"@type\":\"Article\",\"@id\":\"https:\\\/\\\/bakh.de\\\/wdp\\\/tolle-ferienwochen-auf-dem-finkenberg\\\/#article\",\"isPartOf\":{\"@id\":\"https:\\\/\\\/bakh.de\\\/wdp\\\/tolle-ferienwochen-auf-dem-finkenberg\\\/\"},\"author\":{\"name\":\"Uli\",\"@id\":\"https:\\\/\\\/bakh.de\\\/wdp\\\/#\\\/schema\\\/person\\\/75a1e296c1c53d3fbbc0a3c6104f6370\"},\"headline\":\"Tolle Ferienwochen auf dem Finkenberg\",\"datePublished\":\"2016-09-12T20:49:02+00:00\",\"dateModified\":\"2016-09-12T20:59:43+00:00\",\"mainEntityOfPage\":{\"@id\":\"https:\\\/\\\/bakh.de\\\/wdp\\\/tolle-ferienwochen-auf-dem-finkenberg\\\/\"},\"wordCount\":131,\"publisher\":{\"@id\":\"https:\\\/\\\/bakh.de\\\/wdp\\\/#organization\"},\"image\":{\"@id\":\"https:\\\/\\\/bakh.de\\\/wdp\\\/tolle-ferienwochen-auf-dem-finkenberg\\\/#primaryimage\"},\"thumbnailUrl\":\"http:\\\/\\\/bakh.de\\\/wdp\\\/wp-content\\\/uploads\\\/2016\\\/09\\\/k-DSC06176.jpg\",\"articleSection\":[\"Finkenberg\"],\"inLanguage\":\"de\"},{\"@type\":\"WebPage\",\"@id\":\"https:\\\/\\\/bakh.de\\\/wdp\\\/tolle-ferienwochen-auf-dem-finkenberg\\\/\",\"url\":\"https:\\\/\\\/bakh.de\\\/wdp\\\/tolle-ferienwochen-auf-dem-finkenberg\\\/\",\"name\":\"Tolle Ferienwochen auf dem Finkenberg - B\u00fcrgeraktion Korber H\u00f6he e. V.\",\"isPartOf\":{\"@id\":\"https:\\\/\\\/bakh.de\\\/wdp\\\/#website\"},\"primaryImageOfPage\":{\"@id\":\"https:\\\/\\\/bakh.de\\\/wdp\\\/tolle-ferienwochen-auf-dem-finkenberg\\\/#primaryimage\"},\"image\":{\"@id\":\"https:\\\/\\\/bakh.de\\\/wdp\\\/tolle-ferienwochen-auf-dem-finkenberg\\\/#primaryimage\"},\"thumbnailUrl\":\"http:\\\/\\\/bakh.de\\\/wdp\\\/wp-content\\\/uploads\\\/2016\\\/09\\\/k-DSC06176.jpg\",\"datePublished\":\"2016-09-12T20:49:02+00:00\",\"dateModified\":\"2016-09-12T20:59:43+00:00\",\"breadcrumb\":{\"@id\":\"https:\\\/\\\/bakh.de\\\/wdp\\\/tolle-ferienwochen-auf-dem-finkenberg\\\/#breadcrumb\"},\"inLanguage\":\"de\",\"potentialAction\":[{\"@type\":\"ReadAction\",\"target\":[\"https:\\\/\\\/bakh.de\\\/wdp\\\/tolle-ferienwochen-auf-dem-finkenberg\\\/\"]}]},{\"@type\":\"ImageObject\",\"inLanguage\":\"de\",\"@id\":\"https:\\\/\\\/bakh.de\\\/wdp\\\/tolle-ferienwochen-auf-dem-finkenberg\\\/#primaryimage\",\"url\":\"https:\\\/\\\/bakh.de\\\/wdp\\\/wp-content\\\/uploads\\\/2016\\\/09\\\/k-DSC06176.jpg\",\"contentUrl\":\"https:\\\/\\\/bakh.de\\\/wdp\\\/wp-content\\\/uploads\\\/2016\\\/09\\\/k-DSC06176.jpg\",\"width\":800,\"height\":600},{\"@type\":\"BreadcrumbList\",\"@id\":\"https:\\\/\\\/bakh.de\\\/wdp\\\/tolle-ferienwochen-auf-dem-finkenberg\\\/#breadcrumb\",\"itemListElement\":[{\"@type\":\"ListItem\",\"position\":1,\"name\":\"Startseite\",\"item\":\"https:\\\/\\\/bakh.de\\\/wdp\\\/\"},{\"@type\":\"ListItem\",\"position\":2,\"name\":\"Tolle Ferienwochen auf dem Finkenberg\"}]},{\"@type\":\"WebSite\",\"@id\":\"https:\\\/\\\/bakh.de\\\/wdp\\\/#website\",\"url\":\"https:\\\/\\\/bakh.de\\\/wdp\\\/\",\"name\":\"B\u00fcrgeraktion Korber H\u00f6he e. V.\",\"description\":\"\",\"publisher\":{\"@id\":\"https:\\\/\\\/bakh.de\\\/wdp\\\/#organization\"},\"potentialAction\":[{\"@type\":\"SearchAction\",\"target\":{\"@type\":\"EntryPoint\",\"urlTemplate\":\"https:\\\/\\\/bakh.de\\\/wdp\\\/?s={search_term_string}\"},\"query-input\":{\"@type\":\"PropertyValueSpecification\",\"valueRequired\":true,\"valueName\":\"search_term_string\"}}],\"inLanguage\":\"de\"},{\"@type\":\"Organization\",\"@id\":\"https:\\\/\\\/bakh.de\\\/wdp\\\/#organization\",\"name\":\"B\u00fcrgeraktion Korber H\u00f6he e. V.\",\"url\":\"https:\\\/\\\/bakh.de\\\/wdp\\\/\",\"logo\":{\"@type\":\"ImageObject\",\"inLanguage\":\"de\",\"@id\":\"https:\\\/\\\/bakh.de\\\/wdp\\\/#\\\/schema\\\/logo\\\/image\\\/\",\"url\":\"https:\\\/\\\/bakh.de\\\/wdp\\\/wp-content\\\/uploads\\\/2025\\\/11\\\/BAKH_Logo_4c_512.jpg\",\"contentUrl\":\"https:\\\/\\\/bakh.de\\\/wdp\\\/wp-content\\\/uploads\\\/2025\\\/11\\\/BAKH_Logo_4c_512.jpg\",\"width\":516,\"height\":518,\"caption\":\"B\u00fcrgeraktion Korber H\u00f6he e. V.\"},\"image\":{\"@id\":\"https:\\\/\\\/bakh.de\\\/wdp\\\/#\\\/schema\\\/logo\\\/image\\\/\"}},{\"@type\":\"Person\",\"@id\":\"https:\\\/\\\/bakh.de\\\/wdp\\\/#\\\/schema\\\/person\\\/75a1e296c1c53d3fbbc0a3c6104f6370\",\"name\":\"Uli\",\"image\":{\"@type\":\"ImageObject\",\"inLanguage\":\"de\",\"@id\":\"https:\\\/\\\/secure.gravatar.com\\\/avatar\\\/3b55f09e3908cc7190694de428627f99ad7fb1fd6ca4aa1f5a2c94110a7a2967?s=96&d=mm&r=g\",\"url\":\"https:\\\/\\\/secure.gravatar.com\\\/avatar\\\/3b55f09e3908cc7190694de428627f99ad7fb1fd6ca4aa1f5a2c94110a7a2967?s=96&d=mm&r=g\",\"contentUrl\":\"https:\\\/\\\/secure.gravatar.com\\\/avatar\\\/3b55f09e3908cc7190694de428627f99ad7fb1fd6ca4aa1f5a2c94110a7a2967?s=96&d=mm&r=g\",\"caption\":\"Uli\"},\"url\":\"https:\\\/\\\/bakh.de\\\/wdp\\\/author\\\/uli\\\/\"}]}<\/script>\n<!-- \/ Yoast SEO plugin. -->","yoast_head_json":{"title":"Tolle Ferienwochen auf dem Finkenberg - B\u00fcrgeraktion Korber H\u00f6he e. V.","robots":{"index":"index","follow":"follow","max-snippet":"max-snippet:-1","max-image-preview":"max-image-preview:large","max-video-preview":"max-video-preview:-1"},"canonical":"https:\/\/bakh.de\/wdp\/tolle-ferienwochen-auf-dem-finkenberg\/","og_locale":"de_DE","og_type":"article","og_title":"Tolle Ferienwochen auf dem Finkenberg - B\u00fcrgeraktion Korber H\u00f6he e. V.","og_description":"Das Nature Camp der Stadt Waiblingen, des Vereins \u201eJugendfarm Waiblingen e. V.\u201c und des \u201eKreisjugendrings\u201c auf dem Finkenberg war\u00a0 f\u00fcr die Dauer von 2 Wochen f\u00fcr \u00fcber 70 Kinder ein wundersch\u00f6nes Sommerabenteuer. Vieles wurde gemeinsam unternommen und erlebt, von der Wasserschlacht bis zum H\u00fcttenbau; die Natur wurde entdeckt, miteinander gespielt und gebastelt. Ausf\u00fchrliche Berichte mit [&hellip;]","og_url":"https:\/\/bakh.de\/wdp\/tolle-ferienwochen-auf-dem-finkenberg\/","og_site_name":"B\u00fcrgeraktion Korber H\u00f6he e. V.","article_published_time":"2016-09-12T20:49:02+00:00","article_modified_time":"2016-09-12T20:59:43+00:00","og_image":[{"url":"http:\/\/bakh.de\/wdp\/wp-content\/uploads\/2016\/09\/k-DSC06176.jpg","type":"","width":"","height":""}],"author":"Uli","twitter_card":"summary_large_image","twitter_misc":{"Verfasst von":"Uli","Gesch\u00e4tzte Lesezeit":"1\u00a0Minute"},"schema":{"@context":"https:\/\/schema.org","@graph":[{"@type":"Article","@id":"https:\/\/bakh.de\/wdp\/tolle-ferienwochen-auf-dem-finkenberg\/#article","isPartOf":{"@id":"https:\/\/bakh.de\/wdp\/tolle-ferienwochen-auf-dem-finkenberg\/"},"author":{"name":"Uli","@id":"https:\/\/bakh.de\/wdp\/#\/schema\/person\/75a1e296c1c53d3fbbc0a3c6104f6370"},"headline":"Tolle Ferienwochen auf dem Finkenberg","datePublished":"2016-09-12T20:49:02+00:00","dateModified":"2016-09-12T20:59:43+00:00","mainEntityOfPage":{"@id":"https:\/\/bakh.de\/wdp\/tolle-ferienwochen-auf-dem-finkenberg\/"},"wordCount":131,"publisher":{"@id":"https:\/\/bakh.de\/wdp\/#organization"},"image":{"@id":"https:\/\/bakh.de\/wdp\/tolle-ferienwochen-auf-dem-finkenberg\/#primaryimage"},"thumbnailUrl":"http:\/\/bakh.de\/wdp\/wp-content\/uploads\/2016\/09\/k-DSC06176.jpg","articleSection":["Finkenberg"],"inLanguage":"de"},{"@type":"WebPage","@id":"https:\/\/bakh.de\/wdp\/tolle-ferienwochen-auf-dem-finkenberg\/","url":"https:\/\/bakh.de\/wdp\/tolle-ferienwochen-auf-dem-finkenberg\/","name":"Tolle Ferienwochen auf dem Finkenberg - B\u00fcrgeraktion Korber H\u00f6he e. V.","isPartOf":{"@id":"https:\/\/bakh.de\/wdp\/#website"},"primaryImageOfPage":{"@id":"https:\/\/bakh.de\/wdp\/tolle-ferienwochen-auf-dem-finkenberg\/#primaryimage"},"image":{"@id":"https:\/\/bakh.de\/wdp\/tolle-ferienwochen-auf-dem-finkenberg\/#primaryimage"},"thumbnailUrl":"http:\/\/bakh.de\/wdp\/wp-content\/uploads\/2016\/09\/k-DSC06176.jpg","datePublished":"2016-09-12T20:49:02+00:00","dateModified":"2016-09-12T20:59:43+00:00","breadcrumb":{"@id":"https:\/\/bakh.de\/wdp\/tolle-ferienwochen-auf-dem-finkenberg\/#breadcrumb"},"inLanguage":"de","potentialAction":[{"@type":"ReadAction","target":["https:\/\/bakh.de\/wdp\/tolle-ferienwochen-auf-dem-finkenberg\/"]}]},{"@type":"ImageObject","inLanguage":"de","@id":"https:\/\/bakh.de\/wdp\/tolle-ferienwochen-auf-dem-finkenberg\/#primaryimage","url":"https:\/\/bakh.de\/wdp\/wp-content\/uploads\/2016\/09\/k-DSC06176.jpg","contentUrl":"https:\/\/bakh.de\/wdp\/wp-content\/uploads\/2016\/09\/k-DSC06176.jpg","width":800,"height":600},{"@type":"BreadcrumbList","@id":"https:\/\/bakh.de\/wdp\/tolle-ferienwochen-auf-dem-finkenberg\/#breadcrumb","itemListElement":[{"@type":"ListItem","position":1,"name":"Startseite","item":"https:\/\/bakh.de\/wdp\/"},{"@type":"ListItem","position":2,"name":"Tolle Ferienwochen auf dem Finkenberg"}]},{"@type":"WebSite","@id":"https:\/\/bakh.de\/wdp\/#website","url":"https:\/\/bakh.de\/wdp\/","name":"B\u00fcrgeraktion Korber H\u00f6he e. V.","description":"","publisher":{"@id":"https:\/\/bakh.de\/wdp\/#organization"},"potentialAction":[{"@type":"SearchAction","target":{"@type":"EntryPoint","urlTemplate":"https:\/\/bakh.de\/wdp\/?s={search_term_string}"},"query-input":{"@type":"PropertyValueSpecification","valueRequired":true,"valueName":"search_term_string"}}],"inLanguage":"de"},{"@type":"Organization","@id":"https:\/\/bakh.de\/wdp\/#organization","name":"B\u00fcrgeraktion Korber H\u00f6he e. V.","url":"https:\/\/bakh.de\/wdp\/","logo":{"@type":"ImageObject","inLanguage":"de","@id":"https:\/\/bakh.de\/wdp\/#\/schema\/logo\/image\/","url":"https:\/\/bakh.de\/wdp\/wp-content\/uploads\/2025\/11\/BAKH_Logo_4c_512.jpg","contentUrl":"https:\/\/bakh.de\/wdp\/wp-content\/uploads\/2025\/11\/BAKH_Logo_4c_512.jpg","width":516,"height":518,"caption":"B\u00fcrgeraktion Korber H\u00f6he e. V."},"image":{"@id":"https:\/\/bakh.de\/wdp\/#\/schema\/logo\/image\/"}},{"@type":"Person","@id":"https:\/\/bakh.de\/wdp\/#\/schema\/person\/75a1e296c1c53d3fbbc0a3c6104f6370","name":"Uli","image":{"@type":"ImageObject","inLanguage":"de","@id":"https:\/\/secure.gravatar.com\/avatar\/3b55f09e3908cc7190694de428627f99ad7fb1fd6ca4aa1f5a2c94110a7a2967?s=96&d=mm&r=g","url":"https:\/\/secure.gravatar.com\/avatar\/3b55f09e3908cc7190694de428627f99ad7fb1fd6ca4aa1f5a2c94110a7a2967?s=96&d=mm&r=g","contentUrl":"https:\/\/secure.gravatar.com\/avatar\/3b55f09e3908cc7190694de428627f99ad7fb1fd6ca4aa1f5a2c94110a7a2967?s=96&d=mm&r=g","caption":"Uli"},"url":"https:\/\/bakh.de\/wdp\/author\/uli\/"}]}},"_links":{"self":[{"href":"https:\/\/bakh.de\/wdp\/wp-json\/wp\/v2\/posts\/3255","targetHints":{"allow":["GET"]}}],"collection":[{"href":"https:\/\/bakh.de\/wdp\/wp-json\/wp\/v2\/posts"}],"about":[{"href":"https:\/\/bakh.de\/wdp\/wp-json\/wp\/v2\/types\/post"}],"author":[{"embeddable":true,"href":"https:\/\/bakh.de\/wdp\/wp-json\/wp\/v2\/users\/3"}],"replies":[{"embeddable":true,"href":"https:\/\/bakh.de\/wdp\/wp-json\/wp\/v2\/comments?post=3255"}],"version-history":[{"count":4,"href":"https:\/\/bakh.de\/wdp\/wp-json\/wp\/v2\/posts\/3255\/revisions"}],"predecessor-version":[{"id":3262,"href":"https:\/\/bakh.de\/wdp\/wp-json\/wp\/v2\/posts\/3255\/revisions\/3262"}],"wp:attachment":[{"href":"https:\/\/bakh.de\/wdp\/wp-json\/wp\/v2\/media?parent=3255"}],"wp:term":[{"taxonomy":"category","embeddable":true,"href":"https:\/\/bakh.de\/wdp\/wp-json\/wp\/v2\/categories?post=3255"},{"taxonomy":"post_tag","embeddable":true,"href":"https:\/\/bakh.de\/wdp\/wp-json\/wp\/v2\/tags?post=3255"}],"curies":[{"name":"wp","href":"https:\/\/api.w.org\/{rel}","templated":true}]}}