{"id":3132,"date":"2016-06-05T15:26:23","date_gmt":"2016-06-05T15:26:23","guid":{"rendered":"http:\/\/bakh.de\/wdp\/?p=3132"},"modified":"2016-06-05T15:51:26","modified_gmt":"2016-06-05T15:51:26","slug":"gruener-daumen","status":"publish","type":"post","link":"https:\/\/bakh.de\/wdp\/gruener-daumen\/","title":{"rendered":"Hochhaus-Turm als neues Markenzeichen der Korber H\u00f6he II vorgestellt"},"content":{"rendered":"<p><a href=\"http:\/\/bakh.de\/wdp\/wp-content\/uploads\/2016\/06\/k-IMG_5959.jpg\"><img loading=\"lazy\" decoding=\"async\" class=\"alignleft wp-image-3134\" src=\"http:\/\/bakh.de\/wdp\/wp-content\/uploads\/2016\/06\/k-IMG_5959.jpg\" alt=\"k-IMG_5959\" width=\"240\" height=\"180\" srcset=\"https:\/\/bakh.de\/wdp\/wp-content\/uploads\/2016\/06\/k-IMG_5959.jpg 800w, https:\/\/bakh.de\/wdp\/wp-content\/uploads\/2016\/06\/k-IMG_5959-300x225.jpg 300w, https:\/\/bakh.de\/wdp\/wp-content\/uploads\/2016\/06\/k-IMG_5959-768x576.jpg 768w\" sizes=\"auto, (max-width: 240px) 100vw, 240px\" \/><\/a>\u00dcber 60 Interessierte waren am 1. Juni in den Korber-H\u00f6he-Treff zur Info-Veranstaltung zum <a href=\"http:\/\/bakh.de\/wdp\/?p=2943\" target=\"_blank\">geplanten Hochhaus<\/a> auf der Korber H\u00f6he II gekommen. Baub\u00fcrgermeisterin Birgit Priebe informierte \u00fcber das Vorhaben und beantwortete die zahlreichen Fragen.<\/p>\n<p>Gro\u00dfe Begeisterung l\u00f6ste der geplante Bau bei den Besuchern nicht aus. Es gab aber auch keine grunds\u00e4tzliche Ablehnung des 18-st\u00f6ckigen gr\u00fcnen Turms, der neben dem Blockheizkraftwerk geplant ist und einen markanten Abschluss der Korber H\u00f6he bilden soll.<!--more--><\/p>\n<p>&nbsp;<\/p>\n<p>Frau Priebe hatte an Hand von Folien die <a href=\"https:\/\/risweb.waiblingen.de\/ratsinfo\/waiblingen\/Proposal.html?select=3198\" target=\"_blank\">Vorgaben<\/a> f\u00fcr den Bau vorgestellt, wie er von der Stadtverwaltung und dem Gemeinderat Stadt Waiblingen vorgegeben worden war. Auf dem st\u00e4dtischen Grundst\u00fcck beim Blockheizkraftwerk ist Hochhaus mit der H\u00f6he von 56m und 18 Stockwerken vorgesehen. Es <a href=\"http:\/\/bakh.de\/wdp\/wp-content\/uploads\/2016\/06\/k-DSC04888.jpg\"><img loading=\"lazy\" decoding=\"async\" class=\"alignright wp-image-3136\" src=\"http:\/\/bakh.de\/wdp\/wp-content\/uploads\/2016\/06\/k-DSC04888.jpg\" alt=\"k-DSC04888\" width=\"240\" height=\"180\" srcset=\"https:\/\/bakh.de\/wdp\/wp-content\/uploads\/2016\/06\/k-DSC04888.jpg 800w, https:\/\/bakh.de\/wdp\/wp-content\/uploads\/2016\/06\/k-DSC04888-300x225.jpg 300w, https:\/\/bakh.de\/wdp\/wp-content\/uploads\/2016\/06\/k-DSC04888-768x576.jpg 768w\" sizes=\"auto, (max-width: 240px) 100vw, 240px\" \/><\/a>soll ein \u201eGr\u00fcnes Hochhaus\u201c, mit gehobener Ausstattung, nach den Beispielen \u201eBosco Verticale Mailand\/ Arabellapark<\/p>\n<p>M\u00fcnchen\u201c entstehen. Die Ausschreibung l\u00e4uft noch bis Ende Juni dieses Jahres, eine Aussage dazu konnte Frau Priebe deshalb nicht machen.<\/p>\n<p>Eine spannende Frage ist, ob sich ein Inverstor finden wird, der ein \u201eLuxus\u201c-Hochhaus in unmittelbarer N\u00e4he der k\u00fcrzlich erweiterten Starkstromleitungen und der B14 mit der damit verbundenen gro\u00dfen L\u00e4rmbelastung bauen wird. Die Nachfrage nach Wohnraum ist gro\u00df, aber nach g\u00fcnstigen und bezahlbaren Wohnungen. Die Einnahmen von ca. 2 Millionen Euro aus dem Grundst\u00fccksverkauf, will die Stadt Waiblingen laut Frau Priebe in sozialen Wohnungsbau investieren.<\/p>\n<p><a href=\"http:\/\/bakh.de\/wdp\/wp-content\/uploads\/2016\/06\/k-IMG_5958.jpg\"><img loading=\"lazy\" decoding=\"async\" class=\"alignleft wp-image-3135\" src=\"http:\/\/bakh.de\/wdp\/wp-content\/uploads\/2016\/06\/k-IMG_5958.jpg\" alt=\"k-IMG_5958\" width=\"240\" height=\"180\" srcset=\"https:\/\/bakh.de\/wdp\/wp-content\/uploads\/2016\/06\/k-IMG_5958.jpg 800w, https:\/\/bakh.de\/wdp\/wp-content\/uploads\/2016\/06\/k-IMG_5958-300x225.jpg 300w, https:\/\/bakh.de\/wdp\/wp-content\/uploads\/2016\/06\/k-IMG_5958-768x576.jpg 768w\" sizes=\"auto, (max-width: 240px) 100vw, 240px\" \/><\/a>Skeptisch waren die Besucher der Veranstaltung, ob die Stadt die geplanten Vorgaben, wie Begr\u00fcnung und die Art der Bebauung auch wirklich durchsetzen kann und der Investor nicht aus Kostendruck Abstriche vom Konzept machen wird.<\/p>\n<p>Die Stadt hat unsere Anregung aufgenommen, die Zufahrt zum Turm, auch w\u00e4hrend der Bauphase, direkt \u00fcber die Korber- oder die S\u00f6renbachstra\u00dfe vorzunehmen. Die L\u00e4rm- und Verkehrsbelastung des bestehenden Wohngebiets kann dadurch reduziert werden.<\/p>\n<p>Wenn ein Investor gefunden ist, werden wir sehen, ob die Pl\u00e4ne f\u00fcr ein gr\u00fcnes Hochhaus am gr\u00fcnen Rand der Korber H\u00f6he umgesetzt werden wird. Wir sind gespannt auf die n\u00e4chste Informationsveranstaltung.<\/p>\n<p><a href=\"http:\/\/bakh.de\/wdp\/wp-content\/uploads\/2012\/06\/hochhaus_klein.jpg\"><img loading=\"lazy\" decoding=\"async\" class=\"aligncenter wp-image-3126\" src=\"http:\/\/bakh.de\/wdp\/wp-content\/uploads\/2012\/06\/hochhaus_klein.jpg\" alt=\"hochhaus_klein\" width=\"420\" height=\"291\" srcset=\"https:\/\/bakh.de\/wdp\/wp-content\/uploads\/2012\/06\/hochhaus_klein.jpg 800w, https:\/\/bakh.de\/wdp\/wp-content\/uploads\/2012\/06\/hochhaus_klein-300x208.jpg 300w, https:\/\/bakh.de\/wdp\/wp-content\/uploads\/2012\/06\/hochhaus_klein-768x532.jpg 768w\" sizes=\"auto, (max-width: 420px) 100vw, 420px\" \/><\/a><\/p>\n<p>&nbsp;<\/p>\n","protected":false},"excerpt":{"rendered":"<p>\u00dcber 60 Interessierte waren am 1. Juni in den Korber-H\u00f6he-Treff zur Info-Veranstaltung zum geplanten Hochhaus auf der Korber H\u00f6he II gekommen. Baub\u00fcrgermeisterin Birgit Priebe informierte \u00fcber das Vorhaben und beantwortete die zahlreichen Fragen. Gro\u00dfe Begeisterung l\u00f6ste der geplante Bau bei den Besuchern nicht aus. Es gab aber auch keine grunds\u00e4tzliche Ablehnung des 18-st\u00f6ckigen gr\u00fcnen Turms, [&hellip;]<\/p>\n","protected":false},"author":3,"featured_media":0,"comment_status":"closed","ping_status":"closed","sticky":false,"template":"","format":"standard","meta":{"ngg_post_thumbnail":0,"footnotes":""},"categories":[17],"tags":[],"class_list":["post-3132","post","type-post","status-publish","format-standard","hentry","category-hochhaus-korber-hoehe-ii"],"yoast_head":"<!-- This site is optimized with the Yoast SEO plugin v27.5 - https:\/\/yoast.com\/product\/yoast-seo-wordpress\/ -->\n<title>Hochhaus-Turm als neues Markenzeichen der Korber H\u00f6he II vorgestellt - B\u00fcrgeraktion Korber H\u00f6he e. V.<\/title>\n<meta name=\"robots\" content=\"index, follow, max-snippet:-1, max-image-preview:large, max-video-preview:-1\" \/>\n<link rel=\"canonical\" href=\"https:\/\/bakh.de\/wdp\/gruener-daumen\/\" \/>\n<meta property=\"og:locale\" content=\"de_DE\" \/>\n<meta property=\"og:type\" content=\"article\" \/>\n<meta property=\"og:title\" content=\"Hochhaus-Turm als neues Markenzeichen der Korber H\u00f6he II vorgestellt - B\u00fcrgeraktion Korber H\u00f6he e. V.\" \/>\n<meta property=\"og:description\" content=\"\u00dcber 60 Interessierte waren am 1. Juni in den Korber-H\u00f6he-Treff zur Info-Veranstaltung zum geplanten Hochhaus auf der Korber H\u00f6he II gekommen. Baub\u00fcrgermeisterin Birgit Priebe informierte \u00fcber das Vorhaben und beantwortete die zahlreichen Fragen. Gro\u00dfe Begeisterung l\u00f6ste der geplante Bau bei den Besuchern nicht aus. Es gab aber auch keine grunds\u00e4tzliche Ablehnung des 18-st\u00f6ckigen gr\u00fcnen Turms, [&hellip;]\" \/>\n<meta property=\"og:url\" content=\"https:\/\/bakh.de\/wdp\/gruener-daumen\/\" \/>\n<meta property=\"og:site_name\" content=\"B\u00fcrgeraktion Korber H\u00f6he e. V.\" \/>\n<meta property=\"article:published_time\" content=\"2016-06-05T15:26:23+00:00\" \/>\n<meta property=\"article:modified_time\" content=\"2016-06-05T15:51:26+00:00\" \/>\n<meta property=\"og:image\" content=\"http:\/\/bakh.de\/wdp\/wp-content\/uploads\/2016\/06\/k-IMG_5959.jpg\" \/>\n<meta name=\"author\" content=\"Uli\" \/>\n<meta name=\"twitter:card\" content=\"summary_large_image\" \/>\n<meta name=\"twitter:label1\" content=\"Verfasst von\" \/>\n\t<meta name=\"twitter:data1\" content=\"Uli\" \/>\n\t<meta name=\"twitter:label2\" content=\"Gesch\u00e4tzte Lesezeit\" \/>\n\t<meta name=\"twitter:data2\" content=\"2\u00a0Minuten\" \/>\n<script type=\"application\/ld+json\" class=\"yoast-schema-graph\">{\"@context\":\"https:\\\/\\\/schema.org\",\"@graph\":[{\"@type\":\"Article\",\"@id\":\"https:\\\/\\\/bakh.de\\\/wdp\\\/gruener-daumen\\\/#article\",\"isPartOf\":{\"@id\":\"https:\\\/\\\/bakh.de\\\/wdp\\\/gruener-daumen\\\/\"},\"author\":{\"name\":\"Uli\",\"@id\":\"https:\\\/\\\/bakh.de\\\/wdp\\\/#\\\/schema\\\/person\\\/75a1e296c1c53d3fbbc0a3c6104f6370\"},\"headline\":\"Hochhaus-Turm als neues Markenzeichen der Korber H\u00f6he II vorgestellt\",\"datePublished\":\"2016-06-05T15:26:23+00:00\",\"dateModified\":\"2016-06-05T15:51:26+00:00\",\"mainEntityOfPage\":{\"@id\":\"https:\\\/\\\/bakh.de\\\/wdp\\\/gruener-daumen\\\/\"},\"wordCount\":352,\"publisher\":{\"@id\":\"https:\\\/\\\/bakh.de\\\/wdp\\\/#organization\"},\"image\":{\"@id\":\"https:\\\/\\\/bakh.de\\\/wdp\\\/gruener-daumen\\\/#primaryimage\"},\"thumbnailUrl\":\"http:\\\/\\\/bakh.de\\\/wdp\\\/wp-content\\\/uploads\\\/2016\\\/06\\\/k-IMG_5959.jpg\",\"articleSection\":[\"Hochhaus\"],\"inLanguage\":\"de\"},{\"@type\":\"WebPage\",\"@id\":\"https:\\\/\\\/bakh.de\\\/wdp\\\/gruener-daumen\\\/\",\"url\":\"https:\\\/\\\/bakh.de\\\/wdp\\\/gruener-daumen\\\/\",\"name\":\"Hochhaus-Turm als neues Markenzeichen der Korber H\u00f6he II vorgestellt - B\u00fcrgeraktion Korber H\u00f6he e. V.\",\"isPartOf\":{\"@id\":\"https:\\\/\\\/bakh.de\\\/wdp\\\/#website\"},\"primaryImageOfPage\":{\"@id\":\"https:\\\/\\\/bakh.de\\\/wdp\\\/gruener-daumen\\\/#primaryimage\"},\"image\":{\"@id\":\"https:\\\/\\\/bakh.de\\\/wdp\\\/gruener-daumen\\\/#primaryimage\"},\"thumbnailUrl\":\"http:\\\/\\\/bakh.de\\\/wdp\\\/wp-content\\\/uploads\\\/2016\\\/06\\\/k-IMG_5959.jpg\",\"datePublished\":\"2016-06-05T15:26:23+00:00\",\"dateModified\":\"2016-06-05T15:51:26+00:00\",\"breadcrumb\":{\"@id\":\"https:\\\/\\\/bakh.de\\\/wdp\\\/gruener-daumen\\\/#breadcrumb\"},\"inLanguage\":\"de\",\"potentialAction\":[{\"@type\":\"ReadAction\",\"target\":[\"https:\\\/\\\/bakh.de\\\/wdp\\\/gruener-daumen\\\/\"]}]},{\"@type\":\"ImageObject\",\"inLanguage\":\"de\",\"@id\":\"https:\\\/\\\/bakh.de\\\/wdp\\\/gruener-daumen\\\/#primaryimage\",\"url\":\"https:\\\/\\\/bakh.de\\\/wdp\\\/wp-content\\\/uploads\\\/2016\\\/06\\\/k-IMG_5959.jpg\",\"contentUrl\":\"https:\\\/\\\/bakh.de\\\/wdp\\\/wp-content\\\/uploads\\\/2016\\\/06\\\/k-IMG_5959.jpg\",\"width\":800,\"height\":600},{\"@type\":\"BreadcrumbList\",\"@id\":\"https:\\\/\\\/bakh.de\\\/wdp\\\/gruener-daumen\\\/#breadcrumb\",\"itemListElement\":[{\"@type\":\"ListItem\",\"position\":1,\"name\":\"Startseite\",\"item\":\"https:\\\/\\\/bakh.de\\\/wdp\\\/\"},{\"@type\":\"ListItem\",\"position\":2,\"name\":\"Hochhaus-Turm als neues Markenzeichen der Korber H\u00f6he II vorgestellt\"}]},{\"@type\":\"WebSite\",\"@id\":\"https:\\\/\\\/bakh.de\\\/wdp\\\/#website\",\"url\":\"https:\\\/\\\/bakh.de\\\/wdp\\\/\",\"name\":\"B\u00fcrgeraktion Korber H\u00f6he e. V.\",\"description\":\"\",\"publisher\":{\"@id\":\"https:\\\/\\\/bakh.de\\\/wdp\\\/#organization\"},\"potentialAction\":[{\"@type\":\"SearchAction\",\"target\":{\"@type\":\"EntryPoint\",\"urlTemplate\":\"https:\\\/\\\/bakh.de\\\/wdp\\\/?s={search_term_string}\"},\"query-input\":{\"@type\":\"PropertyValueSpecification\",\"valueRequired\":true,\"valueName\":\"search_term_string\"}}],\"inLanguage\":\"de\"},{\"@type\":\"Organization\",\"@id\":\"https:\\\/\\\/bakh.de\\\/wdp\\\/#organization\",\"name\":\"B\u00fcrgeraktion Korber H\u00f6he e. V.\",\"url\":\"https:\\\/\\\/bakh.de\\\/wdp\\\/\",\"logo\":{\"@type\":\"ImageObject\",\"inLanguage\":\"de\",\"@id\":\"https:\\\/\\\/bakh.de\\\/wdp\\\/#\\\/schema\\\/logo\\\/image\\\/\",\"url\":\"https:\\\/\\\/bakh.de\\\/wdp\\\/wp-content\\\/uploads\\\/2025\\\/11\\\/BAKH_Logo_4c_512.jpg\",\"contentUrl\":\"https:\\\/\\\/bakh.de\\\/wdp\\\/wp-content\\\/uploads\\\/2025\\\/11\\\/BAKH_Logo_4c_512.jpg\",\"width\":516,\"height\":518,\"caption\":\"B\u00fcrgeraktion Korber H\u00f6he e. V.\"},\"image\":{\"@id\":\"https:\\\/\\\/bakh.de\\\/wdp\\\/#\\\/schema\\\/logo\\\/image\\\/\"}},{\"@type\":\"Person\",\"@id\":\"https:\\\/\\\/bakh.de\\\/wdp\\\/#\\\/schema\\\/person\\\/75a1e296c1c53d3fbbc0a3c6104f6370\",\"name\":\"Uli\",\"image\":{\"@type\":\"ImageObject\",\"inLanguage\":\"de\",\"@id\":\"https:\\\/\\\/secure.gravatar.com\\\/avatar\\\/3b55f09e3908cc7190694de428627f99ad7fb1fd6ca4aa1f5a2c94110a7a2967?s=96&d=mm&r=g\",\"url\":\"https:\\\/\\\/secure.gravatar.com\\\/avatar\\\/3b55f09e3908cc7190694de428627f99ad7fb1fd6ca4aa1f5a2c94110a7a2967?s=96&d=mm&r=g\",\"contentUrl\":\"https:\\\/\\\/secure.gravatar.com\\\/avatar\\\/3b55f09e3908cc7190694de428627f99ad7fb1fd6ca4aa1f5a2c94110a7a2967?s=96&d=mm&r=g\",\"caption\":\"Uli\"},\"url\":\"https:\\\/\\\/bakh.de\\\/wdp\\\/author\\\/uli\\\/\"}]}<\/script>\n<!-- \/ Yoast SEO plugin. -->","yoast_head_json":{"title":"Hochhaus-Turm als neues Markenzeichen der Korber H\u00f6he II vorgestellt - B\u00fcrgeraktion Korber H\u00f6he e. V.","robots":{"index":"index","follow":"follow","max-snippet":"max-snippet:-1","max-image-preview":"max-image-preview:large","max-video-preview":"max-video-preview:-1"},"canonical":"https:\/\/bakh.de\/wdp\/gruener-daumen\/","og_locale":"de_DE","og_type":"article","og_title":"Hochhaus-Turm als neues Markenzeichen der Korber H\u00f6he II vorgestellt - B\u00fcrgeraktion Korber H\u00f6he e. V.","og_description":"\u00dcber 60 Interessierte waren am 1. Juni in den Korber-H\u00f6he-Treff zur Info-Veranstaltung zum geplanten Hochhaus auf der Korber H\u00f6he II gekommen. Baub\u00fcrgermeisterin Birgit Priebe informierte \u00fcber das Vorhaben und beantwortete die zahlreichen Fragen. Gro\u00dfe Begeisterung l\u00f6ste der geplante Bau bei den Besuchern nicht aus. Es gab aber auch keine grunds\u00e4tzliche Ablehnung des 18-st\u00f6ckigen gr\u00fcnen Turms, [&hellip;]","og_url":"https:\/\/bakh.de\/wdp\/gruener-daumen\/","og_site_name":"B\u00fcrgeraktion Korber H\u00f6he e. V.","article_published_time":"2016-06-05T15:26:23+00:00","article_modified_time":"2016-06-05T15:51:26+00:00","og_image":[{"url":"http:\/\/bakh.de\/wdp\/wp-content\/uploads\/2016\/06\/k-IMG_5959.jpg","type":"","width":"","height":""}],"author":"Uli","twitter_card":"summary_large_image","twitter_misc":{"Verfasst von":"Uli","Gesch\u00e4tzte Lesezeit":"2\u00a0Minuten"},"schema":{"@context":"https:\/\/schema.org","@graph":[{"@type":"Article","@id":"https:\/\/bakh.de\/wdp\/gruener-daumen\/#article","isPartOf":{"@id":"https:\/\/bakh.de\/wdp\/gruener-daumen\/"},"author":{"name":"Uli","@id":"https:\/\/bakh.de\/wdp\/#\/schema\/person\/75a1e296c1c53d3fbbc0a3c6104f6370"},"headline":"Hochhaus-Turm als neues Markenzeichen der Korber H\u00f6he II vorgestellt","datePublished":"2016-06-05T15:26:23+00:00","dateModified":"2016-06-05T15:51:26+00:00","mainEntityOfPage":{"@id":"https:\/\/bakh.de\/wdp\/gruener-daumen\/"},"wordCount":352,"publisher":{"@id":"https:\/\/bakh.de\/wdp\/#organization"},"image":{"@id":"https:\/\/bakh.de\/wdp\/gruener-daumen\/#primaryimage"},"thumbnailUrl":"http:\/\/bakh.de\/wdp\/wp-content\/uploads\/2016\/06\/k-IMG_5959.jpg","articleSection":["Hochhaus"],"inLanguage":"de"},{"@type":"WebPage","@id":"https:\/\/bakh.de\/wdp\/gruener-daumen\/","url":"https:\/\/bakh.de\/wdp\/gruener-daumen\/","name":"Hochhaus-Turm als neues Markenzeichen der Korber H\u00f6he II vorgestellt - B\u00fcrgeraktion Korber H\u00f6he e. V.","isPartOf":{"@id":"https:\/\/bakh.de\/wdp\/#website"},"primaryImageOfPage":{"@id":"https:\/\/bakh.de\/wdp\/gruener-daumen\/#primaryimage"},"image":{"@id":"https:\/\/bakh.de\/wdp\/gruener-daumen\/#primaryimage"},"thumbnailUrl":"http:\/\/bakh.de\/wdp\/wp-content\/uploads\/2016\/06\/k-IMG_5959.jpg","datePublished":"2016-06-05T15:26:23+00:00","dateModified":"2016-06-05T15:51:26+00:00","breadcrumb":{"@id":"https:\/\/bakh.de\/wdp\/gruener-daumen\/#breadcrumb"},"inLanguage":"de","potentialAction":[{"@type":"ReadAction","target":["https:\/\/bakh.de\/wdp\/gruener-daumen\/"]}]},{"@type":"ImageObject","inLanguage":"de","@id":"https:\/\/bakh.de\/wdp\/gruener-daumen\/#primaryimage","url":"https:\/\/bakh.de\/wdp\/wp-content\/uploads\/2016\/06\/k-IMG_5959.jpg","contentUrl":"https:\/\/bakh.de\/wdp\/wp-content\/uploads\/2016\/06\/k-IMG_5959.jpg","width":800,"height":600},{"@type":"BreadcrumbList","@id":"https:\/\/bakh.de\/wdp\/gruener-daumen\/#breadcrumb","itemListElement":[{"@type":"ListItem","position":1,"name":"Startseite","item":"https:\/\/bakh.de\/wdp\/"},{"@type":"ListItem","position":2,"name":"Hochhaus-Turm als neues Markenzeichen der Korber H\u00f6he II vorgestellt"}]},{"@type":"WebSite","@id":"https:\/\/bakh.de\/wdp\/#website","url":"https:\/\/bakh.de\/wdp\/","name":"B\u00fcrgeraktion Korber H\u00f6he e. V.","description":"","publisher":{"@id":"https:\/\/bakh.de\/wdp\/#organization"},"potentialAction":[{"@type":"SearchAction","target":{"@type":"EntryPoint","urlTemplate":"https:\/\/bakh.de\/wdp\/?s={search_term_string}"},"query-input":{"@type":"PropertyValueSpecification","valueRequired":true,"valueName":"search_term_string"}}],"inLanguage":"de"},{"@type":"Organization","@id":"https:\/\/bakh.de\/wdp\/#organization","name":"B\u00fcrgeraktion Korber H\u00f6he e. V.","url":"https:\/\/bakh.de\/wdp\/","logo":{"@type":"ImageObject","inLanguage":"de","@id":"https:\/\/bakh.de\/wdp\/#\/schema\/logo\/image\/","url":"https:\/\/bakh.de\/wdp\/wp-content\/uploads\/2025\/11\/BAKH_Logo_4c_512.jpg","contentUrl":"https:\/\/bakh.de\/wdp\/wp-content\/uploads\/2025\/11\/BAKH_Logo_4c_512.jpg","width":516,"height":518,"caption":"B\u00fcrgeraktion Korber H\u00f6he e. V."},"image":{"@id":"https:\/\/bakh.de\/wdp\/#\/schema\/logo\/image\/"}},{"@type":"Person","@id":"https:\/\/bakh.de\/wdp\/#\/schema\/person\/75a1e296c1c53d3fbbc0a3c6104f6370","name":"Uli","image":{"@type":"ImageObject","inLanguage":"de","@id":"https:\/\/secure.gravatar.com\/avatar\/3b55f09e3908cc7190694de428627f99ad7fb1fd6ca4aa1f5a2c94110a7a2967?s=96&d=mm&r=g","url":"https:\/\/secure.gravatar.com\/avatar\/3b55f09e3908cc7190694de428627f99ad7fb1fd6ca4aa1f5a2c94110a7a2967?s=96&d=mm&r=g","contentUrl":"https:\/\/secure.gravatar.com\/avatar\/3b55f09e3908cc7190694de428627f99ad7fb1fd6ca4aa1f5a2c94110a7a2967?s=96&d=mm&r=g","caption":"Uli"},"url":"https:\/\/bakh.de\/wdp\/author\/uli\/"}]}},"_links":{"self":[{"href":"https:\/\/bakh.de\/wdp\/wp-json\/wp\/v2\/posts\/3132","targetHints":{"allow":["GET"]}}],"collection":[{"href":"https:\/\/bakh.de\/wdp\/wp-json\/wp\/v2\/posts"}],"about":[{"href":"https:\/\/bakh.de\/wdp\/wp-json\/wp\/v2\/types\/post"}],"author":[{"embeddable":true,"href":"https:\/\/bakh.de\/wdp\/wp-json\/wp\/v2\/users\/3"}],"replies":[{"embeddable":true,"href":"https:\/\/bakh.de\/wdp\/wp-json\/wp\/v2\/comments?post=3132"}],"version-history":[{"count":17,"href":"https:\/\/bakh.de\/wdp\/wp-json\/wp\/v2\/posts\/3132\/revisions"}],"predecessor-version":[{"id":3157,"href":"https:\/\/bakh.de\/wdp\/wp-json\/wp\/v2\/posts\/3132\/revisions\/3157"}],"wp:attachment":[{"href":"https:\/\/bakh.de\/wdp\/wp-json\/wp\/v2\/media?parent=3132"}],"wp:term":[{"taxonomy":"category","embeddable":true,"href":"https:\/\/bakh.de\/wdp\/wp-json\/wp\/v2\/categories?post=3132"},{"taxonomy":"post_tag","embeddable":true,"href":"https:\/\/bakh.de\/wdp\/wp-json\/wp\/v2\/tags?post=3132"}],"curies":[{"name":"wp","href":"https:\/\/api.w.org\/{rel}","templated":true}]}}