{"id":3096,"date":"2016-04-26T19:20:32","date_gmt":"2016-04-26T19:20:32","guid":{"rendered":"http:\/\/bakh.de\/wdp\/?p=3096"},"modified":"2016-06-05T15:18:38","modified_gmt":"2016-06-05T15:18:38","slug":"gruener-daumen-oder-stinkefinger","status":"publish","type":"post","link":"https:\/\/bakh.de\/wdp\/gruener-daumen-oder-stinkefinger\/","title":{"rendered":"Gr\u00fcner Daumen oder Stinkefinger?"},"content":{"rendered":"<p>Gemeinsam mit Baub\u00fcrgermeisterin Birgit Priebe wollen wir \u00fcber das geplante <a href=\"http:\/\/bakh.de\/wdp\/?p=2943\">Hochhaus<\/a> auf der Korber H\u00f6he II diskutieren. Frau Priebe wird \u00fcber den Beschluss des Gemeinderats, die geplante Gestaltung und die Ausschreibung berichten.<\/p>\n<p>Alle Bewohner der Korber H\u00f6he sind herzlich eingeladen im Korber-H\u00f6he-Treff im Mikrozentrum \u00fcber das geplante Bauvorhaben zu diskutieren.<\/p>\n<p><a href=\"http:\/\/bakh.de\/wdp\/wp-content\/uploads\/2016\/04\/arabella.jpg\"><img loading=\"lazy\" decoding=\"async\" class=\"size-full wp-image-3097 aligncenter\" src=\"http:\/\/bakh.de\/wdp\/wp-content\/uploads\/2016\/04\/arabella.jpg\" alt=\"arabella\" width=\"339\" height=\"148\" srcset=\"https:\/\/bakh.de\/wdp\/wp-content\/uploads\/2016\/04\/arabella.jpg 339w, https:\/\/bakh.de\/wdp\/wp-content\/uploads\/2016\/04\/arabella-300x131.jpg 300w\" sizes=\"auto, (max-width: 339px) 100vw, 339px\" \/><\/a><\/p>\n","protected":false},"excerpt":{"rendered":"<p>Gemeinsam mit Baub\u00fcrgermeisterin Birgit Priebe wollen wir \u00fcber das geplante Hochhaus auf der Korber H\u00f6he II diskutieren. Frau Priebe wird \u00fcber den Beschluss des Gemeinderats, die geplante Gestaltung und die Ausschreibung berichten. Alle Bewohner der Korber H\u00f6he sind herzlich eingeladen im Korber-H\u00f6he-Treff im Mikrozentrum \u00fcber das geplante Bauvorhaben zu diskutieren.<\/p>\n","protected":false},"author":3,"featured_media":0,"comment_status":"closed","ping_status":"closed","sticky":false,"template":"","format":"standard","meta":{"ngg_post_thumbnail":0,"footnotes":""},"categories":[17,6],"tags":[],"class_list":["post-3096","post","type-post","status-publish","format-standard","hentry","category-hochhaus-korber-hoehe-ii","category-termine"],"yoast_head":"<!-- This site is optimized with the Yoast SEO plugin v27.5 - https:\/\/yoast.com\/product\/yoast-seo-wordpress\/ -->\n<title>Gr\u00fcner Daumen oder Stinkefinger? - B\u00fcrgeraktion Korber H\u00f6he e. V.<\/title>\n<meta name=\"robots\" content=\"index, follow, max-snippet:-1, max-image-preview:large, max-video-preview:-1\" \/>\n<link rel=\"canonical\" href=\"https:\/\/bakh.de\/wdp\/gruener-daumen-oder-stinkefinger\/\" \/>\n<meta property=\"og:locale\" content=\"de_DE\" \/>\n<meta property=\"og:type\" content=\"article\" \/>\n<meta property=\"og:title\" content=\"Gr\u00fcner Daumen oder Stinkefinger? - B\u00fcrgeraktion Korber H\u00f6he e. V.\" \/>\n<meta property=\"og:description\" content=\"Gemeinsam mit Baub\u00fcrgermeisterin Birgit Priebe wollen wir \u00fcber das geplante Hochhaus auf der Korber H\u00f6he II diskutieren. Frau Priebe wird \u00fcber den Beschluss des Gemeinderats, die geplante Gestaltung und die Ausschreibung berichten. Alle Bewohner der Korber H\u00f6he sind herzlich eingeladen im Korber-H\u00f6he-Treff im Mikrozentrum \u00fcber das geplante Bauvorhaben zu diskutieren.\" \/>\n<meta property=\"og:url\" content=\"https:\/\/bakh.de\/wdp\/gruener-daumen-oder-stinkefinger\/\" \/>\n<meta property=\"og:site_name\" content=\"B\u00fcrgeraktion Korber H\u00f6he e. V.\" \/>\n<meta property=\"article:published_time\" content=\"2016-04-26T19:20:32+00:00\" \/>\n<meta property=\"article:modified_time\" content=\"2016-06-05T15:18:38+00:00\" \/>\n<meta property=\"og:image\" content=\"http:\/\/bakh.de\/wdp\/wp-content\/uploads\/2016\/04\/arabella.jpg\" \/>\n<meta name=\"author\" content=\"Uli\" \/>\n<meta name=\"twitter:card\" content=\"summary_large_image\" \/>\n<meta name=\"twitter:label1\" content=\"Verfasst von\" \/>\n\t<meta name=\"twitter:data1\" content=\"Uli\" \/>\n<script type=\"application\/ld+json\" class=\"yoast-schema-graph\">{\"@context\":\"https:\\\/\\\/schema.org\",\"@graph\":[{\"@type\":\"Article\",\"@id\":\"https:\\\/\\\/bakh.de\\\/wdp\\\/gruener-daumen-oder-stinkefinger\\\/#article\",\"isPartOf\":{\"@id\":\"https:\\\/\\\/bakh.de\\\/wdp\\\/gruener-daumen-oder-stinkefinger\\\/\"},\"author\":{\"name\":\"Uli\",\"@id\":\"https:\\\/\\\/bakh.de\\\/wdp\\\/#\\\/schema\\\/person\\\/75a1e296c1c53d3fbbc0a3c6104f6370\"},\"headline\":\"Gr\u00fcner Daumen oder Stinkefinger?\",\"datePublished\":\"2016-04-26T19:20:32+00:00\",\"dateModified\":\"2016-06-05T15:18:38+00:00\",\"mainEntityOfPage\":{\"@id\":\"https:\\\/\\\/bakh.de\\\/wdp\\\/gruener-daumen-oder-stinkefinger\\\/\"},\"wordCount\":59,\"publisher\":{\"@id\":\"https:\\\/\\\/bakh.de\\\/wdp\\\/#organization\"},\"image\":{\"@id\":\"https:\\\/\\\/bakh.de\\\/wdp\\\/gruener-daumen-oder-stinkefinger\\\/#primaryimage\"},\"thumbnailUrl\":\"http:\\\/\\\/bakh.de\\\/wdp\\\/wp-content\\\/uploads\\\/2016\\\/04\\\/arabella.jpg\",\"articleSection\":[\"Hochhaus\",\"Termine\"],\"inLanguage\":\"de\"},{\"@type\":\"WebPage\",\"@id\":\"https:\\\/\\\/bakh.de\\\/wdp\\\/gruener-daumen-oder-stinkefinger\\\/\",\"url\":\"https:\\\/\\\/bakh.de\\\/wdp\\\/gruener-daumen-oder-stinkefinger\\\/\",\"name\":\"Gr\u00fcner Daumen oder Stinkefinger? - B\u00fcrgeraktion Korber H\u00f6he e. V.\",\"isPartOf\":{\"@id\":\"https:\\\/\\\/bakh.de\\\/wdp\\\/#website\"},\"primaryImageOfPage\":{\"@id\":\"https:\\\/\\\/bakh.de\\\/wdp\\\/gruener-daumen-oder-stinkefinger\\\/#primaryimage\"},\"image\":{\"@id\":\"https:\\\/\\\/bakh.de\\\/wdp\\\/gruener-daumen-oder-stinkefinger\\\/#primaryimage\"},\"thumbnailUrl\":\"http:\\\/\\\/bakh.de\\\/wdp\\\/wp-content\\\/uploads\\\/2016\\\/04\\\/arabella.jpg\",\"datePublished\":\"2016-04-26T19:20:32+00:00\",\"dateModified\":\"2016-06-05T15:18:38+00:00\",\"breadcrumb\":{\"@id\":\"https:\\\/\\\/bakh.de\\\/wdp\\\/gruener-daumen-oder-stinkefinger\\\/#breadcrumb\"},\"inLanguage\":\"de\",\"potentialAction\":[{\"@type\":\"ReadAction\",\"target\":[\"https:\\\/\\\/bakh.de\\\/wdp\\\/gruener-daumen-oder-stinkefinger\\\/\"]}]},{\"@type\":\"ImageObject\",\"inLanguage\":\"de\",\"@id\":\"https:\\\/\\\/bakh.de\\\/wdp\\\/gruener-daumen-oder-stinkefinger\\\/#primaryimage\",\"url\":\"https:\\\/\\\/bakh.de\\\/wdp\\\/wp-content\\\/uploads\\\/2016\\\/04\\\/arabella.jpg\",\"contentUrl\":\"https:\\\/\\\/bakh.de\\\/wdp\\\/wp-content\\\/uploads\\\/2016\\\/04\\\/arabella.jpg\",\"width\":339,\"height\":148},{\"@type\":\"BreadcrumbList\",\"@id\":\"https:\\\/\\\/bakh.de\\\/wdp\\\/gruener-daumen-oder-stinkefinger\\\/#breadcrumb\",\"itemListElement\":[{\"@type\":\"ListItem\",\"position\":1,\"name\":\"Startseite\",\"item\":\"https:\\\/\\\/bakh.de\\\/wdp\\\/\"},{\"@type\":\"ListItem\",\"position\":2,\"name\":\"Gr\u00fcner Daumen oder Stinkefinger?\"}]},{\"@type\":\"WebSite\",\"@id\":\"https:\\\/\\\/bakh.de\\\/wdp\\\/#website\",\"url\":\"https:\\\/\\\/bakh.de\\\/wdp\\\/\",\"name\":\"B\u00fcrgeraktion Korber H\u00f6he e. V.\",\"description\":\"\",\"publisher\":{\"@id\":\"https:\\\/\\\/bakh.de\\\/wdp\\\/#organization\"},\"potentialAction\":[{\"@type\":\"SearchAction\",\"target\":{\"@type\":\"EntryPoint\",\"urlTemplate\":\"https:\\\/\\\/bakh.de\\\/wdp\\\/?s={search_term_string}\"},\"query-input\":{\"@type\":\"PropertyValueSpecification\",\"valueRequired\":true,\"valueName\":\"search_term_string\"}}],\"inLanguage\":\"de\"},{\"@type\":\"Organization\",\"@id\":\"https:\\\/\\\/bakh.de\\\/wdp\\\/#organization\",\"name\":\"B\u00fcrgeraktion Korber H\u00f6he e. V.\",\"url\":\"https:\\\/\\\/bakh.de\\\/wdp\\\/\",\"logo\":{\"@type\":\"ImageObject\",\"inLanguage\":\"de\",\"@id\":\"https:\\\/\\\/bakh.de\\\/wdp\\\/#\\\/schema\\\/logo\\\/image\\\/\",\"url\":\"https:\\\/\\\/bakh.de\\\/wdp\\\/wp-content\\\/uploads\\\/2025\\\/11\\\/BAKH_Logo_4c_512.jpg\",\"contentUrl\":\"https:\\\/\\\/bakh.de\\\/wdp\\\/wp-content\\\/uploads\\\/2025\\\/11\\\/BAKH_Logo_4c_512.jpg\",\"width\":516,\"height\":518,\"caption\":\"B\u00fcrgeraktion Korber H\u00f6he e. V.\"},\"image\":{\"@id\":\"https:\\\/\\\/bakh.de\\\/wdp\\\/#\\\/schema\\\/logo\\\/image\\\/\"}},{\"@type\":\"Person\",\"@id\":\"https:\\\/\\\/bakh.de\\\/wdp\\\/#\\\/schema\\\/person\\\/75a1e296c1c53d3fbbc0a3c6104f6370\",\"name\":\"Uli\",\"image\":{\"@type\":\"ImageObject\",\"inLanguage\":\"de\",\"@id\":\"https:\\\/\\\/secure.gravatar.com\\\/avatar\\\/3b55f09e3908cc7190694de428627f99ad7fb1fd6ca4aa1f5a2c94110a7a2967?s=96&d=mm&r=g\",\"url\":\"https:\\\/\\\/secure.gravatar.com\\\/avatar\\\/3b55f09e3908cc7190694de428627f99ad7fb1fd6ca4aa1f5a2c94110a7a2967?s=96&d=mm&r=g\",\"contentUrl\":\"https:\\\/\\\/secure.gravatar.com\\\/avatar\\\/3b55f09e3908cc7190694de428627f99ad7fb1fd6ca4aa1f5a2c94110a7a2967?s=96&d=mm&r=g\",\"caption\":\"Uli\"},\"url\":\"https:\\\/\\\/bakh.de\\\/wdp\\\/author\\\/uli\\\/\"}]}<\/script>\n<!-- \/ Yoast SEO plugin. -->","yoast_head_json":{"title":"Gr\u00fcner Daumen oder Stinkefinger? - B\u00fcrgeraktion Korber H\u00f6he e. V.","robots":{"index":"index","follow":"follow","max-snippet":"max-snippet:-1","max-image-preview":"max-image-preview:large","max-video-preview":"max-video-preview:-1"},"canonical":"https:\/\/bakh.de\/wdp\/gruener-daumen-oder-stinkefinger\/","og_locale":"de_DE","og_type":"article","og_title":"Gr\u00fcner Daumen oder Stinkefinger? - B\u00fcrgeraktion Korber H\u00f6he e. V.","og_description":"Gemeinsam mit Baub\u00fcrgermeisterin Birgit Priebe wollen wir \u00fcber das geplante Hochhaus auf der Korber H\u00f6he II diskutieren. Frau Priebe wird \u00fcber den Beschluss des Gemeinderats, die geplante Gestaltung und die Ausschreibung berichten. Alle Bewohner der Korber H\u00f6he sind herzlich eingeladen im Korber-H\u00f6he-Treff im Mikrozentrum \u00fcber das geplante Bauvorhaben zu diskutieren.","og_url":"https:\/\/bakh.de\/wdp\/gruener-daumen-oder-stinkefinger\/","og_site_name":"B\u00fcrgeraktion Korber H\u00f6he e. V.","article_published_time":"2016-04-26T19:20:32+00:00","article_modified_time":"2016-06-05T15:18:38+00:00","og_image":[{"url":"http:\/\/bakh.de\/wdp\/wp-content\/uploads\/2016\/04\/arabella.jpg","type":"","width":"","height":""}],"author":"Uli","twitter_card":"summary_large_image","twitter_misc":{"Verfasst von":"Uli"},"schema":{"@context":"https:\/\/schema.org","@graph":[{"@type":"Article","@id":"https:\/\/bakh.de\/wdp\/gruener-daumen-oder-stinkefinger\/#article","isPartOf":{"@id":"https:\/\/bakh.de\/wdp\/gruener-daumen-oder-stinkefinger\/"},"author":{"name":"Uli","@id":"https:\/\/bakh.de\/wdp\/#\/schema\/person\/75a1e296c1c53d3fbbc0a3c6104f6370"},"headline":"Gr\u00fcner Daumen oder Stinkefinger?","datePublished":"2016-04-26T19:20:32+00:00","dateModified":"2016-06-05T15:18:38+00:00","mainEntityOfPage":{"@id":"https:\/\/bakh.de\/wdp\/gruener-daumen-oder-stinkefinger\/"},"wordCount":59,"publisher":{"@id":"https:\/\/bakh.de\/wdp\/#organization"},"image":{"@id":"https:\/\/bakh.de\/wdp\/gruener-daumen-oder-stinkefinger\/#primaryimage"},"thumbnailUrl":"http:\/\/bakh.de\/wdp\/wp-content\/uploads\/2016\/04\/arabella.jpg","articleSection":["Hochhaus","Termine"],"inLanguage":"de"},{"@type":"WebPage","@id":"https:\/\/bakh.de\/wdp\/gruener-daumen-oder-stinkefinger\/","url":"https:\/\/bakh.de\/wdp\/gruener-daumen-oder-stinkefinger\/","name":"Gr\u00fcner Daumen oder Stinkefinger? - B\u00fcrgeraktion Korber H\u00f6he e. V.","isPartOf":{"@id":"https:\/\/bakh.de\/wdp\/#website"},"primaryImageOfPage":{"@id":"https:\/\/bakh.de\/wdp\/gruener-daumen-oder-stinkefinger\/#primaryimage"},"image":{"@id":"https:\/\/bakh.de\/wdp\/gruener-daumen-oder-stinkefinger\/#primaryimage"},"thumbnailUrl":"http:\/\/bakh.de\/wdp\/wp-content\/uploads\/2016\/04\/arabella.jpg","datePublished":"2016-04-26T19:20:32+00:00","dateModified":"2016-06-05T15:18:38+00:00","breadcrumb":{"@id":"https:\/\/bakh.de\/wdp\/gruener-daumen-oder-stinkefinger\/#breadcrumb"},"inLanguage":"de","potentialAction":[{"@type":"ReadAction","target":["https:\/\/bakh.de\/wdp\/gruener-daumen-oder-stinkefinger\/"]}]},{"@type":"ImageObject","inLanguage":"de","@id":"https:\/\/bakh.de\/wdp\/gruener-daumen-oder-stinkefinger\/#primaryimage","url":"https:\/\/bakh.de\/wdp\/wp-content\/uploads\/2016\/04\/arabella.jpg","contentUrl":"https:\/\/bakh.de\/wdp\/wp-content\/uploads\/2016\/04\/arabella.jpg","width":339,"height":148},{"@type":"BreadcrumbList","@id":"https:\/\/bakh.de\/wdp\/gruener-daumen-oder-stinkefinger\/#breadcrumb","itemListElement":[{"@type":"ListItem","position":1,"name":"Startseite","item":"https:\/\/bakh.de\/wdp\/"},{"@type":"ListItem","position":2,"name":"Gr\u00fcner Daumen oder Stinkefinger?"}]},{"@type":"WebSite","@id":"https:\/\/bakh.de\/wdp\/#website","url":"https:\/\/bakh.de\/wdp\/","name":"B\u00fcrgeraktion Korber H\u00f6he e. V.","description":"","publisher":{"@id":"https:\/\/bakh.de\/wdp\/#organization"},"potentialAction":[{"@type":"SearchAction","target":{"@type":"EntryPoint","urlTemplate":"https:\/\/bakh.de\/wdp\/?s={search_term_string}"},"query-input":{"@type":"PropertyValueSpecification","valueRequired":true,"valueName":"search_term_string"}}],"inLanguage":"de"},{"@type":"Organization","@id":"https:\/\/bakh.de\/wdp\/#organization","name":"B\u00fcrgeraktion Korber H\u00f6he e. V.","url":"https:\/\/bakh.de\/wdp\/","logo":{"@type":"ImageObject","inLanguage":"de","@id":"https:\/\/bakh.de\/wdp\/#\/schema\/logo\/image\/","url":"https:\/\/bakh.de\/wdp\/wp-content\/uploads\/2025\/11\/BAKH_Logo_4c_512.jpg","contentUrl":"https:\/\/bakh.de\/wdp\/wp-content\/uploads\/2025\/11\/BAKH_Logo_4c_512.jpg","width":516,"height":518,"caption":"B\u00fcrgeraktion Korber H\u00f6he e. V."},"image":{"@id":"https:\/\/bakh.de\/wdp\/#\/schema\/logo\/image\/"}},{"@type":"Person","@id":"https:\/\/bakh.de\/wdp\/#\/schema\/person\/75a1e296c1c53d3fbbc0a3c6104f6370","name":"Uli","image":{"@type":"ImageObject","inLanguage":"de","@id":"https:\/\/secure.gravatar.com\/avatar\/3b55f09e3908cc7190694de428627f99ad7fb1fd6ca4aa1f5a2c94110a7a2967?s=96&d=mm&r=g","url":"https:\/\/secure.gravatar.com\/avatar\/3b55f09e3908cc7190694de428627f99ad7fb1fd6ca4aa1f5a2c94110a7a2967?s=96&d=mm&r=g","contentUrl":"https:\/\/secure.gravatar.com\/avatar\/3b55f09e3908cc7190694de428627f99ad7fb1fd6ca4aa1f5a2c94110a7a2967?s=96&d=mm&r=g","caption":"Uli"},"url":"https:\/\/bakh.de\/wdp\/author\/uli\/"}]}},"_links":{"self":[{"href":"https:\/\/bakh.de\/wdp\/wp-json\/wp\/v2\/posts\/3096","targetHints":{"allow":["GET"]}}],"collection":[{"href":"https:\/\/bakh.de\/wdp\/wp-json\/wp\/v2\/posts"}],"about":[{"href":"https:\/\/bakh.de\/wdp\/wp-json\/wp\/v2\/types\/post"}],"author":[{"embeddable":true,"href":"https:\/\/bakh.de\/wdp\/wp-json\/wp\/v2\/users\/3"}],"replies":[{"embeddable":true,"href":"https:\/\/bakh.de\/wdp\/wp-json\/wp\/v2\/comments?post=3096"}],"version-history":[{"count":4,"href":"https:\/\/bakh.de\/wdp\/wp-json\/wp\/v2\/posts\/3096\/revisions"}],"predecessor-version":[{"id":3103,"href":"https:\/\/bakh.de\/wdp\/wp-json\/wp\/v2\/posts\/3096\/revisions\/3103"}],"wp:attachment":[{"href":"https:\/\/bakh.de\/wdp\/wp-json\/wp\/v2\/media?parent=3096"}],"wp:term":[{"taxonomy":"category","embeddable":true,"href":"https:\/\/bakh.de\/wdp\/wp-json\/wp\/v2\/categories?post=3096"},{"taxonomy":"post_tag","embeddable":true,"href":"https:\/\/bakh.de\/wdp\/wp-json\/wp\/v2\/tags?post=3096"}],"curies":[{"name":"wp","href":"https:\/\/api.w.org\/{rel}","templated":true}]}}