{"id":2974,"date":"2016-03-10T19:00:55","date_gmt":"2016-03-10T19:00:55","guid":{"rendered":"http:\/\/bakh.de\/wdp\/?p=2974"},"modified":"2017-06-18T12:41:53","modified_gmt":"2017-06-18T12:41:53","slug":"altersgerecht-und-selbststaendig-wohnen","status":"publish","type":"post","link":"https:\/\/bakh.de\/wdp\/altersgerecht-und-selbststaendig-wohnen\/","title":{"rendered":"Altersgerecht und selbstst\u00e4ndig wohnen"},"content":{"rendered":"<p><a href=\"http:\/\/bakh.de\/wdp\/wp-content\/uploads\/2016\/02\/deike.jpg\" rel=\"attachment wp-att-2975\"><img loading=\"lazy\" decoding=\"async\" class=\"wp-image-2975 alignleft\" src=\"http:\/\/bakh.de\/wdp\/wp-content\/uploads\/2016\/02\/deike.jpg\" alt=\"R\u00fcdiger Deike\" width=\"132\" height=\"151\"><\/a>Gut 25 Interessierte waren am Donnerstag 10.3.2016 in den Korber-H\u00f6he-Treff zu der Veranstaltung &#8222;Wohnungsanpassung im Alter&#8220; gekommen. R\u00fcdiger Deike vom Stadtseniorenrat Waiblingen informierte \u00fcber M\u00f6glichkeiten zur Wohnungsanpassung im Alter. F\u00fcr viele Probleme konnte R\u00fcdiger Deike in seinem interessanten und kurzweiligen Vortrag praktische L\u00f6sungen und Hilfsm\u00f6glichkeiten darstellen.<br \/>\nDennoch ist es, wie Klaus Bulling in seinem Fazit anmerkte, am besten, man bleibt gesund, sonst gibt es nur Probleme.<!--more--><\/p>\n<p>R\u00fcdiger Deike, Architekt i. R., hat sich seit 2009 als ehrenamtlicher Wohnberater des Stadtseniorenrats Waiblingen mit dem Thema &#8222;Wohnen im Alter&#8220; auseinander gesetzt. Seine Erfahrungen und praktischen Umsetzungen stellte er im Vortrag anschaulich und mit vielen praktischen Beispiele dar.<\/p>\n<p>Wichtig ist die Beratungsm\u00f6glichkeiten zu nutzen. Eine kostenlose <a href=\"http:\/\/www.waiblingen.de\/de\/Die-Stadt\/Leben-in-Waiblingen\/%C3%96ffentlicher-Ort?view=publish&amp;item=publicLocation&amp;id=1374\" target=\"_blank\" rel=\"noopener\">Wohnberatung<\/a> f\u00fcr \u00e4ltere Mitb\u00fcrgerinnen und Mitb\u00fcrger bietet der Waiblinger Seniorenrat an. Ausk\u00fcnfte und Vermittlung erfolgen durch Holger Sk\u00f6ries, Tel 07151-5001371, Seniorenreferent der Stadt Waiblingen. Au\u00dferdem kann man sich an die <a href=\"http:\/\/www.rems-murr-kreis.de\/5402_DEU_WWW.php\" target=\"_blank\" rel=\"noopener\">Pflegeberatung<\/a> beim Rems-Murr-Kreis oder einen Pflegedienst wenden.<\/p>\n<p><a href=\"http:\/\/www.ksr-rems-murr.de\/service-plus\/\" target=\"_blank\" rel=\"noopener\">Service-Plus-Betriebe<\/a> sind geschulte und zertifizierte Betriebe aus Handwerk und Dienstleitung, die zus\u00e4tzlich zu ihrer Fachkompetenz eine Beratung im Hinblick auf die besonderen Anforderungen und Bed\u00fcrfnisse \u00e4lterer Menschen und Menschen mit k\u00f6rperlichen Einschr\u00e4nkungen anbieten.<\/p>\n<p><!-- default-view.php -->\n<div\n\tclass=\"ngg-galleryoverview default-view\n\t ngg-ajax-pagination-none\t\"\n\tid=\"ngg-gallery-0d3c11e155d09fbbe3c1ad0d1b12bbe5-1\"\n\tdata-nextgen-gallery-id=\"34\"\n\tdata-gallery-id=\"34\"\n\t\tdata-gallery-name=\"Wohnen im Alter\"\n\t>\n\n\t\t<!-- Thumbnails -->\n\t\t\t\t<div id=\"ngg-image-0\" class=\"ngg-gallery-thumbnail-box\n\t\t\t\t\t\t\t\t\t\t\t\"\n\t\t\t>\n\t\t\t\t\t\t<div class=\"ngg-gallery-thumbnail\">\n\t\t<a href=\"https:\/\/bakh.de\/wdp\/wp-content\/gallery\/wohnen-im-alter\/k-IMG_5717a.jpg?t=1497789719\"\n\t\t\ttitle=\"\"\n\t\t\tdata-src=\"https:\/\/bakh.de\/wdp\/wp-content\/gallery\/wohnen-im-alter\/k-IMG_5717a.jpg?t=1497789719\"\n\t\t\tdata-thumbnail=\"https:\/\/bakh.de\/wdp\/wp-content\/gallery\/wohnen-im-alter\/thumbs\/thumbs_k-IMG_5717a.jpg?t=1497789719\"\n\t\t\tdata-image-id=\"424\"\n\t\t\tdata-image-name=\"k-IMG_5717a.jpg\"\n\t\t\tdata-title=\"k-IMG_5717a\"\n\t\t\tdata-description=\"\"\n\t\t\tdata-image-slug=\"k-img_5717a\"\n\t\t\t\t\t\t\t\t\t\t\t\t\t\t\t\t\t\t\t\tclass=\"ngg-simplelightbox\" rel=\"0d3c11e155d09fbbe3c1ad0d1b12bbe5\">\n\t\t\t\t\t\t\t\t<img\n\t\t\t\t\ttitle=\"k-IMG_5717a\"\n\t\t\t\t\talt=\"k-IMG_5717a\"\n\t\t\t\t\tsrc=\"https:\/\/bakh.de\/wdp\/wp-content\/gallery\/wohnen-im-alter\/thumbs\/thumbs_k-IMG_5717a.jpg?t=1497789719\"\n\t\t\t\t\twidth=\"100\"\n\t\t\t\t\theight=\"75\"\n\t\t\t\t\tstyle=\"max-width:100%;\"\n\t\t\t\t\/>\n\t\t\t<\/a>\n\t\t<\/div>\n\t\t\t\t\t\t\t<\/div>\n\t\t\t\n\t\t\t\t<div id=\"ngg-image-1\" class=\"ngg-gallery-thumbnail-box\n\t\t\t\t\t\t\t\t\t\t\t\"\n\t\t\t>\n\t\t\t\t\t\t<div class=\"ngg-gallery-thumbnail\">\n\t\t<a href=\"https:\/\/bakh.de\/wdp\/wp-content\/gallery\/wohnen-im-alter\/k-IMG_5719a.jpg?t=1457873787\"\n\t\t\ttitle=\"\"\n\t\t\tdata-src=\"https:\/\/bakh.de\/wdp\/wp-content\/gallery\/wohnen-im-alter\/k-IMG_5719a.jpg?t=1457873787\"\n\t\t\tdata-thumbnail=\"https:\/\/bakh.de\/wdp\/wp-content\/gallery\/wohnen-im-alter\/thumbs\/thumbs_k-IMG_5719a.jpg?t=1457873787\"\n\t\t\tdata-image-id=\"425\"\n\t\t\tdata-image-name=\"k-IMG_5719a.jpg\"\n\t\t\tdata-title=\"k-IMG_5719a\"\n\t\t\tdata-description=\"\"\n\t\t\tdata-image-slug=\"k-img_5719a\"\n\t\t\t\t\t\t\t\t\t\t\t\t\t\t\t\t\t\t\t\tclass=\"ngg-simplelightbox\" rel=\"0d3c11e155d09fbbe3c1ad0d1b12bbe5\">\n\t\t\t\t\t\t\t\t<img\n\t\t\t\t\ttitle=\"k-IMG_5719a\"\n\t\t\t\t\talt=\"k-IMG_5719a\"\n\t\t\t\t\tsrc=\"https:\/\/bakh.de\/wdp\/wp-content\/gallery\/wohnen-im-alter\/thumbs\/thumbs_k-IMG_5719a.jpg?t=1457873787\"\n\t\t\t\t\twidth=\"100\"\n\t\t\t\t\theight=\"75\"\n\t\t\t\t\tstyle=\"max-width:100%;\"\n\t\t\t\t\/>\n\t\t\t<\/a>\n\t\t<\/div>\n\t\t\t\t\t\t\t<\/div>\n\t\t\t\n\t\t\t\t<div id=\"ngg-image-2\" class=\"ngg-gallery-thumbnail-box\n\t\t\t\t\t\t\t\t\t\t\t\"\n\t\t\t>\n\t\t\t\t\t\t<div class=\"ngg-gallery-thumbnail\">\n\t\t<a href=\"https:\/\/bakh.de\/wdp\/wp-content\/gallery\/wohnen-im-alter\/k-IMG_1189.JPG?t=1457873768\"\n\t\t\ttitle=\"\"\n\t\t\tdata-src=\"https:\/\/bakh.de\/wdp\/wp-content\/gallery\/wohnen-im-alter\/k-IMG_1189.JPG?t=1457873768\"\n\t\t\tdata-thumbnail=\"https:\/\/bakh.de\/wdp\/wp-content\/gallery\/wohnen-im-alter\/thumbs\/thumbs_k-IMG_1189.JPG?t=1457873768\"\n\t\t\tdata-image-id=\"423\"\n\t\t\tdata-image-name=\"k-IMG_1189.JPG\"\n\t\t\tdata-title=\"k-IMG_1189\"\n\t\t\tdata-description=\"\"\n\t\t\tdata-image-slug=\"k-img_1189\"\n\t\t\t\t\t\t\t\t\t\t\t\t\t\t\t\t\t\t\t\tclass=\"ngg-simplelightbox\" rel=\"0d3c11e155d09fbbe3c1ad0d1b12bbe5\">\n\t\t\t\t\t\t\t\t<img\n\t\t\t\t\ttitle=\"k-IMG_1189\"\n\t\t\t\t\talt=\"k-IMG_1189\"\n\t\t\t\t\tsrc=\"https:\/\/bakh.de\/wdp\/wp-content\/gallery\/wohnen-im-alter\/thumbs\/thumbs_k-IMG_1189.JPG?t=1457873768\"\n\t\t\t\t\twidth=\"100\"\n\t\t\t\t\theight=\"75\"\n\t\t\t\t\tstyle=\"max-width:100%;\"\n\t\t\t\t\/>\n\t\t\t<\/a>\n\t\t<\/div>\n\t\t\t\t\t\t\t<\/div>\n\t\t\t\n\t\t\t\t<div id=\"ngg-image-3\" class=\"ngg-gallery-thumbnail-box\n\t\t\t\t\t\t\t\t\t\t\t\"\n\t\t\t>\n\t\t\t\t\t\t<div class=\"ngg-gallery-thumbnail\">\n\t\t<a href=\"https:\/\/bakh.de\/wdp\/wp-content\/gallery\/wohnen-im-alter\/k-IMG_5720.JPG?t=1457873795\"\n\t\t\ttitle=\"\"\n\t\t\tdata-src=\"https:\/\/bakh.de\/wdp\/wp-content\/gallery\/wohnen-im-alter\/k-IMG_5720.JPG?t=1457873795\"\n\t\t\tdata-thumbnail=\"https:\/\/bakh.de\/wdp\/wp-content\/gallery\/wohnen-im-alter\/thumbs\/thumbs_k-IMG_5720.JPG?t=1457873795\"\n\t\t\tdata-image-id=\"426\"\n\t\t\tdata-image-name=\"k-IMG_5720.JPG\"\n\t\t\tdata-title=\"k-IMG_5720\"\n\t\t\tdata-description=\"\"\n\t\t\tdata-image-slug=\"k-img_5720\"\n\t\t\t\t\t\t\t\t\t\t\t\t\t\t\t\t\t\t\t\tclass=\"ngg-simplelightbox\" rel=\"0d3c11e155d09fbbe3c1ad0d1b12bbe5\">\n\t\t\t\t\t\t\t\t<img\n\t\t\t\t\ttitle=\"k-IMG_5720\"\n\t\t\t\t\talt=\"k-IMG_5720\"\n\t\t\t\t\tsrc=\"https:\/\/bakh.de\/wdp\/wp-content\/gallery\/wohnen-im-alter\/thumbs\/thumbs_k-IMG_5720.JPG?t=1457873795\"\n\t\t\t\t\twidth=\"100\"\n\t\t\t\t\theight=\"75\"\n\t\t\t\t\tstyle=\"max-width:100%;\"\n\t\t\t\t\/>\n\t\t\t<\/a>\n\t\t<\/div>\n\t\t\t\t\t\t\t<\/div>\n\t\t\t\n\t\t\t\t<div id=\"ngg-image-4\" class=\"ngg-gallery-thumbnail-box\n\t\t\t\t\t\t\t\t\t\t\t\"\n\t\t\t>\n\t\t\t\t\t\t<div class=\"ngg-gallery-thumbnail\">\n\t\t<a href=\"https:\/\/bakh.de\/wdp\/wp-content\/gallery\/wohnen-im-alter\/k-IMG_5722a.jpg?t=1457873804\"\n\t\t\ttitle=\"\"\n\t\t\tdata-src=\"https:\/\/bakh.de\/wdp\/wp-content\/gallery\/wohnen-im-alter\/k-IMG_5722a.jpg?t=1457873804\"\n\t\t\tdata-thumbnail=\"https:\/\/bakh.de\/wdp\/wp-content\/gallery\/wohnen-im-alter\/thumbs\/thumbs_k-IMG_5722a.jpg?t=1457873804\"\n\t\t\tdata-image-id=\"427\"\n\t\t\tdata-image-name=\"k-IMG_5722a.jpg\"\n\t\t\tdata-title=\"k-IMG_5722a\"\n\t\t\tdata-description=\"\"\n\t\t\tdata-image-slug=\"k-img_5722a\"\n\t\t\t\t\t\t\t\t\t\t\t\t\t\t\t\t\t\t\t\tclass=\"ngg-simplelightbox\" rel=\"0d3c11e155d09fbbe3c1ad0d1b12bbe5\">\n\t\t\t\t\t\t\t\t<img\n\t\t\t\t\ttitle=\"k-IMG_5722a\"\n\t\t\t\t\talt=\"k-IMG_5722a\"\n\t\t\t\t\tsrc=\"https:\/\/bakh.de\/wdp\/wp-content\/gallery\/wohnen-im-alter\/thumbs\/thumbs_k-IMG_5722a.jpg?t=1457873804\"\n\t\t\t\t\twidth=\"100\"\n\t\t\t\t\theight=\"75\"\n\t\t\t\t\tstyle=\"max-width:100%;\"\n\t\t\t\t\/>\n\t\t\t<\/a>\n\t\t<\/div>\n\t\t\t\t\t\t\t<\/div>\n\t\t\t\n\t\t\t\t<div id=\"ngg-image-5\" class=\"ngg-gallery-thumbnail-box\n\t\t\t\t\t\t\t\t\t\t\t\"\n\t\t\t>\n\t\t\t\t\t\t<div class=\"ngg-gallery-thumbnail\">\n\t\t<a href=\"https:\/\/bakh.de\/wdp\/wp-content\/gallery\/wohnen-im-alter\/k-IMG_5725.JPG?t=1457873813\"\n\t\t\ttitle=\"\"\n\t\t\tdata-src=\"https:\/\/bakh.de\/wdp\/wp-content\/gallery\/wohnen-im-alter\/k-IMG_5725.JPG?t=1457873813\"\n\t\t\tdata-thumbnail=\"https:\/\/bakh.de\/wdp\/wp-content\/gallery\/wohnen-im-alter\/thumbs\/thumbs_k-IMG_5725.JPG?t=1457873813\"\n\t\t\tdata-image-id=\"428\"\n\t\t\tdata-image-name=\"k-IMG_5725.JPG\"\n\t\t\tdata-title=\"k-IMG_5725\"\n\t\t\tdata-description=\"\"\n\t\t\tdata-image-slug=\"k-img_5725\"\n\t\t\t\t\t\t\t\t\t\t\t\t\t\t\t\t\t\t\t\tclass=\"ngg-simplelightbox\" rel=\"0d3c11e155d09fbbe3c1ad0d1b12bbe5\">\n\t\t\t\t\t\t\t\t<img\n\t\t\t\t\ttitle=\"k-IMG_5725\"\n\t\t\t\t\talt=\"k-IMG_5725\"\n\t\t\t\t\tsrc=\"https:\/\/bakh.de\/wdp\/wp-content\/gallery\/wohnen-im-alter\/thumbs\/thumbs_k-IMG_5725.JPG?t=1457873813\"\n\t\t\t\t\twidth=\"100\"\n\t\t\t\t\theight=\"75\"\n\t\t\t\t\tstyle=\"max-width:100%;\"\n\t\t\t\t\/>\n\t\t\t<\/a>\n\t\t<\/div>\n\t\t\t\t\t\t\t<\/div>\n\t\t\t\n\t\t\t\t<div id=\"ngg-image-6\" class=\"ngg-gallery-thumbnail-box\n\t\t\t\t\t\t\t\t\t\t\t\"\n\t\t\t>\n\t\t\t\t\t\t<div class=\"ngg-gallery-thumbnail\">\n\t\t<a href=\"https:\/\/bakh.de\/wdp\/wp-content\/gallery\/wohnen-im-alter\/k-IMG_5729a.jpg?t=1457873821\"\n\t\t\ttitle=\"\"\n\t\t\tdata-src=\"https:\/\/bakh.de\/wdp\/wp-content\/gallery\/wohnen-im-alter\/k-IMG_5729a.jpg?t=1457873821\"\n\t\t\tdata-thumbnail=\"https:\/\/bakh.de\/wdp\/wp-content\/gallery\/wohnen-im-alter\/thumbs\/thumbs_k-IMG_5729a.jpg?t=1457873821\"\n\t\t\tdata-image-id=\"429\"\n\t\t\tdata-image-name=\"k-IMG_5729a.jpg\"\n\t\t\tdata-title=\"k-IMG_5729a\"\n\t\t\tdata-description=\"\"\n\t\t\tdata-image-slug=\"k-img_5729a\"\n\t\t\t\t\t\t\t\t\t\t\t\t\t\t\t\t\t\t\t\tclass=\"ngg-simplelightbox\" rel=\"0d3c11e155d09fbbe3c1ad0d1b12bbe5\">\n\t\t\t\t\t\t\t\t<img\n\t\t\t\t\ttitle=\"k-IMG_5729a\"\n\t\t\t\t\talt=\"k-IMG_5729a\"\n\t\t\t\t\tsrc=\"https:\/\/bakh.de\/wdp\/wp-content\/gallery\/wohnen-im-alter\/thumbs\/thumbs_k-IMG_5729a.jpg?t=1457873821\"\n\t\t\t\t\twidth=\"100\"\n\t\t\t\t\theight=\"75\"\n\t\t\t\t\tstyle=\"max-width:100%;\"\n\t\t\t\t\/>\n\t\t\t<\/a>\n\t\t<\/div>\n\t\t\t\t\t\t\t<\/div>\n\t\t\t\n\t\t\t\t<div id=\"ngg-image-7\" class=\"ngg-gallery-thumbnail-box\n\t\t\t\t\t\t\t\t\t\t\t\"\n\t\t\t>\n\t\t\t\t\t\t<div class=\"ngg-gallery-thumbnail\">\n\t\t<a href=\"https:\/\/bakh.de\/wdp\/wp-content\/gallery\/wohnen-im-alter\/k-IMG_5730.JPG?t=1457873831\"\n\t\t\ttitle=\"\"\n\t\t\tdata-src=\"https:\/\/bakh.de\/wdp\/wp-content\/gallery\/wohnen-im-alter\/k-IMG_5730.JPG?t=1457873831\"\n\t\t\tdata-thumbnail=\"https:\/\/bakh.de\/wdp\/wp-content\/gallery\/wohnen-im-alter\/thumbs\/thumbs_k-IMG_5730.JPG?t=1457873831\"\n\t\t\tdata-image-id=\"430\"\n\t\t\tdata-image-name=\"k-IMG_5730.JPG\"\n\t\t\tdata-title=\"k-IMG_5730\"\n\t\t\tdata-description=\"\"\n\t\t\tdata-image-slug=\"k-img_5730\"\n\t\t\t\t\t\t\t\t\t\t\t\t\t\t\t\t\t\t\t\tclass=\"ngg-simplelightbox\" rel=\"0d3c11e155d09fbbe3c1ad0d1b12bbe5\">\n\t\t\t\t\t\t\t\t<img\n\t\t\t\t\ttitle=\"k-IMG_5730\"\n\t\t\t\t\talt=\"k-IMG_5730\"\n\t\t\t\t\tsrc=\"https:\/\/bakh.de\/wdp\/wp-content\/gallery\/wohnen-im-alter\/thumbs\/thumbs_k-IMG_5730.JPG?t=1457873831\"\n\t\t\t\t\twidth=\"100\"\n\t\t\t\t\theight=\"75\"\n\t\t\t\t\tstyle=\"max-width:100%;\"\n\t\t\t\t\/>\n\t\t\t<\/a>\n\t\t<\/div>\n\t\t\t\t\t\t\t<\/div>\n\t\t\t\n\t\n\t<br style=\"clear: both\" \/>\n\n\t\t<div class=\"slideshowlink\">\n\t\t<a href='https:\/\/bakh.de\/wdp\/altersgerecht-und-selbststaendig-wohnen\/nggallery\/slideshow'>[Zeige als Diashow]<\/a>\n\n\t<\/div>\n\t\n\t\t<!-- Pagination -->\n\t\t<div class='ngg-clear'><\/div>\t<\/div>\n<\/p>\n","protected":false},"excerpt":{"rendered":"<p>Gut 25 Interessierte waren am Donnerstag 10.3.2016 in den Korber-H\u00f6he-Treff zu der Veranstaltung &#8222;Wohnungsanpassung im Alter&#8220; gekommen. R\u00fcdiger Deike vom Stadtseniorenrat Waiblingen informierte \u00fcber M\u00f6glichkeiten zur Wohnungsanpassung im Alter. F\u00fcr viele Probleme konnte R\u00fcdiger Deike in seinem interessanten und kurzweiligen Vortrag praktische L\u00f6sungen und Hilfsm\u00f6glichkeiten darstellen. Dennoch ist es, wie Klaus Bulling in seinem Fazit [&hellip;]<\/p>\n","protected":false},"author":3,"featured_media":0,"comment_status":"closed","ping_status":"closed","sticky":false,"template":"","format":"standard","meta":{"ngg_post_thumbnail":0,"footnotes":""},"categories":[4],"tags":[],"class_list":["post-2974","post","type-post","status-publish","format-standard","hentry","category-aktuelles"],"yoast_head":"<!-- This site is optimized with the Yoast SEO plugin v27.5 - https:\/\/yoast.com\/product\/yoast-seo-wordpress\/ -->\n<title>Altersgerecht und selbstst\u00e4ndig wohnen - B\u00fcrgeraktion Korber H\u00f6he e. V.<\/title>\n<meta name=\"robots\" content=\"index, follow, max-snippet:-1, max-image-preview:large, max-video-preview:-1\" \/>\n<link rel=\"canonical\" href=\"https:\/\/bakh.de\/wdp\/altersgerecht-und-selbststaendig-wohnen\/\" \/>\n<meta property=\"og:locale\" content=\"de_DE\" \/>\n<meta property=\"og:type\" content=\"article\" \/>\n<meta property=\"og:title\" content=\"Altersgerecht und selbstst\u00e4ndig wohnen - B\u00fcrgeraktion Korber H\u00f6he e. V.\" \/>\n<meta property=\"og:description\" content=\"Gut 25 Interessierte waren am Donnerstag 10.3.2016 in den Korber-H\u00f6he-Treff zu der Veranstaltung &#8222;Wohnungsanpassung im Alter&#8220; gekommen. R\u00fcdiger Deike vom Stadtseniorenrat Waiblingen informierte \u00fcber M\u00f6glichkeiten zur Wohnungsanpassung im Alter. F\u00fcr viele Probleme konnte R\u00fcdiger Deike in seinem interessanten und kurzweiligen Vortrag praktische L\u00f6sungen und Hilfsm\u00f6glichkeiten darstellen. Dennoch ist es, wie Klaus Bulling in seinem Fazit [&hellip;]\" \/>\n<meta property=\"og:url\" content=\"https:\/\/bakh.de\/wdp\/altersgerecht-und-selbststaendig-wohnen\/\" \/>\n<meta property=\"og:site_name\" content=\"B\u00fcrgeraktion Korber H\u00f6he e. V.\" \/>\n<meta property=\"article:published_time\" content=\"2016-03-10T19:00:55+00:00\" \/>\n<meta property=\"article:modified_time\" content=\"2017-06-18T12:41:53+00:00\" \/>\n<meta property=\"og:image\" content=\"http:\/\/bakh.de\/wdp\/wp-content\/uploads\/2016\/02\/deike.jpg\" \/>\n<meta name=\"author\" content=\"Uli\" \/>\n<meta name=\"twitter:card\" content=\"summary_large_image\" \/>\n<meta name=\"twitter:label1\" content=\"Verfasst von\" \/>\n\t<meta name=\"twitter:data1\" content=\"Uli\" \/>\n\t<meta name=\"twitter:label2\" content=\"Gesch\u00e4tzte Lesezeit\" \/>\n\t<meta name=\"twitter:data2\" content=\"1\u00a0Minute\" \/>\n<script type=\"application\/ld+json\" class=\"yoast-schema-graph\">{\"@context\":\"https:\\\/\\\/schema.org\",\"@graph\":[{\"@type\":\"Article\",\"@id\":\"https:\\\/\\\/bakh.de\\\/wdp\\\/altersgerecht-und-selbststaendig-wohnen\\\/#article\",\"isPartOf\":{\"@id\":\"https:\\\/\\\/bakh.de\\\/wdp\\\/altersgerecht-und-selbststaendig-wohnen\\\/\"},\"author\":{\"name\":\"Uli\",\"@id\":\"https:\\\/\\\/bakh.de\\\/wdp\\\/#\\\/schema\\\/person\\\/75a1e296c1c53d3fbbc0a3c6104f6370\"},\"headline\":\"Altersgerecht und selbstst\u00e4ndig wohnen\",\"datePublished\":\"2016-03-10T19:00:55+00:00\",\"dateModified\":\"2017-06-18T12:41:53+00:00\",\"mainEntityOfPage\":{\"@id\":\"https:\\\/\\\/bakh.de\\\/wdp\\\/altersgerecht-und-selbststaendig-wohnen\\\/\"},\"wordCount\":204,\"publisher\":{\"@id\":\"https:\\\/\\\/bakh.de\\\/wdp\\\/#organization\"},\"image\":{\"@id\":\"https:\\\/\\\/bakh.de\\\/wdp\\\/altersgerecht-und-selbststaendig-wohnen\\\/#primaryimage\"},\"thumbnailUrl\":\"http:\\\/\\\/bakh.de\\\/wdp\\\/wp-content\\\/uploads\\\/2016\\\/02\\\/deike.jpg\",\"articleSection\":[\"Aktuelle Beitr\u00e4ge\"],\"inLanguage\":\"de\"},{\"@type\":\"WebPage\",\"@id\":\"https:\\\/\\\/bakh.de\\\/wdp\\\/altersgerecht-und-selbststaendig-wohnen\\\/\",\"url\":\"https:\\\/\\\/bakh.de\\\/wdp\\\/altersgerecht-und-selbststaendig-wohnen\\\/\",\"name\":\"Altersgerecht und selbstst\u00e4ndig wohnen - B\u00fcrgeraktion Korber H\u00f6he e. V.\",\"isPartOf\":{\"@id\":\"https:\\\/\\\/bakh.de\\\/wdp\\\/#website\"},\"primaryImageOfPage\":{\"@id\":\"https:\\\/\\\/bakh.de\\\/wdp\\\/altersgerecht-und-selbststaendig-wohnen\\\/#primaryimage\"},\"image\":{\"@id\":\"https:\\\/\\\/bakh.de\\\/wdp\\\/altersgerecht-und-selbststaendig-wohnen\\\/#primaryimage\"},\"thumbnailUrl\":\"http:\\\/\\\/bakh.de\\\/wdp\\\/wp-content\\\/uploads\\\/2016\\\/02\\\/deike.jpg\",\"datePublished\":\"2016-03-10T19:00:55+00:00\",\"dateModified\":\"2017-06-18T12:41:53+00:00\",\"breadcrumb\":{\"@id\":\"https:\\\/\\\/bakh.de\\\/wdp\\\/altersgerecht-und-selbststaendig-wohnen\\\/#breadcrumb\"},\"inLanguage\":\"de\",\"potentialAction\":[{\"@type\":\"ReadAction\",\"target\":[\"https:\\\/\\\/bakh.de\\\/wdp\\\/altersgerecht-und-selbststaendig-wohnen\\\/\"]}]},{\"@type\":\"ImageObject\",\"inLanguage\":\"de\",\"@id\":\"https:\\\/\\\/bakh.de\\\/wdp\\\/altersgerecht-und-selbststaendig-wohnen\\\/#primaryimage\",\"url\":\"https:\\\/\\\/bakh.de\\\/wdp\\\/wp-content\\\/uploads\\\/2016\\\/02\\\/deike.jpg\",\"contentUrl\":\"https:\\\/\\\/bakh.de\\\/wdp\\\/wp-content\\\/uploads\\\/2016\\\/02\\\/deike.jpg\",\"width\":180,\"height\":206},{\"@type\":\"BreadcrumbList\",\"@id\":\"https:\\\/\\\/bakh.de\\\/wdp\\\/altersgerecht-und-selbststaendig-wohnen\\\/#breadcrumb\",\"itemListElement\":[{\"@type\":\"ListItem\",\"position\":1,\"name\":\"Startseite\",\"item\":\"https:\\\/\\\/bakh.de\\\/wdp\\\/\"},{\"@type\":\"ListItem\",\"position\":2,\"name\":\"Altersgerecht und selbstst\u00e4ndig wohnen\"}]},{\"@type\":\"WebSite\",\"@id\":\"https:\\\/\\\/bakh.de\\\/wdp\\\/#website\",\"url\":\"https:\\\/\\\/bakh.de\\\/wdp\\\/\",\"name\":\"B\u00fcrgeraktion Korber H\u00f6he e. V.\",\"description\":\"\",\"publisher\":{\"@id\":\"https:\\\/\\\/bakh.de\\\/wdp\\\/#organization\"},\"potentialAction\":[{\"@type\":\"SearchAction\",\"target\":{\"@type\":\"EntryPoint\",\"urlTemplate\":\"https:\\\/\\\/bakh.de\\\/wdp\\\/?s={search_term_string}\"},\"query-input\":{\"@type\":\"PropertyValueSpecification\",\"valueRequired\":true,\"valueName\":\"search_term_string\"}}],\"inLanguage\":\"de\"},{\"@type\":\"Organization\",\"@id\":\"https:\\\/\\\/bakh.de\\\/wdp\\\/#organization\",\"name\":\"B\u00fcrgeraktion Korber H\u00f6he e. V.\",\"url\":\"https:\\\/\\\/bakh.de\\\/wdp\\\/\",\"logo\":{\"@type\":\"ImageObject\",\"inLanguage\":\"de\",\"@id\":\"https:\\\/\\\/bakh.de\\\/wdp\\\/#\\\/schema\\\/logo\\\/image\\\/\",\"url\":\"https:\\\/\\\/bakh.de\\\/wdp\\\/wp-content\\\/uploads\\\/2025\\\/11\\\/BAKH_Logo_4c_512.jpg\",\"contentUrl\":\"https:\\\/\\\/bakh.de\\\/wdp\\\/wp-content\\\/uploads\\\/2025\\\/11\\\/BAKH_Logo_4c_512.jpg\",\"width\":516,\"height\":518,\"caption\":\"B\u00fcrgeraktion Korber H\u00f6he e. V.\"},\"image\":{\"@id\":\"https:\\\/\\\/bakh.de\\\/wdp\\\/#\\\/schema\\\/logo\\\/image\\\/\"}},{\"@type\":\"Person\",\"@id\":\"https:\\\/\\\/bakh.de\\\/wdp\\\/#\\\/schema\\\/person\\\/75a1e296c1c53d3fbbc0a3c6104f6370\",\"name\":\"Uli\",\"image\":{\"@type\":\"ImageObject\",\"inLanguage\":\"de\",\"@id\":\"https:\\\/\\\/secure.gravatar.com\\\/avatar\\\/3b55f09e3908cc7190694de428627f99ad7fb1fd6ca4aa1f5a2c94110a7a2967?s=96&d=mm&r=g\",\"url\":\"https:\\\/\\\/secure.gravatar.com\\\/avatar\\\/3b55f09e3908cc7190694de428627f99ad7fb1fd6ca4aa1f5a2c94110a7a2967?s=96&d=mm&r=g\",\"contentUrl\":\"https:\\\/\\\/secure.gravatar.com\\\/avatar\\\/3b55f09e3908cc7190694de428627f99ad7fb1fd6ca4aa1f5a2c94110a7a2967?s=96&d=mm&r=g\",\"caption\":\"Uli\"},\"url\":\"https:\\\/\\\/bakh.de\\\/wdp\\\/author\\\/uli\\\/\"}]}<\/script>\n<!-- \/ Yoast SEO plugin. -->","yoast_head_json":{"title":"Altersgerecht und selbstst\u00e4ndig wohnen - B\u00fcrgeraktion Korber H\u00f6he e. V.","robots":{"index":"index","follow":"follow","max-snippet":"max-snippet:-1","max-image-preview":"max-image-preview:large","max-video-preview":"max-video-preview:-1"},"canonical":"https:\/\/bakh.de\/wdp\/altersgerecht-und-selbststaendig-wohnen\/","og_locale":"de_DE","og_type":"article","og_title":"Altersgerecht und selbstst\u00e4ndig wohnen - B\u00fcrgeraktion Korber H\u00f6he e. V.","og_description":"Gut 25 Interessierte waren am Donnerstag 10.3.2016 in den Korber-H\u00f6he-Treff zu der Veranstaltung &#8222;Wohnungsanpassung im Alter&#8220; gekommen. R\u00fcdiger Deike vom Stadtseniorenrat Waiblingen informierte \u00fcber M\u00f6glichkeiten zur Wohnungsanpassung im Alter. F\u00fcr viele Probleme konnte R\u00fcdiger Deike in seinem interessanten und kurzweiligen Vortrag praktische L\u00f6sungen und Hilfsm\u00f6glichkeiten darstellen. Dennoch ist es, wie Klaus Bulling in seinem Fazit [&hellip;]","og_url":"https:\/\/bakh.de\/wdp\/altersgerecht-und-selbststaendig-wohnen\/","og_site_name":"B\u00fcrgeraktion Korber H\u00f6he e. V.","article_published_time":"2016-03-10T19:00:55+00:00","article_modified_time":"2017-06-18T12:41:53+00:00","og_image":[{"url":"http:\/\/bakh.de\/wdp\/wp-content\/uploads\/2016\/02\/deike.jpg","type":"","width":"","height":""}],"author":"Uli","twitter_card":"summary_large_image","twitter_misc":{"Verfasst von":"Uli","Gesch\u00e4tzte Lesezeit":"1\u00a0Minute"},"schema":{"@context":"https:\/\/schema.org","@graph":[{"@type":"Article","@id":"https:\/\/bakh.de\/wdp\/altersgerecht-und-selbststaendig-wohnen\/#article","isPartOf":{"@id":"https:\/\/bakh.de\/wdp\/altersgerecht-und-selbststaendig-wohnen\/"},"author":{"name":"Uli","@id":"https:\/\/bakh.de\/wdp\/#\/schema\/person\/75a1e296c1c53d3fbbc0a3c6104f6370"},"headline":"Altersgerecht und selbstst\u00e4ndig wohnen","datePublished":"2016-03-10T19:00:55+00:00","dateModified":"2017-06-18T12:41:53+00:00","mainEntityOfPage":{"@id":"https:\/\/bakh.de\/wdp\/altersgerecht-und-selbststaendig-wohnen\/"},"wordCount":204,"publisher":{"@id":"https:\/\/bakh.de\/wdp\/#organization"},"image":{"@id":"https:\/\/bakh.de\/wdp\/altersgerecht-und-selbststaendig-wohnen\/#primaryimage"},"thumbnailUrl":"http:\/\/bakh.de\/wdp\/wp-content\/uploads\/2016\/02\/deike.jpg","articleSection":["Aktuelle Beitr\u00e4ge"],"inLanguage":"de"},{"@type":"WebPage","@id":"https:\/\/bakh.de\/wdp\/altersgerecht-und-selbststaendig-wohnen\/","url":"https:\/\/bakh.de\/wdp\/altersgerecht-und-selbststaendig-wohnen\/","name":"Altersgerecht und selbstst\u00e4ndig wohnen - B\u00fcrgeraktion Korber H\u00f6he e. V.","isPartOf":{"@id":"https:\/\/bakh.de\/wdp\/#website"},"primaryImageOfPage":{"@id":"https:\/\/bakh.de\/wdp\/altersgerecht-und-selbststaendig-wohnen\/#primaryimage"},"image":{"@id":"https:\/\/bakh.de\/wdp\/altersgerecht-und-selbststaendig-wohnen\/#primaryimage"},"thumbnailUrl":"http:\/\/bakh.de\/wdp\/wp-content\/uploads\/2016\/02\/deike.jpg","datePublished":"2016-03-10T19:00:55+00:00","dateModified":"2017-06-18T12:41:53+00:00","breadcrumb":{"@id":"https:\/\/bakh.de\/wdp\/altersgerecht-und-selbststaendig-wohnen\/#breadcrumb"},"inLanguage":"de","potentialAction":[{"@type":"ReadAction","target":["https:\/\/bakh.de\/wdp\/altersgerecht-und-selbststaendig-wohnen\/"]}]},{"@type":"ImageObject","inLanguage":"de","@id":"https:\/\/bakh.de\/wdp\/altersgerecht-und-selbststaendig-wohnen\/#primaryimage","url":"https:\/\/bakh.de\/wdp\/wp-content\/uploads\/2016\/02\/deike.jpg","contentUrl":"https:\/\/bakh.de\/wdp\/wp-content\/uploads\/2016\/02\/deike.jpg","width":180,"height":206},{"@type":"BreadcrumbList","@id":"https:\/\/bakh.de\/wdp\/altersgerecht-und-selbststaendig-wohnen\/#breadcrumb","itemListElement":[{"@type":"ListItem","position":1,"name":"Startseite","item":"https:\/\/bakh.de\/wdp\/"},{"@type":"ListItem","position":2,"name":"Altersgerecht und selbstst\u00e4ndig wohnen"}]},{"@type":"WebSite","@id":"https:\/\/bakh.de\/wdp\/#website","url":"https:\/\/bakh.de\/wdp\/","name":"B\u00fcrgeraktion Korber H\u00f6he e. V.","description":"","publisher":{"@id":"https:\/\/bakh.de\/wdp\/#organization"},"potentialAction":[{"@type":"SearchAction","target":{"@type":"EntryPoint","urlTemplate":"https:\/\/bakh.de\/wdp\/?s={search_term_string}"},"query-input":{"@type":"PropertyValueSpecification","valueRequired":true,"valueName":"search_term_string"}}],"inLanguage":"de"},{"@type":"Organization","@id":"https:\/\/bakh.de\/wdp\/#organization","name":"B\u00fcrgeraktion Korber H\u00f6he e. V.","url":"https:\/\/bakh.de\/wdp\/","logo":{"@type":"ImageObject","inLanguage":"de","@id":"https:\/\/bakh.de\/wdp\/#\/schema\/logo\/image\/","url":"https:\/\/bakh.de\/wdp\/wp-content\/uploads\/2025\/11\/BAKH_Logo_4c_512.jpg","contentUrl":"https:\/\/bakh.de\/wdp\/wp-content\/uploads\/2025\/11\/BAKH_Logo_4c_512.jpg","width":516,"height":518,"caption":"B\u00fcrgeraktion Korber H\u00f6he e. V."},"image":{"@id":"https:\/\/bakh.de\/wdp\/#\/schema\/logo\/image\/"}},{"@type":"Person","@id":"https:\/\/bakh.de\/wdp\/#\/schema\/person\/75a1e296c1c53d3fbbc0a3c6104f6370","name":"Uli","image":{"@type":"ImageObject","inLanguage":"de","@id":"https:\/\/secure.gravatar.com\/avatar\/3b55f09e3908cc7190694de428627f99ad7fb1fd6ca4aa1f5a2c94110a7a2967?s=96&d=mm&r=g","url":"https:\/\/secure.gravatar.com\/avatar\/3b55f09e3908cc7190694de428627f99ad7fb1fd6ca4aa1f5a2c94110a7a2967?s=96&d=mm&r=g","contentUrl":"https:\/\/secure.gravatar.com\/avatar\/3b55f09e3908cc7190694de428627f99ad7fb1fd6ca4aa1f5a2c94110a7a2967?s=96&d=mm&r=g","caption":"Uli"},"url":"https:\/\/bakh.de\/wdp\/author\/uli\/"}]}},"_links":{"self":[{"href":"https:\/\/bakh.de\/wdp\/wp-json\/wp\/v2\/posts\/2974","targetHints":{"allow":["GET"]}}],"collection":[{"href":"https:\/\/bakh.de\/wdp\/wp-json\/wp\/v2\/posts"}],"about":[{"href":"https:\/\/bakh.de\/wdp\/wp-json\/wp\/v2\/types\/post"}],"author":[{"embeddable":true,"href":"https:\/\/bakh.de\/wdp\/wp-json\/wp\/v2\/users\/3"}],"replies":[{"embeddable":true,"href":"https:\/\/bakh.de\/wdp\/wp-json\/wp\/v2\/comments?post=2974"}],"version-history":[{"count":13,"href":"https:\/\/bakh.de\/wdp\/wp-json\/wp\/v2\/posts\/2974\/revisions"}],"predecessor-version":[{"id":3603,"href":"https:\/\/bakh.de\/wdp\/wp-json\/wp\/v2\/posts\/2974\/revisions\/3603"}],"wp:attachment":[{"href":"https:\/\/bakh.de\/wdp\/wp-json\/wp\/v2\/media?parent=2974"}],"wp:term":[{"taxonomy":"category","embeddable":true,"href":"https:\/\/bakh.de\/wdp\/wp-json\/wp\/v2\/categories?post=2974"},{"taxonomy":"post_tag","embeddable":true,"href":"https:\/\/bakh.de\/wdp\/wp-json\/wp\/v2\/tags?post=2974"}],"curies":[{"name":"wp","href":"https:\/\/api.w.org\/{rel}","templated":true}]}}