{"id":2971,"date":"2016-02-08T19:30:38","date_gmt":"2016-02-08T19:30:38","guid":{"rendered":"http:\/\/bakh.de\/wdp\/?p=2971"},"modified":"2016-11-02T20:00:22","modified_gmt":"2016-11-02T20:00:22","slug":"energieabend","status":"publish","type":"post","link":"https:\/\/bakh.de\/wdp\/energieabend\/","title":{"rendered":"Energieabend"},"content":{"rendered":"<p style=\"text-align: left;\">Die <a href=\"http:\/\/www.energieagentur-remsmurr.de\/energieagentur-remsmurr.html\" target=\"_blank\">Energieagentur Rems-Murr<\/a> l\u00e4dt im Rahmen des Projekts &#8222;Energetische Quartiersentwicklung Korber H\u00f6he I&#8220; f\u00fcr Dienstag 8.11. zu einer <a href=\"http:\/\/www.eqerm.de\/index.html\" target=\"_blank\">Informationsveranstaltung<\/a> zum Thema Energiesparen ein.<!--more--><\/p>\n<ul>\n<li>Das Ingenieurb\u00fcro Frank wird \u00fcber das Thema \u201eFenstererneuerung\u201c referieren und dazu gerne Ihre Fragen beantworten. Was ist beim Fenstertausch zu beachten? Ist eine Dreifachverglasung sinnvoll? Wo entstehen W\u00e4rmebr\u00fccken? Sind zus\u00e4tzliche Ma\u00dfnahmen zur L\u00fcftung erforderlich?<\/li>\n<li>Im zweiten Teil der Veranstaltung wird Rolf Bartel, Leiter der Abteilung W\u00e4rme- und Energieerzeugung bei den Stadtwerken Waiblingen Ihnen den aktuellen Stand der Fernw\u00e4rmeversorgung auf der Korber H\u00f6he vorstellen und Ihnen aufzeigen, wie die Stadtwerke Waiblingen Sie unterst\u00fctzen.<\/li>\n<li>Am konkreten Beispiel wird der Sanierungsmanagerder Energieagentur Rems-Murr, Michael Schaaf, aufzeigen, wie durch F\u00f6rderungen eine energetische Sanierung finanziert werden kann. Insbesondere wird auf die F\u00f6rderprogramme der Stadt Waiblingen, L-Bank und KfW eingegangen.<\/li>\n<li>Nat\u00fcrlich k\u00f6nnen Sie sich auch unabh\u00e4ngig von diesem Termin \u00fcber die vielf\u00e4ltigen M\u00f6glichkeiten bei der energetische Sanierung Ihres Geb\u00e4udes informieren. Die Energieagentur Rems-Murr, bietet hierzu eine neutrale Erstberatung an<\/li>\n<\/ul>\n<p>&nbsp;<\/p>\n","protected":false},"excerpt":{"rendered":"<p>Die Energieagentur Rems-Murr l\u00e4dt im Rahmen des Projekts &#8222;Energetische Quartiersentwicklung Korber H\u00f6he I&#8220; f\u00fcr Dienstag 8.11. zu einer Informationsveranstaltung zum Thema Energiesparen ein.<\/p>\n","protected":false},"author":3,"featured_media":0,"comment_status":"closed","ping_status":"closed","sticky":false,"template":"","format":"standard","meta":{"ngg_post_thumbnail":0,"footnotes":""},"categories":[6],"tags":[],"class_list":["post-2971","post","type-post","status-publish","format-standard","hentry","category-termine"],"yoast_head":"<!-- This site is optimized with the Yoast SEO plugin v27.5 - https:\/\/yoast.com\/product\/yoast-seo-wordpress\/ -->\n<title>Energieabend - B\u00fcrgeraktion Korber H\u00f6he e. V.<\/title>\n<meta name=\"robots\" content=\"index, follow, max-snippet:-1, max-image-preview:large, max-video-preview:-1\" \/>\n<link rel=\"canonical\" href=\"https:\/\/bakh.de\/wdp\/energieabend\/\" \/>\n<meta property=\"og:locale\" content=\"de_DE\" \/>\n<meta property=\"og:type\" content=\"article\" \/>\n<meta property=\"og:title\" content=\"Energieabend - B\u00fcrgeraktion Korber H\u00f6he e. V.\" \/>\n<meta property=\"og:description\" content=\"Die Energieagentur Rems-Murr l\u00e4dt im Rahmen des Projekts &#8222;Energetische Quartiersentwicklung Korber H\u00f6he I&#8220; f\u00fcr Dienstag 8.11. zu einer Informationsveranstaltung zum Thema Energiesparen ein.\" \/>\n<meta property=\"og:url\" content=\"https:\/\/bakh.de\/wdp\/energieabend\/\" \/>\n<meta property=\"og:site_name\" content=\"B\u00fcrgeraktion Korber H\u00f6he e. V.\" \/>\n<meta property=\"article:published_time\" content=\"2016-02-08T19:30:38+00:00\" \/>\n<meta property=\"article:modified_time\" content=\"2016-11-02T20:00:22+00:00\" \/>\n<meta property=\"og:image\" content=\"https:\/\/bakh.de\/wdp\/wp-content\/uploads\/2025\/11\/BAKH_Logo_4c_512.jpg\" \/>\n\t<meta property=\"og:image:width\" content=\"516\" \/>\n\t<meta property=\"og:image:height\" content=\"518\" \/>\n\t<meta property=\"og:image:type\" content=\"image\/jpeg\" \/>\n<meta name=\"author\" content=\"Uli\" \/>\n<meta name=\"twitter:card\" content=\"summary_large_image\" \/>\n<meta name=\"twitter:label1\" content=\"Verfasst von\" \/>\n\t<meta name=\"twitter:data1\" content=\"Uli\" \/>\n\t<meta name=\"twitter:label2\" content=\"Gesch\u00e4tzte Lesezeit\" \/>\n\t<meta name=\"twitter:data2\" content=\"1\u00a0Minute\" \/>\n<script type=\"application\/ld+json\" class=\"yoast-schema-graph\">{\"@context\":\"https:\\\/\\\/schema.org\",\"@graph\":[{\"@type\":\"Article\",\"@id\":\"https:\\\/\\\/bakh.de\\\/wdp\\\/energieabend\\\/#article\",\"isPartOf\":{\"@id\":\"https:\\\/\\\/bakh.de\\\/wdp\\\/energieabend\\\/\"},\"author\":{\"name\":\"Uli\",\"@id\":\"https:\\\/\\\/bakh.de\\\/wdp\\\/#\\\/schema\\\/person\\\/75a1e296c1c53d3fbbc0a3c6104f6370\"},\"headline\":\"Energieabend\",\"datePublished\":\"2016-02-08T19:30:38+00:00\",\"dateModified\":\"2016-11-02T20:00:22+00:00\",\"mainEntityOfPage\":{\"@id\":\"https:\\\/\\\/bakh.de\\\/wdp\\\/energieabend\\\/\"},\"wordCount\":178,\"publisher\":{\"@id\":\"https:\\\/\\\/bakh.de\\\/wdp\\\/#organization\"},\"articleSection\":[\"Termine\"],\"inLanguage\":\"de\"},{\"@type\":\"WebPage\",\"@id\":\"https:\\\/\\\/bakh.de\\\/wdp\\\/energieabend\\\/\",\"url\":\"https:\\\/\\\/bakh.de\\\/wdp\\\/energieabend\\\/\",\"name\":\"Energieabend - B\u00fcrgeraktion Korber H\u00f6he e. V.\",\"isPartOf\":{\"@id\":\"https:\\\/\\\/bakh.de\\\/wdp\\\/#website\"},\"datePublished\":\"2016-02-08T19:30:38+00:00\",\"dateModified\":\"2016-11-02T20:00:22+00:00\",\"breadcrumb\":{\"@id\":\"https:\\\/\\\/bakh.de\\\/wdp\\\/energieabend\\\/#breadcrumb\"},\"inLanguage\":\"de\",\"potentialAction\":[{\"@type\":\"ReadAction\",\"target\":[\"https:\\\/\\\/bakh.de\\\/wdp\\\/energieabend\\\/\"]}]},{\"@type\":\"BreadcrumbList\",\"@id\":\"https:\\\/\\\/bakh.de\\\/wdp\\\/energieabend\\\/#breadcrumb\",\"itemListElement\":[{\"@type\":\"ListItem\",\"position\":1,\"name\":\"Startseite\",\"item\":\"https:\\\/\\\/bakh.de\\\/wdp\\\/\"},{\"@type\":\"ListItem\",\"position\":2,\"name\":\"Energieabend\"}]},{\"@type\":\"WebSite\",\"@id\":\"https:\\\/\\\/bakh.de\\\/wdp\\\/#website\",\"url\":\"https:\\\/\\\/bakh.de\\\/wdp\\\/\",\"name\":\"B\u00fcrgeraktion Korber H\u00f6he e. V.\",\"description\":\"\",\"publisher\":{\"@id\":\"https:\\\/\\\/bakh.de\\\/wdp\\\/#organization\"},\"potentialAction\":[{\"@type\":\"SearchAction\",\"target\":{\"@type\":\"EntryPoint\",\"urlTemplate\":\"https:\\\/\\\/bakh.de\\\/wdp\\\/?s={search_term_string}\"},\"query-input\":{\"@type\":\"PropertyValueSpecification\",\"valueRequired\":true,\"valueName\":\"search_term_string\"}}],\"inLanguage\":\"de\"},{\"@type\":\"Organization\",\"@id\":\"https:\\\/\\\/bakh.de\\\/wdp\\\/#organization\",\"name\":\"B\u00fcrgeraktion Korber H\u00f6he e. V.\",\"url\":\"https:\\\/\\\/bakh.de\\\/wdp\\\/\",\"logo\":{\"@type\":\"ImageObject\",\"inLanguage\":\"de\",\"@id\":\"https:\\\/\\\/bakh.de\\\/wdp\\\/#\\\/schema\\\/logo\\\/image\\\/\",\"url\":\"https:\\\/\\\/bakh.de\\\/wdp\\\/wp-content\\\/uploads\\\/2025\\\/11\\\/BAKH_Logo_4c_512.jpg\",\"contentUrl\":\"https:\\\/\\\/bakh.de\\\/wdp\\\/wp-content\\\/uploads\\\/2025\\\/11\\\/BAKH_Logo_4c_512.jpg\",\"width\":516,\"height\":518,\"caption\":\"B\u00fcrgeraktion Korber H\u00f6he e. V.\"},\"image\":{\"@id\":\"https:\\\/\\\/bakh.de\\\/wdp\\\/#\\\/schema\\\/logo\\\/image\\\/\"}},{\"@type\":\"Person\",\"@id\":\"https:\\\/\\\/bakh.de\\\/wdp\\\/#\\\/schema\\\/person\\\/75a1e296c1c53d3fbbc0a3c6104f6370\",\"name\":\"Uli\",\"image\":{\"@type\":\"ImageObject\",\"inLanguage\":\"de\",\"@id\":\"https:\\\/\\\/secure.gravatar.com\\\/avatar\\\/3b55f09e3908cc7190694de428627f99ad7fb1fd6ca4aa1f5a2c94110a7a2967?s=96&d=mm&r=g\",\"url\":\"https:\\\/\\\/secure.gravatar.com\\\/avatar\\\/3b55f09e3908cc7190694de428627f99ad7fb1fd6ca4aa1f5a2c94110a7a2967?s=96&d=mm&r=g\",\"contentUrl\":\"https:\\\/\\\/secure.gravatar.com\\\/avatar\\\/3b55f09e3908cc7190694de428627f99ad7fb1fd6ca4aa1f5a2c94110a7a2967?s=96&d=mm&r=g\",\"caption\":\"Uli\"},\"url\":\"https:\\\/\\\/bakh.de\\\/wdp\\\/author\\\/uli\\\/\"}]}<\/script>\n<!-- \/ Yoast SEO plugin. -->","yoast_head_json":{"title":"Energieabend - B\u00fcrgeraktion Korber H\u00f6he e. V.","robots":{"index":"index","follow":"follow","max-snippet":"max-snippet:-1","max-image-preview":"max-image-preview:large","max-video-preview":"max-video-preview:-1"},"canonical":"https:\/\/bakh.de\/wdp\/energieabend\/","og_locale":"de_DE","og_type":"article","og_title":"Energieabend - B\u00fcrgeraktion Korber H\u00f6he e. V.","og_description":"Die Energieagentur Rems-Murr l\u00e4dt im Rahmen des Projekts &#8222;Energetische Quartiersentwicklung Korber H\u00f6he I&#8220; f\u00fcr Dienstag 8.11. zu einer Informationsveranstaltung zum Thema Energiesparen ein.","og_url":"https:\/\/bakh.de\/wdp\/energieabend\/","og_site_name":"B\u00fcrgeraktion Korber H\u00f6he e. V.","article_published_time":"2016-02-08T19:30:38+00:00","article_modified_time":"2016-11-02T20:00:22+00:00","og_image":[{"width":516,"height":518,"url":"https:\/\/bakh.de\/wdp\/wp-content\/uploads\/2025\/11\/BAKH_Logo_4c_512.jpg","type":"image\/jpeg"}],"author":"Uli","twitter_card":"summary_large_image","twitter_misc":{"Verfasst von":"Uli","Gesch\u00e4tzte Lesezeit":"1\u00a0Minute"},"schema":{"@context":"https:\/\/schema.org","@graph":[{"@type":"Article","@id":"https:\/\/bakh.de\/wdp\/energieabend\/#article","isPartOf":{"@id":"https:\/\/bakh.de\/wdp\/energieabend\/"},"author":{"name":"Uli","@id":"https:\/\/bakh.de\/wdp\/#\/schema\/person\/75a1e296c1c53d3fbbc0a3c6104f6370"},"headline":"Energieabend","datePublished":"2016-02-08T19:30:38+00:00","dateModified":"2016-11-02T20:00:22+00:00","mainEntityOfPage":{"@id":"https:\/\/bakh.de\/wdp\/energieabend\/"},"wordCount":178,"publisher":{"@id":"https:\/\/bakh.de\/wdp\/#organization"},"articleSection":["Termine"],"inLanguage":"de"},{"@type":"WebPage","@id":"https:\/\/bakh.de\/wdp\/energieabend\/","url":"https:\/\/bakh.de\/wdp\/energieabend\/","name":"Energieabend - B\u00fcrgeraktion Korber H\u00f6he e. V.","isPartOf":{"@id":"https:\/\/bakh.de\/wdp\/#website"},"datePublished":"2016-02-08T19:30:38+00:00","dateModified":"2016-11-02T20:00:22+00:00","breadcrumb":{"@id":"https:\/\/bakh.de\/wdp\/energieabend\/#breadcrumb"},"inLanguage":"de","potentialAction":[{"@type":"ReadAction","target":["https:\/\/bakh.de\/wdp\/energieabend\/"]}]},{"@type":"BreadcrumbList","@id":"https:\/\/bakh.de\/wdp\/energieabend\/#breadcrumb","itemListElement":[{"@type":"ListItem","position":1,"name":"Startseite","item":"https:\/\/bakh.de\/wdp\/"},{"@type":"ListItem","position":2,"name":"Energieabend"}]},{"@type":"WebSite","@id":"https:\/\/bakh.de\/wdp\/#website","url":"https:\/\/bakh.de\/wdp\/","name":"B\u00fcrgeraktion Korber H\u00f6he e. V.","description":"","publisher":{"@id":"https:\/\/bakh.de\/wdp\/#organization"},"potentialAction":[{"@type":"SearchAction","target":{"@type":"EntryPoint","urlTemplate":"https:\/\/bakh.de\/wdp\/?s={search_term_string}"},"query-input":{"@type":"PropertyValueSpecification","valueRequired":true,"valueName":"search_term_string"}}],"inLanguage":"de"},{"@type":"Organization","@id":"https:\/\/bakh.de\/wdp\/#organization","name":"B\u00fcrgeraktion Korber H\u00f6he e. V.","url":"https:\/\/bakh.de\/wdp\/","logo":{"@type":"ImageObject","inLanguage":"de","@id":"https:\/\/bakh.de\/wdp\/#\/schema\/logo\/image\/","url":"https:\/\/bakh.de\/wdp\/wp-content\/uploads\/2025\/11\/BAKH_Logo_4c_512.jpg","contentUrl":"https:\/\/bakh.de\/wdp\/wp-content\/uploads\/2025\/11\/BAKH_Logo_4c_512.jpg","width":516,"height":518,"caption":"B\u00fcrgeraktion Korber H\u00f6he e. V."},"image":{"@id":"https:\/\/bakh.de\/wdp\/#\/schema\/logo\/image\/"}},{"@type":"Person","@id":"https:\/\/bakh.de\/wdp\/#\/schema\/person\/75a1e296c1c53d3fbbc0a3c6104f6370","name":"Uli","image":{"@type":"ImageObject","inLanguage":"de","@id":"https:\/\/secure.gravatar.com\/avatar\/3b55f09e3908cc7190694de428627f99ad7fb1fd6ca4aa1f5a2c94110a7a2967?s=96&d=mm&r=g","url":"https:\/\/secure.gravatar.com\/avatar\/3b55f09e3908cc7190694de428627f99ad7fb1fd6ca4aa1f5a2c94110a7a2967?s=96&d=mm&r=g","contentUrl":"https:\/\/secure.gravatar.com\/avatar\/3b55f09e3908cc7190694de428627f99ad7fb1fd6ca4aa1f5a2c94110a7a2967?s=96&d=mm&r=g","caption":"Uli"},"url":"https:\/\/bakh.de\/wdp\/author\/uli\/"}]}},"_links":{"self":[{"href":"https:\/\/bakh.de\/wdp\/wp-json\/wp\/v2\/posts\/2971","targetHints":{"allow":["GET"]}}],"collection":[{"href":"https:\/\/bakh.de\/wdp\/wp-json\/wp\/v2\/posts"}],"about":[{"href":"https:\/\/bakh.de\/wdp\/wp-json\/wp\/v2\/types\/post"}],"author":[{"embeddable":true,"href":"https:\/\/bakh.de\/wdp\/wp-json\/wp\/v2\/users\/3"}],"replies":[{"embeddable":true,"href":"https:\/\/bakh.de\/wdp\/wp-json\/wp\/v2\/comments?post=2971"}],"version-history":[{"count":6,"href":"https:\/\/bakh.de\/wdp\/wp-json\/wp\/v2\/posts\/2971\/revisions"}],"predecessor-version":[{"id":3287,"href":"https:\/\/bakh.de\/wdp\/wp-json\/wp\/v2\/posts\/2971\/revisions\/3287"}],"wp:attachment":[{"href":"https:\/\/bakh.de\/wdp\/wp-json\/wp\/v2\/media?parent=2971"}],"wp:term":[{"taxonomy":"category","embeddable":true,"href":"https:\/\/bakh.de\/wdp\/wp-json\/wp\/v2\/categories?post=2971"},{"taxonomy":"post_tag","embeddable":true,"href":"https:\/\/bakh.de\/wdp\/wp-json\/wp\/v2\/tags?post=2971"}],"curies":[{"name":"wp","href":"https:\/\/api.w.org\/{rel}","templated":true}]}}