{"id":2943,"date":"2016-01-16T20:37:42","date_gmt":"2016-01-16T20:37:42","guid":{"rendered":"http:\/\/bakh.de\/wdp\/?p=2943"},"modified":"2016-06-05T15:19:10","modified_gmt":"2016-06-05T15:19:10","slug":"hochhaus-korber-hoehe-ii","status":"publish","type":"post","link":"https:\/\/bakh.de\/wdp\/hochhaus-korber-hoehe-ii\/","title":{"rendered":"Hochhaus Korber H\u00f6he II ?"},"content":{"rendered":"<div data-canvas-width=\"111.75999999999999\"><a href=\"http:\/\/bakh.de\/wdp\/wp-content\/uploads\/2016\/01\/bosco3.jpg\" rel=\"attachment wp-att-2944\"><img loading=\"lazy\" decoding=\"async\" class=\"wp-image-2944 alignright\" src=\"http:\/\/bakh.de\/wdp\/wp-content\/uploads\/2016\/01\/bosco3.jpg\" alt=\"bosco3\" width=\"144\" height=\"197\" \/><\/a>In der <a href=\"http:\/\/www.waiblingen.de\/de\/Das-Rathaus\/Kommunalpolitik\/Sitzungen\/Sitzung?view=publish&amp;item=eventDate&amp;id=3889\" target=\"_blank\">Sitzung des Ausschusses f\u00fcr Planung, Technik und Umwelt<\/a> der Stadt Waiblingen wurde am Dienstag 19.1. das Thema Hochhaus auf der Korber H\u00f6he II diskutiert. Der Gemeinderat hat in seiner Sitzung am Mittwoch 27.1. zugestimmt und die Ausschreibung des Grundst\u00fccks empfohlen.<\/div>\n<p><!--more--><\/p>\n<div data-canvas-width=\"111.75999999999999\">Auf dem st\u00e4dtischen Grundst\u00fcck beim Blockheizkraftwerk ist im Bebaungsplan Korber H\u00f6he II ein Hochhaus mit der H\u00f6he von 56m und 18 Stockwerken vorgesehen. Die Verwaltung schl\u00e4gt vor, dieses st\u00e4dtische Grundst\u00fcck f\u00fcr eine Wohnbebauung mit der Ma\u00dfgabe auszuschreiben, ein \u201eGr\u00fcnes Hochhaus\u201c nach den Beispielen \u201eBosco Verticale Mailand\/ Arabellapark M\u00fcnchen\u201c zu entwickeln und umzusetzen. Die Vorlage f\u00fcr die Sitzung finden Sie auf der <a href=\"https:\/\/risweb.waiblingen.de\/ratsinfo\/waiblingen\/Proposal.html?select=3198\" target=\"_blank\">Homepage der Stadt Waiblingen<\/a>.<\/div>\n<div data-canvas-width=\"111.75999999999999\"><\/div>\n<div data-canvas-width=\"111.75999999999999\">Noch wird nicht gebaut, zun\u00e4chst soll die Ausschreibung beschlossen werden, ob sich ein Bautr\u00e4ger finden wird, bleibt abzuwarten.<\/div>\n<div data-canvas-width=\"111.75999999999999\"><\/div>\n<div data-canvas-width=\"111.75999999999999\">Auf alle F\u00e4lle gibt es viele Fragen zu diskutieren:<\/div>\n<ul>\n<li data-canvas-width=\"111.75999999999999\">Passt so ein Hochhaus-Turm auf die Korber H\u00f6he?<\/li>\n<li data-canvas-width=\"111.75999999999999\">Wie sieht es mit der Erschlie\u00dfung und der Parkplatzsituation aus?<\/li>\n<li data-canvas-width=\"111.75999999999999\">Wieso sieht die Stadt keine Erschlie\u00dfung von der Korber Stra\u00dfe aus vor?<\/li>\n<li data-canvas-width=\"111.75999999999999\">Wie ist die enorme L\u00e4rmbelastung des Hochhauses durch die B14 zu bewerten?<\/li>\n<li data-canvas-width=\"111.75999999999999\">Ist der Turm wirklich \u00f6kologisch oder sieht er nur nach Natur aus?<\/li>\n<li data-canvas-width=\"111.75999999999999\">Ist gew\u00e4hrleistet, dass der Bautr\u00e4ger die &#8222;sch\u00f6nen&#8220; Vorlagen auch wirklich umsetzt?<\/li>\n<li data-canvas-width=\"111.75999999999999\">&#8230;<\/li>\n<\/ul>\n<div data-canvas-width=\"111.75999999999999\"><\/div>\n","protected":false},"excerpt":{"rendered":"<p>In der Sitzung des Ausschusses f\u00fcr Planung, Technik und Umwelt der Stadt Waiblingen wurde am Dienstag 19.1. das Thema Hochhaus auf der Korber H\u00f6he II diskutiert. Der Gemeinderat hat in seiner Sitzung am Mittwoch 27.1. zugestimmt und die Ausschreibung des Grundst\u00fccks empfohlen.<\/p>\n","protected":false},"author":3,"featured_media":0,"comment_status":"closed","ping_status":"closed","sticky":false,"template":"","format":"standard","meta":{"ngg_post_thumbnail":0,"footnotes":""},"categories":[17,6],"tags":[],"class_list":["post-2943","post","type-post","status-publish","format-standard","hentry","category-hochhaus-korber-hoehe-ii","category-termine"],"yoast_head":"<!-- This site is optimized with the Yoast SEO plugin v27.5 - https:\/\/yoast.com\/product\/yoast-seo-wordpress\/ -->\n<title>Hochhaus Korber H\u00f6he II ? - B\u00fcrgeraktion Korber H\u00f6he e. V.<\/title>\n<meta name=\"robots\" content=\"index, follow, max-snippet:-1, max-image-preview:large, max-video-preview:-1\" \/>\n<link rel=\"canonical\" href=\"https:\/\/bakh.de\/wdp\/hochhaus-korber-hoehe-ii\/\" \/>\n<meta property=\"og:locale\" content=\"de_DE\" \/>\n<meta property=\"og:type\" content=\"article\" \/>\n<meta property=\"og:title\" content=\"Hochhaus Korber H\u00f6he II ? - B\u00fcrgeraktion Korber H\u00f6he e. V.\" \/>\n<meta property=\"og:description\" content=\"In der Sitzung des Ausschusses f\u00fcr Planung, Technik und Umwelt der Stadt Waiblingen wurde am Dienstag 19.1. das Thema Hochhaus auf der Korber H\u00f6he II diskutiert. Der Gemeinderat hat in seiner Sitzung am Mittwoch 27.1. zugestimmt und die Ausschreibung des Grundst\u00fccks empfohlen.\" \/>\n<meta property=\"og:url\" content=\"https:\/\/bakh.de\/wdp\/hochhaus-korber-hoehe-ii\/\" \/>\n<meta property=\"og:site_name\" content=\"B\u00fcrgeraktion Korber H\u00f6he e. V.\" \/>\n<meta property=\"article:published_time\" content=\"2016-01-16T20:37:42+00:00\" \/>\n<meta property=\"article:modified_time\" content=\"2016-06-05T15:19:10+00:00\" \/>\n<meta property=\"og:image\" content=\"http:\/\/bakh.de\/wdp\/wp-content\/uploads\/2016\/01\/bosco3.jpg\" \/>\n<meta name=\"author\" content=\"Uli\" \/>\n<meta name=\"twitter:card\" content=\"summary_large_image\" \/>\n<meta name=\"twitter:label1\" content=\"Verfasst von\" \/>\n\t<meta name=\"twitter:data1\" content=\"Uli\" \/>\n\t<meta name=\"twitter:label2\" content=\"Gesch\u00e4tzte Lesezeit\" \/>\n\t<meta name=\"twitter:data2\" content=\"1\u00a0Minute\" \/>\n<script type=\"application\/ld+json\" class=\"yoast-schema-graph\">{\"@context\":\"https:\\\/\\\/schema.org\",\"@graph\":[{\"@type\":\"Article\",\"@id\":\"https:\\\/\\\/bakh.de\\\/wdp\\\/hochhaus-korber-hoehe-ii\\\/#article\",\"isPartOf\":{\"@id\":\"https:\\\/\\\/bakh.de\\\/wdp\\\/hochhaus-korber-hoehe-ii\\\/\"},\"author\":{\"name\":\"Uli\",\"@id\":\"https:\\\/\\\/bakh.de\\\/wdp\\\/#\\\/schema\\\/person\\\/75a1e296c1c53d3fbbc0a3c6104f6370\"},\"headline\":\"Hochhaus Korber H\u00f6he II ?\",\"datePublished\":\"2016-01-16T20:37:42+00:00\",\"dateModified\":\"2016-06-05T15:19:10+00:00\",\"mainEntityOfPage\":{\"@id\":\"https:\\\/\\\/bakh.de\\\/wdp\\\/hochhaus-korber-hoehe-ii\\\/\"},\"wordCount\":227,\"publisher\":{\"@id\":\"https:\\\/\\\/bakh.de\\\/wdp\\\/#organization\"},\"image\":{\"@id\":\"https:\\\/\\\/bakh.de\\\/wdp\\\/hochhaus-korber-hoehe-ii\\\/#primaryimage\"},\"thumbnailUrl\":\"http:\\\/\\\/bakh.de\\\/wdp\\\/wp-content\\\/uploads\\\/2016\\\/01\\\/bosco3.jpg\",\"articleSection\":[\"Hochhaus\",\"Termine\"],\"inLanguage\":\"de\"},{\"@type\":\"WebPage\",\"@id\":\"https:\\\/\\\/bakh.de\\\/wdp\\\/hochhaus-korber-hoehe-ii\\\/\",\"url\":\"https:\\\/\\\/bakh.de\\\/wdp\\\/hochhaus-korber-hoehe-ii\\\/\",\"name\":\"Hochhaus Korber H\u00f6he II ? - B\u00fcrgeraktion Korber H\u00f6he e. V.\",\"isPartOf\":{\"@id\":\"https:\\\/\\\/bakh.de\\\/wdp\\\/#website\"},\"primaryImageOfPage\":{\"@id\":\"https:\\\/\\\/bakh.de\\\/wdp\\\/hochhaus-korber-hoehe-ii\\\/#primaryimage\"},\"image\":{\"@id\":\"https:\\\/\\\/bakh.de\\\/wdp\\\/hochhaus-korber-hoehe-ii\\\/#primaryimage\"},\"thumbnailUrl\":\"http:\\\/\\\/bakh.de\\\/wdp\\\/wp-content\\\/uploads\\\/2016\\\/01\\\/bosco3.jpg\",\"datePublished\":\"2016-01-16T20:37:42+00:00\",\"dateModified\":\"2016-06-05T15:19:10+00:00\",\"breadcrumb\":{\"@id\":\"https:\\\/\\\/bakh.de\\\/wdp\\\/hochhaus-korber-hoehe-ii\\\/#breadcrumb\"},\"inLanguage\":\"de\",\"potentialAction\":[{\"@type\":\"ReadAction\",\"target\":[\"https:\\\/\\\/bakh.de\\\/wdp\\\/hochhaus-korber-hoehe-ii\\\/\"]}]},{\"@type\":\"ImageObject\",\"inLanguage\":\"de\",\"@id\":\"https:\\\/\\\/bakh.de\\\/wdp\\\/hochhaus-korber-hoehe-ii\\\/#primaryimage\",\"url\":\"https:\\\/\\\/bakh.de\\\/wdp\\\/wp-content\\\/uploads\\\/2016\\\/01\\\/bosco3.jpg\",\"contentUrl\":\"https:\\\/\\\/bakh.de\\\/wdp\\\/wp-content\\\/uploads\\\/2016\\\/01\\\/bosco3.jpg\",\"width\":192,\"height\":263},{\"@type\":\"BreadcrumbList\",\"@id\":\"https:\\\/\\\/bakh.de\\\/wdp\\\/hochhaus-korber-hoehe-ii\\\/#breadcrumb\",\"itemListElement\":[{\"@type\":\"ListItem\",\"position\":1,\"name\":\"Startseite\",\"item\":\"https:\\\/\\\/bakh.de\\\/wdp\\\/\"},{\"@type\":\"ListItem\",\"position\":2,\"name\":\"Hochhaus Korber H\u00f6he II ?\"}]},{\"@type\":\"WebSite\",\"@id\":\"https:\\\/\\\/bakh.de\\\/wdp\\\/#website\",\"url\":\"https:\\\/\\\/bakh.de\\\/wdp\\\/\",\"name\":\"B\u00fcrgeraktion Korber H\u00f6he e. V.\",\"description\":\"\",\"publisher\":{\"@id\":\"https:\\\/\\\/bakh.de\\\/wdp\\\/#organization\"},\"potentialAction\":[{\"@type\":\"SearchAction\",\"target\":{\"@type\":\"EntryPoint\",\"urlTemplate\":\"https:\\\/\\\/bakh.de\\\/wdp\\\/?s={search_term_string}\"},\"query-input\":{\"@type\":\"PropertyValueSpecification\",\"valueRequired\":true,\"valueName\":\"search_term_string\"}}],\"inLanguage\":\"de\"},{\"@type\":\"Organization\",\"@id\":\"https:\\\/\\\/bakh.de\\\/wdp\\\/#organization\",\"name\":\"B\u00fcrgeraktion Korber H\u00f6he e. V.\",\"url\":\"https:\\\/\\\/bakh.de\\\/wdp\\\/\",\"logo\":{\"@type\":\"ImageObject\",\"inLanguage\":\"de\",\"@id\":\"https:\\\/\\\/bakh.de\\\/wdp\\\/#\\\/schema\\\/logo\\\/image\\\/\",\"url\":\"https:\\\/\\\/bakh.de\\\/wdp\\\/wp-content\\\/uploads\\\/2025\\\/11\\\/BAKH_Logo_4c_512.jpg\",\"contentUrl\":\"https:\\\/\\\/bakh.de\\\/wdp\\\/wp-content\\\/uploads\\\/2025\\\/11\\\/BAKH_Logo_4c_512.jpg\",\"width\":516,\"height\":518,\"caption\":\"B\u00fcrgeraktion Korber H\u00f6he e. V.\"},\"image\":{\"@id\":\"https:\\\/\\\/bakh.de\\\/wdp\\\/#\\\/schema\\\/logo\\\/image\\\/\"}},{\"@type\":\"Person\",\"@id\":\"https:\\\/\\\/bakh.de\\\/wdp\\\/#\\\/schema\\\/person\\\/75a1e296c1c53d3fbbc0a3c6104f6370\",\"name\":\"Uli\",\"image\":{\"@type\":\"ImageObject\",\"inLanguage\":\"de\",\"@id\":\"https:\\\/\\\/secure.gravatar.com\\\/avatar\\\/3b55f09e3908cc7190694de428627f99ad7fb1fd6ca4aa1f5a2c94110a7a2967?s=96&d=mm&r=g\",\"url\":\"https:\\\/\\\/secure.gravatar.com\\\/avatar\\\/3b55f09e3908cc7190694de428627f99ad7fb1fd6ca4aa1f5a2c94110a7a2967?s=96&d=mm&r=g\",\"contentUrl\":\"https:\\\/\\\/secure.gravatar.com\\\/avatar\\\/3b55f09e3908cc7190694de428627f99ad7fb1fd6ca4aa1f5a2c94110a7a2967?s=96&d=mm&r=g\",\"caption\":\"Uli\"},\"url\":\"https:\\\/\\\/bakh.de\\\/wdp\\\/author\\\/uli\\\/\"}]}<\/script>\n<!-- \/ Yoast SEO plugin. -->","yoast_head_json":{"title":"Hochhaus Korber H\u00f6he II ? - B\u00fcrgeraktion Korber H\u00f6he e. V.","robots":{"index":"index","follow":"follow","max-snippet":"max-snippet:-1","max-image-preview":"max-image-preview:large","max-video-preview":"max-video-preview:-1"},"canonical":"https:\/\/bakh.de\/wdp\/hochhaus-korber-hoehe-ii\/","og_locale":"de_DE","og_type":"article","og_title":"Hochhaus Korber H\u00f6he II ? - B\u00fcrgeraktion Korber H\u00f6he e. V.","og_description":"In der Sitzung des Ausschusses f\u00fcr Planung, Technik und Umwelt der Stadt Waiblingen wurde am Dienstag 19.1. das Thema Hochhaus auf der Korber H\u00f6he II diskutiert. Der Gemeinderat hat in seiner Sitzung am Mittwoch 27.1. zugestimmt und die Ausschreibung des Grundst\u00fccks empfohlen.","og_url":"https:\/\/bakh.de\/wdp\/hochhaus-korber-hoehe-ii\/","og_site_name":"B\u00fcrgeraktion Korber H\u00f6he e. V.","article_published_time":"2016-01-16T20:37:42+00:00","article_modified_time":"2016-06-05T15:19:10+00:00","og_image":[{"url":"http:\/\/bakh.de\/wdp\/wp-content\/uploads\/2016\/01\/bosco3.jpg","type":"","width":"","height":""}],"author":"Uli","twitter_card":"summary_large_image","twitter_misc":{"Verfasst von":"Uli","Gesch\u00e4tzte Lesezeit":"1\u00a0Minute"},"schema":{"@context":"https:\/\/schema.org","@graph":[{"@type":"Article","@id":"https:\/\/bakh.de\/wdp\/hochhaus-korber-hoehe-ii\/#article","isPartOf":{"@id":"https:\/\/bakh.de\/wdp\/hochhaus-korber-hoehe-ii\/"},"author":{"name":"Uli","@id":"https:\/\/bakh.de\/wdp\/#\/schema\/person\/75a1e296c1c53d3fbbc0a3c6104f6370"},"headline":"Hochhaus Korber H\u00f6he II ?","datePublished":"2016-01-16T20:37:42+00:00","dateModified":"2016-06-05T15:19:10+00:00","mainEntityOfPage":{"@id":"https:\/\/bakh.de\/wdp\/hochhaus-korber-hoehe-ii\/"},"wordCount":227,"publisher":{"@id":"https:\/\/bakh.de\/wdp\/#organization"},"image":{"@id":"https:\/\/bakh.de\/wdp\/hochhaus-korber-hoehe-ii\/#primaryimage"},"thumbnailUrl":"http:\/\/bakh.de\/wdp\/wp-content\/uploads\/2016\/01\/bosco3.jpg","articleSection":["Hochhaus","Termine"],"inLanguage":"de"},{"@type":"WebPage","@id":"https:\/\/bakh.de\/wdp\/hochhaus-korber-hoehe-ii\/","url":"https:\/\/bakh.de\/wdp\/hochhaus-korber-hoehe-ii\/","name":"Hochhaus Korber H\u00f6he II ? - B\u00fcrgeraktion Korber H\u00f6he e. V.","isPartOf":{"@id":"https:\/\/bakh.de\/wdp\/#website"},"primaryImageOfPage":{"@id":"https:\/\/bakh.de\/wdp\/hochhaus-korber-hoehe-ii\/#primaryimage"},"image":{"@id":"https:\/\/bakh.de\/wdp\/hochhaus-korber-hoehe-ii\/#primaryimage"},"thumbnailUrl":"http:\/\/bakh.de\/wdp\/wp-content\/uploads\/2016\/01\/bosco3.jpg","datePublished":"2016-01-16T20:37:42+00:00","dateModified":"2016-06-05T15:19:10+00:00","breadcrumb":{"@id":"https:\/\/bakh.de\/wdp\/hochhaus-korber-hoehe-ii\/#breadcrumb"},"inLanguage":"de","potentialAction":[{"@type":"ReadAction","target":["https:\/\/bakh.de\/wdp\/hochhaus-korber-hoehe-ii\/"]}]},{"@type":"ImageObject","inLanguage":"de","@id":"https:\/\/bakh.de\/wdp\/hochhaus-korber-hoehe-ii\/#primaryimage","url":"https:\/\/bakh.de\/wdp\/wp-content\/uploads\/2016\/01\/bosco3.jpg","contentUrl":"https:\/\/bakh.de\/wdp\/wp-content\/uploads\/2016\/01\/bosco3.jpg","width":192,"height":263},{"@type":"BreadcrumbList","@id":"https:\/\/bakh.de\/wdp\/hochhaus-korber-hoehe-ii\/#breadcrumb","itemListElement":[{"@type":"ListItem","position":1,"name":"Startseite","item":"https:\/\/bakh.de\/wdp\/"},{"@type":"ListItem","position":2,"name":"Hochhaus Korber H\u00f6he II ?"}]},{"@type":"WebSite","@id":"https:\/\/bakh.de\/wdp\/#website","url":"https:\/\/bakh.de\/wdp\/","name":"B\u00fcrgeraktion Korber H\u00f6he e. V.","description":"","publisher":{"@id":"https:\/\/bakh.de\/wdp\/#organization"},"potentialAction":[{"@type":"SearchAction","target":{"@type":"EntryPoint","urlTemplate":"https:\/\/bakh.de\/wdp\/?s={search_term_string}"},"query-input":{"@type":"PropertyValueSpecification","valueRequired":true,"valueName":"search_term_string"}}],"inLanguage":"de"},{"@type":"Organization","@id":"https:\/\/bakh.de\/wdp\/#organization","name":"B\u00fcrgeraktion Korber H\u00f6he e. V.","url":"https:\/\/bakh.de\/wdp\/","logo":{"@type":"ImageObject","inLanguage":"de","@id":"https:\/\/bakh.de\/wdp\/#\/schema\/logo\/image\/","url":"https:\/\/bakh.de\/wdp\/wp-content\/uploads\/2025\/11\/BAKH_Logo_4c_512.jpg","contentUrl":"https:\/\/bakh.de\/wdp\/wp-content\/uploads\/2025\/11\/BAKH_Logo_4c_512.jpg","width":516,"height":518,"caption":"B\u00fcrgeraktion Korber H\u00f6he e. V."},"image":{"@id":"https:\/\/bakh.de\/wdp\/#\/schema\/logo\/image\/"}},{"@type":"Person","@id":"https:\/\/bakh.de\/wdp\/#\/schema\/person\/75a1e296c1c53d3fbbc0a3c6104f6370","name":"Uli","image":{"@type":"ImageObject","inLanguage":"de","@id":"https:\/\/secure.gravatar.com\/avatar\/3b55f09e3908cc7190694de428627f99ad7fb1fd6ca4aa1f5a2c94110a7a2967?s=96&d=mm&r=g","url":"https:\/\/secure.gravatar.com\/avatar\/3b55f09e3908cc7190694de428627f99ad7fb1fd6ca4aa1f5a2c94110a7a2967?s=96&d=mm&r=g","contentUrl":"https:\/\/secure.gravatar.com\/avatar\/3b55f09e3908cc7190694de428627f99ad7fb1fd6ca4aa1f5a2c94110a7a2967?s=96&d=mm&r=g","caption":"Uli"},"url":"https:\/\/bakh.de\/wdp\/author\/uli\/"}]}},"_links":{"self":[{"href":"https:\/\/bakh.de\/wdp\/wp-json\/wp\/v2\/posts\/2943","targetHints":{"allow":["GET"]}}],"collection":[{"href":"https:\/\/bakh.de\/wdp\/wp-json\/wp\/v2\/posts"}],"about":[{"href":"https:\/\/bakh.de\/wdp\/wp-json\/wp\/v2\/types\/post"}],"author":[{"embeddable":true,"href":"https:\/\/bakh.de\/wdp\/wp-json\/wp\/v2\/users\/3"}],"replies":[{"embeddable":true,"href":"https:\/\/bakh.de\/wdp\/wp-json\/wp\/v2\/comments?post=2943"}],"version-history":[{"count":8,"href":"https:\/\/bakh.de\/wdp\/wp-json\/wp\/v2\/posts\/2943\/revisions"}],"predecessor-version":[{"id":2993,"href":"https:\/\/bakh.de\/wdp\/wp-json\/wp\/v2\/posts\/2943\/revisions\/2993"}],"wp:attachment":[{"href":"https:\/\/bakh.de\/wdp\/wp-json\/wp\/v2\/media?parent=2943"}],"wp:term":[{"taxonomy":"category","embeddable":true,"href":"https:\/\/bakh.de\/wdp\/wp-json\/wp\/v2\/categories?post=2943"},{"taxonomy":"post_tag","embeddable":true,"href":"https:\/\/bakh.de\/wdp\/wp-json\/wp\/v2\/tags?post=2943"}],"curies":[{"name":"wp","href":"https:\/\/api.w.org\/{rel}","templated":true}]}}