{"id":291,"date":"2012-02-05T21:59:00","date_gmt":"2012-02-05T21:59:00","guid":{"rendered":"http:\/\/bakh.de\/wdp\/?p=291"},"modified":"2012-09-30T08:39:21","modified_gmt":"2012-09-30T08:39:21","slug":"finkenberg-soll-freizeitgelande-werden","status":"publish","type":"post","link":"https:\/\/bakh.de\/wdp\/finkenberg-soll-freizeitgelande-werden\/","title":{"rendered":"Finkenberg soll Freizeitgel\u00e4nde werden"},"content":{"rendered":"<p><a class=\"shutterset_\" title=\"\" href=\"http:\/\/bakh.de\/wdp\/wp-content\/gallery\/finkenberg_2011\/2011-07-finkbg-hock-011.jpg\"><img decoding=\"async\" class=\"ngg-singlepic ngg-left\" src=\"http:\/\/bakh.de\/wdp\/wp-content\/gallery\/finkenberg_2011\/thumbs\/thumbs_2011-07-finkbg-hock-011.jpg\" alt=\"2011-07-finkbg-hock-011\" \/><\/a>Die Stadt Waiblingen plant die Erddeponie Finkenberg still zu legen und ein Freizeitgel\u00e4nde einzurichten. Dies wurde in der letzten Januarwoche auf Antrag der Verwaltung vom Ausschuss f\u00fcr Planung, Technik und Umwelt mit 8 Ja- und zwei Gegenstimmen beschlo\u00dfen.<\/p>\n<p>Nun muss nur noch der Gemeinderat zustimmen und die Bewohner der Korber H\u00f6he k\u00f6nnen sich auf die Erschlie\u00dfung des Finkenbergs freuen.<\/p>\n<p>Die Stadtverwaltung wird bis Sommer ein Nutzungskonzept vorlegen.<\/p>\n","protected":false},"excerpt":{"rendered":"<p>Die Stadt Waiblingen plant die Erddeponie Finkenberg still zu legen und ein Freizeitgel\u00e4nde einzurichten. Dies wurde in der letzten Januarwoche auf Antrag der Verwaltung vom Ausschuss f\u00fcr Planung, Technik und Umwelt mit 8 Ja- und zwei Gegenstimmen beschlo\u00dfen. Nun muss nur noch der Gemeinderat zustimmen und die Bewohner der Korber H\u00f6he k\u00f6nnen sich auf die [&hellip;]<\/p>\n","protected":false},"author":3,"featured_media":0,"comment_status":"closed","ping_status":"closed","sticky":false,"template":"","format":"standard","meta":{"ngg_post_thumbnail":0,"footnotes":""},"categories":[11],"tags":[],"class_list":["post-291","post","type-post","status-publish","format-standard","hentry","category-finkenberg"],"yoast_head":"<!-- This site is optimized with the Yoast SEO plugin v27.5 - https:\/\/yoast.com\/product\/yoast-seo-wordpress\/ -->\n<title>Finkenberg soll Freizeitgel\u00e4nde werden - B\u00fcrgeraktion Korber H\u00f6he e. V.<\/title>\n<meta name=\"robots\" content=\"index, follow, max-snippet:-1, max-image-preview:large, max-video-preview:-1\" \/>\n<link rel=\"canonical\" href=\"https:\/\/bakh.de\/wdp\/finkenberg-soll-freizeitgelande-werden\/\" \/>\n<meta property=\"og:locale\" content=\"de_DE\" \/>\n<meta property=\"og:type\" content=\"article\" \/>\n<meta property=\"og:title\" content=\"Finkenberg soll Freizeitgel\u00e4nde werden - B\u00fcrgeraktion Korber H\u00f6he e. V.\" \/>\n<meta property=\"og:description\" content=\"Die Stadt Waiblingen plant die Erddeponie Finkenberg still zu legen und ein Freizeitgel\u00e4nde einzurichten. Dies wurde in der letzten Januarwoche auf Antrag der Verwaltung vom Ausschuss f\u00fcr Planung, Technik und Umwelt mit 8 Ja- und zwei Gegenstimmen beschlo\u00dfen. Nun muss nur noch der Gemeinderat zustimmen und die Bewohner der Korber H\u00f6he k\u00f6nnen sich auf die [&hellip;]\" \/>\n<meta property=\"og:url\" content=\"https:\/\/bakh.de\/wdp\/finkenberg-soll-freizeitgelande-werden\/\" \/>\n<meta property=\"og:site_name\" content=\"B\u00fcrgeraktion Korber H\u00f6he e. V.\" \/>\n<meta property=\"article:published_time\" content=\"2012-02-05T21:59:00+00:00\" \/>\n<meta property=\"article:modified_time\" content=\"2012-09-30T08:39:21+00:00\" \/>\n<meta property=\"og:image\" content=\"http:\/\/bakh.de\/wdp\/wp-content\/gallery\/finkenberg_2011\/thumbs\/thumbs_2011-07-finkbg-hock-011.jpg\" \/>\n<meta name=\"author\" content=\"Uli\" \/>\n<meta name=\"twitter:card\" content=\"summary_large_image\" \/>\n<meta name=\"twitter:label1\" content=\"Verfasst von\" \/>\n\t<meta name=\"twitter:data1\" content=\"Uli\" \/>\n<script type=\"application\/ld+json\" class=\"yoast-schema-graph\">{\"@context\":\"https:\\\/\\\/schema.org\",\"@graph\":[{\"@type\":\"Article\",\"@id\":\"https:\\\/\\\/bakh.de\\\/wdp\\\/finkenberg-soll-freizeitgelande-werden\\\/#article\",\"isPartOf\":{\"@id\":\"https:\\\/\\\/bakh.de\\\/wdp\\\/finkenberg-soll-freizeitgelande-werden\\\/\"},\"author\":{\"name\":\"Uli\",\"@id\":\"https:\\\/\\\/bakh.de\\\/wdp\\\/#\\\/schema\\\/person\\\/75a1e296c1c53d3fbbc0a3c6104f6370\"},\"headline\":\"Finkenberg soll Freizeitgel\u00e4nde werden\",\"datePublished\":\"2012-02-05T21:59:00+00:00\",\"dateModified\":\"2012-09-30T08:39:21+00:00\",\"mainEntityOfPage\":{\"@id\":\"https:\\\/\\\/bakh.de\\\/wdp\\\/finkenberg-soll-freizeitgelande-werden\\\/\"},\"wordCount\":77,\"publisher\":{\"@id\":\"https:\\\/\\\/bakh.de\\\/wdp\\\/#organization\"},\"image\":{\"@id\":\"https:\\\/\\\/bakh.de\\\/wdp\\\/finkenberg-soll-freizeitgelande-werden\\\/#primaryimage\"},\"thumbnailUrl\":\"http:\\\/\\\/bakh.de\\\/wdp\\\/wp-content\\\/gallery\\\/finkenberg_2011\\\/thumbs\\\/thumbs_2011-07-finkbg-hock-011.jpg\",\"articleSection\":[\"Finkenberg\"],\"inLanguage\":\"de\"},{\"@type\":\"WebPage\",\"@id\":\"https:\\\/\\\/bakh.de\\\/wdp\\\/finkenberg-soll-freizeitgelande-werden\\\/\",\"url\":\"https:\\\/\\\/bakh.de\\\/wdp\\\/finkenberg-soll-freizeitgelande-werden\\\/\",\"name\":\"Finkenberg soll Freizeitgel\u00e4nde werden - B\u00fcrgeraktion Korber H\u00f6he e. V.\",\"isPartOf\":{\"@id\":\"https:\\\/\\\/bakh.de\\\/wdp\\\/#website\"},\"primaryImageOfPage\":{\"@id\":\"https:\\\/\\\/bakh.de\\\/wdp\\\/finkenberg-soll-freizeitgelande-werden\\\/#primaryimage\"},\"image\":{\"@id\":\"https:\\\/\\\/bakh.de\\\/wdp\\\/finkenberg-soll-freizeitgelande-werden\\\/#primaryimage\"},\"thumbnailUrl\":\"http:\\\/\\\/bakh.de\\\/wdp\\\/wp-content\\\/gallery\\\/finkenberg_2011\\\/thumbs\\\/thumbs_2011-07-finkbg-hock-011.jpg\",\"datePublished\":\"2012-02-05T21:59:00+00:00\",\"dateModified\":\"2012-09-30T08:39:21+00:00\",\"breadcrumb\":{\"@id\":\"https:\\\/\\\/bakh.de\\\/wdp\\\/finkenberg-soll-freizeitgelande-werden\\\/#breadcrumb\"},\"inLanguage\":\"de\",\"potentialAction\":[{\"@type\":\"ReadAction\",\"target\":[\"https:\\\/\\\/bakh.de\\\/wdp\\\/finkenberg-soll-freizeitgelande-werden\\\/\"]}]},{\"@type\":\"ImageObject\",\"inLanguage\":\"de\",\"@id\":\"https:\\\/\\\/bakh.de\\\/wdp\\\/finkenberg-soll-freizeitgelande-werden\\\/#primaryimage\",\"url\":\"http:\\\/\\\/bakh.de\\\/wdp\\\/wp-content\\\/gallery\\\/finkenberg_2011\\\/thumbs\\\/thumbs_2011-07-finkbg-hock-011.jpg\",\"contentUrl\":\"http:\\\/\\\/bakh.de\\\/wdp\\\/wp-content\\\/gallery\\\/finkenberg_2011\\\/thumbs\\\/thumbs_2011-07-finkbg-hock-011.jpg\"},{\"@type\":\"BreadcrumbList\",\"@id\":\"https:\\\/\\\/bakh.de\\\/wdp\\\/finkenberg-soll-freizeitgelande-werden\\\/#breadcrumb\",\"itemListElement\":[{\"@type\":\"ListItem\",\"position\":1,\"name\":\"Startseite\",\"item\":\"https:\\\/\\\/bakh.de\\\/wdp\\\/\"},{\"@type\":\"ListItem\",\"position\":2,\"name\":\"Finkenberg soll Freizeitgel\u00e4nde werden\"}]},{\"@type\":\"WebSite\",\"@id\":\"https:\\\/\\\/bakh.de\\\/wdp\\\/#website\",\"url\":\"https:\\\/\\\/bakh.de\\\/wdp\\\/\",\"name\":\"B\u00fcrgeraktion Korber H\u00f6he e. V.\",\"description\":\"\",\"publisher\":{\"@id\":\"https:\\\/\\\/bakh.de\\\/wdp\\\/#organization\"},\"potentialAction\":[{\"@type\":\"SearchAction\",\"target\":{\"@type\":\"EntryPoint\",\"urlTemplate\":\"https:\\\/\\\/bakh.de\\\/wdp\\\/?s={search_term_string}\"},\"query-input\":{\"@type\":\"PropertyValueSpecification\",\"valueRequired\":true,\"valueName\":\"search_term_string\"}}],\"inLanguage\":\"de\"},{\"@type\":\"Organization\",\"@id\":\"https:\\\/\\\/bakh.de\\\/wdp\\\/#organization\",\"name\":\"B\u00fcrgeraktion Korber H\u00f6he e. V.\",\"url\":\"https:\\\/\\\/bakh.de\\\/wdp\\\/\",\"logo\":{\"@type\":\"ImageObject\",\"inLanguage\":\"de\",\"@id\":\"https:\\\/\\\/bakh.de\\\/wdp\\\/#\\\/schema\\\/logo\\\/image\\\/\",\"url\":\"https:\\\/\\\/bakh.de\\\/wdp\\\/wp-content\\\/uploads\\\/2025\\\/11\\\/BAKH_Logo_4c_512.jpg\",\"contentUrl\":\"https:\\\/\\\/bakh.de\\\/wdp\\\/wp-content\\\/uploads\\\/2025\\\/11\\\/BAKH_Logo_4c_512.jpg\",\"width\":516,\"height\":518,\"caption\":\"B\u00fcrgeraktion Korber H\u00f6he e. V.\"},\"image\":{\"@id\":\"https:\\\/\\\/bakh.de\\\/wdp\\\/#\\\/schema\\\/logo\\\/image\\\/\"}},{\"@type\":\"Person\",\"@id\":\"https:\\\/\\\/bakh.de\\\/wdp\\\/#\\\/schema\\\/person\\\/75a1e296c1c53d3fbbc0a3c6104f6370\",\"name\":\"Uli\",\"image\":{\"@type\":\"ImageObject\",\"inLanguage\":\"de\",\"@id\":\"https:\\\/\\\/secure.gravatar.com\\\/avatar\\\/3b55f09e3908cc7190694de428627f99ad7fb1fd6ca4aa1f5a2c94110a7a2967?s=96&d=mm&r=g\",\"url\":\"https:\\\/\\\/secure.gravatar.com\\\/avatar\\\/3b55f09e3908cc7190694de428627f99ad7fb1fd6ca4aa1f5a2c94110a7a2967?s=96&d=mm&r=g\",\"contentUrl\":\"https:\\\/\\\/secure.gravatar.com\\\/avatar\\\/3b55f09e3908cc7190694de428627f99ad7fb1fd6ca4aa1f5a2c94110a7a2967?s=96&d=mm&r=g\",\"caption\":\"Uli\"},\"url\":\"https:\\\/\\\/bakh.de\\\/wdp\\\/author\\\/uli\\\/\"}]}<\/script>\n<!-- \/ Yoast SEO plugin. -->","yoast_head_json":{"title":"Finkenberg soll Freizeitgel\u00e4nde werden - B\u00fcrgeraktion Korber H\u00f6he e. V.","robots":{"index":"index","follow":"follow","max-snippet":"max-snippet:-1","max-image-preview":"max-image-preview:large","max-video-preview":"max-video-preview:-1"},"canonical":"https:\/\/bakh.de\/wdp\/finkenberg-soll-freizeitgelande-werden\/","og_locale":"de_DE","og_type":"article","og_title":"Finkenberg soll Freizeitgel\u00e4nde werden - B\u00fcrgeraktion Korber H\u00f6he e. V.","og_description":"Die Stadt Waiblingen plant die Erddeponie Finkenberg still zu legen und ein Freizeitgel\u00e4nde einzurichten. Dies wurde in der letzten Januarwoche auf Antrag der Verwaltung vom Ausschuss f\u00fcr Planung, Technik und Umwelt mit 8 Ja- und zwei Gegenstimmen beschlo\u00dfen. Nun muss nur noch der Gemeinderat zustimmen und die Bewohner der Korber H\u00f6he k\u00f6nnen sich auf die [&hellip;]","og_url":"https:\/\/bakh.de\/wdp\/finkenberg-soll-freizeitgelande-werden\/","og_site_name":"B\u00fcrgeraktion Korber H\u00f6he e. V.","article_published_time":"2012-02-05T21:59:00+00:00","article_modified_time":"2012-09-30T08:39:21+00:00","og_image":[{"url":"http:\/\/bakh.de\/wdp\/wp-content\/gallery\/finkenberg_2011\/thumbs\/thumbs_2011-07-finkbg-hock-011.jpg","type":"","width":"","height":""}],"author":"Uli","twitter_card":"summary_large_image","twitter_misc":{"Verfasst von":"Uli"},"schema":{"@context":"https:\/\/schema.org","@graph":[{"@type":"Article","@id":"https:\/\/bakh.de\/wdp\/finkenberg-soll-freizeitgelande-werden\/#article","isPartOf":{"@id":"https:\/\/bakh.de\/wdp\/finkenberg-soll-freizeitgelande-werden\/"},"author":{"name":"Uli","@id":"https:\/\/bakh.de\/wdp\/#\/schema\/person\/75a1e296c1c53d3fbbc0a3c6104f6370"},"headline":"Finkenberg soll Freizeitgel\u00e4nde werden","datePublished":"2012-02-05T21:59:00+00:00","dateModified":"2012-09-30T08:39:21+00:00","mainEntityOfPage":{"@id":"https:\/\/bakh.de\/wdp\/finkenberg-soll-freizeitgelande-werden\/"},"wordCount":77,"publisher":{"@id":"https:\/\/bakh.de\/wdp\/#organization"},"image":{"@id":"https:\/\/bakh.de\/wdp\/finkenberg-soll-freizeitgelande-werden\/#primaryimage"},"thumbnailUrl":"http:\/\/bakh.de\/wdp\/wp-content\/gallery\/finkenberg_2011\/thumbs\/thumbs_2011-07-finkbg-hock-011.jpg","articleSection":["Finkenberg"],"inLanguage":"de"},{"@type":"WebPage","@id":"https:\/\/bakh.de\/wdp\/finkenberg-soll-freizeitgelande-werden\/","url":"https:\/\/bakh.de\/wdp\/finkenberg-soll-freizeitgelande-werden\/","name":"Finkenberg soll Freizeitgel\u00e4nde werden - B\u00fcrgeraktion Korber H\u00f6he e. V.","isPartOf":{"@id":"https:\/\/bakh.de\/wdp\/#website"},"primaryImageOfPage":{"@id":"https:\/\/bakh.de\/wdp\/finkenberg-soll-freizeitgelande-werden\/#primaryimage"},"image":{"@id":"https:\/\/bakh.de\/wdp\/finkenberg-soll-freizeitgelande-werden\/#primaryimage"},"thumbnailUrl":"http:\/\/bakh.de\/wdp\/wp-content\/gallery\/finkenberg_2011\/thumbs\/thumbs_2011-07-finkbg-hock-011.jpg","datePublished":"2012-02-05T21:59:00+00:00","dateModified":"2012-09-30T08:39:21+00:00","breadcrumb":{"@id":"https:\/\/bakh.de\/wdp\/finkenberg-soll-freizeitgelande-werden\/#breadcrumb"},"inLanguage":"de","potentialAction":[{"@type":"ReadAction","target":["https:\/\/bakh.de\/wdp\/finkenberg-soll-freizeitgelande-werden\/"]}]},{"@type":"ImageObject","inLanguage":"de","@id":"https:\/\/bakh.de\/wdp\/finkenberg-soll-freizeitgelande-werden\/#primaryimage","url":"http:\/\/bakh.de\/wdp\/wp-content\/gallery\/finkenberg_2011\/thumbs\/thumbs_2011-07-finkbg-hock-011.jpg","contentUrl":"http:\/\/bakh.de\/wdp\/wp-content\/gallery\/finkenberg_2011\/thumbs\/thumbs_2011-07-finkbg-hock-011.jpg"},{"@type":"BreadcrumbList","@id":"https:\/\/bakh.de\/wdp\/finkenberg-soll-freizeitgelande-werden\/#breadcrumb","itemListElement":[{"@type":"ListItem","position":1,"name":"Startseite","item":"https:\/\/bakh.de\/wdp\/"},{"@type":"ListItem","position":2,"name":"Finkenberg soll Freizeitgel\u00e4nde werden"}]},{"@type":"WebSite","@id":"https:\/\/bakh.de\/wdp\/#website","url":"https:\/\/bakh.de\/wdp\/","name":"B\u00fcrgeraktion Korber H\u00f6he e. V.","description":"","publisher":{"@id":"https:\/\/bakh.de\/wdp\/#organization"},"potentialAction":[{"@type":"SearchAction","target":{"@type":"EntryPoint","urlTemplate":"https:\/\/bakh.de\/wdp\/?s={search_term_string}"},"query-input":{"@type":"PropertyValueSpecification","valueRequired":true,"valueName":"search_term_string"}}],"inLanguage":"de"},{"@type":"Organization","@id":"https:\/\/bakh.de\/wdp\/#organization","name":"B\u00fcrgeraktion Korber H\u00f6he e. V.","url":"https:\/\/bakh.de\/wdp\/","logo":{"@type":"ImageObject","inLanguage":"de","@id":"https:\/\/bakh.de\/wdp\/#\/schema\/logo\/image\/","url":"https:\/\/bakh.de\/wdp\/wp-content\/uploads\/2025\/11\/BAKH_Logo_4c_512.jpg","contentUrl":"https:\/\/bakh.de\/wdp\/wp-content\/uploads\/2025\/11\/BAKH_Logo_4c_512.jpg","width":516,"height":518,"caption":"B\u00fcrgeraktion Korber H\u00f6he e. V."},"image":{"@id":"https:\/\/bakh.de\/wdp\/#\/schema\/logo\/image\/"}},{"@type":"Person","@id":"https:\/\/bakh.de\/wdp\/#\/schema\/person\/75a1e296c1c53d3fbbc0a3c6104f6370","name":"Uli","image":{"@type":"ImageObject","inLanguage":"de","@id":"https:\/\/secure.gravatar.com\/avatar\/3b55f09e3908cc7190694de428627f99ad7fb1fd6ca4aa1f5a2c94110a7a2967?s=96&d=mm&r=g","url":"https:\/\/secure.gravatar.com\/avatar\/3b55f09e3908cc7190694de428627f99ad7fb1fd6ca4aa1f5a2c94110a7a2967?s=96&d=mm&r=g","contentUrl":"https:\/\/secure.gravatar.com\/avatar\/3b55f09e3908cc7190694de428627f99ad7fb1fd6ca4aa1f5a2c94110a7a2967?s=96&d=mm&r=g","caption":"Uli"},"url":"https:\/\/bakh.de\/wdp\/author\/uli\/"}]}},"_links":{"self":[{"href":"https:\/\/bakh.de\/wdp\/wp-json\/wp\/v2\/posts\/291","targetHints":{"allow":["GET"]}}],"collection":[{"href":"https:\/\/bakh.de\/wdp\/wp-json\/wp\/v2\/posts"}],"about":[{"href":"https:\/\/bakh.de\/wdp\/wp-json\/wp\/v2\/types\/post"}],"author":[{"embeddable":true,"href":"https:\/\/bakh.de\/wdp\/wp-json\/wp\/v2\/users\/3"}],"replies":[{"embeddable":true,"href":"https:\/\/bakh.de\/wdp\/wp-json\/wp\/v2\/comments?post=291"}],"version-history":[{"count":21,"href":"https:\/\/bakh.de\/wdp\/wp-json\/wp\/v2\/posts\/291\/revisions"}],"predecessor-version":[{"id":306,"href":"https:\/\/bakh.de\/wdp\/wp-json\/wp\/v2\/posts\/291\/revisions\/306"}],"wp:attachment":[{"href":"https:\/\/bakh.de\/wdp\/wp-json\/wp\/v2\/media?parent=291"}],"wp:term":[{"taxonomy":"category","embeddable":true,"href":"https:\/\/bakh.de\/wdp\/wp-json\/wp\/v2\/categories?post=291"},{"taxonomy":"post_tag","embeddable":true,"href":"https:\/\/bakh.de\/wdp\/wp-json\/wp\/v2\/tags?post=291"}],"curies":[{"name":"wp","href":"https:\/\/api.w.org\/{rel}","templated":true}]}}