{"id":2862,"date":"2015-12-20T19:48:26","date_gmt":"2015-12-20T19:48:26","guid":{"rendered":"http:\/\/bakh.de\/wdp\/?p=2862"},"modified":"2018-03-10T16:17:12","modified_gmt":"2018-03-10T16:17:12","slug":"adventsnachmittag","status":"publish","type":"post","link":"https:\/\/bakh.de\/wdp\/adventsnachmittag\/","title":{"rendered":"Adventsnachmittag"},"content":{"rendered":"<p>Einen sehr sch\u00f6nen Adventsnachmittag unter dem Motto &#8222;Gemeinsam auf der H\u00f6he \u2013 Auf dem Weg im Advent&#8220; veranstalteten Schulen, Kinderg\u00e4rten, Kirche und B\u00fcrgeraktion am Freitag 4.12.15.<\/p>\n<p>F\u00fcr Kinder von Kindern gestaltet, begleitet von Schulmusik mit Chor und zum Schlu\u00df kam sogar der echte Nikolaus.<\/p>\n<p><!-- default-view.php -->\n<div\n\tclass=\"ngg-galleryoverview default-view\n\t ngg-ajax-pagination-none\t\"\n\tid=\"ngg-gallery-443f878f87f5fb457fc717fc82ef9f8f-1\"\n\tdata-nextgen-gallery-id=\"31\"\n\tdata-gallery-id=\"31\"\n\t\tdata-gallery-name=\"Advent\"\n\t>\n\n\t\t<!-- Thumbnails -->\n\t\t\t\t<div id=\"ngg-image-0\" class=\"ngg-gallery-thumbnail-box\n\t\t\t\t\t\t\t\t\t\t\t\"\n\t\t\t>\n\t\t\t\t\t\t<div class=\"ngg-gallery-thumbnail\">\n\t\t<a href=\"https:\/\/bakh.de\/wdp\/wp-content\/gallery\/advent\/k-DSC03961.JPG?t=1670686214\"\n\t\t\ttitle=\"\"\n\t\t\tdata-src=\"https:\/\/bakh.de\/wdp\/wp-content\/gallery\/advent\/k-DSC03961.JPG?t=1670686214\"\n\t\t\tdata-thumbnail=\"https:\/\/bakh.de\/wdp\/wp-content\/gallery\/advent\/thumbs\/thumbs_k-DSC03961.JPG?t=1670686214\"\n\t\t\tdata-image-id=\"385\"\n\t\t\tdata-image-name=\"k-DSC03961.JPG\"\n\t\t\tdata-title=\"k-DSC03961\"\n\t\t\tdata-description=\"\"\n\t\t\tdata-image-slug=\"k-dsc03961\"\n\t\t\t\t\t\t\t\t\t\t\t\t\t\t\t\t\t\t\t\tclass=\"ngg-simplelightbox\" rel=\"443f878f87f5fb457fc717fc82ef9f8f\">\n\t\t\t\t\t\t\t\t<img\n\t\t\t\t\ttitle=\"k-DSC03961\"\n\t\t\t\t\talt=\"k-DSC03961\"\n\t\t\t\t\tsrc=\"https:\/\/bakh.de\/wdp\/wp-content\/gallery\/advent\/thumbs\/thumbs_k-DSC03961.JPG?t=1670686214\"\n\t\t\t\t\twidth=\"100\"\n\t\t\t\t\theight=\"75\"\n\t\t\t\t\tstyle=\"max-width:100%;\"\n\t\t\t\t\/>\n\t\t\t<\/a>\n\t\t<\/div>\n\t\t\t\t\t\t\t<\/div>\n\t\t\t\n\t\t\t\t<div id=\"ngg-image-1\" class=\"ngg-gallery-thumbnail-box\n\t\t\t\t\t\t\t\t\t\t\t\"\n\t\t\t>\n\t\t\t\t\t\t<div class=\"ngg-gallery-thumbnail\">\n\t\t<a href=\"https:\/\/bakh.de\/wdp\/wp-content\/gallery\/advent\/k-DSC03975.JPG?t=1450640783\"\n\t\t\ttitle=\"\"\n\t\t\tdata-src=\"https:\/\/bakh.de\/wdp\/wp-content\/gallery\/advent\/k-DSC03975.JPG?t=1450640783\"\n\t\t\tdata-thumbnail=\"https:\/\/bakh.de\/wdp\/wp-content\/gallery\/advent\/thumbs\/thumbs_k-DSC03975.JPG?t=1450640783\"\n\t\t\tdata-image-id=\"386\"\n\t\t\tdata-image-name=\"k-DSC03975.JPG\"\n\t\t\tdata-title=\"k-DSC03975\"\n\t\t\tdata-description=\"\"\n\t\t\tdata-image-slug=\"k-dsc03975\"\n\t\t\t\t\t\t\t\t\t\t\t\t\t\t\t\t\t\t\t\tclass=\"ngg-simplelightbox\" rel=\"443f878f87f5fb457fc717fc82ef9f8f\">\n\t\t\t\t\t\t\t\t<img\n\t\t\t\t\ttitle=\"k-DSC03975\"\n\t\t\t\t\talt=\"k-DSC03975\"\n\t\t\t\t\tsrc=\"https:\/\/bakh.de\/wdp\/wp-content\/gallery\/advent\/thumbs\/thumbs_k-DSC03975.JPG?t=1450640783\"\n\t\t\t\t\twidth=\"100\"\n\t\t\t\t\theight=\"75\"\n\t\t\t\t\tstyle=\"max-width:100%;\"\n\t\t\t\t\/>\n\t\t\t<\/a>\n\t\t<\/div>\n\t\t\t\t\t\t\t<\/div>\n\t\t\t\n\t\t\t\t<div id=\"ngg-image-2\" class=\"ngg-gallery-thumbnail-box\n\t\t\t\t\t\t\t\t\t\t\t\"\n\t\t\t>\n\t\t\t\t\t\t<div class=\"ngg-gallery-thumbnail\">\n\t\t<a href=\"https:\/\/bakh.de\/wdp\/wp-content\/gallery\/advent\/k-DSC03977.JPG?t=1450640795\"\n\t\t\ttitle=\"\"\n\t\t\tdata-src=\"https:\/\/bakh.de\/wdp\/wp-content\/gallery\/advent\/k-DSC03977.JPG?t=1450640795\"\n\t\t\tdata-thumbnail=\"https:\/\/bakh.de\/wdp\/wp-content\/gallery\/advent\/thumbs\/thumbs_k-DSC03977.JPG?t=1450640795\"\n\t\t\tdata-image-id=\"387\"\n\t\t\tdata-image-name=\"k-DSC03977.JPG\"\n\t\t\tdata-title=\"k-DSC03977\"\n\t\t\tdata-description=\"\"\n\t\t\tdata-image-slug=\"k-dsc03977\"\n\t\t\t\t\t\t\t\t\t\t\t\t\t\t\t\t\t\t\t\tclass=\"ngg-simplelightbox\" rel=\"443f878f87f5fb457fc717fc82ef9f8f\">\n\t\t\t\t\t\t\t\t<img\n\t\t\t\t\ttitle=\"k-DSC03977\"\n\t\t\t\t\talt=\"k-DSC03977\"\n\t\t\t\t\tsrc=\"https:\/\/bakh.de\/wdp\/wp-content\/gallery\/advent\/thumbs\/thumbs_k-DSC03977.JPG?t=1450640795\"\n\t\t\t\t\twidth=\"100\"\n\t\t\t\t\theight=\"75\"\n\t\t\t\t\tstyle=\"max-width:100%;\"\n\t\t\t\t\/>\n\t\t\t<\/a>\n\t\t<\/div>\n\t\t\t\t\t\t\t<\/div>\n\t\t\t\n\t\t\t\t<div id=\"ngg-image-3\" class=\"ngg-gallery-thumbnail-box\n\t\t\t\t\t\t\t\t\t\t\t\"\n\t\t\t>\n\t\t\t\t\t\t<div class=\"ngg-gallery-thumbnail\">\n\t\t<a href=\"https:\/\/bakh.de\/wdp\/wp-content\/gallery\/advent\/k-DSC03984.JPG?t=1450640758\"\n\t\t\ttitle=\"\"\n\t\t\tdata-src=\"https:\/\/bakh.de\/wdp\/wp-content\/gallery\/advent\/k-DSC03984.JPG?t=1450640758\"\n\t\t\tdata-thumbnail=\"https:\/\/bakh.de\/wdp\/wp-content\/gallery\/advent\/thumbs\/thumbs_k-DSC03984.JPG?t=1450640758\"\n\t\t\tdata-image-id=\"384\"\n\t\t\tdata-image-name=\"k-DSC03984.JPG\"\n\t\t\tdata-title=\"k-DSC03984\"\n\t\t\tdata-description=\"\"\n\t\t\tdata-image-slug=\"k-dsc03984\"\n\t\t\t\t\t\t\t\t\t\t\t\t\t\t\t\t\t\t\t\tclass=\"ngg-simplelightbox\" rel=\"443f878f87f5fb457fc717fc82ef9f8f\">\n\t\t\t\t\t\t\t\t<img\n\t\t\t\t\ttitle=\"k-DSC03984\"\n\t\t\t\t\talt=\"k-DSC03984\"\n\t\t\t\t\tsrc=\"https:\/\/bakh.de\/wdp\/wp-content\/gallery\/advent\/thumbs\/thumbs_k-DSC03984.JPG?t=1450640758\"\n\t\t\t\t\twidth=\"100\"\n\t\t\t\t\theight=\"75\"\n\t\t\t\t\tstyle=\"max-width:100%;\"\n\t\t\t\t\/>\n\t\t\t<\/a>\n\t\t<\/div>\n\t\t\t\t\t\t\t<\/div>\n\t\t\t\n\t\t\t\t<div id=\"ngg-image-4\" class=\"ngg-gallery-thumbnail-box\n\t\t\t\t\t\t\t\t\t\t\t\"\n\t\t\t>\n\t\t\t\t\t\t<div class=\"ngg-gallery-thumbnail\">\n\t\t<a href=\"https:\/\/bakh.de\/wdp\/wp-content\/gallery\/advent\/k-DSC03983.JPG?t=1450640804\"\n\t\t\ttitle=\"\"\n\t\t\tdata-src=\"https:\/\/bakh.de\/wdp\/wp-content\/gallery\/advent\/k-DSC03983.JPG?t=1450640804\"\n\t\t\tdata-thumbnail=\"https:\/\/bakh.de\/wdp\/wp-content\/gallery\/advent\/thumbs\/thumbs_k-DSC03983.JPG?t=1450640804\"\n\t\t\tdata-image-id=\"388\"\n\t\t\tdata-image-name=\"k-DSC03983.JPG\"\n\t\t\tdata-title=\"k-DSC03983\"\n\t\t\tdata-description=\"\"\n\t\t\tdata-image-slug=\"k-dsc03983\"\n\t\t\t\t\t\t\t\t\t\t\t\t\t\t\t\t\t\t\t\tclass=\"ngg-simplelightbox\" rel=\"443f878f87f5fb457fc717fc82ef9f8f\">\n\t\t\t\t\t\t\t\t<img\n\t\t\t\t\ttitle=\"k-DSC03983\"\n\t\t\t\t\talt=\"k-DSC03983\"\n\t\t\t\t\tsrc=\"https:\/\/bakh.de\/wdp\/wp-content\/gallery\/advent\/thumbs\/thumbs_k-DSC03983.JPG?t=1450640804\"\n\t\t\t\t\twidth=\"100\"\n\t\t\t\t\theight=\"75\"\n\t\t\t\t\tstyle=\"max-width:100%;\"\n\t\t\t\t\/>\n\t\t\t<\/a>\n\t\t<\/div>\n\t\t\t\t\t\t\t<\/div>\n\t\t\t\n\t\n\t<br style=\"clear: both\" \/>\n\n\t\t<div class=\"slideshowlink\">\n\t\t<a href='https:\/\/bakh.de\/wdp\/adventsnachmittag\/nggallery\/slideshow'>[Zeige als Diashow]<\/a>\n\n\t<\/div>\n\t\n\t\t<!-- Pagination -->\n\t\t<div class='ngg-clear'><\/div>\t<\/div>\n<\/p>\n","protected":false},"excerpt":{"rendered":"<p>Einen sehr sch\u00f6nen Adventsnachmittag unter dem Motto &#8222;Gemeinsam auf der H\u00f6he \u2013 Auf dem Weg im Advent&#8220; veranstalteten Schulen, Kinderg\u00e4rten, Kirche und B\u00fcrgeraktion am Freitag 4.12.15. F\u00fcr Kinder von Kindern gestaltet, begleitet von Schulmusik mit Chor und zum Schlu\u00df kam sogar der echte Nikolaus. [Zeige als Diashow]<\/p>\n","protected":false},"author":3,"featured_media":0,"comment_status":"closed","ping_status":"closed","sticky":false,"template":"","format":"standard","meta":{"ngg_post_thumbnail":0,"footnotes":""},"categories":[18],"tags":[],"class_list":["post-2862","post","type-post","status-publish","format-standard","hentry","category-veranstaltungen"],"yoast_head":"<!-- This site is optimized with the Yoast SEO plugin v27.5 - https:\/\/yoast.com\/product\/yoast-seo-wordpress\/ -->\n<title>Adventsnachmittag - B\u00fcrgeraktion Korber H\u00f6he e. V.<\/title>\n<meta name=\"robots\" content=\"index, follow, max-snippet:-1, max-image-preview:large, max-video-preview:-1\" \/>\n<link rel=\"canonical\" href=\"https:\/\/bakh.de\/wdp\/adventsnachmittag\/\" \/>\n<meta property=\"og:locale\" content=\"de_DE\" \/>\n<meta property=\"og:type\" content=\"article\" \/>\n<meta property=\"og:title\" content=\"Adventsnachmittag - B\u00fcrgeraktion Korber H\u00f6he e. V.\" \/>\n<meta property=\"og:description\" content=\"Einen sehr sch\u00f6nen Adventsnachmittag unter dem Motto &#8222;Gemeinsam auf der H\u00f6he \u2013 Auf dem Weg im Advent&#8220; veranstalteten Schulen, Kinderg\u00e4rten, Kirche und B\u00fcrgeraktion am Freitag 4.12.15. F\u00fcr Kinder von Kindern gestaltet, begleitet von Schulmusik mit Chor und zum Schlu\u00df kam sogar der echte Nikolaus. [Zeige als Diashow]\" \/>\n<meta property=\"og:url\" content=\"https:\/\/bakh.de\/wdp\/adventsnachmittag\/\" \/>\n<meta property=\"og:site_name\" content=\"B\u00fcrgeraktion Korber H\u00f6he e. V.\" \/>\n<meta property=\"article:published_time\" content=\"2015-12-20T19:48:26+00:00\" \/>\n<meta property=\"article:modified_time\" content=\"2018-03-10T16:17:12+00:00\" \/>\n<meta property=\"og:image\" content=\"http:\/\/bakh.de\/wdp\/index.php\/nextgen-attach_to_post\/preview\/id--2885\" \/>\n<meta name=\"author\" content=\"Uli\" \/>\n<meta name=\"twitter:card\" content=\"summary_large_image\" \/>\n<meta name=\"twitter:label1\" content=\"Verfasst von\" \/>\n\t<meta name=\"twitter:data1\" content=\"Uli\" \/>\n<script type=\"application\/ld+json\" class=\"yoast-schema-graph\">{\"@context\":\"https:\\\/\\\/schema.org\",\"@graph\":[{\"@type\":\"Article\",\"@id\":\"https:\\\/\\\/bakh.de\\\/wdp\\\/adventsnachmittag\\\/#article\",\"isPartOf\":{\"@id\":\"https:\\\/\\\/bakh.de\\\/wdp\\\/adventsnachmittag\\\/\"},\"author\":{\"name\":\"Uli\",\"@id\":\"https:\\\/\\\/bakh.de\\\/wdp\\\/#\\\/schema\\\/person\\\/75a1e296c1c53d3fbbc0a3c6104f6370\"},\"headline\":\"Adventsnachmittag\",\"datePublished\":\"2015-12-20T19:48:26+00:00\",\"dateModified\":\"2018-03-10T16:17:12+00:00\",\"mainEntityOfPage\":{\"@id\":\"https:\\\/\\\/bakh.de\\\/wdp\\\/adventsnachmittag\\\/\"},\"wordCount\":48,\"publisher\":{\"@id\":\"https:\\\/\\\/bakh.de\\\/wdp\\\/#organization\"},\"image\":{\"@id\":\"https:\\\/\\\/bakh.de\\\/wdp\\\/adventsnachmittag\\\/#primaryimage\"},\"thumbnailUrl\":\"http:\\\/\\\/bakh.de\\\/wdp\\\/index.php\\\/nextgen-attach_to_post\\\/preview\\\/id--2885\",\"articleSection\":[\"Veranstaltungen\"],\"inLanguage\":\"de\"},{\"@type\":\"WebPage\",\"@id\":\"https:\\\/\\\/bakh.de\\\/wdp\\\/adventsnachmittag\\\/\",\"url\":\"https:\\\/\\\/bakh.de\\\/wdp\\\/adventsnachmittag\\\/\",\"name\":\"Adventsnachmittag - B\u00fcrgeraktion Korber H\u00f6he e. V.\",\"isPartOf\":{\"@id\":\"https:\\\/\\\/bakh.de\\\/wdp\\\/#website\"},\"primaryImageOfPage\":{\"@id\":\"https:\\\/\\\/bakh.de\\\/wdp\\\/adventsnachmittag\\\/#primaryimage\"},\"image\":{\"@id\":\"https:\\\/\\\/bakh.de\\\/wdp\\\/adventsnachmittag\\\/#primaryimage\"},\"thumbnailUrl\":\"http:\\\/\\\/bakh.de\\\/wdp\\\/index.php\\\/nextgen-attach_to_post\\\/preview\\\/id--2885\",\"datePublished\":\"2015-12-20T19:48:26+00:00\",\"dateModified\":\"2018-03-10T16:17:12+00:00\",\"breadcrumb\":{\"@id\":\"https:\\\/\\\/bakh.de\\\/wdp\\\/adventsnachmittag\\\/#breadcrumb\"},\"inLanguage\":\"de\",\"potentialAction\":[{\"@type\":\"ReadAction\",\"target\":[\"https:\\\/\\\/bakh.de\\\/wdp\\\/adventsnachmittag\\\/\"]}]},{\"@type\":\"ImageObject\",\"inLanguage\":\"de\",\"@id\":\"https:\\\/\\\/bakh.de\\\/wdp\\\/adventsnachmittag\\\/#primaryimage\",\"url\":\"http:\\\/\\\/bakh.de\\\/wdp\\\/index.php\\\/nextgen-attach_to_post\\\/preview\\\/id--2885\",\"contentUrl\":\"http:\\\/\\\/bakh.de\\\/wdp\\\/index.php\\\/nextgen-attach_to_post\\\/preview\\\/id--2885\"},{\"@type\":\"BreadcrumbList\",\"@id\":\"https:\\\/\\\/bakh.de\\\/wdp\\\/adventsnachmittag\\\/#breadcrumb\",\"itemListElement\":[{\"@type\":\"ListItem\",\"position\":1,\"name\":\"Startseite\",\"item\":\"https:\\\/\\\/bakh.de\\\/wdp\\\/\"},{\"@type\":\"ListItem\",\"position\":2,\"name\":\"Adventsnachmittag\"}]},{\"@type\":\"WebSite\",\"@id\":\"https:\\\/\\\/bakh.de\\\/wdp\\\/#website\",\"url\":\"https:\\\/\\\/bakh.de\\\/wdp\\\/\",\"name\":\"B\u00fcrgeraktion Korber H\u00f6he e. V.\",\"description\":\"\",\"publisher\":{\"@id\":\"https:\\\/\\\/bakh.de\\\/wdp\\\/#organization\"},\"potentialAction\":[{\"@type\":\"SearchAction\",\"target\":{\"@type\":\"EntryPoint\",\"urlTemplate\":\"https:\\\/\\\/bakh.de\\\/wdp\\\/?s={search_term_string}\"},\"query-input\":{\"@type\":\"PropertyValueSpecification\",\"valueRequired\":true,\"valueName\":\"search_term_string\"}}],\"inLanguage\":\"de\"},{\"@type\":\"Organization\",\"@id\":\"https:\\\/\\\/bakh.de\\\/wdp\\\/#organization\",\"name\":\"B\u00fcrgeraktion Korber H\u00f6he e. V.\",\"url\":\"https:\\\/\\\/bakh.de\\\/wdp\\\/\",\"logo\":{\"@type\":\"ImageObject\",\"inLanguage\":\"de\",\"@id\":\"https:\\\/\\\/bakh.de\\\/wdp\\\/#\\\/schema\\\/logo\\\/image\\\/\",\"url\":\"https:\\\/\\\/bakh.de\\\/wdp\\\/wp-content\\\/uploads\\\/2025\\\/11\\\/BAKH_Logo_4c_512.jpg\",\"contentUrl\":\"https:\\\/\\\/bakh.de\\\/wdp\\\/wp-content\\\/uploads\\\/2025\\\/11\\\/BAKH_Logo_4c_512.jpg\",\"width\":516,\"height\":518,\"caption\":\"B\u00fcrgeraktion Korber H\u00f6he e. V.\"},\"image\":{\"@id\":\"https:\\\/\\\/bakh.de\\\/wdp\\\/#\\\/schema\\\/logo\\\/image\\\/\"}},{\"@type\":\"Person\",\"@id\":\"https:\\\/\\\/bakh.de\\\/wdp\\\/#\\\/schema\\\/person\\\/75a1e296c1c53d3fbbc0a3c6104f6370\",\"name\":\"Uli\",\"image\":{\"@type\":\"ImageObject\",\"inLanguage\":\"de\",\"@id\":\"https:\\\/\\\/secure.gravatar.com\\\/avatar\\\/3b55f09e3908cc7190694de428627f99ad7fb1fd6ca4aa1f5a2c94110a7a2967?s=96&d=mm&r=g\",\"url\":\"https:\\\/\\\/secure.gravatar.com\\\/avatar\\\/3b55f09e3908cc7190694de428627f99ad7fb1fd6ca4aa1f5a2c94110a7a2967?s=96&d=mm&r=g\",\"contentUrl\":\"https:\\\/\\\/secure.gravatar.com\\\/avatar\\\/3b55f09e3908cc7190694de428627f99ad7fb1fd6ca4aa1f5a2c94110a7a2967?s=96&d=mm&r=g\",\"caption\":\"Uli\"},\"url\":\"https:\\\/\\\/bakh.de\\\/wdp\\\/author\\\/uli\\\/\"}]}<\/script>\n<!-- \/ Yoast SEO plugin. -->","yoast_head_json":{"title":"Adventsnachmittag - B\u00fcrgeraktion Korber H\u00f6he e. V.","robots":{"index":"index","follow":"follow","max-snippet":"max-snippet:-1","max-image-preview":"max-image-preview:large","max-video-preview":"max-video-preview:-1"},"canonical":"https:\/\/bakh.de\/wdp\/adventsnachmittag\/","og_locale":"de_DE","og_type":"article","og_title":"Adventsnachmittag - B\u00fcrgeraktion Korber H\u00f6he e. V.","og_description":"Einen sehr sch\u00f6nen Adventsnachmittag unter dem Motto &#8222;Gemeinsam auf der H\u00f6he \u2013 Auf dem Weg im Advent&#8220; veranstalteten Schulen, Kinderg\u00e4rten, Kirche und B\u00fcrgeraktion am Freitag 4.12.15. F\u00fcr Kinder von Kindern gestaltet, begleitet von Schulmusik mit Chor und zum Schlu\u00df kam sogar der echte Nikolaus. [Zeige als Diashow]","og_url":"https:\/\/bakh.de\/wdp\/adventsnachmittag\/","og_site_name":"B\u00fcrgeraktion Korber H\u00f6he e. V.","article_published_time":"2015-12-20T19:48:26+00:00","article_modified_time":"2018-03-10T16:17:12+00:00","og_image":[{"url":"http:\/\/bakh.de\/wdp\/index.php\/nextgen-attach_to_post\/preview\/id--2885","type":"","width":"","height":""}],"author":"Uli","twitter_card":"summary_large_image","twitter_misc":{"Verfasst von":"Uli"},"schema":{"@context":"https:\/\/schema.org","@graph":[{"@type":"Article","@id":"https:\/\/bakh.de\/wdp\/adventsnachmittag\/#article","isPartOf":{"@id":"https:\/\/bakh.de\/wdp\/adventsnachmittag\/"},"author":{"name":"Uli","@id":"https:\/\/bakh.de\/wdp\/#\/schema\/person\/75a1e296c1c53d3fbbc0a3c6104f6370"},"headline":"Adventsnachmittag","datePublished":"2015-12-20T19:48:26+00:00","dateModified":"2018-03-10T16:17:12+00:00","mainEntityOfPage":{"@id":"https:\/\/bakh.de\/wdp\/adventsnachmittag\/"},"wordCount":48,"publisher":{"@id":"https:\/\/bakh.de\/wdp\/#organization"},"image":{"@id":"https:\/\/bakh.de\/wdp\/adventsnachmittag\/#primaryimage"},"thumbnailUrl":"http:\/\/bakh.de\/wdp\/index.php\/nextgen-attach_to_post\/preview\/id--2885","articleSection":["Veranstaltungen"],"inLanguage":"de"},{"@type":"WebPage","@id":"https:\/\/bakh.de\/wdp\/adventsnachmittag\/","url":"https:\/\/bakh.de\/wdp\/adventsnachmittag\/","name":"Adventsnachmittag - B\u00fcrgeraktion Korber H\u00f6he e. V.","isPartOf":{"@id":"https:\/\/bakh.de\/wdp\/#website"},"primaryImageOfPage":{"@id":"https:\/\/bakh.de\/wdp\/adventsnachmittag\/#primaryimage"},"image":{"@id":"https:\/\/bakh.de\/wdp\/adventsnachmittag\/#primaryimage"},"thumbnailUrl":"http:\/\/bakh.de\/wdp\/index.php\/nextgen-attach_to_post\/preview\/id--2885","datePublished":"2015-12-20T19:48:26+00:00","dateModified":"2018-03-10T16:17:12+00:00","breadcrumb":{"@id":"https:\/\/bakh.de\/wdp\/adventsnachmittag\/#breadcrumb"},"inLanguage":"de","potentialAction":[{"@type":"ReadAction","target":["https:\/\/bakh.de\/wdp\/adventsnachmittag\/"]}]},{"@type":"ImageObject","inLanguage":"de","@id":"https:\/\/bakh.de\/wdp\/adventsnachmittag\/#primaryimage","url":"http:\/\/bakh.de\/wdp\/index.php\/nextgen-attach_to_post\/preview\/id--2885","contentUrl":"http:\/\/bakh.de\/wdp\/index.php\/nextgen-attach_to_post\/preview\/id--2885"},{"@type":"BreadcrumbList","@id":"https:\/\/bakh.de\/wdp\/adventsnachmittag\/#breadcrumb","itemListElement":[{"@type":"ListItem","position":1,"name":"Startseite","item":"https:\/\/bakh.de\/wdp\/"},{"@type":"ListItem","position":2,"name":"Adventsnachmittag"}]},{"@type":"WebSite","@id":"https:\/\/bakh.de\/wdp\/#website","url":"https:\/\/bakh.de\/wdp\/","name":"B\u00fcrgeraktion Korber H\u00f6he e. V.","description":"","publisher":{"@id":"https:\/\/bakh.de\/wdp\/#organization"},"potentialAction":[{"@type":"SearchAction","target":{"@type":"EntryPoint","urlTemplate":"https:\/\/bakh.de\/wdp\/?s={search_term_string}"},"query-input":{"@type":"PropertyValueSpecification","valueRequired":true,"valueName":"search_term_string"}}],"inLanguage":"de"},{"@type":"Organization","@id":"https:\/\/bakh.de\/wdp\/#organization","name":"B\u00fcrgeraktion Korber H\u00f6he e. V.","url":"https:\/\/bakh.de\/wdp\/","logo":{"@type":"ImageObject","inLanguage":"de","@id":"https:\/\/bakh.de\/wdp\/#\/schema\/logo\/image\/","url":"https:\/\/bakh.de\/wdp\/wp-content\/uploads\/2025\/11\/BAKH_Logo_4c_512.jpg","contentUrl":"https:\/\/bakh.de\/wdp\/wp-content\/uploads\/2025\/11\/BAKH_Logo_4c_512.jpg","width":516,"height":518,"caption":"B\u00fcrgeraktion Korber H\u00f6he e. V."},"image":{"@id":"https:\/\/bakh.de\/wdp\/#\/schema\/logo\/image\/"}},{"@type":"Person","@id":"https:\/\/bakh.de\/wdp\/#\/schema\/person\/75a1e296c1c53d3fbbc0a3c6104f6370","name":"Uli","image":{"@type":"ImageObject","inLanguage":"de","@id":"https:\/\/secure.gravatar.com\/avatar\/3b55f09e3908cc7190694de428627f99ad7fb1fd6ca4aa1f5a2c94110a7a2967?s=96&d=mm&r=g","url":"https:\/\/secure.gravatar.com\/avatar\/3b55f09e3908cc7190694de428627f99ad7fb1fd6ca4aa1f5a2c94110a7a2967?s=96&d=mm&r=g","contentUrl":"https:\/\/secure.gravatar.com\/avatar\/3b55f09e3908cc7190694de428627f99ad7fb1fd6ca4aa1f5a2c94110a7a2967?s=96&d=mm&r=g","caption":"Uli"},"url":"https:\/\/bakh.de\/wdp\/author\/uli\/"}]}},"_links":{"self":[{"href":"https:\/\/bakh.de\/wdp\/wp-json\/wp\/v2\/posts\/2862","targetHints":{"allow":["GET"]}}],"collection":[{"href":"https:\/\/bakh.de\/wdp\/wp-json\/wp\/v2\/posts"}],"about":[{"href":"https:\/\/bakh.de\/wdp\/wp-json\/wp\/v2\/types\/post"}],"author":[{"embeddable":true,"href":"https:\/\/bakh.de\/wdp\/wp-json\/wp\/v2\/users\/3"}],"replies":[{"embeddable":true,"href":"https:\/\/bakh.de\/wdp\/wp-json\/wp\/v2\/comments?post=2862"}],"version-history":[{"count":6,"href":"https:\/\/bakh.de\/wdp\/wp-json\/wp\/v2\/posts\/2862\/revisions"}],"predecessor-version":[{"id":3929,"href":"https:\/\/bakh.de\/wdp\/wp-json\/wp\/v2\/posts\/2862\/revisions\/3929"}],"wp:attachment":[{"href":"https:\/\/bakh.de\/wdp\/wp-json\/wp\/v2\/media?parent=2862"}],"wp:term":[{"taxonomy":"category","embeddable":true,"href":"https:\/\/bakh.de\/wdp\/wp-json\/wp\/v2\/categories?post=2862"},{"taxonomy":"post_tag","embeddable":true,"href":"https:\/\/bakh.de\/wdp\/wp-json\/wp\/v2\/tags?post=2862"}],"curies":[{"name":"wp","href":"https:\/\/api.w.org\/{rel}","templated":true}]}}