{"id":2668,"date":"2015-10-20T18:26:12","date_gmt":"2015-10-20T18:26:12","guid":{"rendered":"http:\/\/bakh.de\/wdp\/?p=2668"},"modified":"2015-10-20T18:40:11","modified_gmt":"2015-10-20T18:40:11","slug":"infoveranstaltung-zum-stromspartag","status":"publish","type":"post","link":"https:\/\/bakh.de\/wdp\/infoveranstaltung-zum-stromspartag\/","title":{"rendered":"Infoveranstaltung  zum Stromspartag"},"content":{"rendered":"<p>Die <a href=\"http:\/\/www.energieagentur-remsmurr.de\/energieagentur-remsmurr.html\" target=\"_blank\">Energieagentur Rems-Murr<\/a> l\u00e4dt zu einer Informationsveranstaltung zum \u201eStromsparen im Haushalt\u201c am 27.Oktober 2015 im Korber-H\u00f6he-Treff ein.<\/p>\n<p>&nbsp;<\/p>\n<p><a href=\"http:\/\/www.energieagentur-remsmurr.de\/\" target=\"_blank\"><img loading=\"lazy\" decoding=\"async\" class=\"aligncenter wp-image-2669\" src=\"http:\/\/bakh.de\/wdp\/wp-content\/uploads\/2015\/10\/banner_menue4.jpg\" alt=\"banner_menue4\" width=\"556\" height=\"116\" srcset=\"https:\/\/bakh.de\/wdp\/wp-content\/uploads\/2015\/10\/banner_menue4.jpg 986w, https:\/\/bakh.de\/wdp\/wp-content\/uploads\/2015\/10\/banner_menue4-300x63.jpg 300w\" sizes=\"auto, (max-width: 556px) 100vw, 556px\" \/><\/a><!--more--><\/p>\n<p>&nbsp;<\/p>\n<p>Die letzte Oktoberwoche ist die traditionelle Weltsparwoche. Gemeinsam mit dem Stromspar-Check der Caritas Waiblingen, zeigt die Energieagentur Rems-Murr, wie Sie Ihr Jahresbudget verl\u00e4ngern k\u00f6nnen. Denn am Ende des Jahres wird abgerechnet. Dann machen sich die Kosten der elektrischen Haushaltsger\u00e4te oftmals in Form einer hohen Stromkostennachzahlung bemerkbar.<\/p>\n<p>Strom ist nicht sichtbar, deshalb merkt man nicht, wo wie viel verbraucht wird. Aber ist man sich erst mal \u00fcber die Stromfresser im Haushalt bewusst, reichen meist Kleinigkeiten, um den Stromverbrauch zu senken.<\/p>\n<p>Auf der Auftaktveranstaltung zum Stromspartag, gibt die Energieagentur Rems-Murr Ihnen einen \u201eFahrplan\u201c zur Hand, wie sie innerhalb von 3 Stunden den Stromverbrauch in Ihrem Haushalt senken k\u00f6nnen. Es wird gezeigt, wie Sie systematisch Ihre Verbr\u00e4uche erfassen, Stromfresser identifizieren und letztendlich die Verbr\u00e4uche minimieren.<\/p>\n<p>Unterst\u00fctzung bietet der <a href=\"http:\/\/www.caritas.de\/glossare\/stromspar-check\" target=\"_blank\">Stromsparcheck der Caritas<\/a>, der im zweiten Teil der Veranstaltung vorgestellt wird. Urspr\u00fcnglich richtete sich die Initiative nur an Einkommensschwache Haushalte. Die Energieagentur Rems-Murr erm\u00f6glicht nun allen, mit dem Stromspar-Check f\u00fcr Jedermann\/-frau die eigenen Sparpotentiale bei Beleuchtung und K\u00fchlschrank zu ermitteln. Beim Stromsparcheck kommen geschulte Experten direkt zu Ihnen nach Hause, \u00fcberpr\u00fcfen ihren Stromverbrauch und geben Ihnen konkrete Tipps zum Strom sparen. F\u00fcr Haushalte mit geringem Einkommen ist der Stromspar-Check kostenlos.<\/p>\n<p><a href=\"http:\/\/bakh.de\/wdp\/wp-content\/uploads\/2015\/10\/k-Strom-sparen-Plakat.png\"><img loading=\"lazy\" decoding=\"async\" class=\"aligncenter wp-image-2677\" src=\"http:\/\/bakh.de\/wdp\/wp-content\/uploads\/2015\/10\/k-Strom-sparen-Plakat.png\" alt=\"k-Strom sparen Plakat\" width=\"560\" height=\"747\" srcset=\"https:\/\/bakh.de\/wdp\/wp-content\/uploads\/2015\/10\/k-Strom-sparen-Plakat.png 600w, https:\/\/bakh.de\/wdp\/wp-content\/uploads\/2015\/10\/k-Strom-sparen-Plakat-225x300.png 225w\" sizes=\"auto, (max-width: 560px) 100vw, 560px\" \/><\/a><\/p>\n","protected":false},"excerpt":{"rendered":"<p>Die Energieagentur Rems-Murr l\u00e4dt zu einer Informationsveranstaltung zum \u201eStromsparen im Haushalt\u201c am 27.Oktober 2015 im Korber-H\u00f6he-Treff ein. &nbsp;<\/p>\n","protected":false},"author":3,"featured_media":0,"comment_status":"closed","ping_status":"closed","sticky":false,"template":"","format":"standard","meta":{"ngg_post_thumbnail":0,"footnotes":""},"categories":[6],"tags":[],"class_list":["post-2668","post","type-post","status-publish","format-standard","hentry","category-termine"],"yoast_head":"<!-- This site is optimized with the Yoast SEO plugin v27.5 - https:\/\/yoast.com\/product\/yoast-seo-wordpress\/ -->\n<title>Infoveranstaltung zum Stromspartag - B\u00fcrgeraktion Korber H\u00f6he e. V.<\/title>\n<meta name=\"robots\" content=\"index, follow, max-snippet:-1, max-image-preview:large, max-video-preview:-1\" \/>\n<link rel=\"canonical\" href=\"https:\/\/bakh.de\/wdp\/infoveranstaltung-zum-stromspartag\/\" \/>\n<meta property=\"og:locale\" content=\"de_DE\" \/>\n<meta property=\"og:type\" content=\"article\" \/>\n<meta property=\"og:title\" content=\"Infoveranstaltung zum Stromspartag - B\u00fcrgeraktion Korber H\u00f6he e. V.\" \/>\n<meta property=\"og:description\" content=\"Die Energieagentur Rems-Murr l\u00e4dt zu einer Informationsveranstaltung zum \u201eStromsparen im Haushalt\u201c am 27.Oktober 2015 im Korber-H\u00f6he-Treff ein. &nbsp;\" \/>\n<meta property=\"og:url\" content=\"https:\/\/bakh.de\/wdp\/infoveranstaltung-zum-stromspartag\/\" \/>\n<meta property=\"og:site_name\" content=\"B\u00fcrgeraktion Korber H\u00f6he e. V.\" \/>\n<meta property=\"article:published_time\" content=\"2015-10-20T18:26:12+00:00\" \/>\n<meta property=\"article:modified_time\" content=\"2015-10-20T18:40:11+00:00\" \/>\n<meta property=\"og:image\" content=\"http:\/\/bakh.de\/wdp\/wp-content\/uploads\/2015\/10\/banner_menue4.jpg\" \/>\n<meta name=\"author\" content=\"Uli\" \/>\n<meta name=\"twitter:card\" content=\"summary_large_image\" \/>\n<meta name=\"twitter:label1\" content=\"Verfasst von\" \/>\n\t<meta name=\"twitter:data1\" content=\"Uli\" \/>\n\t<meta name=\"twitter:label2\" content=\"Gesch\u00e4tzte Lesezeit\" \/>\n\t<meta name=\"twitter:data2\" content=\"1\u00a0Minute\" \/>\n<script type=\"application\/ld+json\" class=\"yoast-schema-graph\">{\"@context\":\"https:\\\/\\\/schema.org\",\"@graph\":[{\"@type\":\"Article\",\"@id\":\"https:\\\/\\\/bakh.de\\\/wdp\\\/infoveranstaltung-zum-stromspartag\\\/#article\",\"isPartOf\":{\"@id\":\"https:\\\/\\\/bakh.de\\\/wdp\\\/infoveranstaltung-zum-stromspartag\\\/\"},\"author\":{\"name\":\"Uli\",\"@id\":\"https:\\\/\\\/bakh.de\\\/wdp\\\/#\\\/schema\\\/person\\\/75a1e296c1c53d3fbbc0a3c6104f6370\"},\"headline\":\"Infoveranstaltung zum Stromspartag\",\"datePublished\":\"2015-10-20T18:26:12+00:00\",\"dateModified\":\"2015-10-20T18:40:11+00:00\",\"mainEntityOfPage\":{\"@id\":\"https:\\\/\\\/bakh.de\\\/wdp\\\/infoveranstaltung-zum-stromspartag\\\/\"},\"wordCount\":231,\"publisher\":{\"@id\":\"https:\\\/\\\/bakh.de\\\/wdp\\\/#organization\"},\"image\":{\"@id\":\"https:\\\/\\\/bakh.de\\\/wdp\\\/infoveranstaltung-zum-stromspartag\\\/#primaryimage\"},\"thumbnailUrl\":\"http:\\\/\\\/bakh.de\\\/wdp\\\/wp-content\\\/uploads\\\/2015\\\/10\\\/banner_menue4.jpg\",\"articleSection\":[\"Termine\"],\"inLanguage\":\"de\"},{\"@type\":\"WebPage\",\"@id\":\"https:\\\/\\\/bakh.de\\\/wdp\\\/infoveranstaltung-zum-stromspartag\\\/\",\"url\":\"https:\\\/\\\/bakh.de\\\/wdp\\\/infoveranstaltung-zum-stromspartag\\\/\",\"name\":\"Infoveranstaltung zum Stromspartag - B\u00fcrgeraktion Korber H\u00f6he e. V.\",\"isPartOf\":{\"@id\":\"https:\\\/\\\/bakh.de\\\/wdp\\\/#website\"},\"primaryImageOfPage\":{\"@id\":\"https:\\\/\\\/bakh.de\\\/wdp\\\/infoveranstaltung-zum-stromspartag\\\/#primaryimage\"},\"image\":{\"@id\":\"https:\\\/\\\/bakh.de\\\/wdp\\\/infoveranstaltung-zum-stromspartag\\\/#primaryimage\"},\"thumbnailUrl\":\"http:\\\/\\\/bakh.de\\\/wdp\\\/wp-content\\\/uploads\\\/2015\\\/10\\\/banner_menue4.jpg\",\"datePublished\":\"2015-10-20T18:26:12+00:00\",\"dateModified\":\"2015-10-20T18:40:11+00:00\",\"breadcrumb\":{\"@id\":\"https:\\\/\\\/bakh.de\\\/wdp\\\/infoveranstaltung-zum-stromspartag\\\/#breadcrumb\"},\"inLanguage\":\"de\",\"potentialAction\":[{\"@type\":\"ReadAction\",\"target\":[\"https:\\\/\\\/bakh.de\\\/wdp\\\/infoveranstaltung-zum-stromspartag\\\/\"]}]},{\"@type\":\"ImageObject\",\"inLanguage\":\"de\",\"@id\":\"https:\\\/\\\/bakh.de\\\/wdp\\\/infoveranstaltung-zum-stromspartag\\\/#primaryimage\",\"url\":\"https:\\\/\\\/bakh.de\\\/wdp\\\/wp-content\\\/uploads\\\/2015\\\/10\\\/banner_menue4.jpg\",\"contentUrl\":\"https:\\\/\\\/bakh.de\\\/wdp\\\/wp-content\\\/uploads\\\/2015\\\/10\\\/banner_menue4.jpg\",\"width\":986,\"height\":206},{\"@type\":\"BreadcrumbList\",\"@id\":\"https:\\\/\\\/bakh.de\\\/wdp\\\/infoveranstaltung-zum-stromspartag\\\/#breadcrumb\",\"itemListElement\":[{\"@type\":\"ListItem\",\"position\":1,\"name\":\"Startseite\",\"item\":\"https:\\\/\\\/bakh.de\\\/wdp\\\/\"},{\"@type\":\"ListItem\",\"position\":2,\"name\":\"Infoveranstaltung zum Stromspartag\"}]},{\"@type\":\"WebSite\",\"@id\":\"https:\\\/\\\/bakh.de\\\/wdp\\\/#website\",\"url\":\"https:\\\/\\\/bakh.de\\\/wdp\\\/\",\"name\":\"B\u00fcrgeraktion Korber H\u00f6he e. V.\",\"description\":\"\",\"publisher\":{\"@id\":\"https:\\\/\\\/bakh.de\\\/wdp\\\/#organization\"},\"potentialAction\":[{\"@type\":\"SearchAction\",\"target\":{\"@type\":\"EntryPoint\",\"urlTemplate\":\"https:\\\/\\\/bakh.de\\\/wdp\\\/?s={search_term_string}\"},\"query-input\":{\"@type\":\"PropertyValueSpecification\",\"valueRequired\":true,\"valueName\":\"search_term_string\"}}],\"inLanguage\":\"de\"},{\"@type\":\"Organization\",\"@id\":\"https:\\\/\\\/bakh.de\\\/wdp\\\/#organization\",\"name\":\"B\u00fcrgeraktion Korber H\u00f6he e. V.\",\"url\":\"https:\\\/\\\/bakh.de\\\/wdp\\\/\",\"logo\":{\"@type\":\"ImageObject\",\"inLanguage\":\"de\",\"@id\":\"https:\\\/\\\/bakh.de\\\/wdp\\\/#\\\/schema\\\/logo\\\/image\\\/\",\"url\":\"https:\\\/\\\/bakh.de\\\/wdp\\\/wp-content\\\/uploads\\\/2025\\\/11\\\/BAKH_Logo_4c_512.jpg\",\"contentUrl\":\"https:\\\/\\\/bakh.de\\\/wdp\\\/wp-content\\\/uploads\\\/2025\\\/11\\\/BAKH_Logo_4c_512.jpg\",\"width\":516,\"height\":518,\"caption\":\"B\u00fcrgeraktion Korber H\u00f6he e. V.\"},\"image\":{\"@id\":\"https:\\\/\\\/bakh.de\\\/wdp\\\/#\\\/schema\\\/logo\\\/image\\\/\"}},{\"@type\":\"Person\",\"@id\":\"https:\\\/\\\/bakh.de\\\/wdp\\\/#\\\/schema\\\/person\\\/75a1e296c1c53d3fbbc0a3c6104f6370\",\"name\":\"Uli\",\"image\":{\"@type\":\"ImageObject\",\"inLanguage\":\"de\",\"@id\":\"https:\\\/\\\/secure.gravatar.com\\\/avatar\\\/3b55f09e3908cc7190694de428627f99ad7fb1fd6ca4aa1f5a2c94110a7a2967?s=96&d=mm&r=g\",\"url\":\"https:\\\/\\\/secure.gravatar.com\\\/avatar\\\/3b55f09e3908cc7190694de428627f99ad7fb1fd6ca4aa1f5a2c94110a7a2967?s=96&d=mm&r=g\",\"contentUrl\":\"https:\\\/\\\/secure.gravatar.com\\\/avatar\\\/3b55f09e3908cc7190694de428627f99ad7fb1fd6ca4aa1f5a2c94110a7a2967?s=96&d=mm&r=g\",\"caption\":\"Uli\"},\"url\":\"https:\\\/\\\/bakh.de\\\/wdp\\\/author\\\/uli\\\/\"}]}<\/script>\n<!-- \/ Yoast SEO plugin. -->","yoast_head_json":{"title":"Infoveranstaltung zum Stromspartag - B\u00fcrgeraktion Korber H\u00f6he e. V.","robots":{"index":"index","follow":"follow","max-snippet":"max-snippet:-1","max-image-preview":"max-image-preview:large","max-video-preview":"max-video-preview:-1"},"canonical":"https:\/\/bakh.de\/wdp\/infoveranstaltung-zum-stromspartag\/","og_locale":"de_DE","og_type":"article","og_title":"Infoveranstaltung zum Stromspartag - B\u00fcrgeraktion Korber H\u00f6he e. V.","og_description":"Die Energieagentur Rems-Murr l\u00e4dt zu einer Informationsveranstaltung zum \u201eStromsparen im Haushalt\u201c am 27.Oktober 2015 im Korber-H\u00f6he-Treff ein. &nbsp;","og_url":"https:\/\/bakh.de\/wdp\/infoveranstaltung-zum-stromspartag\/","og_site_name":"B\u00fcrgeraktion Korber H\u00f6he e. V.","article_published_time":"2015-10-20T18:26:12+00:00","article_modified_time":"2015-10-20T18:40:11+00:00","og_image":[{"url":"http:\/\/bakh.de\/wdp\/wp-content\/uploads\/2015\/10\/banner_menue4.jpg","type":"","width":"","height":""}],"author":"Uli","twitter_card":"summary_large_image","twitter_misc":{"Verfasst von":"Uli","Gesch\u00e4tzte Lesezeit":"1\u00a0Minute"},"schema":{"@context":"https:\/\/schema.org","@graph":[{"@type":"Article","@id":"https:\/\/bakh.de\/wdp\/infoveranstaltung-zum-stromspartag\/#article","isPartOf":{"@id":"https:\/\/bakh.de\/wdp\/infoveranstaltung-zum-stromspartag\/"},"author":{"name":"Uli","@id":"https:\/\/bakh.de\/wdp\/#\/schema\/person\/75a1e296c1c53d3fbbc0a3c6104f6370"},"headline":"Infoveranstaltung zum Stromspartag","datePublished":"2015-10-20T18:26:12+00:00","dateModified":"2015-10-20T18:40:11+00:00","mainEntityOfPage":{"@id":"https:\/\/bakh.de\/wdp\/infoveranstaltung-zum-stromspartag\/"},"wordCount":231,"publisher":{"@id":"https:\/\/bakh.de\/wdp\/#organization"},"image":{"@id":"https:\/\/bakh.de\/wdp\/infoveranstaltung-zum-stromspartag\/#primaryimage"},"thumbnailUrl":"http:\/\/bakh.de\/wdp\/wp-content\/uploads\/2015\/10\/banner_menue4.jpg","articleSection":["Termine"],"inLanguage":"de"},{"@type":"WebPage","@id":"https:\/\/bakh.de\/wdp\/infoveranstaltung-zum-stromspartag\/","url":"https:\/\/bakh.de\/wdp\/infoveranstaltung-zum-stromspartag\/","name":"Infoveranstaltung zum Stromspartag - B\u00fcrgeraktion Korber H\u00f6he e. V.","isPartOf":{"@id":"https:\/\/bakh.de\/wdp\/#website"},"primaryImageOfPage":{"@id":"https:\/\/bakh.de\/wdp\/infoveranstaltung-zum-stromspartag\/#primaryimage"},"image":{"@id":"https:\/\/bakh.de\/wdp\/infoveranstaltung-zum-stromspartag\/#primaryimage"},"thumbnailUrl":"http:\/\/bakh.de\/wdp\/wp-content\/uploads\/2015\/10\/banner_menue4.jpg","datePublished":"2015-10-20T18:26:12+00:00","dateModified":"2015-10-20T18:40:11+00:00","breadcrumb":{"@id":"https:\/\/bakh.de\/wdp\/infoveranstaltung-zum-stromspartag\/#breadcrumb"},"inLanguage":"de","potentialAction":[{"@type":"ReadAction","target":["https:\/\/bakh.de\/wdp\/infoveranstaltung-zum-stromspartag\/"]}]},{"@type":"ImageObject","inLanguage":"de","@id":"https:\/\/bakh.de\/wdp\/infoveranstaltung-zum-stromspartag\/#primaryimage","url":"https:\/\/bakh.de\/wdp\/wp-content\/uploads\/2015\/10\/banner_menue4.jpg","contentUrl":"https:\/\/bakh.de\/wdp\/wp-content\/uploads\/2015\/10\/banner_menue4.jpg","width":986,"height":206},{"@type":"BreadcrumbList","@id":"https:\/\/bakh.de\/wdp\/infoveranstaltung-zum-stromspartag\/#breadcrumb","itemListElement":[{"@type":"ListItem","position":1,"name":"Startseite","item":"https:\/\/bakh.de\/wdp\/"},{"@type":"ListItem","position":2,"name":"Infoveranstaltung zum Stromspartag"}]},{"@type":"WebSite","@id":"https:\/\/bakh.de\/wdp\/#website","url":"https:\/\/bakh.de\/wdp\/","name":"B\u00fcrgeraktion Korber H\u00f6he e. V.","description":"","publisher":{"@id":"https:\/\/bakh.de\/wdp\/#organization"},"potentialAction":[{"@type":"SearchAction","target":{"@type":"EntryPoint","urlTemplate":"https:\/\/bakh.de\/wdp\/?s={search_term_string}"},"query-input":{"@type":"PropertyValueSpecification","valueRequired":true,"valueName":"search_term_string"}}],"inLanguage":"de"},{"@type":"Organization","@id":"https:\/\/bakh.de\/wdp\/#organization","name":"B\u00fcrgeraktion Korber H\u00f6he e. V.","url":"https:\/\/bakh.de\/wdp\/","logo":{"@type":"ImageObject","inLanguage":"de","@id":"https:\/\/bakh.de\/wdp\/#\/schema\/logo\/image\/","url":"https:\/\/bakh.de\/wdp\/wp-content\/uploads\/2025\/11\/BAKH_Logo_4c_512.jpg","contentUrl":"https:\/\/bakh.de\/wdp\/wp-content\/uploads\/2025\/11\/BAKH_Logo_4c_512.jpg","width":516,"height":518,"caption":"B\u00fcrgeraktion Korber H\u00f6he e. V."},"image":{"@id":"https:\/\/bakh.de\/wdp\/#\/schema\/logo\/image\/"}},{"@type":"Person","@id":"https:\/\/bakh.de\/wdp\/#\/schema\/person\/75a1e296c1c53d3fbbc0a3c6104f6370","name":"Uli","image":{"@type":"ImageObject","inLanguage":"de","@id":"https:\/\/secure.gravatar.com\/avatar\/3b55f09e3908cc7190694de428627f99ad7fb1fd6ca4aa1f5a2c94110a7a2967?s=96&d=mm&r=g","url":"https:\/\/secure.gravatar.com\/avatar\/3b55f09e3908cc7190694de428627f99ad7fb1fd6ca4aa1f5a2c94110a7a2967?s=96&d=mm&r=g","contentUrl":"https:\/\/secure.gravatar.com\/avatar\/3b55f09e3908cc7190694de428627f99ad7fb1fd6ca4aa1f5a2c94110a7a2967?s=96&d=mm&r=g","caption":"Uli"},"url":"https:\/\/bakh.de\/wdp\/author\/uli\/"}]}},"_links":{"self":[{"href":"https:\/\/bakh.de\/wdp\/wp-json\/wp\/v2\/posts\/2668","targetHints":{"allow":["GET"]}}],"collection":[{"href":"https:\/\/bakh.de\/wdp\/wp-json\/wp\/v2\/posts"}],"about":[{"href":"https:\/\/bakh.de\/wdp\/wp-json\/wp\/v2\/types\/post"}],"author":[{"embeddable":true,"href":"https:\/\/bakh.de\/wdp\/wp-json\/wp\/v2\/users\/3"}],"replies":[{"embeddable":true,"href":"https:\/\/bakh.de\/wdp\/wp-json\/wp\/v2\/comments?post=2668"}],"version-history":[{"count":11,"href":"https:\/\/bakh.de\/wdp\/wp-json\/wp\/v2\/posts\/2668\/revisions"}],"predecessor-version":[{"id":2681,"href":"https:\/\/bakh.de\/wdp\/wp-json\/wp\/v2\/posts\/2668\/revisions\/2681"}],"wp:attachment":[{"href":"https:\/\/bakh.de\/wdp\/wp-json\/wp\/v2\/media?parent=2668"}],"wp:term":[{"taxonomy":"category","embeddable":true,"href":"https:\/\/bakh.de\/wdp\/wp-json\/wp\/v2\/categories?post=2668"},{"taxonomy":"post_tag","embeddable":true,"href":"https:\/\/bakh.de\/wdp\/wp-json\/wp\/v2\/tags?post=2668"}],"curies":[{"name":"wp","href":"https:\/\/api.w.org\/{rel}","templated":true}]}}