{"id":2624,"date":"2015-07-06T20:06:54","date_gmt":"2015-07-06T20:06:54","guid":{"rendered":"http:\/\/bakh.de\/wdp\/?p=2624"},"modified":"2018-03-10T16:19:34","modified_gmt":"2018-03-10T16:19:34","slug":"stadtteilbegehung-mit-buergermeisterin-christiane-duerr-2","status":"publish","type":"post","link":"https:\/\/bakh.de\/wdp\/stadtteilbegehung-mit-buergermeisterin-christiane-duerr-2\/","title":{"rendered":"Stadtteilbegehung mit B\u00fcrgermeisterin Christiane D\u00fcrr"},"content":{"rendered":"<p><a href=\"http:\/\/bakh.de\/wdp\/wp-content\/uploads\/2015\/07\/2015-07-04-Begehg-Ko-H\u00f6-006.jpg\"><img loading=\"lazy\" decoding=\"async\" class=\"alignleft wp-image-2635\" src=\"http:\/\/bakh.de\/wdp\/wp-content\/uploads\/2015\/07\/2015-07-04-Begehg-Ko-H\u00f6-006.jpg\" alt=\"2015-07-04 Begehg Ko-H\u00f6 006\" width=\"200\" height=\"133\" srcset=\"https:\/\/bakh.de\/wdp\/wp-content\/uploads\/2015\/07\/2015-07-04-Begehg-Ko-H\u00f6-006.jpg 800w, https:\/\/bakh.de\/wdp\/wp-content\/uploads\/2015\/07\/2015-07-04-Begehg-Ko-H\u00f6-006-300x200.jpg 300w\" sizes=\"auto, (max-width: 200px) 100vw, 200px\" \/><\/a>Am Samstag, 4. Juli, haben wir mit der ersten B\u00fcrgermeisterin der Stadt Waiblingen, Frau Christiane D\u00fcrr,&nbsp; einen Stadtteilspaziergang \u00fcber die Korber H\u00f6he gemacht. Schwerpunkt der Begehung waren die sozialen Einrichtungen, wie Kinderg\u00e4rten und Schulen sowie der Finkenberg sein.<!--more--><\/p>\n<p>Trotz der gro\u00dfen Hitze waren ca. 30 Interessierte zum Mikrozentrum gekommen. Gemeinsam mit Frau D\u00fcrr gingen sie \u00fcber den gr\u00fcnen Anger zum Kinderhaus Finkenburg. Laut Frau D\u00fcrr sind etwa 40 der 60 Pl\u00e4tze belegt, die Stadt arbeite an einem F\u00f6rderkonzept um die Belegung zu verbessern. So sch\u00f6n das Kinderhaus selbst ist, der Au\u00dfenbereich machte einen eher lieblosen und ungepflegten Eindruck.<\/p>\n<p>Auf dem Finkenberg informierte Herr Beck vom <a href=\"http:\/\/www.jugendfarm-waiblingen.de\/\" target=\"_blank\" rel=\"noopener\">Jugendfarmverein<\/a> \u00fcber den aktuellen Stand. Es soll ein Bauwagen angeschafft und in Verbindung mit dem Kinder- und Jugendtreff, sowie Schulen, Aktivit\u00e4ten angeboten werden . Die Umwidmung des Gel\u00e4ndes durch das Landratsamt steht leider immer noch aus. Die Renaturierung des Gel\u00e4ndes macht Fortschritte, es wird aber noch mindestens ein Jahr dauern bis wieder (dann aber weniger) Tiere weiden k\u00f6nnen.<\/p>\n<p>Der R\u00fcckweg f\u00fchrt beim neu gestalteten Kindergarten Salierstra\u00dfe vorbei zum Montessori-Kinderhaus, das einen Einblick in sein p\u00e4dagogisches Konzept gab, und in den Ganztagesbereich der Salier Gemeinschaftsschule.<\/p>\n<p>Den Abschluss bildete ein Besuch beim Kinder- und Jugendtreff beim Forum Nord und bei der mobilen Jugendarbeit.<\/p>\n<p>&nbsp;<\/p>\n<p><!-- default-view.php -->\n<div\n\tclass=\"ngg-galleryoverview default-view\n\t ngg-ajax-pagination-none\t\"\n\tid=\"ngg-gallery-1d898bec7ca78425bf6b866b206e60b4-1\"\n\tdata-nextgen-gallery-id=\"27\"\n\tdata-gallery-id=\"27\"\n\t\tdata-gallery-name=\"Stadtteilspaziergang 2015\"\n\t>\n\n\t\t<!-- Thumbnails -->\n\t\t\t\t<div id=\"ngg-image-0\" class=\"ngg-gallery-thumbnail-box\n\t\t\t\t\t\t\t\t\t\t\t\"\n\t\t\t>\n\t\t\t\t\t\t<div class=\"ngg-gallery-thumbnail\">\n\t\t<a href=\"https:\/\/bakh.de\/wdp\/wp-content\/gallery\/stadtteilspaziergang-2015\/k-IMG_4638.JPG?t=1670925049\"\n\t\t\ttitle=\"\"\n\t\t\tdata-src=\"https:\/\/bakh.de\/wdp\/wp-content\/gallery\/stadtteilspaziergang-2015\/k-IMG_4638.JPG?t=1670925049\"\n\t\t\tdata-thumbnail=\"https:\/\/bakh.de\/wdp\/wp-content\/gallery\/stadtteilspaziergang-2015\/thumbs\/thumbs_k-IMG_4638.JPG?t=1670925049\"\n\t\t\tdata-image-id=\"315\"\n\t\t\tdata-image-name=\"k-IMG_4638.JPG\"\n\t\t\tdata-title=\"k-IMG_4638\"\n\t\t\tdata-description=\"\"\n\t\t\tdata-image-slug=\"k-img_4638\"\n\t\t\t\t\t\t\t\t\t\t\t\t\t\t\t\t\t\t\t\tclass=\"ngg-simplelightbox\" rel=\"1d898bec7ca78425bf6b866b206e60b4\">\n\t\t\t\t\t\t\t\t<img\n\t\t\t\t\ttitle=\"k-IMG_4638\"\n\t\t\t\t\talt=\"k-IMG_4638\"\n\t\t\t\t\tsrc=\"https:\/\/bakh.de\/wdp\/wp-content\/gallery\/stadtteilspaziergang-2015\/thumbs\/thumbs_k-IMG_4638.JPG?t=1670925049\"\n\t\t\t\t\twidth=\"100\"\n\t\t\t\t\theight=\"75\"\n\t\t\t\t\tstyle=\"max-width:100%;\"\n\t\t\t\t\/>\n\t\t\t<\/a>\n\t\t<\/div>\n\t\t\t\t\t\t\t<\/div>\n\t\t\t\n\t\t\t\t<div id=\"ngg-image-1\" class=\"ngg-gallery-thumbnail-box\n\t\t\t\t\t\t\t\t\t\t\t\"\n\t\t\t>\n\t\t\t\t\t\t<div class=\"ngg-gallery-thumbnail\">\n\t\t<a href=\"https:\/\/bakh.de\/wdp\/wp-content\/gallery\/stadtteilspaziergang-2015\/k-IMG_4640a.jpg?t=1436112591\"\n\t\t\ttitle=\"\"\n\t\t\tdata-src=\"https:\/\/bakh.de\/wdp\/wp-content\/gallery\/stadtteilspaziergang-2015\/k-IMG_4640a.jpg?t=1436112591\"\n\t\t\tdata-thumbnail=\"https:\/\/bakh.de\/wdp\/wp-content\/gallery\/stadtteilspaziergang-2015\/thumbs\/thumbs_k-IMG_4640a.jpg?t=1436112591\"\n\t\t\tdata-image-id=\"316\"\n\t\t\tdata-image-name=\"k-IMG_4640a.jpg\"\n\t\t\tdata-title=\"k-IMG_4640a\"\n\t\t\tdata-description=\"\"\n\t\t\tdata-image-slug=\"k-img_4640a\"\n\t\t\t\t\t\t\t\t\t\t\t\t\t\t\t\t\t\t\t\tclass=\"ngg-simplelightbox\" rel=\"1d898bec7ca78425bf6b866b206e60b4\">\n\t\t\t\t\t\t\t\t<img\n\t\t\t\t\ttitle=\"k-IMG_4640a\"\n\t\t\t\t\talt=\"k-IMG_4640a\"\n\t\t\t\t\tsrc=\"https:\/\/bakh.de\/wdp\/wp-content\/gallery\/stadtteilspaziergang-2015\/thumbs\/thumbs_k-IMG_4640a.jpg?t=1436112591\"\n\t\t\t\t\twidth=\"100\"\n\t\t\t\t\theight=\"75\"\n\t\t\t\t\tstyle=\"max-width:100%;\"\n\t\t\t\t\/>\n\t\t\t<\/a>\n\t\t<\/div>\n\t\t\t\t\t\t\t<\/div>\n\t\t\t\n\t\t\t\t<div id=\"ngg-image-2\" class=\"ngg-gallery-thumbnail-box\n\t\t\t\t\t\t\t\t\t\t\t\"\n\t\t\t>\n\t\t\t\t\t\t<div class=\"ngg-gallery-thumbnail\">\n\t\t<a href=\"https:\/\/bakh.de\/wdp\/wp-content\/gallery\/stadtteilspaziergang-2015\/k-IMG_4651a.jpg?t=1436112602\"\n\t\t\ttitle=\"\"\n\t\t\tdata-src=\"https:\/\/bakh.de\/wdp\/wp-content\/gallery\/stadtteilspaziergang-2015\/k-IMG_4651a.jpg?t=1436112602\"\n\t\t\tdata-thumbnail=\"https:\/\/bakh.de\/wdp\/wp-content\/gallery\/stadtteilspaziergang-2015\/thumbs\/thumbs_k-IMG_4651a.jpg?t=1436112602\"\n\t\t\tdata-image-id=\"317\"\n\t\t\tdata-image-name=\"k-IMG_4651a.jpg\"\n\t\t\tdata-title=\"k-IMG_4651a\"\n\t\t\tdata-description=\"\"\n\t\t\tdata-image-slug=\"k-img_4651a\"\n\t\t\t\t\t\t\t\t\t\t\t\t\t\t\t\t\t\t\t\tclass=\"ngg-simplelightbox\" rel=\"1d898bec7ca78425bf6b866b206e60b4\">\n\t\t\t\t\t\t\t\t<img\n\t\t\t\t\ttitle=\"k-IMG_4651a\"\n\t\t\t\t\talt=\"k-IMG_4651a\"\n\t\t\t\t\tsrc=\"https:\/\/bakh.de\/wdp\/wp-content\/gallery\/stadtteilspaziergang-2015\/thumbs\/thumbs_k-IMG_4651a.jpg?t=1436112602\"\n\t\t\t\t\twidth=\"100\"\n\t\t\t\t\theight=\"75\"\n\t\t\t\t\tstyle=\"max-width:100%;\"\n\t\t\t\t\/>\n\t\t\t<\/a>\n\t\t<\/div>\n\t\t\t\t\t\t\t<\/div>\n\t\t\t\n\t\t\t\t<div id=\"ngg-image-3\" class=\"ngg-gallery-thumbnail-box\n\t\t\t\t\t\t\t\t\t\t\t\"\n\t\t\t>\n\t\t\t\t\t\t<div class=\"ngg-gallery-thumbnail\">\n\t\t<a href=\"https:\/\/bakh.de\/wdp\/wp-content\/gallery\/stadtteilspaziergang-2015\/k-IMG_4656.JPG?t=1436112615\"\n\t\t\ttitle=\"\"\n\t\t\tdata-src=\"https:\/\/bakh.de\/wdp\/wp-content\/gallery\/stadtteilspaziergang-2015\/k-IMG_4656.JPG?t=1436112615\"\n\t\t\tdata-thumbnail=\"https:\/\/bakh.de\/wdp\/wp-content\/gallery\/stadtteilspaziergang-2015\/thumbs\/thumbs_k-IMG_4656.JPG?t=1436112615\"\n\t\t\tdata-image-id=\"318\"\n\t\t\tdata-image-name=\"k-IMG_4656.JPG\"\n\t\t\tdata-title=\"k-IMG_4656\"\n\t\t\tdata-description=\"\"\n\t\t\tdata-image-slug=\"k-img_4656\"\n\t\t\t\t\t\t\t\t\t\t\t\t\t\t\t\t\t\t\t\tclass=\"ngg-simplelightbox\" rel=\"1d898bec7ca78425bf6b866b206e60b4\">\n\t\t\t\t\t\t\t\t<img\n\t\t\t\t\ttitle=\"k-IMG_4656\"\n\t\t\t\t\talt=\"k-IMG_4656\"\n\t\t\t\t\tsrc=\"https:\/\/bakh.de\/wdp\/wp-content\/gallery\/stadtteilspaziergang-2015\/thumbs\/thumbs_k-IMG_4656.JPG?t=1436112615\"\n\t\t\t\t\twidth=\"100\"\n\t\t\t\t\theight=\"75\"\n\t\t\t\t\tstyle=\"max-width:100%;\"\n\t\t\t\t\/>\n\t\t\t<\/a>\n\t\t<\/div>\n\t\t\t\t\t\t\t<\/div>\n\t\t\t\n\t\t\t\t<div id=\"ngg-image-4\" class=\"ngg-gallery-thumbnail-box\n\t\t\t\t\t\t\t\t\t\t\t\"\n\t\t\t>\n\t\t\t\t\t\t<div class=\"ngg-gallery-thumbnail\">\n\t\t<a href=\"https:\/\/bakh.de\/wdp\/wp-content\/gallery\/stadtteilspaziergang-2015\/2015-07-04-Begehg-Ko-H%C3%B6-005.jpg?t=1436211989\"\n\t\t\ttitle=\"\"\n\t\t\tdata-src=\"https:\/\/bakh.de\/wdp\/wp-content\/gallery\/stadtteilspaziergang-2015\/2015-07-04-Begehg-Ko-H%C3%B6-005.jpg?t=1436211989\"\n\t\t\tdata-thumbnail=\"https:\/\/bakh.de\/wdp\/wp-content\/gallery\/stadtteilspaziergang-2015\/thumbs\/thumbs_2015-07-04-Begehg-Ko-H%C3%B6-005.jpg?t=1436211989\"\n\t\t\tdata-image-id=\"335\"\n\t\t\tdata-image-name=\"2015-07-04-Begehg-Ko-H\u00f6-005.jpg\"\n\t\t\tdata-title=\"2015-07-04 Begehg Ko-H\u00f6 005\"\n\t\t\tdata-description=\"\"\n\t\t\tdata-image-slug=\"2015-07-04-begehg-ko-h%c3%b6-005-1\"\n\t\t\t\t\t\t\t\t\t\t\t\t\t\t\t\t\t\t\t\tclass=\"ngg-simplelightbox\" rel=\"1d898bec7ca78425bf6b866b206e60b4\">\n\t\t\t\t\t\t\t\t<img\n\t\t\t\t\ttitle=\"2015-07-04 Begehg Ko-H\u00f6 005\"\n\t\t\t\t\talt=\"2015-07-04 Begehg Ko-H\u00f6 005\"\n\t\t\t\t\tsrc=\"https:\/\/bakh.de\/wdp\/wp-content\/gallery\/stadtteilspaziergang-2015\/thumbs\/thumbs_2015-07-04-Begehg-Ko-H%C3%B6-005.jpg?t=1436211989\"\n\t\t\t\t\twidth=\"100\"\n\t\t\t\t\theight=\"75\"\n\t\t\t\t\tstyle=\"max-width:100%;\"\n\t\t\t\t\/>\n\t\t\t<\/a>\n\t\t<\/div>\n\t\t\t\t\t\t\t<\/div>\n\t\t\t\n\t\t\t\t<div id=\"ngg-image-5\" class=\"ngg-gallery-thumbnail-box\n\t\t\t\t\t\t\t\t\t\t\t\"\n\t\t\t>\n\t\t\t\t\t\t<div class=\"ngg-gallery-thumbnail\">\n\t\t<a href=\"https:\/\/bakh.de\/wdp\/wp-content\/gallery\/stadtteilspaziergang-2015\/2015-07-04-Begehg-Ko-H%C3%B6-006.jpg?t=1436211996\"\n\t\t\ttitle=\"\"\n\t\t\tdata-src=\"https:\/\/bakh.de\/wdp\/wp-content\/gallery\/stadtteilspaziergang-2015\/2015-07-04-Begehg-Ko-H%C3%B6-006.jpg?t=1436211996\"\n\t\t\tdata-thumbnail=\"https:\/\/bakh.de\/wdp\/wp-content\/gallery\/stadtteilspaziergang-2015\/thumbs\/thumbs_2015-07-04-Begehg-Ko-H%C3%B6-006.jpg?t=1436211996\"\n\t\t\tdata-image-id=\"336\"\n\t\t\tdata-image-name=\"2015-07-04-Begehg-Ko-H\u00f6-006.jpg\"\n\t\t\tdata-title=\"2015-07-04 Begehg Ko-H\u00f6 006\"\n\t\t\tdata-description=\"\"\n\t\t\tdata-image-slug=\"2015-07-04-begehg-ko-h%c3%b6-006-1\"\n\t\t\t\t\t\t\t\t\t\t\t\t\t\t\t\t\t\t\t\tclass=\"ngg-simplelightbox\" rel=\"1d898bec7ca78425bf6b866b206e60b4\">\n\t\t\t\t\t\t\t\t<img\n\t\t\t\t\ttitle=\"2015-07-04 Begehg Ko-H\u00f6 006\"\n\t\t\t\t\talt=\"2015-07-04 Begehg Ko-H\u00f6 006\"\n\t\t\t\t\tsrc=\"https:\/\/bakh.de\/wdp\/wp-content\/gallery\/stadtteilspaziergang-2015\/thumbs\/thumbs_2015-07-04-Begehg-Ko-H%C3%B6-006.jpg?t=1436211996\"\n\t\t\t\t\twidth=\"100\"\n\t\t\t\t\theight=\"75\"\n\t\t\t\t\tstyle=\"max-width:100%;\"\n\t\t\t\t\/>\n\t\t\t<\/a>\n\t\t<\/div>\n\t\t\t\t\t\t\t<\/div>\n\t\t\t\n\t\t\t\t<div id=\"ngg-image-6\" class=\"ngg-gallery-thumbnail-box\n\t\t\t\t\t\t\t\t\t\t\t\"\n\t\t\t>\n\t\t\t\t\t\t<div class=\"ngg-gallery-thumbnail\">\n\t\t<a href=\"https:\/\/bakh.de\/wdp\/wp-content\/gallery\/stadtteilspaziergang-2015\/2015-07-04-Begehg-Ko-H%C3%B6-009.jpg?t=1436211983\"\n\t\t\ttitle=\"\"\n\t\t\tdata-src=\"https:\/\/bakh.de\/wdp\/wp-content\/gallery\/stadtteilspaziergang-2015\/2015-07-04-Begehg-Ko-H%C3%B6-009.jpg?t=1436211983\"\n\t\t\tdata-thumbnail=\"https:\/\/bakh.de\/wdp\/wp-content\/gallery\/stadtteilspaziergang-2015\/thumbs\/thumbs_2015-07-04-Begehg-Ko-H%C3%B6-009.jpg?t=1436211983\"\n\t\t\tdata-image-id=\"334\"\n\t\t\tdata-image-name=\"2015-07-04-Begehg-Ko-H\u00f6-009.jpg\"\n\t\t\tdata-title=\"2015-07-04 Begehg Ko-H\u00f6 009\"\n\t\t\tdata-description=\"\"\n\t\t\tdata-image-slug=\"2015-07-04-begehg-ko-h%c3%b6-009-1\"\n\t\t\t\t\t\t\t\t\t\t\t\t\t\t\t\t\t\t\t\tclass=\"ngg-simplelightbox\" rel=\"1d898bec7ca78425bf6b866b206e60b4\">\n\t\t\t\t\t\t\t\t<img\n\t\t\t\t\ttitle=\"2015-07-04 Begehg Ko-H\u00f6 009\"\n\t\t\t\t\talt=\"2015-07-04 Begehg Ko-H\u00f6 009\"\n\t\t\t\t\tsrc=\"https:\/\/bakh.de\/wdp\/wp-content\/gallery\/stadtteilspaziergang-2015\/thumbs\/thumbs_2015-07-04-Begehg-Ko-H%C3%B6-009.jpg?t=1436211983\"\n\t\t\t\t\twidth=\"100\"\n\t\t\t\t\theight=\"75\"\n\t\t\t\t\tstyle=\"max-width:100%;\"\n\t\t\t\t\/>\n\t\t\t<\/a>\n\t\t<\/div>\n\t\t\t\t\t\t\t<\/div>\n\t\t\t\n\t\t\t\t<div id=\"ngg-image-7\" class=\"ngg-gallery-thumbnail-box\n\t\t\t\t\t\t\t\t\t\t\t\"\n\t\t\t>\n\t\t\t\t\t\t<div class=\"ngg-gallery-thumbnail\">\n\t\t<a href=\"https:\/\/bakh.de\/wdp\/wp-content\/gallery\/stadtteilspaziergang-2015\/k-IMG_4658.JPG?t=1436112626\"\n\t\t\ttitle=\"\"\n\t\t\tdata-src=\"https:\/\/bakh.de\/wdp\/wp-content\/gallery\/stadtteilspaziergang-2015\/k-IMG_4658.JPG?t=1436112626\"\n\t\t\tdata-thumbnail=\"https:\/\/bakh.de\/wdp\/wp-content\/gallery\/stadtteilspaziergang-2015\/thumbs\/thumbs_k-IMG_4658.JPG?t=1436112626\"\n\t\t\tdata-image-id=\"319\"\n\t\t\tdata-image-name=\"k-IMG_4658.JPG\"\n\t\t\tdata-title=\"k-IMG_4658\"\n\t\t\tdata-description=\"\"\n\t\t\tdata-image-slug=\"k-img_4658\"\n\t\t\t\t\t\t\t\t\t\t\t\t\t\t\t\t\t\t\t\tclass=\"ngg-simplelightbox\" rel=\"1d898bec7ca78425bf6b866b206e60b4\">\n\t\t\t\t\t\t\t\t<img\n\t\t\t\t\ttitle=\"k-IMG_4658\"\n\t\t\t\t\talt=\"k-IMG_4658\"\n\t\t\t\t\tsrc=\"https:\/\/bakh.de\/wdp\/wp-content\/gallery\/stadtteilspaziergang-2015\/thumbs\/thumbs_k-IMG_4658.JPG?t=1436112626\"\n\t\t\t\t\twidth=\"100\"\n\t\t\t\t\theight=\"75\"\n\t\t\t\t\tstyle=\"max-width:100%;\"\n\t\t\t\t\/>\n\t\t\t<\/a>\n\t\t<\/div>\n\t\t\t\t\t\t\t<\/div>\n\t\t\t\n\t\t\t\t<div id=\"ngg-image-8\" class=\"ngg-gallery-thumbnail-box\n\t\t\t\t\t\t\t\t\t\t\t\"\n\t\t\t>\n\t\t\t\t\t\t<div class=\"ngg-gallery-thumbnail\">\n\t\t<a href=\"https:\/\/bakh.de\/wdp\/wp-content\/gallery\/stadtteilspaziergang-2015\/k-IMG_4662.JPG?t=1436112635\"\n\t\t\ttitle=\"\"\n\t\t\tdata-src=\"https:\/\/bakh.de\/wdp\/wp-content\/gallery\/stadtteilspaziergang-2015\/k-IMG_4662.JPG?t=1436112635\"\n\t\t\tdata-thumbnail=\"https:\/\/bakh.de\/wdp\/wp-content\/gallery\/stadtteilspaziergang-2015\/thumbs\/thumbs_k-IMG_4662.JPG?t=1436112635\"\n\t\t\tdata-image-id=\"320\"\n\t\t\tdata-image-name=\"k-IMG_4662.JPG\"\n\t\t\tdata-title=\"k-IMG_4662\"\n\t\t\tdata-description=\"\"\n\t\t\tdata-image-slug=\"k-img_4662\"\n\t\t\t\t\t\t\t\t\t\t\t\t\t\t\t\t\t\t\t\tclass=\"ngg-simplelightbox\" rel=\"1d898bec7ca78425bf6b866b206e60b4\">\n\t\t\t\t\t\t\t\t<img\n\t\t\t\t\ttitle=\"k-IMG_4662\"\n\t\t\t\t\talt=\"k-IMG_4662\"\n\t\t\t\t\tsrc=\"https:\/\/bakh.de\/wdp\/wp-content\/gallery\/stadtteilspaziergang-2015\/thumbs\/thumbs_k-IMG_4662.JPG?t=1436112635\"\n\t\t\t\t\twidth=\"100\"\n\t\t\t\t\theight=\"75\"\n\t\t\t\t\tstyle=\"max-width:100%;\"\n\t\t\t\t\/>\n\t\t\t<\/a>\n\t\t<\/div>\n\t\t\t\t\t\t\t<\/div>\n\t\t\t\n\t\t\t\t<div id=\"ngg-image-9\" class=\"ngg-gallery-thumbnail-box\n\t\t\t\t\t\t\t\t\t\t\t\"\n\t\t\t>\n\t\t\t\t\t\t<div class=\"ngg-gallery-thumbnail\">\n\t\t<a href=\"https:\/\/bakh.de\/wdp\/wp-content\/gallery\/stadtteilspaziergang-2015\/k-IMG_4665.JPG?t=1436112647\"\n\t\t\ttitle=\"\"\n\t\t\tdata-src=\"https:\/\/bakh.de\/wdp\/wp-content\/gallery\/stadtteilspaziergang-2015\/k-IMG_4665.JPG?t=1436112647\"\n\t\t\tdata-thumbnail=\"https:\/\/bakh.de\/wdp\/wp-content\/gallery\/stadtteilspaziergang-2015\/thumbs\/thumbs_k-IMG_4665.JPG?t=1436112647\"\n\t\t\tdata-image-id=\"321\"\n\t\t\tdata-image-name=\"k-IMG_4665.JPG\"\n\t\t\tdata-title=\"k-IMG_4665\"\n\t\t\tdata-description=\"\"\n\t\t\tdata-image-slug=\"k-img_4665\"\n\t\t\t\t\t\t\t\t\t\t\t\t\t\t\t\t\t\t\t\tclass=\"ngg-simplelightbox\" rel=\"1d898bec7ca78425bf6b866b206e60b4\">\n\t\t\t\t\t\t\t\t<img\n\t\t\t\t\ttitle=\"k-IMG_4665\"\n\t\t\t\t\talt=\"k-IMG_4665\"\n\t\t\t\t\tsrc=\"https:\/\/bakh.de\/wdp\/wp-content\/gallery\/stadtteilspaziergang-2015\/thumbs\/thumbs_k-IMG_4665.JPG?t=1436112647\"\n\t\t\t\t\twidth=\"100\"\n\t\t\t\t\theight=\"75\"\n\t\t\t\t\tstyle=\"max-width:100%;\"\n\t\t\t\t\/>\n\t\t\t<\/a>\n\t\t<\/div>\n\t\t\t\t\t\t\t<\/div>\n\t\t\t\n\t\t\t\t<div id=\"ngg-image-10\" class=\"ngg-gallery-thumbnail-box\n\t\t\t\t\t\t\t\t\t\t\t\"\n\t\t\t>\n\t\t\t\t\t\t<div class=\"ngg-gallery-thumbnail\">\n\t\t<a href=\"https:\/\/bakh.de\/wdp\/wp-content\/gallery\/stadtteilspaziergang-2015\/k-IMG_4673.JPG?t=1436112659\"\n\t\t\ttitle=\"\"\n\t\t\tdata-src=\"https:\/\/bakh.de\/wdp\/wp-content\/gallery\/stadtteilspaziergang-2015\/k-IMG_4673.JPG?t=1436112659\"\n\t\t\tdata-thumbnail=\"https:\/\/bakh.de\/wdp\/wp-content\/gallery\/stadtteilspaziergang-2015\/thumbs\/thumbs_k-IMG_4673.JPG?t=1436112659\"\n\t\t\tdata-image-id=\"322\"\n\t\t\tdata-image-name=\"k-IMG_4673.JPG\"\n\t\t\tdata-title=\"k-IMG_4673\"\n\t\t\tdata-description=\"\"\n\t\t\tdata-image-slug=\"k-img_4673\"\n\t\t\t\t\t\t\t\t\t\t\t\t\t\t\t\t\t\t\t\tclass=\"ngg-simplelightbox\" rel=\"1d898bec7ca78425bf6b866b206e60b4\">\n\t\t\t\t\t\t\t\t<img\n\t\t\t\t\ttitle=\"k-IMG_4673\"\n\t\t\t\t\talt=\"k-IMG_4673\"\n\t\t\t\t\tsrc=\"https:\/\/bakh.de\/wdp\/wp-content\/gallery\/stadtteilspaziergang-2015\/thumbs\/thumbs_k-IMG_4673.JPG?t=1436112659\"\n\t\t\t\t\twidth=\"100\"\n\t\t\t\t\theight=\"75\"\n\t\t\t\t\tstyle=\"max-width:100%;\"\n\t\t\t\t\/>\n\t\t\t<\/a>\n\t\t<\/div>\n\t\t\t\t\t\t\t<\/div>\n\t\t\t\n\t\t\t\t<div id=\"ngg-image-11\" class=\"ngg-gallery-thumbnail-box\n\t\t\t\t\t\t\t\t\t\t\t\"\n\t\t\t>\n\t\t\t\t\t\t<div class=\"ngg-gallery-thumbnail\">\n\t\t<a href=\"https:\/\/bakh.de\/wdp\/wp-content\/gallery\/stadtteilspaziergang-2015\/k-IMG_4674.JPG?t=1436112675\"\n\t\t\ttitle=\"\"\n\t\t\tdata-src=\"https:\/\/bakh.de\/wdp\/wp-content\/gallery\/stadtteilspaziergang-2015\/k-IMG_4674.JPG?t=1436112675\"\n\t\t\tdata-thumbnail=\"https:\/\/bakh.de\/wdp\/wp-content\/gallery\/stadtteilspaziergang-2015\/thumbs\/thumbs_k-IMG_4674.JPG?t=1436112675\"\n\t\t\tdata-image-id=\"323\"\n\t\t\tdata-image-name=\"k-IMG_4674.JPG\"\n\t\t\tdata-title=\"k-IMG_4674\"\n\t\t\tdata-description=\"\"\n\t\t\tdata-image-slug=\"k-img_4674\"\n\t\t\t\t\t\t\t\t\t\t\t\t\t\t\t\t\t\t\t\tclass=\"ngg-simplelightbox\" rel=\"1d898bec7ca78425bf6b866b206e60b4\">\n\t\t\t\t\t\t\t\t<img\n\t\t\t\t\ttitle=\"k-IMG_4674\"\n\t\t\t\t\talt=\"k-IMG_4674\"\n\t\t\t\t\tsrc=\"https:\/\/bakh.de\/wdp\/wp-content\/gallery\/stadtteilspaziergang-2015\/thumbs\/thumbs_k-IMG_4674.JPG?t=1436112675\"\n\t\t\t\t\twidth=\"100\"\n\t\t\t\t\theight=\"75\"\n\t\t\t\t\tstyle=\"max-width:100%;\"\n\t\t\t\t\/>\n\t\t\t<\/a>\n\t\t<\/div>\n\t\t\t\t\t\t\t<\/div>\n\t\t\t\n\t\t\t\t<div id=\"ngg-image-12\" class=\"ngg-gallery-thumbnail-box\n\t\t\t\t\t\t\t\t\t\t\t\"\n\t\t\t>\n\t\t\t\t\t\t<div class=\"ngg-gallery-thumbnail\">\n\t\t<a href=\"https:\/\/bakh.de\/wdp\/wp-content\/gallery\/stadtteilspaziergang-2015\/k-IMG_4679.JPG?t=1436112689\"\n\t\t\ttitle=\"\"\n\t\t\tdata-src=\"https:\/\/bakh.de\/wdp\/wp-content\/gallery\/stadtteilspaziergang-2015\/k-IMG_4679.JPG?t=1436112689\"\n\t\t\tdata-thumbnail=\"https:\/\/bakh.de\/wdp\/wp-content\/gallery\/stadtteilspaziergang-2015\/thumbs\/thumbs_k-IMG_4679.JPG?t=1436112689\"\n\t\t\tdata-image-id=\"324\"\n\t\t\tdata-image-name=\"k-IMG_4679.JPG\"\n\t\t\tdata-title=\"k-IMG_4679\"\n\t\t\tdata-description=\"\"\n\t\t\tdata-image-slug=\"k-img_4679\"\n\t\t\t\t\t\t\t\t\t\t\t\t\t\t\t\t\t\t\t\tclass=\"ngg-simplelightbox\" rel=\"1d898bec7ca78425bf6b866b206e60b4\">\n\t\t\t\t\t\t\t\t<img\n\t\t\t\t\ttitle=\"k-IMG_4679\"\n\t\t\t\t\talt=\"k-IMG_4679\"\n\t\t\t\t\tsrc=\"https:\/\/bakh.de\/wdp\/wp-content\/gallery\/stadtteilspaziergang-2015\/thumbs\/thumbs_k-IMG_4679.JPG?t=1436112689\"\n\t\t\t\t\twidth=\"100\"\n\t\t\t\t\theight=\"75\"\n\t\t\t\t\tstyle=\"max-width:100%;\"\n\t\t\t\t\/>\n\t\t\t<\/a>\n\t\t<\/div>\n\t\t\t\t\t\t\t<\/div>\n\t\t\t\n\t\t\t\t<div id=\"ngg-image-13\" class=\"ngg-gallery-thumbnail-box\n\t\t\t\t\t\t\t\t\t\t\t\"\n\t\t\t>\n\t\t\t\t\t\t<div class=\"ngg-gallery-thumbnail\">\n\t\t<a href=\"https:\/\/bakh.de\/wdp\/wp-content\/gallery\/stadtteilspaziergang-2015\/k-IMG_4681.JPG?t=1436112704\"\n\t\t\ttitle=\"\"\n\t\t\tdata-src=\"https:\/\/bakh.de\/wdp\/wp-content\/gallery\/stadtteilspaziergang-2015\/k-IMG_4681.JPG?t=1436112704\"\n\t\t\tdata-thumbnail=\"https:\/\/bakh.de\/wdp\/wp-content\/gallery\/stadtteilspaziergang-2015\/thumbs\/thumbs_k-IMG_4681.JPG?t=1436112704\"\n\t\t\tdata-image-id=\"325\"\n\t\t\tdata-image-name=\"k-IMG_4681.JPG\"\n\t\t\tdata-title=\"k-IMG_4681\"\n\t\t\tdata-description=\"\"\n\t\t\tdata-image-slug=\"k-img_4681\"\n\t\t\t\t\t\t\t\t\t\t\t\t\t\t\t\t\t\t\t\tclass=\"ngg-simplelightbox\" rel=\"1d898bec7ca78425bf6b866b206e60b4\">\n\t\t\t\t\t\t\t\t<img\n\t\t\t\t\ttitle=\"k-IMG_4681\"\n\t\t\t\t\talt=\"k-IMG_4681\"\n\t\t\t\t\tsrc=\"https:\/\/bakh.de\/wdp\/wp-content\/gallery\/stadtteilspaziergang-2015\/thumbs\/thumbs_k-IMG_4681.JPG?t=1436112704\"\n\t\t\t\t\twidth=\"100\"\n\t\t\t\t\theight=\"75\"\n\t\t\t\t\tstyle=\"max-width:100%;\"\n\t\t\t\t\/>\n\t\t\t<\/a>\n\t\t<\/div>\n\t\t\t\t\t\t\t<\/div>\n\t\t\t\n\t\t\t\t<div id=\"ngg-image-14\" class=\"ngg-gallery-thumbnail-box\n\t\t\t\t\t\t\t\t\t\t\t\"\n\t\t\t>\n\t\t\t\t\t\t<div class=\"ngg-gallery-thumbnail\">\n\t\t<a href=\"https:\/\/bakh.de\/wdp\/wp-content\/gallery\/stadtteilspaziergang-2015\/k-IMG_4685.JPG?t=1436112718\"\n\t\t\ttitle=\"\"\n\t\t\tdata-src=\"https:\/\/bakh.de\/wdp\/wp-content\/gallery\/stadtteilspaziergang-2015\/k-IMG_4685.JPG?t=1436112718\"\n\t\t\tdata-thumbnail=\"https:\/\/bakh.de\/wdp\/wp-content\/gallery\/stadtteilspaziergang-2015\/thumbs\/thumbs_k-IMG_4685.JPG?t=1436112718\"\n\t\t\tdata-image-id=\"326\"\n\t\t\tdata-image-name=\"k-IMG_4685.JPG\"\n\t\t\tdata-title=\"k-IMG_4685\"\n\t\t\tdata-description=\"\"\n\t\t\tdata-image-slug=\"k-img_4685\"\n\t\t\t\t\t\t\t\t\t\t\t\t\t\t\t\t\t\t\t\tclass=\"ngg-simplelightbox\" rel=\"1d898bec7ca78425bf6b866b206e60b4\">\n\t\t\t\t\t\t\t\t<img\n\t\t\t\t\ttitle=\"k-IMG_4685\"\n\t\t\t\t\talt=\"k-IMG_4685\"\n\t\t\t\t\tsrc=\"https:\/\/bakh.de\/wdp\/wp-content\/gallery\/stadtteilspaziergang-2015\/thumbs\/thumbs_k-IMG_4685.JPG?t=1436112718\"\n\t\t\t\t\twidth=\"100\"\n\t\t\t\t\theight=\"75\"\n\t\t\t\t\tstyle=\"max-width:100%;\"\n\t\t\t\t\/>\n\t\t\t<\/a>\n\t\t<\/div>\n\t\t\t\t\t\t\t<\/div>\n\t\t\t\n\t\t\t\t<div id=\"ngg-image-15\" class=\"ngg-gallery-thumbnail-box\n\t\t\t\t\t\t\t\t\t\t\t\"\n\t\t\t>\n\t\t\t\t\t\t<div class=\"ngg-gallery-thumbnail\">\n\t\t<a href=\"https:\/\/bakh.de\/wdp\/wp-content\/gallery\/stadtteilspaziergang-2015\/k-IMG_4690.JPG?t=1436112734\"\n\t\t\ttitle=\"\"\n\t\t\tdata-src=\"https:\/\/bakh.de\/wdp\/wp-content\/gallery\/stadtteilspaziergang-2015\/k-IMG_4690.JPG?t=1436112734\"\n\t\t\tdata-thumbnail=\"https:\/\/bakh.de\/wdp\/wp-content\/gallery\/stadtteilspaziergang-2015\/thumbs\/thumbs_k-IMG_4690.JPG?t=1436112734\"\n\t\t\tdata-image-id=\"327\"\n\t\t\tdata-image-name=\"k-IMG_4690.JPG\"\n\t\t\tdata-title=\"k-IMG_4690\"\n\t\t\tdata-description=\"\"\n\t\t\tdata-image-slug=\"k-img_4690\"\n\t\t\t\t\t\t\t\t\t\t\t\t\t\t\t\t\t\t\t\tclass=\"ngg-simplelightbox\" rel=\"1d898bec7ca78425bf6b866b206e60b4\">\n\t\t\t\t\t\t\t\t<img\n\t\t\t\t\ttitle=\"k-IMG_4690\"\n\t\t\t\t\talt=\"k-IMG_4690\"\n\t\t\t\t\tsrc=\"https:\/\/bakh.de\/wdp\/wp-content\/gallery\/stadtteilspaziergang-2015\/thumbs\/thumbs_k-IMG_4690.JPG?t=1436112734\"\n\t\t\t\t\twidth=\"100\"\n\t\t\t\t\theight=\"75\"\n\t\t\t\t\tstyle=\"max-width:100%;\"\n\t\t\t\t\/>\n\t\t\t<\/a>\n\t\t<\/div>\n\t\t\t\t\t\t\t<\/div>\n\t\t\t\n\t\t\t\t<div id=\"ngg-image-16\" class=\"ngg-gallery-thumbnail-box\n\t\t\t\t\t\t\t\t\t\t\t\"\n\t\t\t>\n\t\t\t\t\t\t<div class=\"ngg-gallery-thumbnail\">\n\t\t<a href=\"https:\/\/bakh.de\/wdp\/wp-content\/gallery\/stadtteilspaziergang-2015\/k-IMG_4696.JPG?t=1436112745\"\n\t\t\ttitle=\"\"\n\t\t\tdata-src=\"https:\/\/bakh.de\/wdp\/wp-content\/gallery\/stadtteilspaziergang-2015\/k-IMG_4696.JPG?t=1436112745\"\n\t\t\tdata-thumbnail=\"https:\/\/bakh.de\/wdp\/wp-content\/gallery\/stadtteilspaziergang-2015\/thumbs\/thumbs_k-IMG_4696.JPG?t=1436112745\"\n\t\t\tdata-image-id=\"328\"\n\t\t\tdata-image-name=\"k-IMG_4696.JPG\"\n\t\t\tdata-title=\"k-IMG_4696\"\n\t\t\tdata-description=\"\"\n\t\t\tdata-image-slug=\"k-img_4696\"\n\t\t\t\t\t\t\t\t\t\t\t\t\t\t\t\t\t\t\t\tclass=\"ngg-simplelightbox\" rel=\"1d898bec7ca78425bf6b866b206e60b4\">\n\t\t\t\t\t\t\t\t<img\n\t\t\t\t\ttitle=\"k-IMG_4696\"\n\t\t\t\t\talt=\"k-IMG_4696\"\n\t\t\t\t\tsrc=\"https:\/\/bakh.de\/wdp\/wp-content\/gallery\/stadtteilspaziergang-2015\/thumbs\/thumbs_k-IMG_4696.JPG?t=1436112745\"\n\t\t\t\t\twidth=\"100\"\n\t\t\t\t\theight=\"75\"\n\t\t\t\t\tstyle=\"max-width:100%;\"\n\t\t\t\t\/>\n\t\t\t<\/a>\n\t\t<\/div>\n\t\t\t\t\t\t\t<\/div>\n\t\t\t\n\t\t\t\t<div id=\"ngg-image-17\" class=\"ngg-gallery-thumbnail-box\n\t\t\t\t\t\t\t\t\t\t\t\"\n\t\t\t>\n\t\t\t\t\t\t<div class=\"ngg-gallery-thumbnail\">\n\t\t<a href=\"https:\/\/bakh.de\/wdp\/wp-content\/gallery\/stadtteilspaziergang-2015\/k-IMG_4703.JPG?t=1436112756\"\n\t\t\ttitle=\"\"\n\t\t\tdata-src=\"https:\/\/bakh.de\/wdp\/wp-content\/gallery\/stadtteilspaziergang-2015\/k-IMG_4703.JPG?t=1436112756\"\n\t\t\tdata-thumbnail=\"https:\/\/bakh.de\/wdp\/wp-content\/gallery\/stadtteilspaziergang-2015\/thumbs\/thumbs_k-IMG_4703.JPG?t=1436112756\"\n\t\t\tdata-image-id=\"329\"\n\t\t\tdata-image-name=\"k-IMG_4703.JPG\"\n\t\t\tdata-title=\"k-IMG_4703\"\n\t\t\tdata-description=\"\"\n\t\t\tdata-image-slug=\"k-img_4703\"\n\t\t\t\t\t\t\t\t\t\t\t\t\t\t\t\t\t\t\t\tclass=\"ngg-simplelightbox\" rel=\"1d898bec7ca78425bf6b866b206e60b4\">\n\t\t\t\t\t\t\t\t<img\n\t\t\t\t\ttitle=\"k-IMG_4703\"\n\t\t\t\t\talt=\"k-IMG_4703\"\n\t\t\t\t\tsrc=\"https:\/\/bakh.de\/wdp\/wp-content\/gallery\/stadtteilspaziergang-2015\/thumbs\/thumbs_k-IMG_4703.JPG?t=1436112756\"\n\t\t\t\t\twidth=\"100\"\n\t\t\t\t\theight=\"75\"\n\t\t\t\t\tstyle=\"max-width:100%;\"\n\t\t\t\t\/>\n\t\t\t<\/a>\n\t\t<\/div>\n\t\t\t\t\t\t\t<\/div>\n\t\t\t\n\t\t\t\t<div id=\"ngg-image-18\" class=\"ngg-gallery-thumbnail-box\n\t\t\t\t\t\t\t\t\t\t\t\"\n\t\t\t>\n\t\t\t\t\t\t<div class=\"ngg-gallery-thumbnail\">\n\t\t<a href=\"https:\/\/bakh.de\/wdp\/wp-content\/gallery\/stadtteilspaziergang-2015\/k-IMG_4705.JPG?t=1436112766\"\n\t\t\ttitle=\"\"\n\t\t\tdata-src=\"https:\/\/bakh.de\/wdp\/wp-content\/gallery\/stadtteilspaziergang-2015\/k-IMG_4705.JPG?t=1436112766\"\n\t\t\tdata-thumbnail=\"https:\/\/bakh.de\/wdp\/wp-content\/gallery\/stadtteilspaziergang-2015\/thumbs\/thumbs_k-IMG_4705.JPG?t=1436112766\"\n\t\t\tdata-image-id=\"330\"\n\t\t\tdata-image-name=\"k-IMG_4705.JPG\"\n\t\t\tdata-title=\"k-IMG_4705\"\n\t\t\tdata-description=\"\"\n\t\t\tdata-image-slug=\"k-img_4705\"\n\t\t\t\t\t\t\t\t\t\t\t\t\t\t\t\t\t\t\t\tclass=\"ngg-simplelightbox\" rel=\"1d898bec7ca78425bf6b866b206e60b4\">\n\t\t\t\t\t\t\t\t<img\n\t\t\t\t\ttitle=\"k-IMG_4705\"\n\t\t\t\t\talt=\"k-IMG_4705\"\n\t\t\t\t\tsrc=\"https:\/\/bakh.de\/wdp\/wp-content\/gallery\/stadtteilspaziergang-2015\/thumbs\/thumbs_k-IMG_4705.JPG?t=1436112766\"\n\t\t\t\t\twidth=\"100\"\n\t\t\t\t\theight=\"75\"\n\t\t\t\t\tstyle=\"max-width:100%;\"\n\t\t\t\t\/>\n\t\t\t<\/a>\n\t\t<\/div>\n\t\t\t\t\t\t\t<\/div>\n\t\t\t\n\t\t\t\t<div id=\"ngg-image-19\" class=\"ngg-gallery-thumbnail-box\n\t\t\t\t\t\t\t\t\t\t\t\"\n\t\t\t>\n\t\t\t\t\t\t<div class=\"ngg-gallery-thumbnail\">\n\t\t<a href=\"https:\/\/bakh.de\/wdp\/wp-content\/gallery\/stadtteilspaziergang-2015\/k-IMG_4708.JPG?t=1436112775\"\n\t\t\ttitle=\"\"\n\t\t\tdata-src=\"https:\/\/bakh.de\/wdp\/wp-content\/gallery\/stadtteilspaziergang-2015\/k-IMG_4708.JPG?t=1436112775\"\n\t\t\tdata-thumbnail=\"https:\/\/bakh.de\/wdp\/wp-content\/gallery\/stadtteilspaziergang-2015\/thumbs\/thumbs_k-IMG_4708.JPG?t=1436112775\"\n\t\t\tdata-image-id=\"331\"\n\t\t\tdata-image-name=\"k-IMG_4708.JPG\"\n\t\t\tdata-title=\"k-IMG_4708\"\n\t\t\tdata-description=\"\"\n\t\t\tdata-image-slug=\"k-img_4708\"\n\t\t\t\t\t\t\t\t\t\t\t\t\t\t\t\t\t\t\t\tclass=\"ngg-simplelightbox\" rel=\"1d898bec7ca78425bf6b866b206e60b4\">\n\t\t\t\t\t\t\t\t<img\n\t\t\t\t\ttitle=\"k-IMG_4708\"\n\t\t\t\t\talt=\"k-IMG_4708\"\n\t\t\t\t\tsrc=\"https:\/\/bakh.de\/wdp\/wp-content\/gallery\/stadtteilspaziergang-2015\/thumbs\/thumbs_k-IMG_4708.JPG?t=1436112775\"\n\t\t\t\t\twidth=\"100\"\n\t\t\t\t\theight=\"75\"\n\t\t\t\t\tstyle=\"max-width:100%;\"\n\t\t\t\t\/>\n\t\t\t<\/a>\n\t\t<\/div>\n\t\t\t\t\t\t\t<\/div>\n\t\t\t\n\t\t\t\t<div id=\"ngg-image-20\" class=\"ngg-gallery-thumbnail-box\n\t\t\t\t\t\t\t\t\t\t\t\"\n\t\t\t>\n\t\t\t\t\t\t<div class=\"ngg-gallery-thumbnail\">\n\t\t<a href=\"https:\/\/bakh.de\/wdp\/wp-content\/gallery\/stadtteilspaziergang-2015\/k-IMG_4716a.jpg?t=1436112790\"\n\t\t\ttitle=\"\"\n\t\t\tdata-src=\"https:\/\/bakh.de\/wdp\/wp-content\/gallery\/stadtteilspaziergang-2015\/k-IMG_4716a.jpg?t=1436112790\"\n\t\t\tdata-thumbnail=\"https:\/\/bakh.de\/wdp\/wp-content\/gallery\/stadtteilspaziergang-2015\/thumbs\/thumbs_k-IMG_4716a.jpg?t=1436112790\"\n\t\t\tdata-image-id=\"332\"\n\t\t\tdata-image-name=\"k-IMG_4716a.jpg\"\n\t\t\tdata-title=\"k-IMG_4716a\"\n\t\t\tdata-description=\"\"\n\t\t\tdata-image-slug=\"k-img_4716a\"\n\t\t\t\t\t\t\t\t\t\t\t\t\t\t\t\t\t\t\t\tclass=\"ngg-simplelightbox\" rel=\"1d898bec7ca78425bf6b866b206e60b4\">\n\t\t\t\t\t\t\t\t<img\n\t\t\t\t\ttitle=\"k-IMG_4716a\"\n\t\t\t\t\talt=\"k-IMG_4716a\"\n\t\t\t\t\tsrc=\"https:\/\/bakh.de\/wdp\/wp-content\/gallery\/stadtteilspaziergang-2015\/thumbs\/thumbs_k-IMG_4716a.jpg?t=1436112790\"\n\t\t\t\t\twidth=\"100\"\n\t\t\t\t\theight=\"75\"\n\t\t\t\t\tstyle=\"max-width:100%;\"\n\t\t\t\t\/>\n\t\t\t<\/a>\n\t\t<\/div>\n\t\t\t\t\t\t\t<\/div>\n\t\t\t\n\t\t\t\t<div id=\"ngg-image-21\" class=\"ngg-gallery-thumbnail-box\n\t\t\t\t\t\t\t\t\t\t\t\"\n\t\t\t>\n\t\t\t\t\t\t<div class=\"ngg-gallery-thumbnail\">\n\t\t<a href=\"https:\/\/bakh.de\/wdp\/wp-content\/gallery\/stadtteilspaziergang-2015\/k-IMG_4720a.jpg?t=1436112803\"\n\t\t\ttitle=\"\"\n\t\t\tdata-src=\"https:\/\/bakh.de\/wdp\/wp-content\/gallery\/stadtteilspaziergang-2015\/k-IMG_4720a.jpg?t=1436112803\"\n\t\t\tdata-thumbnail=\"https:\/\/bakh.de\/wdp\/wp-content\/gallery\/stadtteilspaziergang-2015\/thumbs\/thumbs_k-IMG_4720a.jpg?t=1436112803\"\n\t\t\tdata-image-id=\"333\"\n\t\t\tdata-image-name=\"k-IMG_4720a.jpg\"\n\t\t\tdata-title=\"k-IMG_4720a\"\n\t\t\tdata-description=\"\"\n\t\t\tdata-image-slug=\"k-img_4720a\"\n\t\t\t\t\t\t\t\t\t\t\t\t\t\t\t\t\t\t\t\tclass=\"ngg-simplelightbox\" rel=\"1d898bec7ca78425bf6b866b206e60b4\">\n\t\t\t\t\t\t\t\t<img\n\t\t\t\t\ttitle=\"k-IMG_4720a\"\n\t\t\t\t\talt=\"k-IMG_4720a\"\n\t\t\t\t\tsrc=\"https:\/\/bakh.de\/wdp\/wp-content\/gallery\/stadtteilspaziergang-2015\/thumbs\/thumbs_k-IMG_4720a.jpg?t=1436112803\"\n\t\t\t\t\twidth=\"100\"\n\t\t\t\t\theight=\"75\"\n\t\t\t\t\tstyle=\"max-width:100%;\"\n\t\t\t\t\/>\n\t\t\t<\/a>\n\t\t<\/div>\n\t\t\t\t\t\t\t<\/div>\n\t\t\t\n\t\n\t<br style=\"clear: both\" \/>\n\n\t\t<div class=\"slideshowlink\">\n\t\t<a href='https:\/\/bakh.de\/wdp\/stadtteilbegehung-mit-buergermeisterin-christiane-duerr-2\/nggallery\/slideshow'>[Zeige als Diashow]<\/a>\n\n\t<\/div>\n\t\n\t\t<!-- Pagination -->\n\t\t<div class='ngg-clear'><\/div>\t<\/div>\n<\/p>\n","protected":false},"excerpt":{"rendered":"<p>Am Samstag, 4. Juli, haben wir mit der ersten B\u00fcrgermeisterin der Stadt Waiblingen, Frau Christiane D\u00fcrr,&nbsp; einen Stadtteilspaziergang \u00fcber die Korber H\u00f6he gemacht. Schwerpunkt der Begehung waren die sozialen Einrichtungen, wie Kinderg\u00e4rten und Schulen sowie der Finkenberg sein.<\/p>\n","protected":false},"author":3,"featured_media":0,"comment_status":"closed","ping_status":"closed","sticky":false,"template":"","format":"standard","meta":{"ngg_post_thumbnail":0,"footnotes":""},"categories":[18],"tags":[],"class_list":["post-2624","post","type-post","status-publish","format-standard","hentry","category-veranstaltungen"],"yoast_head":"<!-- This site is optimized with the Yoast SEO plugin v27.5 - https:\/\/yoast.com\/product\/yoast-seo-wordpress\/ -->\n<title>Stadtteilbegehung mit B\u00fcrgermeisterin Christiane D\u00fcrr - B\u00fcrgeraktion Korber H\u00f6he e. V.<\/title>\n<meta name=\"robots\" content=\"index, follow, max-snippet:-1, max-image-preview:large, max-video-preview:-1\" \/>\n<link rel=\"canonical\" href=\"https:\/\/bakh.de\/wdp\/stadtteilbegehung-mit-buergermeisterin-christiane-duerr-2\/\" \/>\n<meta property=\"og:locale\" content=\"de_DE\" \/>\n<meta property=\"og:type\" content=\"article\" \/>\n<meta property=\"og:title\" content=\"Stadtteilbegehung mit B\u00fcrgermeisterin Christiane D\u00fcrr - B\u00fcrgeraktion Korber H\u00f6he e. V.\" \/>\n<meta property=\"og:description\" content=\"Am Samstag, 4. Juli, haben wir mit der ersten B\u00fcrgermeisterin der Stadt Waiblingen, Frau Christiane D\u00fcrr,&nbsp; einen Stadtteilspaziergang \u00fcber die Korber H\u00f6he gemacht. Schwerpunkt der Begehung waren die sozialen Einrichtungen, wie Kinderg\u00e4rten und Schulen sowie der Finkenberg sein.\" \/>\n<meta property=\"og:url\" content=\"https:\/\/bakh.de\/wdp\/stadtteilbegehung-mit-buergermeisterin-christiane-duerr-2\/\" \/>\n<meta property=\"og:site_name\" content=\"B\u00fcrgeraktion Korber H\u00f6he e. V.\" \/>\n<meta property=\"article:published_time\" content=\"2015-07-06T20:06:54+00:00\" \/>\n<meta property=\"article:modified_time\" content=\"2018-03-10T16:19:34+00:00\" \/>\n<meta property=\"og:image\" content=\"http:\/\/bakh.de\/wdp\/index.php\/nextgen-attach_to_post\/preview\/id--2625\" \/>\n<meta name=\"author\" content=\"Uli\" \/>\n<meta name=\"twitter:card\" content=\"summary_large_image\" \/>\n<meta name=\"twitter:label1\" content=\"Verfasst von\" \/>\n\t<meta name=\"twitter:data1\" content=\"Uli\" \/>\n\t<meta name=\"twitter:label2\" content=\"Gesch\u00e4tzte Lesezeit\" \/>\n\t<meta name=\"twitter:data2\" content=\"1\u00a0Minute\" \/>\n<script type=\"application\/ld+json\" class=\"yoast-schema-graph\">{\"@context\":\"https:\\\/\\\/schema.org\",\"@graph\":[{\"@type\":\"Article\",\"@id\":\"https:\\\/\\\/bakh.de\\\/wdp\\\/stadtteilbegehung-mit-buergermeisterin-christiane-duerr-2\\\/#article\",\"isPartOf\":{\"@id\":\"https:\\\/\\\/bakh.de\\\/wdp\\\/stadtteilbegehung-mit-buergermeisterin-christiane-duerr-2\\\/\"},\"author\":{\"name\":\"Uli\",\"@id\":\"https:\\\/\\\/bakh.de\\\/wdp\\\/#\\\/schema\\\/person\\\/75a1e296c1c53d3fbbc0a3c6104f6370\"},\"headline\":\"Stadtteilbegehung mit B\u00fcrgermeisterin Christiane D\u00fcrr\",\"datePublished\":\"2015-07-06T20:06:54+00:00\",\"dateModified\":\"2018-03-10T16:19:34+00:00\",\"mainEntityOfPage\":{\"@id\":\"https:\\\/\\\/bakh.de\\\/wdp\\\/stadtteilbegehung-mit-buergermeisterin-christiane-duerr-2\\\/\"},\"wordCount\":230,\"publisher\":{\"@id\":\"https:\\\/\\\/bakh.de\\\/wdp\\\/#organization\"},\"image\":{\"@id\":\"https:\\\/\\\/bakh.de\\\/wdp\\\/stadtteilbegehung-mit-buergermeisterin-christiane-duerr-2\\\/#primaryimage\"},\"thumbnailUrl\":\"http:\\\/\\\/bakh.de\\\/wdp\\\/index.php\\\/nextgen-attach_to_post\\\/preview\\\/id--2625\",\"articleSection\":[\"Veranstaltungen\"],\"inLanguage\":\"de\"},{\"@type\":\"WebPage\",\"@id\":\"https:\\\/\\\/bakh.de\\\/wdp\\\/stadtteilbegehung-mit-buergermeisterin-christiane-duerr-2\\\/\",\"url\":\"https:\\\/\\\/bakh.de\\\/wdp\\\/stadtteilbegehung-mit-buergermeisterin-christiane-duerr-2\\\/\",\"name\":\"Stadtteilbegehung mit B\u00fcrgermeisterin Christiane D\u00fcrr - B\u00fcrgeraktion Korber H\u00f6he e. V.\",\"isPartOf\":{\"@id\":\"https:\\\/\\\/bakh.de\\\/wdp\\\/#website\"},\"primaryImageOfPage\":{\"@id\":\"https:\\\/\\\/bakh.de\\\/wdp\\\/stadtteilbegehung-mit-buergermeisterin-christiane-duerr-2\\\/#primaryimage\"},\"image\":{\"@id\":\"https:\\\/\\\/bakh.de\\\/wdp\\\/stadtteilbegehung-mit-buergermeisterin-christiane-duerr-2\\\/#primaryimage\"},\"thumbnailUrl\":\"http:\\\/\\\/bakh.de\\\/wdp\\\/index.php\\\/nextgen-attach_to_post\\\/preview\\\/id--2625\",\"datePublished\":\"2015-07-06T20:06:54+00:00\",\"dateModified\":\"2018-03-10T16:19:34+00:00\",\"breadcrumb\":{\"@id\":\"https:\\\/\\\/bakh.de\\\/wdp\\\/stadtteilbegehung-mit-buergermeisterin-christiane-duerr-2\\\/#breadcrumb\"},\"inLanguage\":\"de\",\"potentialAction\":[{\"@type\":\"ReadAction\",\"target\":[\"https:\\\/\\\/bakh.de\\\/wdp\\\/stadtteilbegehung-mit-buergermeisterin-christiane-duerr-2\\\/\"]}]},{\"@type\":\"ImageObject\",\"inLanguage\":\"de\",\"@id\":\"https:\\\/\\\/bakh.de\\\/wdp\\\/stadtteilbegehung-mit-buergermeisterin-christiane-duerr-2\\\/#primaryimage\",\"url\":\"http:\\\/\\\/bakh.de\\\/wdp\\\/index.php\\\/nextgen-attach_to_post\\\/preview\\\/id--2625\",\"contentUrl\":\"http:\\\/\\\/bakh.de\\\/wdp\\\/index.php\\\/nextgen-attach_to_post\\\/preview\\\/id--2625\"},{\"@type\":\"BreadcrumbList\",\"@id\":\"https:\\\/\\\/bakh.de\\\/wdp\\\/stadtteilbegehung-mit-buergermeisterin-christiane-duerr-2\\\/#breadcrumb\",\"itemListElement\":[{\"@type\":\"ListItem\",\"position\":1,\"name\":\"Startseite\",\"item\":\"https:\\\/\\\/bakh.de\\\/wdp\\\/\"},{\"@type\":\"ListItem\",\"position\":2,\"name\":\"Stadtteilbegehung mit B\u00fcrgermeisterin Christiane D\u00fcrr\"}]},{\"@type\":\"WebSite\",\"@id\":\"https:\\\/\\\/bakh.de\\\/wdp\\\/#website\",\"url\":\"https:\\\/\\\/bakh.de\\\/wdp\\\/\",\"name\":\"B\u00fcrgeraktion Korber H\u00f6he e. V.\",\"description\":\"\",\"publisher\":{\"@id\":\"https:\\\/\\\/bakh.de\\\/wdp\\\/#organization\"},\"potentialAction\":[{\"@type\":\"SearchAction\",\"target\":{\"@type\":\"EntryPoint\",\"urlTemplate\":\"https:\\\/\\\/bakh.de\\\/wdp\\\/?s={search_term_string}\"},\"query-input\":{\"@type\":\"PropertyValueSpecification\",\"valueRequired\":true,\"valueName\":\"search_term_string\"}}],\"inLanguage\":\"de\"},{\"@type\":\"Organization\",\"@id\":\"https:\\\/\\\/bakh.de\\\/wdp\\\/#organization\",\"name\":\"B\u00fcrgeraktion Korber H\u00f6he e. V.\",\"url\":\"https:\\\/\\\/bakh.de\\\/wdp\\\/\",\"logo\":{\"@type\":\"ImageObject\",\"inLanguage\":\"de\",\"@id\":\"https:\\\/\\\/bakh.de\\\/wdp\\\/#\\\/schema\\\/logo\\\/image\\\/\",\"url\":\"https:\\\/\\\/bakh.de\\\/wdp\\\/wp-content\\\/uploads\\\/2025\\\/11\\\/BAKH_Logo_4c_512.jpg\",\"contentUrl\":\"https:\\\/\\\/bakh.de\\\/wdp\\\/wp-content\\\/uploads\\\/2025\\\/11\\\/BAKH_Logo_4c_512.jpg\",\"width\":516,\"height\":518,\"caption\":\"B\u00fcrgeraktion Korber H\u00f6he e. V.\"},\"image\":{\"@id\":\"https:\\\/\\\/bakh.de\\\/wdp\\\/#\\\/schema\\\/logo\\\/image\\\/\"}},{\"@type\":\"Person\",\"@id\":\"https:\\\/\\\/bakh.de\\\/wdp\\\/#\\\/schema\\\/person\\\/75a1e296c1c53d3fbbc0a3c6104f6370\",\"name\":\"Uli\",\"image\":{\"@type\":\"ImageObject\",\"inLanguage\":\"de\",\"@id\":\"https:\\\/\\\/secure.gravatar.com\\\/avatar\\\/3b55f09e3908cc7190694de428627f99ad7fb1fd6ca4aa1f5a2c94110a7a2967?s=96&d=mm&r=g\",\"url\":\"https:\\\/\\\/secure.gravatar.com\\\/avatar\\\/3b55f09e3908cc7190694de428627f99ad7fb1fd6ca4aa1f5a2c94110a7a2967?s=96&d=mm&r=g\",\"contentUrl\":\"https:\\\/\\\/secure.gravatar.com\\\/avatar\\\/3b55f09e3908cc7190694de428627f99ad7fb1fd6ca4aa1f5a2c94110a7a2967?s=96&d=mm&r=g\",\"caption\":\"Uli\"},\"url\":\"https:\\\/\\\/bakh.de\\\/wdp\\\/author\\\/uli\\\/\"}]}<\/script>\n<!-- \/ Yoast SEO plugin. -->","yoast_head_json":{"title":"Stadtteilbegehung mit B\u00fcrgermeisterin Christiane D\u00fcrr - B\u00fcrgeraktion Korber H\u00f6he e. V.","robots":{"index":"index","follow":"follow","max-snippet":"max-snippet:-1","max-image-preview":"max-image-preview:large","max-video-preview":"max-video-preview:-1"},"canonical":"https:\/\/bakh.de\/wdp\/stadtteilbegehung-mit-buergermeisterin-christiane-duerr-2\/","og_locale":"de_DE","og_type":"article","og_title":"Stadtteilbegehung mit B\u00fcrgermeisterin Christiane D\u00fcrr - B\u00fcrgeraktion Korber H\u00f6he e. V.","og_description":"Am Samstag, 4. Juli, haben wir mit der ersten B\u00fcrgermeisterin der Stadt Waiblingen, Frau Christiane D\u00fcrr,&nbsp; einen Stadtteilspaziergang \u00fcber die Korber H\u00f6he gemacht. Schwerpunkt der Begehung waren die sozialen Einrichtungen, wie Kinderg\u00e4rten und Schulen sowie der Finkenberg sein.","og_url":"https:\/\/bakh.de\/wdp\/stadtteilbegehung-mit-buergermeisterin-christiane-duerr-2\/","og_site_name":"B\u00fcrgeraktion Korber H\u00f6he e. V.","article_published_time":"2015-07-06T20:06:54+00:00","article_modified_time":"2018-03-10T16:19:34+00:00","og_image":[{"url":"http:\/\/bakh.de\/wdp\/index.php\/nextgen-attach_to_post\/preview\/id--2625","type":"","width":"","height":""}],"author":"Uli","twitter_card":"summary_large_image","twitter_misc":{"Verfasst von":"Uli","Gesch\u00e4tzte Lesezeit":"1\u00a0Minute"},"schema":{"@context":"https:\/\/schema.org","@graph":[{"@type":"Article","@id":"https:\/\/bakh.de\/wdp\/stadtteilbegehung-mit-buergermeisterin-christiane-duerr-2\/#article","isPartOf":{"@id":"https:\/\/bakh.de\/wdp\/stadtteilbegehung-mit-buergermeisterin-christiane-duerr-2\/"},"author":{"name":"Uli","@id":"https:\/\/bakh.de\/wdp\/#\/schema\/person\/75a1e296c1c53d3fbbc0a3c6104f6370"},"headline":"Stadtteilbegehung mit B\u00fcrgermeisterin Christiane D\u00fcrr","datePublished":"2015-07-06T20:06:54+00:00","dateModified":"2018-03-10T16:19:34+00:00","mainEntityOfPage":{"@id":"https:\/\/bakh.de\/wdp\/stadtteilbegehung-mit-buergermeisterin-christiane-duerr-2\/"},"wordCount":230,"publisher":{"@id":"https:\/\/bakh.de\/wdp\/#organization"},"image":{"@id":"https:\/\/bakh.de\/wdp\/stadtteilbegehung-mit-buergermeisterin-christiane-duerr-2\/#primaryimage"},"thumbnailUrl":"http:\/\/bakh.de\/wdp\/index.php\/nextgen-attach_to_post\/preview\/id--2625","articleSection":["Veranstaltungen"],"inLanguage":"de"},{"@type":"WebPage","@id":"https:\/\/bakh.de\/wdp\/stadtteilbegehung-mit-buergermeisterin-christiane-duerr-2\/","url":"https:\/\/bakh.de\/wdp\/stadtteilbegehung-mit-buergermeisterin-christiane-duerr-2\/","name":"Stadtteilbegehung mit B\u00fcrgermeisterin Christiane D\u00fcrr - B\u00fcrgeraktion Korber H\u00f6he e. V.","isPartOf":{"@id":"https:\/\/bakh.de\/wdp\/#website"},"primaryImageOfPage":{"@id":"https:\/\/bakh.de\/wdp\/stadtteilbegehung-mit-buergermeisterin-christiane-duerr-2\/#primaryimage"},"image":{"@id":"https:\/\/bakh.de\/wdp\/stadtteilbegehung-mit-buergermeisterin-christiane-duerr-2\/#primaryimage"},"thumbnailUrl":"http:\/\/bakh.de\/wdp\/index.php\/nextgen-attach_to_post\/preview\/id--2625","datePublished":"2015-07-06T20:06:54+00:00","dateModified":"2018-03-10T16:19:34+00:00","breadcrumb":{"@id":"https:\/\/bakh.de\/wdp\/stadtteilbegehung-mit-buergermeisterin-christiane-duerr-2\/#breadcrumb"},"inLanguage":"de","potentialAction":[{"@type":"ReadAction","target":["https:\/\/bakh.de\/wdp\/stadtteilbegehung-mit-buergermeisterin-christiane-duerr-2\/"]}]},{"@type":"ImageObject","inLanguage":"de","@id":"https:\/\/bakh.de\/wdp\/stadtteilbegehung-mit-buergermeisterin-christiane-duerr-2\/#primaryimage","url":"http:\/\/bakh.de\/wdp\/index.php\/nextgen-attach_to_post\/preview\/id--2625","contentUrl":"http:\/\/bakh.de\/wdp\/index.php\/nextgen-attach_to_post\/preview\/id--2625"},{"@type":"BreadcrumbList","@id":"https:\/\/bakh.de\/wdp\/stadtteilbegehung-mit-buergermeisterin-christiane-duerr-2\/#breadcrumb","itemListElement":[{"@type":"ListItem","position":1,"name":"Startseite","item":"https:\/\/bakh.de\/wdp\/"},{"@type":"ListItem","position":2,"name":"Stadtteilbegehung mit B\u00fcrgermeisterin Christiane D\u00fcrr"}]},{"@type":"WebSite","@id":"https:\/\/bakh.de\/wdp\/#website","url":"https:\/\/bakh.de\/wdp\/","name":"B\u00fcrgeraktion Korber H\u00f6he e. V.","description":"","publisher":{"@id":"https:\/\/bakh.de\/wdp\/#organization"},"potentialAction":[{"@type":"SearchAction","target":{"@type":"EntryPoint","urlTemplate":"https:\/\/bakh.de\/wdp\/?s={search_term_string}"},"query-input":{"@type":"PropertyValueSpecification","valueRequired":true,"valueName":"search_term_string"}}],"inLanguage":"de"},{"@type":"Organization","@id":"https:\/\/bakh.de\/wdp\/#organization","name":"B\u00fcrgeraktion Korber H\u00f6he e. V.","url":"https:\/\/bakh.de\/wdp\/","logo":{"@type":"ImageObject","inLanguage":"de","@id":"https:\/\/bakh.de\/wdp\/#\/schema\/logo\/image\/","url":"https:\/\/bakh.de\/wdp\/wp-content\/uploads\/2025\/11\/BAKH_Logo_4c_512.jpg","contentUrl":"https:\/\/bakh.de\/wdp\/wp-content\/uploads\/2025\/11\/BAKH_Logo_4c_512.jpg","width":516,"height":518,"caption":"B\u00fcrgeraktion Korber H\u00f6he e. V."},"image":{"@id":"https:\/\/bakh.de\/wdp\/#\/schema\/logo\/image\/"}},{"@type":"Person","@id":"https:\/\/bakh.de\/wdp\/#\/schema\/person\/75a1e296c1c53d3fbbc0a3c6104f6370","name":"Uli","image":{"@type":"ImageObject","inLanguage":"de","@id":"https:\/\/secure.gravatar.com\/avatar\/3b55f09e3908cc7190694de428627f99ad7fb1fd6ca4aa1f5a2c94110a7a2967?s=96&d=mm&r=g","url":"https:\/\/secure.gravatar.com\/avatar\/3b55f09e3908cc7190694de428627f99ad7fb1fd6ca4aa1f5a2c94110a7a2967?s=96&d=mm&r=g","contentUrl":"https:\/\/secure.gravatar.com\/avatar\/3b55f09e3908cc7190694de428627f99ad7fb1fd6ca4aa1f5a2c94110a7a2967?s=96&d=mm&r=g","caption":"Uli"},"url":"https:\/\/bakh.de\/wdp\/author\/uli\/"}]}},"_links":{"self":[{"href":"https:\/\/bakh.de\/wdp\/wp-json\/wp\/v2\/posts\/2624","targetHints":{"allow":["GET"]}}],"collection":[{"href":"https:\/\/bakh.de\/wdp\/wp-json\/wp\/v2\/posts"}],"about":[{"href":"https:\/\/bakh.de\/wdp\/wp-json\/wp\/v2\/types\/post"}],"author":[{"embeddable":true,"href":"https:\/\/bakh.de\/wdp\/wp-json\/wp\/v2\/users\/3"}],"replies":[{"embeddable":true,"href":"https:\/\/bakh.de\/wdp\/wp-json\/wp\/v2\/comments?post=2624"}],"version-history":[{"count":6,"href":"https:\/\/bakh.de\/wdp\/wp-json\/wp\/v2\/posts\/2624\/revisions"}],"predecessor-version":[{"id":3930,"href":"https:\/\/bakh.de\/wdp\/wp-json\/wp\/v2\/posts\/2624\/revisions\/3930"}],"wp:attachment":[{"href":"https:\/\/bakh.de\/wdp\/wp-json\/wp\/v2\/media?parent=2624"}],"wp:term":[{"taxonomy":"category","embeddable":true,"href":"https:\/\/bakh.de\/wdp\/wp-json\/wp\/v2\/categories?post=2624"},{"taxonomy":"post_tag","embeddable":true,"href":"https:\/\/bakh.de\/wdp\/wp-json\/wp\/v2\/tags?post=2624"}],"curies":[{"name":"wp","href":"https:\/\/api.w.org\/{rel}","templated":true}]}}