{"id":2568,"date":"2015-11-14T19:07:34","date_gmt":"2015-11-14T19:07:34","guid":{"rendered":"http:\/\/bakh.de\/wdp\/?p=2568"},"modified":"2015-11-22T13:31:47","modified_gmt":"2015-11-22T13:31:47","slug":"gluehwein-stelldichein-zum-40-jaehrigen-jubilaeum","status":"publish","type":"post","link":"https:\/\/bakh.de\/wdp\/gluehwein-stelldichein-zum-40-jaehrigen-jubilaeum\/","title":{"rendered":"Jubil\u00e4umsstelldichein 40 Jahre B\u00fcrgeraktion"},"content":{"rendered":"<p><a href=\"http:\/\/bakh.de\/wdp\/wp-content\/uploads\/2015\/11\/k-IMG_5275.jpg\"><img loading=\"lazy\" decoding=\"async\" class=\"alignleft wp-image-2788\" src=\"http:\/\/bakh.de\/wdp\/wp-content\/uploads\/2015\/11\/k-IMG_5275.jpg\" alt=\"k-IMG_5275\" width=\"180\" height=\"135\" srcset=\"https:\/\/bakh.de\/wdp\/wp-content\/uploads\/2015\/11\/k-IMG_5275.jpg 800w, https:\/\/bakh.de\/wdp\/wp-content\/uploads\/2015\/11\/k-IMG_5275-300x225.jpg 300w\" sizes=\"auto, (max-width: 180px) 100vw, 180px\" \/><\/a>Vor 40 Jahren, im November 1975, wurde die B\u00fcrgeraktion Korber H\u00f6he gegr\u00fcndet. Aus diesem Anlass gab es am Samstag 14.11.2015 im Mikrozentrum auf der Korber H\u00f6he Waiblingen ein Jubil\u00e4umsstelldichein. Bei Gl\u00fchwein, alkoholfreiem Punsch und Appetithappen informierte die B\u00fcrgeraktion \u00fcber ihre Aktivit\u00e4ten und die Neigungsgruppen, warb neue Mitglieder und diskutierte mit den B\u00fcrgern \u00fcber zuk\u00fcnftige Anliegen.<!--more--><\/p>\n<p><!-- default-view.php -->\n<div\n\tclass=\"ngg-galleryoverview default-view\n\t ngg-ajax-pagination-none\t\"\n\tid=\"ngg-gallery-ef29d5c4489bb6b8e52bf3d8b03a75ab-1\"\n\tdata-nextgen-gallery-id=\"28\"\n\tdata-gallery-id=\"28\"\n\t\tdata-gallery-name=\"Jubil\u00e4umsstelldichein\"\n\t>\n\n\t\t<!-- Thumbnails -->\n\t\t\t\t<div id=\"ngg-image-0\" class=\"ngg-gallery-thumbnail-box\n\t\t\t\t\t\t\t\t\t\t\t\"\n\t\t\t>\n\t\t\t\t\t\t<div class=\"ngg-gallery-thumbnail\">\n\t\t<a href=\"https:\/\/bakh.de\/wdp\/wp-content\/gallery\/jubilaeumsstelldichein\/k-IMG_5257.JPG?t=1448200500\"\n\t\t\ttitle=\"\"\n\t\t\tdata-src=\"https:\/\/bakh.de\/wdp\/wp-content\/gallery\/jubilaeumsstelldichein\/k-IMG_5257.JPG?t=1448200500\"\n\t\t\tdata-thumbnail=\"https:\/\/bakh.de\/wdp\/wp-content\/gallery\/jubilaeumsstelldichein\/thumbs\/thumbs_k-IMG_5257.JPG?t=1448200500\"\n\t\t\tdata-image-id=\"338\"\n\t\t\tdata-image-name=\"k-IMG_5257.JPG\"\n\t\t\tdata-title=\"k-IMG_5257\"\n\t\t\tdata-description=\"\"\n\t\t\tdata-image-slug=\"k-img_5257\"\n\t\t\t\t\t\t\t\t\t\t\t\t\t\t\t\t\t\t\t\tclass=\"ngg-simplelightbox\" rel=\"ef29d5c4489bb6b8e52bf3d8b03a75ab\">\n\t\t\t\t\t\t\t\t<img\n\t\t\t\t\ttitle=\"k-IMG_5257\"\n\t\t\t\t\talt=\"k-IMG_5257\"\n\t\t\t\t\tsrc=\"https:\/\/bakh.de\/wdp\/wp-content\/gallery\/jubilaeumsstelldichein\/thumbs\/thumbs_k-IMG_5257.JPG?t=1448200500\"\n\t\t\t\t\twidth=\"100\"\n\t\t\t\t\theight=\"75\"\n\t\t\t\t\tstyle=\"max-width:100%;\"\n\t\t\t\t\/>\n\t\t\t<\/a>\n\t\t<\/div>\n\t\t\t\t\t\t\t<\/div>\n\t\t\t\n\t\t\t\t<div id=\"ngg-image-1\" class=\"ngg-gallery-thumbnail-box\n\t\t\t\t\t\t\t\t\t\t\t\"\n\t\t\t>\n\t\t\t\t\t\t<div class=\"ngg-gallery-thumbnail\">\n\t\t<a href=\"https:\/\/bakh.de\/wdp\/wp-content\/gallery\/jubilaeumsstelldichein\/k-IMG_5261.JPG?t=1448196591\"\n\t\t\ttitle=\"\"\n\t\t\tdata-src=\"https:\/\/bakh.de\/wdp\/wp-content\/gallery\/jubilaeumsstelldichein\/k-IMG_5261.JPG?t=1448196591\"\n\t\t\tdata-thumbnail=\"https:\/\/bakh.de\/wdp\/wp-content\/gallery\/jubilaeumsstelldichein\/thumbs\/thumbs_k-IMG_5261.JPG?t=1448196591\"\n\t\t\tdata-image-id=\"339\"\n\t\t\tdata-image-name=\"k-IMG_5261.JPG\"\n\t\t\tdata-title=\"k-IMG_5261\"\n\t\t\tdata-description=\"\"\n\t\t\tdata-image-slug=\"k-img_5261\"\n\t\t\t\t\t\t\t\t\t\t\t\t\t\t\t\t\t\t\t\tclass=\"ngg-simplelightbox\" rel=\"ef29d5c4489bb6b8e52bf3d8b03a75ab\">\n\t\t\t\t\t\t\t\t<img\n\t\t\t\t\ttitle=\"k-IMG_5261\"\n\t\t\t\t\talt=\"k-IMG_5261\"\n\t\t\t\t\tsrc=\"https:\/\/bakh.de\/wdp\/wp-content\/gallery\/jubilaeumsstelldichein\/thumbs\/thumbs_k-IMG_5261.JPG?t=1448196591\"\n\t\t\t\t\twidth=\"100\"\n\t\t\t\t\theight=\"75\"\n\t\t\t\t\tstyle=\"max-width:100%;\"\n\t\t\t\t\/>\n\t\t\t<\/a>\n\t\t<\/div>\n\t\t\t\t\t\t\t<\/div>\n\t\t\t\n\t\t\t\t<div id=\"ngg-image-2\" class=\"ngg-gallery-thumbnail-box\n\t\t\t\t\t\t\t\t\t\t\t\"\n\t\t\t>\n\t\t\t\t\t\t<div class=\"ngg-gallery-thumbnail\">\n\t\t<a href=\"https:\/\/bakh.de\/wdp\/wp-content\/gallery\/jubilaeumsstelldichein\/k-IMG_5264.JPG?t=1448196602\"\n\t\t\ttitle=\"\"\n\t\t\tdata-src=\"https:\/\/bakh.de\/wdp\/wp-content\/gallery\/jubilaeumsstelldichein\/k-IMG_5264.JPG?t=1448196602\"\n\t\t\tdata-thumbnail=\"https:\/\/bakh.de\/wdp\/wp-content\/gallery\/jubilaeumsstelldichein\/thumbs\/thumbs_k-IMG_5264.JPG?t=1448196602\"\n\t\t\tdata-image-id=\"340\"\n\t\t\tdata-image-name=\"k-IMG_5264.JPG\"\n\t\t\tdata-title=\"k-IMG_5264\"\n\t\t\tdata-description=\"\"\n\t\t\tdata-image-slug=\"k-img_5264\"\n\t\t\t\t\t\t\t\t\t\t\t\t\t\t\t\t\t\t\t\tclass=\"ngg-simplelightbox\" rel=\"ef29d5c4489bb6b8e52bf3d8b03a75ab\">\n\t\t\t\t\t\t\t\t<img\n\t\t\t\t\ttitle=\"k-IMG_5264\"\n\t\t\t\t\talt=\"k-IMG_5264\"\n\t\t\t\t\tsrc=\"https:\/\/bakh.de\/wdp\/wp-content\/gallery\/jubilaeumsstelldichein\/thumbs\/thumbs_k-IMG_5264.JPG?t=1448196602\"\n\t\t\t\t\twidth=\"100\"\n\t\t\t\t\theight=\"75\"\n\t\t\t\t\tstyle=\"max-width:100%;\"\n\t\t\t\t\/>\n\t\t\t<\/a>\n\t\t<\/div>\n\t\t\t\t\t\t\t<\/div>\n\t\t\t\n\t\t\t\t<div id=\"ngg-image-3\" class=\"ngg-gallery-thumbnail-box\n\t\t\t\t\t\t\t\t\t\t\t\"\n\t\t\t>\n\t\t\t\t\t\t<div class=\"ngg-gallery-thumbnail\">\n\t\t<a href=\"https:\/\/bakh.de\/wdp\/wp-content\/gallery\/jubilaeumsstelldichein\/k-IMG_5265.JPG?t=1448196614\"\n\t\t\ttitle=\"\"\n\t\t\tdata-src=\"https:\/\/bakh.de\/wdp\/wp-content\/gallery\/jubilaeumsstelldichein\/k-IMG_5265.JPG?t=1448196614\"\n\t\t\tdata-thumbnail=\"https:\/\/bakh.de\/wdp\/wp-content\/gallery\/jubilaeumsstelldichein\/thumbs\/thumbs_k-IMG_5265.JPG?t=1448196614\"\n\t\t\tdata-image-id=\"341\"\n\t\t\tdata-image-name=\"k-IMG_5265.JPG\"\n\t\t\tdata-title=\"k-IMG_5265\"\n\t\t\tdata-description=\"\"\n\t\t\tdata-image-slug=\"k-img_5265\"\n\t\t\t\t\t\t\t\t\t\t\t\t\t\t\t\t\t\t\t\tclass=\"ngg-simplelightbox\" rel=\"ef29d5c4489bb6b8e52bf3d8b03a75ab\">\n\t\t\t\t\t\t\t\t<img\n\t\t\t\t\ttitle=\"k-IMG_5265\"\n\t\t\t\t\talt=\"k-IMG_5265\"\n\t\t\t\t\tsrc=\"https:\/\/bakh.de\/wdp\/wp-content\/gallery\/jubilaeumsstelldichein\/thumbs\/thumbs_k-IMG_5265.JPG?t=1448196614\"\n\t\t\t\t\twidth=\"100\"\n\t\t\t\t\theight=\"75\"\n\t\t\t\t\tstyle=\"max-width:100%;\"\n\t\t\t\t\/>\n\t\t\t<\/a>\n\t\t<\/div>\n\t\t\t\t\t\t\t<\/div>\n\t\t\t\n\t\t\t\t<div id=\"ngg-image-4\" class=\"ngg-gallery-thumbnail-box\n\t\t\t\t\t\t\t\t\t\t\t\"\n\t\t\t>\n\t\t\t\t\t\t<div class=\"ngg-gallery-thumbnail\">\n\t\t<a href=\"https:\/\/bakh.de\/wdp\/wp-content\/gallery\/jubilaeumsstelldichein\/k-IMG_5267.JPG?t=1448196626\"\n\t\t\ttitle=\"\"\n\t\t\tdata-src=\"https:\/\/bakh.de\/wdp\/wp-content\/gallery\/jubilaeumsstelldichein\/k-IMG_5267.JPG?t=1448196626\"\n\t\t\tdata-thumbnail=\"https:\/\/bakh.de\/wdp\/wp-content\/gallery\/jubilaeumsstelldichein\/thumbs\/thumbs_k-IMG_5267.JPG?t=1448196626\"\n\t\t\tdata-image-id=\"342\"\n\t\t\tdata-image-name=\"k-IMG_5267.JPG\"\n\t\t\tdata-title=\"k-IMG_5267\"\n\t\t\tdata-description=\"\"\n\t\t\tdata-image-slug=\"k-img_5267\"\n\t\t\t\t\t\t\t\t\t\t\t\t\t\t\t\t\t\t\t\tclass=\"ngg-simplelightbox\" rel=\"ef29d5c4489bb6b8e52bf3d8b03a75ab\">\n\t\t\t\t\t\t\t\t<img\n\t\t\t\t\ttitle=\"k-IMG_5267\"\n\t\t\t\t\talt=\"k-IMG_5267\"\n\t\t\t\t\tsrc=\"https:\/\/bakh.de\/wdp\/wp-content\/gallery\/jubilaeumsstelldichein\/thumbs\/thumbs_k-IMG_5267.JPG?t=1448196626\"\n\t\t\t\t\twidth=\"100\"\n\t\t\t\t\theight=\"75\"\n\t\t\t\t\tstyle=\"max-width:100%;\"\n\t\t\t\t\/>\n\t\t\t<\/a>\n\t\t<\/div>\n\t\t\t\t\t\t\t<\/div>\n\t\t\t\n\t\t\t\t<div id=\"ngg-image-5\" class=\"ngg-gallery-thumbnail-box\n\t\t\t\t\t\t\t\t\t\t\t\"\n\t\t\t>\n\t\t\t\t\t\t<div class=\"ngg-gallery-thumbnail\">\n\t\t<a href=\"https:\/\/bakh.de\/wdp\/wp-content\/gallery\/jubilaeumsstelldichein\/k-IMG_5268.JPG?t=1448196636\"\n\t\t\ttitle=\"\"\n\t\t\tdata-src=\"https:\/\/bakh.de\/wdp\/wp-content\/gallery\/jubilaeumsstelldichein\/k-IMG_5268.JPG?t=1448196636\"\n\t\t\tdata-thumbnail=\"https:\/\/bakh.de\/wdp\/wp-content\/gallery\/jubilaeumsstelldichein\/thumbs\/thumbs_k-IMG_5268.JPG?t=1448196636\"\n\t\t\tdata-image-id=\"343\"\n\t\t\tdata-image-name=\"k-IMG_5268.JPG\"\n\t\t\tdata-title=\"k-IMG_5268\"\n\t\t\tdata-description=\"\"\n\t\t\tdata-image-slug=\"k-img_5268\"\n\t\t\t\t\t\t\t\t\t\t\t\t\t\t\t\t\t\t\t\tclass=\"ngg-simplelightbox\" rel=\"ef29d5c4489bb6b8e52bf3d8b03a75ab\">\n\t\t\t\t\t\t\t\t<img\n\t\t\t\t\ttitle=\"k-IMG_5268\"\n\t\t\t\t\talt=\"k-IMG_5268\"\n\t\t\t\t\tsrc=\"https:\/\/bakh.de\/wdp\/wp-content\/gallery\/jubilaeumsstelldichein\/thumbs\/thumbs_k-IMG_5268.JPG?t=1448196636\"\n\t\t\t\t\twidth=\"100\"\n\t\t\t\t\theight=\"75\"\n\t\t\t\t\tstyle=\"max-width:100%;\"\n\t\t\t\t\/>\n\t\t\t<\/a>\n\t\t<\/div>\n\t\t\t\t\t\t\t<\/div>\n\t\t\t\n\t\t\t\t<div id=\"ngg-image-6\" class=\"ngg-gallery-thumbnail-box\n\t\t\t\t\t\t\t\t\t\t\t\"\n\t\t\t>\n\t\t\t\t\t\t<div class=\"ngg-gallery-thumbnail\">\n\t\t<a href=\"https:\/\/bakh.de\/wdp\/wp-content\/gallery\/jubilaeumsstelldichein\/k-IMG_5274.JPG?t=1448196648\"\n\t\t\ttitle=\"\"\n\t\t\tdata-src=\"https:\/\/bakh.de\/wdp\/wp-content\/gallery\/jubilaeumsstelldichein\/k-IMG_5274.JPG?t=1448196648\"\n\t\t\tdata-thumbnail=\"https:\/\/bakh.de\/wdp\/wp-content\/gallery\/jubilaeumsstelldichein\/thumbs\/thumbs_k-IMG_5274.JPG?t=1448196648\"\n\t\t\tdata-image-id=\"344\"\n\t\t\tdata-image-name=\"k-IMG_5274.JPG\"\n\t\t\tdata-title=\"k-IMG_5274\"\n\t\t\tdata-description=\"\"\n\t\t\tdata-image-slug=\"k-img_5274\"\n\t\t\t\t\t\t\t\t\t\t\t\t\t\t\t\t\t\t\t\tclass=\"ngg-simplelightbox\" rel=\"ef29d5c4489bb6b8e52bf3d8b03a75ab\">\n\t\t\t\t\t\t\t\t<img\n\t\t\t\t\ttitle=\"k-IMG_5274\"\n\t\t\t\t\talt=\"k-IMG_5274\"\n\t\t\t\t\tsrc=\"https:\/\/bakh.de\/wdp\/wp-content\/gallery\/jubilaeumsstelldichein\/thumbs\/thumbs_k-IMG_5274.JPG?t=1448196648\"\n\t\t\t\t\twidth=\"100\"\n\t\t\t\t\theight=\"75\"\n\t\t\t\t\tstyle=\"max-width:100%;\"\n\t\t\t\t\/>\n\t\t\t<\/a>\n\t\t<\/div>\n\t\t\t\t\t\t\t<\/div>\n\t\t\t\n\t\t\t\t<div id=\"ngg-image-7\" class=\"ngg-gallery-thumbnail-box\n\t\t\t\t\t\t\t\t\t\t\t\"\n\t\t\t>\n\t\t\t\t\t\t<div class=\"ngg-gallery-thumbnail\">\n\t\t<a href=\"https:\/\/bakh.de\/wdp\/wp-content\/gallery\/jubilaeumsstelldichein\/k-IMG_5276.JPG?t=1448196660\"\n\t\t\ttitle=\"\"\n\t\t\tdata-src=\"https:\/\/bakh.de\/wdp\/wp-content\/gallery\/jubilaeumsstelldichein\/k-IMG_5276.JPG?t=1448196660\"\n\t\t\tdata-thumbnail=\"https:\/\/bakh.de\/wdp\/wp-content\/gallery\/jubilaeumsstelldichein\/thumbs\/thumbs_k-IMG_5276.JPG?t=1448196660\"\n\t\t\tdata-image-id=\"345\"\n\t\t\tdata-image-name=\"k-IMG_5276.JPG\"\n\t\t\tdata-title=\"k-IMG_5276\"\n\t\t\tdata-description=\"\"\n\t\t\tdata-image-slug=\"k-img_5276\"\n\t\t\t\t\t\t\t\t\t\t\t\t\t\t\t\t\t\t\t\tclass=\"ngg-simplelightbox\" rel=\"ef29d5c4489bb6b8e52bf3d8b03a75ab\">\n\t\t\t\t\t\t\t\t<img\n\t\t\t\t\ttitle=\"k-IMG_5276\"\n\t\t\t\t\talt=\"k-IMG_5276\"\n\t\t\t\t\tsrc=\"https:\/\/bakh.de\/wdp\/wp-content\/gallery\/jubilaeumsstelldichein\/thumbs\/thumbs_k-IMG_5276.JPG?t=1448196660\"\n\t\t\t\t\twidth=\"100\"\n\t\t\t\t\theight=\"75\"\n\t\t\t\t\tstyle=\"max-width:100%;\"\n\t\t\t\t\/>\n\t\t\t<\/a>\n\t\t<\/div>\n\t\t\t\t\t\t\t<\/div>\n\t\t\t\n\t\t\t\t<div id=\"ngg-image-8\" class=\"ngg-gallery-thumbnail-box\n\t\t\t\t\t\t\t\t\t\t\t\"\n\t\t\t>\n\t\t\t\t\t\t<div class=\"ngg-gallery-thumbnail\">\n\t\t<a href=\"https:\/\/bakh.de\/wdp\/wp-content\/gallery\/jubilaeumsstelldichein\/k-IMG_5278.JPG?t=1448196567\"\n\t\t\ttitle=\"\"\n\t\t\tdata-src=\"https:\/\/bakh.de\/wdp\/wp-content\/gallery\/jubilaeumsstelldichein\/k-IMG_5278.JPG?t=1448196567\"\n\t\t\tdata-thumbnail=\"https:\/\/bakh.de\/wdp\/wp-content\/gallery\/jubilaeumsstelldichein\/thumbs\/thumbs_k-IMG_5278.JPG?t=1448196567\"\n\t\t\tdata-image-id=\"337\"\n\t\t\tdata-image-name=\"k-IMG_5278.JPG\"\n\t\t\tdata-title=\"k-IMG_5278\"\n\t\t\tdata-description=\"\"\n\t\t\tdata-image-slug=\"k-img_5278\"\n\t\t\t\t\t\t\t\t\t\t\t\t\t\t\t\t\t\t\t\tclass=\"ngg-simplelightbox\" rel=\"ef29d5c4489bb6b8e52bf3d8b03a75ab\">\n\t\t\t\t\t\t\t\t<img\n\t\t\t\t\ttitle=\"k-IMG_5278\"\n\t\t\t\t\talt=\"k-IMG_5278\"\n\t\t\t\t\tsrc=\"https:\/\/bakh.de\/wdp\/wp-content\/gallery\/jubilaeumsstelldichein\/thumbs\/thumbs_k-IMG_5278.JPG?t=1448196567\"\n\t\t\t\t\twidth=\"100\"\n\t\t\t\t\theight=\"75\"\n\t\t\t\t\tstyle=\"max-width:100%;\"\n\t\t\t\t\/>\n\t\t\t<\/a>\n\t\t<\/div>\n\t\t\t\t\t\t\t<\/div>\n\t\t\t\n\t\n\t<br style=\"clear: both\" \/>\n\n\t\t<div class=\"slideshowlink\">\n\t\t<a href='https:\/\/bakh.de\/wdp\/gluehwein-stelldichein-zum-40-jaehrigen-jubilaeum\/nggallery\/slideshow'>[Zeige als Diashow]<\/a>\n\n\t<\/div>\n\t\n\t\t<!-- Pagination -->\n\t\t<div class='ngg-clear'><\/div>\t<\/div>\n<\/p>\n","protected":false},"excerpt":{"rendered":"<p>Vor 40 Jahren, im November 1975, wurde die B\u00fcrgeraktion Korber H\u00f6he gegr\u00fcndet. Aus diesem Anlass gab es am Samstag 14.11.2015 im Mikrozentrum auf der Korber H\u00f6he Waiblingen ein Jubil\u00e4umsstelldichein. Bei Gl\u00fchwein, alkoholfreiem Punsch und Appetithappen informierte die B\u00fcrgeraktion \u00fcber ihre Aktivit\u00e4ten und die Neigungsgruppen, warb neue Mitglieder und diskutierte mit den B\u00fcrgern \u00fcber zuk\u00fcnftige Anliegen.<\/p>\n","protected":false},"author":3,"featured_media":0,"comment_status":"closed","ping_status":"closed","sticky":false,"template":"","format":"standard","meta":{"ngg_post_thumbnail":0,"footnotes":""},"categories":[4],"tags":[],"class_list":["post-2568","post","type-post","status-publish","format-standard","hentry","category-aktuelles"],"yoast_head":"<!-- This site is optimized with the Yoast SEO plugin v27.5 - https:\/\/yoast.com\/product\/yoast-seo-wordpress\/ -->\n<title>Jubil\u00e4umsstelldichein 40 Jahre B\u00fcrgeraktion - B\u00fcrgeraktion Korber H\u00f6he e. V.<\/title>\n<meta name=\"robots\" content=\"index, follow, max-snippet:-1, max-image-preview:large, max-video-preview:-1\" \/>\n<link rel=\"canonical\" href=\"https:\/\/bakh.de\/wdp\/gluehwein-stelldichein-zum-40-jaehrigen-jubilaeum\/\" \/>\n<meta property=\"og:locale\" content=\"de_DE\" \/>\n<meta property=\"og:type\" content=\"article\" \/>\n<meta property=\"og:title\" content=\"Jubil\u00e4umsstelldichein 40 Jahre B\u00fcrgeraktion - B\u00fcrgeraktion Korber H\u00f6he e. V.\" \/>\n<meta property=\"og:description\" content=\"Vor 40 Jahren, im November 1975, wurde die B\u00fcrgeraktion Korber H\u00f6he gegr\u00fcndet. Aus diesem Anlass gab es am Samstag 14.11.2015 im Mikrozentrum auf der Korber H\u00f6he Waiblingen ein Jubil\u00e4umsstelldichein. Bei Gl\u00fchwein, alkoholfreiem Punsch und Appetithappen informierte die B\u00fcrgeraktion \u00fcber ihre Aktivit\u00e4ten und die Neigungsgruppen, warb neue Mitglieder und diskutierte mit den B\u00fcrgern \u00fcber zuk\u00fcnftige Anliegen.\" \/>\n<meta property=\"og:url\" content=\"https:\/\/bakh.de\/wdp\/gluehwein-stelldichein-zum-40-jaehrigen-jubilaeum\/\" \/>\n<meta property=\"og:site_name\" content=\"B\u00fcrgeraktion Korber H\u00f6he e. V.\" \/>\n<meta property=\"article:published_time\" content=\"2015-11-14T19:07:34+00:00\" \/>\n<meta property=\"article:modified_time\" content=\"2015-11-22T13:31:47+00:00\" \/>\n<meta property=\"og:image\" content=\"http:\/\/bakh.de\/wdp\/wp-content\/uploads\/2015\/11\/k-IMG_5275.jpg\" \/>\n<meta name=\"author\" content=\"Uli\" \/>\n<meta name=\"twitter:card\" content=\"summary_large_image\" \/>\n<meta name=\"twitter:label1\" content=\"Verfasst von\" \/>\n\t<meta name=\"twitter:data1\" content=\"Uli\" \/>\n<script type=\"application\/ld+json\" class=\"yoast-schema-graph\">{\"@context\":\"https:\\\/\\\/schema.org\",\"@graph\":[{\"@type\":\"Article\",\"@id\":\"https:\\\/\\\/bakh.de\\\/wdp\\\/gluehwein-stelldichein-zum-40-jaehrigen-jubilaeum\\\/#article\",\"isPartOf\":{\"@id\":\"https:\\\/\\\/bakh.de\\\/wdp\\\/gluehwein-stelldichein-zum-40-jaehrigen-jubilaeum\\\/\"},\"author\":{\"name\":\"Uli\",\"@id\":\"https:\\\/\\\/bakh.de\\\/wdp\\\/#\\\/schema\\\/person\\\/75a1e296c1c53d3fbbc0a3c6104f6370\"},\"headline\":\"Jubil\u00e4umsstelldichein 40 Jahre B\u00fcrgeraktion\",\"datePublished\":\"2015-11-14T19:07:34+00:00\",\"dateModified\":\"2015-11-22T13:31:47+00:00\",\"mainEntityOfPage\":{\"@id\":\"https:\\\/\\\/bakh.de\\\/wdp\\\/gluehwein-stelldichein-zum-40-jaehrigen-jubilaeum\\\/\"},\"wordCount\":67,\"publisher\":{\"@id\":\"https:\\\/\\\/bakh.de\\\/wdp\\\/#organization\"},\"image\":{\"@id\":\"https:\\\/\\\/bakh.de\\\/wdp\\\/gluehwein-stelldichein-zum-40-jaehrigen-jubilaeum\\\/#primaryimage\"},\"thumbnailUrl\":\"http:\\\/\\\/bakh.de\\\/wdp\\\/wp-content\\\/uploads\\\/2015\\\/11\\\/k-IMG_5275.jpg\",\"articleSection\":[\"Aktuelle Beitr\u00e4ge\"],\"inLanguage\":\"de\"},{\"@type\":\"WebPage\",\"@id\":\"https:\\\/\\\/bakh.de\\\/wdp\\\/gluehwein-stelldichein-zum-40-jaehrigen-jubilaeum\\\/\",\"url\":\"https:\\\/\\\/bakh.de\\\/wdp\\\/gluehwein-stelldichein-zum-40-jaehrigen-jubilaeum\\\/\",\"name\":\"Jubil\u00e4umsstelldichein 40 Jahre B\u00fcrgeraktion - B\u00fcrgeraktion Korber H\u00f6he e. V.\",\"isPartOf\":{\"@id\":\"https:\\\/\\\/bakh.de\\\/wdp\\\/#website\"},\"primaryImageOfPage\":{\"@id\":\"https:\\\/\\\/bakh.de\\\/wdp\\\/gluehwein-stelldichein-zum-40-jaehrigen-jubilaeum\\\/#primaryimage\"},\"image\":{\"@id\":\"https:\\\/\\\/bakh.de\\\/wdp\\\/gluehwein-stelldichein-zum-40-jaehrigen-jubilaeum\\\/#primaryimage\"},\"thumbnailUrl\":\"http:\\\/\\\/bakh.de\\\/wdp\\\/wp-content\\\/uploads\\\/2015\\\/11\\\/k-IMG_5275.jpg\",\"datePublished\":\"2015-11-14T19:07:34+00:00\",\"dateModified\":\"2015-11-22T13:31:47+00:00\",\"breadcrumb\":{\"@id\":\"https:\\\/\\\/bakh.de\\\/wdp\\\/gluehwein-stelldichein-zum-40-jaehrigen-jubilaeum\\\/#breadcrumb\"},\"inLanguage\":\"de\",\"potentialAction\":[{\"@type\":\"ReadAction\",\"target\":[\"https:\\\/\\\/bakh.de\\\/wdp\\\/gluehwein-stelldichein-zum-40-jaehrigen-jubilaeum\\\/\"]}]},{\"@type\":\"ImageObject\",\"inLanguage\":\"de\",\"@id\":\"https:\\\/\\\/bakh.de\\\/wdp\\\/gluehwein-stelldichein-zum-40-jaehrigen-jubilaeum\\\/#primaryimage\",\"url\":\"https:\\\/\\\/bakh.de\\\/wdp\\\/wp-content\\\/uploads\\\/2015\\\/11\\\/k-IMG_5275.jpg\",\"contentUrl\":\"https:\\\/\\\/bakh.de\\\/wdp\\\/wp-content\\\/uploads\\\/2015\\\/11\\\/k-IMG_5275.jpg\",\"width\":800,\"height\":600},{\"@type\":\"BreadcrumbList\",\"@id\":\"https:\\\/\\\/bakh.de\\\/wdp\\\/gluehwein-stelldichein-zum-40-jaehrigen-jubilaeum\\\/#breadcrumb\",\"itemListElement\":[{\"@type\":\"ListItem\",\"position\":1,\"name\":\"Startseite\",\"item\":\"https:\\\/\\\/bakh.de\\\/wdp\\\/\"},{\"@type\":\"ListItem\",\"position\":2,\"name\":\"Jubil\u00e4umsstelldichein 40 Jahre B\u00fcrgeraktion\"}]},{\"@type\":\"WebSite\",\"@id\":\"https:\\\/\\\/bakh.de\\\/wdp\\\/#website\",\"url\":\"https:\\\/\\\/bakh.de\\\/wdp\\\/\",\"name\":\"B\u00fcrgeraktion Korber H\u00f6he e. V.\",\"description\":\"\",\"publisher\":{\"@id\":\"https:\\\/\\\/bakh.de\\\/wdp\\\/#organization\"},\"potentialAction\":[{\"@type\":\"SearchAction\",\"target\":{\"@type\":\"EntryPoint\",\"urlTemplate\":\"https:\\\/\\\/bakh.de\\\/wdp\\\/?s={search_term_string}\"},\"query-input\":{\"@type\":\"PropertyValueSpecification\",\"valueRequired\":true,\"valueName\":\"search_term_string\"}}],\"inLanguage\":\"de\"},{\"@type\":\"Organization\",\"@id\":\"https:\\\/\\\/bakh.de\\\/wdp\\\/#organization\",\"name\":\"B\u00fcrgeraktion Korber H\u00f6he e. V.\",\"url\":\"https:\\\/\\\/bakh.de\\\/wdp\\\/\",\"logo\":{\"@type\":\"ImageObject\",\"inLanguage\":\"de\",\"@id\":\"https:\\\/\\\/bakh.de\\\/wdp\\\/#\\\/schema\\\/logo\\\/image\\\/\",\"url\":\"https:\\\/\\\/bakh.de\\\/wdp\\\/wp-content\\\/uploads\\\/2025\\\/11\\\/BAKH_Logo_4c_512.jpg\",\"contentUrl\":\"https:\\\/\\\/bakh.de\\\/wdp\\\/wp-content\\\/uploads\\\/2025\\\/11\\\/BAKH_Logo_4c_512.jpg\",\"width\":516,\"height\":518,\"caption\":\"B\u00fcrgeraktion Korber H\u00f6he e. V.\"},\"image\":{\"@id\":\"https:\\\/\\\/bakh.de\\\/wdp\\\/#\\\/schema\\\/logo\\\/image\\\/\"}},{\"@type\":\"Person\",\"@id\":\"https:\\\/\\\/bakh.de\\\/wdp\\\/#\\\/schema\\\/person\\\/75a1e296c1c53d3fbbc0a3c6104f6370\",\"name\":\"Uli\",\"image\":{\"@type\":\"ImageObject\",\"inLanguage\":\"de\",\"@id\":\"https:\\\/\\\/secure.gravatar.com\\\/avatar\\\/3b55f09e3908cc7190694de428627f99ad7fb1fd6ca4aa1f5a2c94110a7a2967?s=96&d=mm&r=g\",\"url\":\"https:\\\/\\\/secure.gravatar.com\\\/avatar\\\/3b55f09e3908cc7190694de428627f99ad7fb1fd6ca4aa1f5a2c94110a7a2967?s=96&d=mm&r=g\",\"contentUrl\":\"https:\\\/\\\/secure.gravatar.com\\\/avatar\\\/3b55f09e3908cc7190694de428627f99ad7fb1fd6ca4aa1f5a2c94110a7a2967?s=96&d=mm&r=g\",\"caption\":\"Uli\"},\"url\":\"https:\\\/\\\/bakh.de\\\/wdp\\\/author\\\/uli\\\/\"}]}<\/script>\n<!-- \/ Yoast SEO plugin. -->","yoast_head_json":{"title":"Jubil\u00e4umsstelldichein 40 Jahre B\u00fcrgeraktion - B\u00fcrgeraktion Korber H\u00f6he e. V.","robots":{"index":"index","follow":"follow","max-snippet":"max-snippet:-1","max-image-preview":"max-image-preview:large","max-video-preview":"max-video-preview:-1"},"canonical":"https:\/\/bakh.de\/wdp\/gluehwein-stelldichein-zum-40-jaehrigen-jubilaeum\/","og_locale":"de_DE","og_type":"article","og_title":"Jubil\u00e4umsstelldichein 40 Jahre B\u00fcrgeraktion - B\u00fcrgeraktion Korber H\u00f6he e. V.","og_description":"Vor 40 Jahren, im November 1975, wurde die B\u00fcrgeraktion Korber H\u00f6he gegr\u00fcndet. Aus diesem Anlass gab es am Samstag 14.11.2015 im Mikrozentrum auf der Korber H\u00f6he Waiblingen ein Jubil\u00e4umsstelldichein. Bei Gl\u00fchwein, alkoholfreiem Punsch und Appetithappen informierte die B\u00fcrgeraktion \u00fcber ihre Aktivit\u00e4ten und die Neigungsgruppen, warb neue Mitglieder und diskutierte mit den B\u00fcrgern \u00fcber zuk\u00fcnftige Anliegen.","og_url":"https:\/\/bakh.de\/wdp\/gluehwein-stelldichein-zum-40-jaehrigen-jubilaeum\/","og_site_name":"B\u00fcrgeraktion Korber H\u00f6he e. V.","article_published_time":"2015-11-14T19:07:34+00:00","article_modified_time":"2015-11-22T13:31:47+00:00","og_image":[{"url":"http:\/\/bakh.de\/wdp\/wp-content\/uploads\/2015\/11\/k-IMG_5275.jpg","type":"","width":"","height":""}],"author":"Uli","twitter_card":"summary_large_image","twitter_misc":{"Verfasst von":"Uli"},"schema":{"@context":"https:\/\/schema.org","@graph":[{"@type":"Article","@id":"https:\/\/bakh.de\/wdp\/gluehwein-stelldichein-zum-40-jaehrigen-jubilaeum\/#article","isPartOf":{"@id":"https:\/\/bakh.de\/wdp\/gluehwein-stelldichein-zum-40-jaehrigen-jubilaeum\/"},"author":{"name":"Uli","@id":"https:\/\/bakh.de\/wdp\/#\/schema\/person\/75a1e296c1c53d3fbbc0a3c6104f6370"},"headline":"Jubil\u00e4umsstelldichein 40 Jahre B\u00fcrgeraktion","datePublished":"2015-11-14T19:07:34+00:00","dateModified":"2015-11-22T13:31:47+00:00","mainEntityOfPage":{"@id":"https:\/\/bakh.de\/wdp\/gluehwein-stelldichein-zum-40-jaehrigen-jubilaeum\/"},"wordCount":67,"publisher":{"@id":"https:\/\/bakh.de\/wdp\/#organization"},"image":{"@id":"https:\/\/bakh.de\/wdp\/gluehwein-stelldichein-zum-40-jaehrigen-jubilaeum\/#primaryimage"},"thumbnailUrl":"http:\/\/bakh.de\/wdp\/wp-content\/uploads\/2015\/11\/k-IMG_5275.jpg","articleSection":["Aktuelle Beitr\u00e4ge"],"inLanguage":"de"},{"@type":"WebPage","@id":"https:\/\/bakh.de\/wdp\/gluehwein-stelldichein-zum-40-jaehrigen-jubilaeum\/","url":"https:\/\/bakh.de\/wdp\/gluehwein-stelldichein-zum-40-jaehrigen-jubilaeum\/","name":"Jubil\u00e4umsstelldichein 40 Jahre B\u00fcrgeraktion - B\u00fcrgeraktion Korber H\u00f6he e. V.","isPartOf":{"@id":"https:\/\/bakh.de\/wdp\/#website"},"primaryImageOfPage":{"@id":"https:\/\/bakh.de\/wdp\/gluehwein-stelldichein-zum-40-jaehrigen-jubilaeum\/#primaryimage"},"image":{"@id":"https:\/\/bakh.de\/wdp\/gluehwein-stelldichein-zum-40-jaehrigen-jubilaeum\/#primaryimage"},"thumbnailUrl":"http:\/\/bakh.de\/wdp\/wp-content\/uploads\/2015\/11\/k-IMG_5275.jpg","datePublished":"2015-11-14T19:07:34+00:00","dateModified":"2015-11-22T13:31:47+00:00","breadcrumb":{"@id":"https:\/\/bakh.de\/wdp\/gluehwein-stelldichein-zum-40-jaehrigen-jubilaeum\/#breadcrumb"},"inLanguage":"de","potentialAction":[{"@type":"ReadAction","target":["https:\/\/bakh.de\/wdp\/gluehwein-stelldichein-zum-40-jaehrigen-jubilaeum\/"]}]},{"@type":"ImageObject","inLanguage":"de","@id":"https:\/\/bakh.de\/wdp\/gluehwein-stelldichein-zum-40-jaehrigen-jubilaeum\/#primaryimage","url":"https:\/\/bakh.de\/wdp\/wp-content\/uploads\/2015\/11\/k-IMG_5275.jpg","contentUrl":"https:\/\/bakh.de\/wdp\/wp-content\/uploads\/2015\/11\/k-IMG_5275.jpg","width":800,"height":600},{"@type":"BreadcrumbList","@id":"https:\/\/bakh.de\/wdp\/gluehwein-stelldichein-zum-40-jaehrigen-jubilaeum\/#breadcrumb","itemListElement":[{"@type":"ListItem","position":1,"name":"Startseite","item":"https:\/\/bakh.de\/wdp\/"},{"@type":"ListItem","position":2,"name":"Jubil\u00e4umsstelldichein 40 Jahre B\u00fcrgeraktion"}]},{"@type":"WebSite","@id":"https:\/\/bakh.de\/wdp\/#website","url":"https:\/\/bakh.de\/wdp\/","name":"B\u00fcrgeraktion Korber H\u00f6he e. V.","description":"","publisher":{"@id":"https:\/\/bakh.de\/wdp\/#organization"},"potentialAction":[{"@type":"SearchAction","target":{"@type":"EntryPoint","urlTemplate":"https:\/\/bakh.de\/wdp\/?s={search_term_string}"},"query-input":{"@type":"PropertyValueSpecification","valueRequired":true,"valueName":"search_term_string"}}],"inLanguage":"de"},{"@type":"Organization","@id":"https:\/\/bakh.de\/wdp\/#organization","name":"B\u00fcrgeraktion Korber H\u00f6he e. V.","url":"https:\/\/bakh.de\/wdp\/","logo":{"@type":"ImageObject","inLanguage":"de","@id":"https:\/\/bakh.de\/wdp\/#\/schema\/logo\/image\/","url":"https:\/\/bakh.de\/wdp\/wp-content\/uploads\/2025\/11\/BAKH_Logo_4c_512.jpg","contentUrl":"https:\/\/bakh.de\/wdp\/wp-content\/uploads\/2025\/11\/BAKH_Logo_4c_512.jpg","width":516,"height":518,"caption":"B\u00fcrgeraktion Korber H\u00f6he e. V."},"image":{"@id":"https:\/\/bakh.de\/wdp\/#\/schema\/logo\/image\/"}},{"@type":"Person","@id":"https:\/\/bakh.de\/wdp\/#\/schema\/person\/75a1e296c1c53d3fbbc0a3c6104f6370","name":"Uli","image":{"@type":"ImageObject","inLanguage":"de","@id":"https:\/\/secure.gravatar.com\/avatar\/3b55f09e3908cc7190694de428627f99ad7fb1fd6ca4aa1f5a2c94110a7a2967?s=96&d=mm&r=g","url":"https:\/\/secure.gravatar.com\/avatar\/3b55f09e3908cc7190694de428627f99ad7fb1fd6ca4aa1f5a2c94110a7a2967?s=96&d=mm&r=g","contentUrl":"https:\/\/secure.gravatar.com\/avatar\/3b55f09e3908cc7190694de428627f99ad7fb1fd6ca4aa1f5a2c94110a7a2967?s=96&d=mm&r=g","caption":"Uli"},"url":"https:\/\/bakh.de\/wdp\/author\/uli\/"}]}},"_links":{"self":[{"href":"https:\/\/bakh.de\/wdp\/wp-json\/wp\/v2\/posts\/2568","targetHints":{"allow":["GET"]}}],"collection":[{"href":"https:\/\/bakh.de\/wdp\/wp-json\/wp\/v2\/posts"}],"about":[{"href":"https:\/\/bakh.de\/wdp\/wp-json\/wp\/v2\/types\/post"}],"author":[{"embeddable":true,"href":"https:\/\/bakh.de\/wdp\/wp-json\/wp\/v2\/users\/3"}],"replies":[{"embeddable":true,"href":"https:\/\/bakh.de\/wdp\/wp-json\/wp\/v2\/comments?post=2568"}],"version-history":[{"count":16,"href":"https:\/\/bakh.de\/wdp\/wp-json\/wp\/v2\/posts\/2568\/revisions"}],"predecessor-version":[{"id":2789,"href":"https:\/\/bakh.de\/wdp\/wp-json\/wp\/v2\/posts\/2568\/revisions\/2789"}],"wp:attachment":[{"href":"https:\/\/bakh.de\/wdp\/wp-json\/wp\/v2\/media?parent=2568"}],"wp:term":[{"taxonomy":"category","embeddable":true,"href":"https:\/\/bakh.de\/wdp\/wp-json\/wp\/v2\/categories?post=2568"},{"taxonomy":"post_tag","embeddable":true,"href":"https:\/\/bakh.de\/wdp\/wp-json\/wp\/v2\/tags?post=2568"}],"curies":[{"name":"wp","href":"https:\/\/api.w.org\/{rel}","templated":true}]}}