{"id":2541,"date":"2016-05-01T13:00:48","date_gmt":"2016-05-01T13:00:48","guid":{"rendered":"http:\/\/bakh.de\/wdp\/?p=2541"},"modified":"2018-03-10T15:40:12","modified_gmt":"2018-03-10T15:40:12","slug":"maibaum-aufgestellt","status":"publish","type":"post","link":"https:\/\/bakh.de\/wdp\/maibaum-aufgestellt\/","title":{"rendered":"Maibaum aufgestellt"},"content":{"rendered":"<p><a href=\"http:\/\/bakh.de\/wdp\/wp-content\/uploads\/2016\/05\/k-20160430_170736.jpg\"><img loading=\"lazy\" decoding=\"async\" class=\"alignleft wp-image-3105\" src=\"http:\/\/bakh.de\/wdp\/wp-content\/uploads\/2016\/05\/k-20160430_170736.jpg\" alt=\"k-20160430_170736\" width=\"180\" height=\"135\" srcset=\"https:\/\/bakh.de\/wdp\/wp-content\/uploads\/2016\/05\/k-20160430_170736.jpg 800w, https:\/\/bakh.de\/wdp\/wp-content\/uploads\/2016\/05\/k-20160430_170736-300x225.jpg 300w, https:\/\/bakh.de\/wdp\/wp-content\/uploads\/2016\/05\/k-20160430_170736-768x576.jpg 768w\" sizes=\"auto, (max-width: 180px) 100vw, 180px\" \/><\/a>Am 30.4. feierte KOMPASS e.V., der Tr\u00e4gerverein f\u00fcr die sozialdiakonische Arbeit auf der Korber H\u00f6he, gemeinsam der B\u00fcrgeraktion und anderen Institutionen der Korber H\u00f6he wieder sein traditionelles Maibaumfest auf dem Vorplatz des \u00f6kumenischen Gemeindezentrums.<!--more--><\/p>\n<p>Es gab Tanz-Darbietungen der Kinderh\u00e4user und ein Bastelangebot der Salierschule, die B\u00fcrgeraktion sorgte f\u00fcr Kaffee und Kuchen. Um 17:00 Uhr wurde mit schwerem technischen Ger\u00e4t der Maibaum aufgestellt. Das Wetter hatte auch mit gemacht. Erst nach 17:00 Uhr begann es etwas zu regnen, aber im Gemeindezentrum gab es gen\u00fcgend Pl\u00e4tze um das Fest im trockenen, in gem\u00fctlicher Athmosph\u00e4re ausklingen zu lassen.<\/p>\n<p><a href=\"http:\/\/bakh.de\/wdp\/wp-content\/uploads\/2016\/05\/k-20160430_170629.jpg\"><img loading=\"lazy\" decoding=\"async\" class=\"alignright wp-image-3106\" src=\"http:\/\/bakh.de\/wdp\/wp-content\/uploads\/2016\/05\/k-20160430_170629.jpg\" alt=\"k-20160430_170629\" width=\"256\" height=\"192\" srcset=\"https:\/\/bakh.de\/wdp\/wp-content\/uploads\/2016\/05\/k-20160430_170629.jpg 800w, https:\/\/bakh.de\/wdp\/wp-content\/uploads\/2016\/05\/k-20160430_170629-300x225.jpg 300w, https:\/\/bakh.de\/wdp\/wp-content\/uploads\/2016\/05\/k-20160430_170629-768x576.jpg 768w\" sizes=\"auto, (max-width: 256px) 100vw, 256px\" \/><\/a><a href=\"http:\/\/bakh.de\/wdp\/wp-content\/uploads\/2016\/05\/k-20160430_171128.jpg\"><img loading=\"lazy\" decoding=\"async\" class=\"alignleft wp-image-3107\" src=\"http:\/\/bakh.de\/wdp\/wp-content\/uploads\/2016\/05\/k-20160430_171128.jpg\" alt=\"k-20160430_171128\" width=\"256\" height=\"192\" srcset=\"https:\/\/bakh.de\/wdp\/wp-content\/uploads\/2016\/05\/k-20160430_171128.jpg 800w, https:\/\/bakh.de\/wdp\/wp-content\/uploads\/2016\/05\/k-20160430_171128-300x225.jpg 300w, https:\/\/bakh.de\/wdp\/wp-content\/uploads\/2016\/05\/k-20160430_171128-768x576.jpg 768w\" sizes=\"auto, (max-width: 256px) 100vw, 256px\" \/><\/a><\/p>\n","protected":false},"excerpt":{"rendered":"<p>Am 30.4. feierte KOMPASS e.V., der Tr\u00e4gerverein f\u00fcr die sozialdiakonische Arbeit auf der Korber H\u00f6he, gemeinsam der B\u00fcrgeraktion und anderen Institutionen der Korber H\u00f6he wieder sein traditionelles Maibaumfest auf dem Vorplatz des \u00f6kumenischen Gemeindezentrums.<\/p>\n","protected":false},"author":3,"featured_media":0,"comment_status":"closed","ping_status":"closed","sticky":false,"template":"","format":"standard","meta":{"ngg_post_thumbnail":0,"footnotes":""},"categories":[4],"tags":[],"class_list":["post-2541","post","type-post","status-publish","format-standard","hentry","category-aktuelles"],"yoast_head":"<!-- This site is optimized with the Yoast SEO plugin v27.5 - https:\/\/yoast.com\/product\/yoast-seo-wordpress\/ -->\n<title>Maibaum aufgestellt - B\u00fcrgeraktion Korber H\u00f6he e. V.<\/title>\n<meta name=\"robots\" content=\"index, follow, max-snippet:-1, max-image-preview:large, max-video-preview:-1\" \/>\n<link rel=\"canonical\" href=\"https:\/\/bakh.de\/wdp\/maibaum-aufgestellt\/\" \/>\n<meta property=\"og:locale\" content=\"de_DE\" \/>\n<meta property=\"og:type\" content=\"article\" \/>\n<meta property=\"og:title\" content=\"Maibaum aufgestellt - B\u00fcrgeraktion Korber H\u00f6he e. V.\" \/>\n<meta property=\"og:description\" content=\"Am 30.4. feierte KOMPASS e.V., der Tr\u00e4gerverein f\u00fcr die sozialdiakonische Arbeit auf der Korber H\u00f6he, gemeinsam der B\u00fcrgeraktion und anderen Institutionen der Korber H\u00f6he wieder sein traditionelles Maibaumfest auf dem Vorplatz des \u00f6kumenischen Gemeindezentrums.\" \/>\n<meta property=\"og:url\" content=\"https:\/\/bakh.de\/wdp\/maibaum-aufgestellt\/\" \/>\n<meta property=\"og:site_name\" content=\"B\u00fcrgeraktion Korber H\u00f6he e. V.\" \/>\n<meta property=\"article:published_time\" content=\"2016-05-01T13:00:48+00:00\" \/>\n<meta property=\"article:modified_time\" content=\"2018-03-10T15:40:12+00:00\" \/>\n<meta property=\"og:image\" content=\"http:\/\/bakh.de\/wdp\/wp-content\/uploads\/2016\/05\/k-20160430_170736.jpg\" \/>\n<meta name=\"author\" content=\"Uli\" \/>\n<meta name=\"twitter:card\" content=\"summary_large_image\" \/>\n<meta name=\"twitter:label1\" content=\"Verfasst von\" \/>\n\t<meta name=\"twitter:data1\" content=\"Uli\" \/>\n\t<meta name=\"twitter:label2\" content=\"Gesch\u00e4tzte Lesezeit\" \/>\n\t<meta name=\"twitter:data2\" content=\"1\u00a0Minute\" \/>\n<script type=\"application\/ld+json\" class=\"yoast-schema-graph\">{\"@context\":\"https:\\\/\\\/schema.org\",\"@graph\":[{\"@type\":\"Article\",\"@id\":\"https:\\\/\\\/bakh.de\\\/wdp\\\/maibaum-aufgestellt\\\/#article\",\"isPartOf\":{\"@id\":\"https:\\\/\\\/bakh.de\\\/wdp\\\/maibaum-aufgestellt\\\/\"},\"author\":{\"name\":\"Uli\",\"@id\":\"https:\\\/\\\/bakh.de\\\/wdp\\\/#\\\/schema\\\/person\\\/75a1e296c1c53d3fbbc0a3c6104f6370\"},\"headline\":\"Maibaum aufgestellt\",\"datePublished\":\"2016-05-01T13:00:48+00:00\",\"dateModified\":\"2018-03-10T15:40:12+00:00\",\"mainEntityOfPage\":{\"@id\":\"https:\\\/\\\/bakh.de\\\/wdp\\\/maibaum-aufgestellt\\\/\"},\"wordCount\":108,\"publisher\":{\"@id\":\"https:\\\/\\\/bakh.de\\\/wdp\\\/#organization\"},\"image\":{\"@id\":\"https:\\\/\\\/bakh.de\\\/wdp\\\/maibaum-aufgestellt\\\/#primaryimage\"},\"thumbnailUrl\":\"http:\\\/\\\/bakh.de\\\/wdp\\\/wp-content\\\/uploads\\\/2016\\\/05\\\/k-20160430_170736.jpg\",\"articleSection\":[\"Aktuelle Beitr\u00e4ge\"],\"inLanguage\":\"de\"},{\"@type\":\"WebPage\",\"@id\":\"https:\\\/\\\/bakh.de\\\/wdp\\\/maibaum-aufgestellt\\\/\",\"url\":\"https:\\\/\\\/bakh.de\\\/wdp\\\/maibaum-aufgestellt\\\/\",\"name\":\"Maibaum aufgestellt - B\u00fcrgeraktion Korber H\u00f6he e. V.\",\"isPartOf\":{\"@id\":\"https:\\\/\\\/bakh.de\\\/wdp\\\/#website\"},\"primaryImageOfPage\":{\"@id\":\"https:\\\/\\\/bakh.de\\\/wdp\\\/maibaum-aufgestellt\\\/#primaryimage\"},\"image\":{\"@id\":\"https:\\\/\\\/bakh.de\\\/wdp\\\/maibaum-aufgestellt\\\/#primaryimage\"},\"thumbnailUrl\":\"http:\\\/\\\/bakh.de\\\/wdp\\\/wp-content\\\/uploads\\\/2016\\\/05\\\/k-20160430_170736.jpg\",\"datePublished\":\"2016-05-01T13:00:48+00:00\",\"dateModified\":\"2018-03-10T15:40:12+00:00\",\"breadcrumb\":{\"@id\":\"https:\\\/\\\/bakh.de\\\/wdp\\\/maibaum-aufgestellt\\\/#breadcrumb\"},\"inLanguage\":\"de\",\"potentialAction\":[{\"@type\":\"ReadAction\",\"target\":[\"https:\\\/\\\/bakh.de\\\/wdp\\\/maibaum-aufgestellt\\\/\"]}]},{\"@type\":\"ImageObject\",\"inLanguage\":\"de\",\"@id\":\"https:\\\/\\\/bakh.de\\\/wdp\\\/maibaum-aufgestellt\\\/#primaryimage\",\"url\":\"https:\\\/\\\/bakh.de\\\/wdp\\\/wp-content\\\/uploads\\\/2016\\\/05\\\/k-20160430_170736.jpg\",\"contentUrl\":\"https:\\\/\\\/bakh.de\\\/wdp\\\/wp-content\\\/uploads\\\/2016\\\/05\\\/k-20160430_170736.jpg\",\"width\":800,\"height\":600},{\"@type\":\"BreadcrumbList\",\"@id\":\"https:\\\/\\\/bakh.de\\\/wdp\\\/maibaum-aufgestellt\\\/#breadcrumb\",\"itemListElement\":[{\"@type\":\"ListItem\",\"position\":1,\"name\":\"Startseite\",\"item\":\"https:\\\/\\\/bakh.de\\\/wdp\\\/\"},{\"@type\":\"ListItem\",\"position\":2,\"name\":\"Maibaum aufgestellt\"}]},{\"@type\":\"WebSite\",\"@id\":\"https:\\\/\\\/bakh.de\\\/wdp\\\/#website\",\"url\":\"https:\\\/\\\/bakh.de\\\/wdp\\\/\",\"name\":\"B\u00fcrgeraktion Korber H\u00f6he e. V.\",\"description\":\"\",\"publisher\":{\"@id\":\"https:\\\/\\\/bakh.de\\\/wdp\\\/#organization\"},\"potentialAction\":[{\"@type\":\"SearchAction\",\"target\":{\"@type\":\"EntryPoint\",\"urlTemplate\":\"https:\\\/\\\/bakh.de\\\/wdp\\\/?s={search_term_string}\"},\"query-input\":{\"@type\":\"PropertyValueSpecification\",\"valueRequired\":true,\"valueName\":\"search_term_string\"}}],\"inLanguage\":\"de\"},{\"@type\":\"Organization\",\"@id\":\"https:\\\/\\\/bakh.de\\\/wdp\\\/#organization\",\"name\":\"B\u00fcrgeraktion Korber H\u00f6he e. V.\",\"url\":\"https:\\\/\\\/bakh.de\\\/wdp\\\/\",\"logo\":{\"@type\":\"ImageObject\",\"inLanguage\":\"de\",\"@id\":\"https:\\\/\\\/bakh.de\\\/wdp\\\/#\\\/schema\\\/logo\\\/image\\\/\",\"url\":\"https:\\\/\\\/bakh.de\\\/wdp\\\/wp-content\\\/uploads\\\/2025\\\/11\\\/BAKH_Logo_4c_512.jpg\",\"contentUrl\":\"https:\\\/\\\/bakh.de\\\/wdp\\\/wp-content\\\/uploads\\\/2025\\\/11\\\/BAKH_Logo_4c_512.jpg\",\"width\":516,\"height\":518,\"caption\":\"B\u00fcrgeraktion Korber H\u00f6he e. V.\"},\"image\":{\"@id\":\"https:\\\/\\\/bakh.de\\\/wdp\\\/#\\\/schema\\\/logo\\\/image\\\/\"}},{\"@type\":\"Person\",\"@id\":\"https:\\\/\\\/bakh.de\\\/wdp\\\/#\\\/schema\\\/person\\\/75a1e296c1c53d3fbbc0a3c6104f6370\",\"name\":\"Uli\",\"image\":{\"@type\":\"ImageObject\",\"inLanguage\":\"de\",\"@id\":\"https:\\\/\\\/secure.gravatar.com\\\/avatar\\\/3b55f09e3908cc7190694de428627f99ad7fb1fd6ca4aa1f5a2c94110a7a2967?s=96&d=mm&r=g\",\"url\":\"https:\\\/\\\/secure.gravatar.com\\\/avatar\\\/3b55f09e3908cc7190694de428627f99ad7fb1fd6ca4aa1f5a2c94110a7a2967?s=96&d=mm&r=g\",\"contentUrl\":\"https:\\\/\\\/secure.gravatar.com\\\/avatar\\\/3b55f09e3908cc7190694de428627f99ad7fb1fd6ca4aa1f5a2c94110a7a2967?s=96&d=mm&r=g\",\"caption\":\"Uli\"},\"url\":\"https:\\\/\\\/bakh.de\\\/wdp\\\/author\\\/uli\\\/\"}]}<\/script>\n<!-- \/ Yoast SEO plugin. -->","yoast_head_json":{"title":"Maibaum aufgestellt - B\u00fcrgeraktion Korber H\u00f6he e. V.","robots":{"index":"index","follow":"follow","max-snippet":"max-snippet:-1","max-image-preview":"max-image-preview:large","max-video-preview":"max-video-preview:-1"},"canonical":"https:\/\/bakh.de\/wdp\/maibaum-aufgestellt\/","og_locale":"de_DE","og_type":"article","og_title":"Maibaum aufgestellt - B\u00fcrgeraktion Korber H\u00f6he e. V.","og_description":"Am 30.4. feierte KOMPASS e.V., der Tr\u00e4gerverein f\u00fcr die sozialdiakonische Arbeit auf der Korber H\u00f6he, gemeinsam der B\u00fcrgeraktion und anderen Institutionen der Korber H\u00f6he wieder sein traditionelles Maibaumfest auf dem Vorplatz des \u00f6kumenischen Gemeindezentrums.","og_url":"https:\/\/bakh.de\/wdp\/maibaum-aufgestellt\/","og_site_name":"B\u00fcrgeraktion Korber H\u00f6he e. V.","article_published_time":"2016-05-01T13:00:48+00:00","article_modified_time":"2018-03-10T15:40:12+00:00","og_image":[{"url":"http:\/\/bakh.de\/wdp\/wp-content\/uploads\/2016\/05\/k-20160430_170736.jpg","type":"","width":"","height":""}],"author":"Uli","twitter_card":"summary_large_image","twitter_misc":{"Verfasst von":"Uli","Gesch\u00e4tzte Lesezeit":"1\u00a0Minute"},"schema":{"@context":"https:\/\/schema.org","@graph":[{"@type":"Article","@id":"https:\/\/bakh.de\/wdp\/maibaum-aufgestellt\/#article","isPartOf":{"@id":"https:\/\/bakh.de\/wdp\/maibaum-aufgestellt\/"},"author":{"name":"Uli","@id":"https:\/\/bakh.de\/wdp\/#\/schema\/person\/75a1e296c1c53d3fbbc0a3c6104f6370"},"headline":"Maibaum aufgestellt","datePublished":"2016-05-01T13:00:48+00:00","dateModified":"2018-03-10T15:40:12+00:00","mainEntityOfPage":{"@id":"https:\/\/bakh.de\/wdp\/maibaum-aufgestellt\/"},"wordCount":108,"publisher":{"@id":"https:\/\/bakh.de\/wdp\/#organization"},"image":{"@id":"https:\/\/bakh.de\/wdp\/maibaum-aufgestellt\/#primaryimage"},"thumbnailUrl":"http:\/\/bakh.de\/wdp\/wp-content\/uploads\/2016\/05\/k-20160430_170736.jpg","articleSection":["Aktuelle Beitr\u00e4ge"],"inLanguage":"de"},{"@type":"WebPage","@id":"https:\/\/bakh.de\/wdp\/maibaum-aufgestellt\/","url":"https:\/\/bakh.de\/wdp\/maibaum-aufgestellt\/","name":"Maibaum aufgestellt - B\u00fcrgeraktion Korber H\u00f6he e. V.","isPartOf":{"@id":"https:\/\/bakh.de\/wdp\/#website"},"primaryImageOfPage":{"@id":"https:\/\/bakh.de\/wdp\/maibaum-aufgestellt\/#primaryimage"},"image":{"@id":"https:\/\/bakh.de\/wdp\/maibaum-aufgestellt\/#primaryimage"},"thumbnailUrl":"http:\/\/bakh.de\/wdp\/wp-content\/uploads\/2016\/05\/k-20160430_170736.jpg","datePublished":"2016-05-01T13:00:48+00:00","dateModified":"2018-03-10T15:40:12+00:00","breadcrumb":{"@id":"https:\/\/bakh.de\/wdp\/maibaum-aufgestellt\/#breadcrumb"},"inLanguage":"de","potentialAction":[{"@type":"ReadAction","target":["https:\/\/bakh.de\/wdp\/maibaum-aufgestellt\/"]}]},{"@type":"ImageObject","inLanguage":"de","@id":"https:\/\/bakh.de\/wdp\/maibaum-aufgestellt\/#primaryimage","url":"https:\/\/bakh.de\/wdp\/wp-content\/uploads\/2016\/05\/k-20160430_170736.jpg","contentUrl":"https:\/\/bakh.de\/wdp\/wp-content\/uploads\/2016\/05\/k-20160430_170736.jpg","width":800,"height":600},{"@type":"BreadcrumbList","@id":"https:\/\/bakh.de\/wdp\/maibaum-aufgestellt\/#breadcrumb","itemListElement":[{"@type":"ListItem","position":1,"name":"Startseite","item":"https:\/\/bakh.de\/wdp\/"},{"@type":"ListItem","position":2,"name":"Maibaum aufgestellt"}]},{"@type":"WebSite","@id":"https:\/\/bakh.de\/wdp\/#website","url":"https:\/\/bakh.de\/wdp\/","name":"B\u00fcrgeraktion Korber H\u00f6he e. V.","description":"","publisher":{"@id":"https:\/\/bakh.de\/wdp\/#organization"},"potentialAction":[{"@type":"SearchAction","target":{"@type":"EntryPoint","urlTemplate":"https:\/\/bakh.de\/wdp\/?s={search_term_string}"},"query-input":{"@type":"PropertyValueSpecification","valueRequired":true,"valueName":"search_term_string"}}],"inLanguage":"de"},{"@type":"Organization","@id":"https:\/\/bakh.de\/wdp\/#organization","name":"B\u00fcrgeraktion Korber H\u00f6he e. V.","url":"https:\/\/bakh.de\/wdp\/","logo":{"@type":"ImageObject","inLanguage":"de","@id":"https:\/\/bakh.de\/wdp\/#\/schema\/logo\/image\/","url":"https:\/\/bakh.de\/wdp\/wp-content\/uploads\/2025\/11\/BAKH_Logo_4c_512.jpg","contentUrl":"https:\/\/bakh.de\/wdp\/wp-content\/uploads\/2025\/11\/BAKH_Logo_4c_512.jpg","width":516,"height":518,"caption":"B\u00fcrgeraktion Korber H\u00f6he e. V."},"image":{"@id":"https:\/\/bakh.de\/wdp\/#\/schema\/logo\/image\/"}},{"@type":"Person","@id":"https:\/\/bakh.de\/wdp\/#\/schema\/person\/75a1e296c1c53d3fbbc0a3c6104f6370","name":"Uli","image":{"@type":"ImageObject","inLanguage":"de","@id":"https:\/\/secure.gravatar.com\/avatar\/3b55f09e3908cc7190694de428627f99ad7fb1fd6ca4aa1f5a2c94110a7a2967?s=96&d=mm&r=g","url":"https:\/\/secure.gravatar.com\/avatar\/3b55f09e3908cc7190694de428627f99ad7fb1fd6ca4aa1f5a2c94110a7a2967?s=96&d=mm&r=g","contentUrl":"https:\/\/secure.gravatar.com\/avatar\/3b55f09e3908cc7190694de428627f99ad7fb1fd6ca4aa1f5a2c94110a7a2967?s=96&d=mm&r=g","caption":"Uli"},"url":"https:\/\/bakh.de\/wdp\/author\/uli\/"}]}},"_links":{"self":[{"href":"https:\/\/bakh.de\/wdp\/wp-json\/wp\/v2\/posts\/2541","targetHints":{"allow":["GET"]}}],"collection":[{"href":"https:\/\/bakh.de\/wdp\/wp-json\/wp\/v2\/posts"}],"about":[{"href":"https:\/\/bakh.de\/wdp\/wp-json\/wp\/v2\/types\/post"}],"author":[{"embeddable":true,"href":"https:\/\/bakh.de\/wdp\/wp-json\/wp\/v2\/users\/3"}],"replies":[{"embeddable":true,"href":"https:\/\/bakh.de\/wdp\/wp-json\/wp\/v2\/comments?post=2541"}],"version-history":[{"count":10,"href":"https:\/\/bakh.de\/wdp\/wp-json\/wp\/v2\/posts\/2541\/revisions"}],"predecessor-version":[{"id":3912,"href":"https:\/\/bakh.de\/wdp\/wp-json\/wp\/v2\/posts\/2541\/revisions\/3912"}],"wp:attachment":[{"href":"https:\/\/bakh.de\/wdp\/wp-json\/wp\/v2\/media?parent=2541"}],"wp:term":[{"taxonomy":"category","embeddable":true,"href":"https:\/\/bakh.de\/wdp\/wp-json\/wp\/v2\/categories?post=2541"},{"taxonomy":"post_tag","embeddable":true,"href":"https:\/\/bakh.de\/wdp\/wp-json\/wp\/v2\/tags?post=2541"}],"curies":[{"name":"wp","href":"https:\/\/api.w.org\/{rel}","templated":true}]}}