{"id":2485,"date":"2015-04-18T13:47:44","date_gmt":"2015-04-18T13:47:44","guid":{"rendered":"http:\/\/bakh.de\/wdp\/?p=2485"},"modified":"2015-06-18T17:25:31","modified_gmt":"2015-06-18T17:25:31","slug":"stadtteilbegehung-mit-buergermeisterin-christiane-duerr","status":"publish","type":"post","link":"https:\/\/bakh.de\/wdp\/stadtteilbegehung-mit-buergermeisterin-christiane-duerr\/","title":{"rendered":"Stadtteilbegehung mit B\u00fcrgermeisterin Christiane D\u00fcrr"},"content":{"rendered":"<p>Am Samstag, 4. Juli, wollen wir mit der ersten B\u00fcrgermeisterin der Stadt Waiblingen, Frau Christiane D\u00fcrr,\u00a0 einen Stadtteilspaziergang \u00fcber die Korber H\u00f6he machen. Schwerpunkt der Begehung werden die sozialen Einrichtungen, wie Kinderg\u00e4rten und Schulen sowie der Finkenberg sein.<\/p>\n<p>Treffpunkt ist um 14:00 Uhr im Mikrozentrum. Frau D\u00fcrr wird uns an der Finkenburg \u00fcber die Situation in den Kindertagesst\u00e4tten berichten (die urspr\u00fcngliche geplante Besichtigung der Finkenburg ist leider nicht m\u00f6glich). Anschlie\u00dfend gehen wir zum Finkenberg, wo Herr Beck vom <a href=\"http:\/\/www.jugendfarm-waiblingen.de\/\" target=\"_blank\">Jugendfarmverein<\/a> \u00fcber den aktuellen Stand informieren wird. Der R\u00fcckweg f\u00fchrt uns beim neu gestalteten Kindergarten Salierstra\u00dfe vorbei zum Montessori-Kinderhaus und auf das Schulgel\u00e4nde.<br \/>\nNach einem Besuch bei der mobilen Jugendarbeit wollen wir die Begehung auf dem Spielpark beim Forum Nord mit einem gem\u00fctlichen Beisammensein ausklingen lassen.<\/p>\n<p>Alle Bewohner der Korber H\u00f6he und der umliegenden Wohngebiete sind herzlich eingeladen.<a href=\"http:\/\/bakh.de\/wdp\/wp-content\/uploads\/2015\/04\/kohoe_luft2.jpg\"><img loading=\"lazy\" decoding=\"async\" class=\"aligncenter wp-image-2486\" src=\"http:\/\/bakh.de\/wdp\/wp-content\/uploads\/2015\/04\/kohoe_luft2.jpg\" alt=\"kohoe_luft2\" width=\"560\" height=\"375\" srcset=\"https:\/\/bakh.de\/wdp\/wp-content\/uploads\/2015\/04\/kohoe_luft2.jpg 640w, https:\/\/bakh.de\/wdp\/wp-content\/uploads\/2015\/04\/kohoe_luft2-300x201.jpg 300w\" sizes=\"auto, (max-width: 560px) 100vw, 560px\" \/><\/a><\/p>\n<p>&nbsp;<\/p>\n<p>&nbsp;<\/p>\n","protected":false},"excerpt":{"rendered":"<p>Am Samstag, 4. Juli, wollen wir mit der ersten B\u00fcrgermeisterin der Stadt Waiblingen, Frau Christiane D\u00fcrr,\u00a0 einen Stadtteilspaziergang \u00fcber die Korber H\u00f6he machen. Schwerpunkt der Begehung werden die sozialen Einrichtungen, wie Kinderg\u00e4rten und Schulen sowie der Finkenberg sein. Treffpunkt ist um 14:00 Uhr im Mikrozentrum. Frau D\u00fcrr wird uns an der Finkenburg \u00fcber die Situation [&hellip;]<\/p>\n","protected":false},"author":3,"featured_media":0,"comment_status":"closed","ping_status":"closed","sticky":false,"template":"","format":"standard","meta":{"ngg_post_thumbnail":0,"footnotes":""},"categories":[6],"tags":[],"class_list":["post-2485","post","type-post","status-publish","format-standard","hentry","category-termine"],"yoast_head":"<!-- This site is optimized with the Yoast SEO plugin v27.5 - https:\/\/yoast.com\/product\/yoast-seo-wordpress\/ -->\n<title>Stadtteilbegehung mit B\u00fcrgermeisterin Christiane D\u00fcrr - B\u00fcrgeraktion Korber H\u00f6he e. V.<\/title>\n<meta name=\"robots\" content=\"index, follow, max-snippet:-1, max-image-preview:large, max-video-preview:-1\" \/>\n<link rel=\"canonical\" href=\"https:\/\/bakh.de\/wdp\/stadtteilbegehung-mit-buergermeisterin-christiane-duerr\/\" \/>\n<meta property=\"og:locale\" content=\"de_DE\" \/>\n<meta property=\"og:type\" content=\"article\" \/>\n<meta property=\"og:title\" content=\"Stadtteilbegehung mit B\u00fcrgermeisterin Christiane D\u00fcrr - B\u00fcrgeraktion Korber H\u00f6he e. V.\" \/>\n<meta property=\"og:description\" content=\"Am Samstag, 4. Juli, wollen wir mit der ersten B\u00fcrgermeisterin der Stadt Waiblingen, Frau Christiane D\u00fcrr,\u00a0 einen Stadtteilspaziergang \u00fcber die Korber H\u00f6he machen. Schwerpunkt der Begehung werden die sozialen Einrichtungen, wie Kinderg\u00e4rten und Schulen sowie der Finkenberg sein. Treffpunkt ist um 14:00 Uhr im Mikrozentrum. Frau D\u00fcrr wird uns an der Finkenburg \u00fcber die Situation [&hellip;]\" \/>\n<meta property=\"og:url\" content=\"https:\/\/bakh.de\/wdp\/stadtteilbegehung-mit-buergermeisterin-christiane-duerr\/\" \/>\n<meta property=\"og:site_name\" content=\"B\u00fcrgeraktion Korber H\u00f6he e. V.\" \/>\n<meta property=\"article:published_time\" content=\"2015-04-18T13:47:44+00:00\" \/>\n<meta property=\"article:modified_time\" content=\"2015-06-18T17:25:31+00:00\" \/>\n<meta property=\"og:image\" content=\"http:\/\/bakh.de\/wdp\/wp-content\/uploads\/2015\/04\/kohoe_luft2.jpg\" \/>\n<meta name=\"author\" content=\"Uli\" \/>\n<meta name=\"twitter:card\" content=\"summary_large_image\" \/>\n<meta name=\"twitter:label1\" content=\"Verfasst von\" \/>\n\t<meta name=\"twitter:data1\" content=\"Uli\" \/>\n\t<meta name=\"twitter:label2\" content=\"Gesch\u00e4tzte Lesezeit\" \/>\n\t<meta name=\"twitter:data2\" content=\"1\u00a0Minute\" \/>\n<script type=\"application\/ld+json\" class=\"yoast-schema-graph\">{\"@context\":\"https:\\\/\\\/schema.org\",\"@graph\":[{\"@type\":\"Article\",\"@id\":\"https:\\\/\\\/bakh.de\\\/wdp\\\/stadtteilbegehung-mit-buergermeisterin-christiane-duerr\\\/#article\",\"isPartOf\":{\"@id\":\"https:\\\/\\\/bakh.de\\\/wdp\\\/stadtteilbegehung-mit-buergermeisterin-christiane-duerr\\\/\"},\"author\":{\"name\":\"Uli\",\"@id\":\"https:\\\/\\\/bakh.de\\\/wdp\\\/#\\\/schema\\\/person\\\/75a1e296c1c53d3fbbc0a3c6104f6370\"},\"headline\":\"Stadtteilbegehung mit B\u00fcrgermeisterin Christiane D\u00fcrr\",\"datePublished\":\"2015-04-18T13:47:44+00:00\",\"dateModified\":\"2015-06-18T17:25:31+00:00\",\"mainEntityOfPage\":{\"@id\":\"https:\\\/\\\/bakh.de\\\/wdp\\\/stadtteilbegehung-mit-buergermeisterin-christiane-duerr\\\/\"},\"wordCount\":158,\"publisher\":{\"@id\":\"https:\\\/\\\/bakh.de\\\/wdp\\\/#organization\"},\"image\":{\"@id\":\"https:\\\/\\\/bakh.de\\\/wdp\\\/stadtteilbegehung-mit-buergermeisterin-christiane-duerr\\\/#primaryimage\"},\"thumbnailUrl\":\"http:\\\/\\\/bakh.de\\\/wdp\\\/wp-content\\\/uploads\\\/2015\\\/04\\\/kohoe_luft2.jpg\",\"articleSection\":[\"Termine\"],\"inLanguage\":\"de\"},{\"@type\":\"WebPage\",\"@id\":\"https:\\\/\\\/bakh.de\\\/wdp\\\/stadtteilbegehung-mit-buergermeisterin-christiane-duerr\\\/\",\"url\":\"https:\\\/\\\/bakh.de\\\/wdp\\\/stadtteilbegehung-mit-buergermeisterin-christiane-duerr\\\/\",\"name\":\"Stadtteilbegehung mit B\u00fcrgermeisterin Christiane D\u00fcrr - B\u00fcrgeraktion Korber H\u00f6he e. V.\",\"isPartOf\":{\"@id\":\"https:\\\/\\\/bakh.de\\\/wdp\\\/#website\"},\"primaryImageOfPage\":{\"@id\":\"https:\\\/\\\/bakh.de\\\/wdp\\\/stadtteilbegehung-mit-buergermeisterin-christiane-duerr\\\/#primaryimage\"},\"image\":{\"@id\":\"https:\\\/\\\/bakh.de\\\/wdp\\\/stadtteilbegehung-mit-buergermeisterin-christiane-duerr\\\/#primaryimage\"},\"thumbnailUrl\":\"http:\\\/\\\/bakh.de\\\/wdp\\\/wp-content\\\/uploads\\\/2015\\\/04\\\/kohoe_luft2.jpg\",\"datePublished\":\"2015-04-18T13:47:44+00:00\",\"dateModified\":\"2015-06-18T17:25:31+00:00\",\"breadcrumb\":{\"@id\":\"https:\\\/\\\/bakh.de\\\/wdp\\\/stadtteilbegehung-mit-buergermeisterin-christiane-duerr\\\/#breadcrumb\"},\"inLanguage\":\"de\",\"potentialAction\":[{\"@type\":\"ReadAction\",\"target\":[\"https:\\\/\\\/bakh.de\\\/wdp\\\/stadtteilbegehung-mit-buergermeisterin-christiane-duerr\\\/\"]}]},{\"@type\":\"ImageObject\",\"inLanguage\":\"de\",\"@id\":\"https:\\\/\\\/bakh.de\\\/wdp\\\/stadtteilbegehung-mit-buergermeisterin-christiane-duerr\\\/#primaryimage\",\"url\":\"https:\\\/\\\/bakh.de\\\/wdp\\\/wp-content\\\/uploads\\\/2015\\\/04\\\/kohoe_luft2.jpg\",\"contentUrl\":\"https:\\\/\\\/bakh.de\\\/wdp\\\/wp-content\\\/uploads\\\/2015\\\/04\\\/kohoe_luft2.jpg\",\"width\":640,\"height\":429},{\"@type\":\"BreadcrumbList\",\"@id\":\"https:\\\/\\\/bakh.de\\\/wdp\\\/stadtteilbegehung-mit-buergermeisterin-christiane-duerr\\\/#breadcrumb\",\"itemListElement\":[{\"@type\":\"ListItem\",\"position\":1,\"name\":\"Startseite\",\"item\":\"https:\\\/\\\/bakh.de\\\/wdp\\\/\"},{\"@type\":\"ListItem\",\"position\":2,\"name\":\"Stadtteilbegehung mit B\u00fcrgermeisterin Christiane D\u00fcrr\"}]},{\"@type\":\"WebSite\",\"@id\":\"https:\\\/\\\/bakh.de\\\/wdp\\\/#website\",\"url\":\"https:\\\/\\\/bakh.de\\\/wdp\\\/\",\"name\":\"B\u00fcrgeraktion Korber H\u00f6he e. V.\",\"description\":\"\",\"publisher\":{\"@id\":\"https:\\\/\\\/bakh.de\\\/wdp\\\/#organization\"},\"potentialAction\":[{\"@type\":\"SearchAction\",\"target\":{\"@type\":\"EntryPoint\",\"urlTemplate\":\"https:\\\/\\\/bakh.de\\\/wdp\\\/?s={search_term_string}\"},\"query-input\":{\"@type\":\"PropertyValueSpecification\",\"valueRequired\":true,\"valueName\":\"search_term_string\"}}],\"inLanguage\":\"de\"},{\"@type\":\"Organization\",\"@id\":\"https:\\\/\\\/bakh.de\\\/wdp\\\/#organization\",\"name\":\"B\u00fcrgeraktion Korber H\u00f6he e. V.\",\"url\":\"https:\\\/\\\/bakh.de\\\/wdp\\\/\",\"logo\":{\"@type\":\"ImageObject\",\"inLanguage\":\"de\",\"@id\":\"https:\\\/\\\/bakh.de\\\/wdp\\\/#\\\/schema\\\/logo\\\/image\\\/\",\"url\":\"https:\\\/\\\/bakh.de\\\/wdp\\\/wp-content\\\/uploads\\\/2025\\\/11\\\/BAKH_Logo_4c_512.jpg\",\"contentUrl\":\"https:\\\/\\\/bakh.de\\\/wdp\\\/wp-content\\\/uploads\\\/2025\\\/11\\\/BAKH_Logo_4c_512.jpg\",\"width\":516,\"height\":518,\"caption\":\"B\u00fcrgeraktion Korber H\u00f6he e. V.\"},\"image\":{\"@id\":\"https:\\\/\\\/bakh.de\\\/wdp\\\/#\\\/schema\\\/logo\\\/image\\\/\"}},{\"@type\":\"Person\",\"@id\":\"https:\\\/\\\/bakh.de\\\/wdp\\\/#\\\/schema\\\/person\\\/75a1e296c1c53d3fbbc0a3c6104f6370\",\"name\":\"Uli\",\"image\":{\"@type\":\"ImageObject\",\"inLanguage\":\"de\",\"@id\":\"https:\\\/\\\/secure.gravatar.com\\\/avatar\\\/3b55f09e3908cc7190694de428627f99ad7fb1fd6ca4aa1f5a2c94110a7a2967?s=96&d=mm&r=g\",\"url\":\"https:\\\/\\\/secure.gravatar.com\\\/avatar\\\/3b55f09e3908cc7190694de428627f99ad7fb1fd6ca4aa1f5a2c94110a7a2967?s=96&d=mm&r=g\",\"contentUrl\":\"https:\\\/\\\/secure.gravatar.com\\\/avatar\\\/3b55f09e3908cc7190694de428627f99ad7fb1fd6ca4aa1f5a2c94110a7a2967?s=96&d=mm&r=g\",\"caption\":\"Uli\"},\"url\":\"https:\\\/\\\/bakh.de\\\/wdp\\\/author\\\/uli\\\/\"}]}<\/script>\n<!-- \/ Yoast SEO plugin. -->","yoast_head_json":{"title":"Stadtteilbegehung mit B\u00fcrgermeisterin Christiane D\u00fcrr - B\u00fcrgeraktion Korber H\u00f6he e. V.","robots":{"index":"index","follow":"follow","max-snippet":"max-snippet:-1","max-image-preview":"max-image-preview:large","max-video-preview":"max-video-preview:-1"},"canonical":"https:\/\/bakh.de\/wdp\/stadtteilbegehung-mit-buergermeisterin-christiane-duerr\/","og_locale":"de_DE","og_type":"article","og_title":"Stadtteilbegehung mit B\u00fcrgermeisterin Christiane D\u00fcrr - B\u00fcrgeraktion Korber H\u00f6he e. V.","og_description":"Am Samstag, 4. Juli, wollen wir mit der ersten B\u00fcrgermeisterin der Stadt Waiblingen, Frau Christiane D\u00fcrr,\u00a0 einen Stadtteilspaziergang \u00fcber die Korber H\u00f6he machen. Schwerpunkt der Begehung werden die sozialen Einrichtungen, wie Kinderg\u00e4rten und Schulen sowie der Finkenberg sein. Treffpunkt ist um 14:00 Uhr im Mikrozentrum. Frau D\u00fcrr wird uns an der Finkenburg \u00fcber die Situation [&hellip;]","og_url":"https:\/\/bakh.de\/wdp\/stadtteilbegehung-mit-buergermeisterin-christiane-duerr\/","og_site_name":"B\u00fcrgeraktion Korber H\u00f6he e. V.","article_published_time":"2015-04-18T13:47:44+00:00","article_modified_time":"2015-06-18T17:25:31+00:00","og_image":[{"url":"http:\/\/bakh.de\/wdp\/wp-content\/uploads\/2015\/04\/kohoe_luft2.jpg","type":"","width":"","height":""}],"author":"Uli","twitter_card":"summary_large_image","twitter_misc":{"Verfasst von":"Uli","Gesch\u00e4tzte Lesezeit":"1\u00a0Minute"},"schema":{"@context":"https:\/\/schema.org","@graph":[{"@type":"Article","@id":"https:\/\/bakh.de\/wdp\/stadtteilbegehung-mit-buergermeisterin-christiane-duerr\/#article","isPartOf":{"@id":"https:\/\/bakh.de\/wdp\/stadtteilbegehung-mit-buergermeisterin-christiane-duerr\/"},"author":{"name":"Uli","@id":"https:\/\/bakh.de\/wdp\/#\/schema\/person\/75a1e296c1c53d3fbbc0a3c6104f6370"},"headline":"Stadtteilbegehung mit B\u00fcrgermeisterin Christiane D\u00fcrr","datePublished":"2015-04-18T13:47:44+00:00","dateModified":"2015-06-18T17:25:31+00:00","mainEntityOfPage":{"@id":"https:\/\/bakh.de\/wdp\/stadtteilbegehung-mit-buergermeisterin-christiane-duerr\/"},"wordCount":158,"publisher":{"@id":"https:\/\/bakh.de\/wdp\/#organization"},"image":{"@id":"https:\/\/bakh.de\/wdp\/stadtteilbegehung-mit-buergermeisterin-christiane-duerr\/#primaryimage"},"thumbnailUrl":"http:\/\/bakh.de\/wdp\/wp-content\/uploads\/2015\/04\/kohoe_luft2.jpg","articleSection":["Termine"],"inLanguage":"de"},{"@type":"WebPage","@id":"https:\/\/bakh.de\/wdp\/stadtteilbegehung-mit-buergermeisterin-christiane-duerr\/","url":"https:\/\/bakh.de\/wdp\/stadtteilbegehung-mit-buergermeisterin-christiane-duerr\/","name":"Stadtteilbegehung mit B\u00fcrgermeisterin Christiane D\u00fcrr - B\u00fcrgeraktion Korber H\u00f6he e. V.","isPartOf":{"@id":"https:\/\/bakh.de\/wdp\/#website"},"primaryImageOfPage":{"@id":"https:\/\/bakh.de\/wdp\/stadtteilbegehung-mit-buergermeisterin-christiane-duerr\/#primaryimage"},"image":{"@id":"https:\/\/bakh.de\/wdp\/stadtteilbegehung-mit-buergermeisterin-christiane-duerr\/#primaryimage"},"thumbnailUrl":"http:\/\/bakh.de\/wdp\/wp-content\/uploads\/2015\/04\/kohoe_luft2.jpg","datePublished":"2015-04-18T13:47:44+00:00","dateModified":"2015-06-18T17:25:31+00:00","breadcrumb":{"@id":"https:\/\/bakh.de\/wdp\/stadtteilbegehung-mit-buergermeisterin-christiane-duerr\/#breadcrumb"},"inLanguage":"de","potentialAction":[{"@type":"ReadAction","target":["https:\/\/bakh.de\/wdp\/stadtteilbegehung-mit-buergermeisterin-christiane-duerr\/"]}]},{"@type":"ImageObject","inLanguage":"de","@id":"https:\/\/bakh.de\/wdp\/stadtteilbegehung-mit-buergermeisterin-christiane-duerr\/#primaryimage","url":"https:\/\/bakh.de\/wdp\/wp-content\/uploads\/2015\/04\/kohoe_luft2.jpg","contentUrl":"https:\/\/bakh.de\/wdp\/wp-content\/uploads\/2015\/04\/kohoe_luft2.jpg","width":640,"height":429},{"@type":"BreadcrumbList","@id":"https:\/\/bakh.de\/wdp\/stadtteilbegehung-mit-buergermeisterin-christiane-duerr\/#breadcrumb","itemListElement":[{"@type":"ListItem","position":1,"name":"Startseite","item":"https:\/\/bakh.de\/wdp\/"},{"@type":"ListItem","position":2,"name":"Stadtteilbegehung mit B\u00fcrgermeisterin Christiane D\u00fcrr"}]},{"@type":"WebSite","@id":"https:\/\/bakh.de\/wdp\/#website","url":"https:\/\/bakh.de\/wdp\/","name":"B\u00fcrgeraktion Korber H\u00f6he e. V.","description":"","publisher":{"@id":"https:\/\/bakh.de\/wdp\/#organization"},"potentialAction":[{"@type":"SearchAction","target":{"@type":"EntryPoint","urlTemplate":"https:\/\/bakh.de\/wdp\/?s={search_term_string}"},"query-input":{"@type":"PropertyValueSpecification","valueRequired":true,"valueName":"search_term_string"}}],"inLanguage":"de"},{"@type":"Organization","@id":"https:\/\/bakh.de\/wdp\/#organization","name":"B\u00fcrgeraktion Korber H\u00f6he e. V.","url":"https:\/\/bakh.de\/wdp\/","logo":{"@type":"ImageObject","inLanguage":"de","@id":"https:\/\/bakh.de\/wdp\/#\/schema\/logo\/image\/","url":"https:\/\/bakh.de\/wdp\/wp-content\/uploads\/2025\/11\/BAKH_Logo_4c_512.jpg","contentUrl":"https:\/\/bakh.de\/wdp\/wp-content\/uploads\/2025\/11\/BAKH_Logo_4c_512.jpg","width":516,"height":518,"caption":"B\u00fcrgeraktion Korber H\u00f6he e. V."},"image":{"@id":"https:\/\/bakh.de\/wdp\/#\/schema\/logo\/image\/"}},{"@type":"Person","@id":"https:\/\/bakh.de\/wdp\/#\/schema\/person\/75a1e296c1c53d3fbbc0a3c6104f6370","name":"Uli","image":{"@type":"ImageObject","inLanguage":"de","@id":"https:\/\/secure.gravatar.com\/avatar\/3b55f09e3908cc7190694de428627f99ad7fb1fd6ca4aa1f5a2c94110a7a2967?s=96&d=mm&r=g","url":"https:\/\/secure.gravatar.com\/avatar\/3b55f09e3908cc7190694de428627f99ad7fb1fd6ca4aa1f5a2c94110a7a2967?s=96&d=mm&r=g","contentUrl":"https:\/\/secure.gravatar.com\/avatar\/3b55f09e3908cc7190694de428627f99ad7fb1fd6ca4aa1f5a2c94110a7a2967?s=96&d=mm&r=g","caption":"Uli"},"url":"https:\/\/bakh.de\/wdp\/author\/uli\/"}]}},"_links":{"self":[{"href":"https:\/\/bakh.de\/wdp\/wp-json\/wp\/v2\/posts\/2485","targetHints":{"allow":["GET"]}}],"collection":[{"href":"https:\/\/bakh.de\/wdp\/wp-json\/wp\/v2\/posts"}],"about":[{"href":"https:\/\/bakh.de\/wdp\/wp-json\/wp\/v2\/types\/post"}],"author":[{"embeddable":true,"href":"https:\/\/bakh.de\/wdp\/wp-json\/wp\/v2\/users\/3"}],"replies":[{"embeddable":true,"href":"https:\/\/bakh.de\/wdp\/wp-json\/wp\/v2\/comments?post=2485"}],"version-history":[{"count":10,"href":"https:\/\/bakh.de\/wdp\/wp-json\/wp\/v2\/posts\/2485\/revisions"}],"predecessor-version":[{"id":2561,"href":"https:\/\/bakh.de\/wdp\/wp-json\/wp\/v2\/posts\/2485\/revisions\/2561"}],"wp:attachment":[{"href":"https:\/\/bakh.de\/wdp\/wp-json\/wp\/v2\/media?parent=2485"}],"wp:term":[{"taxonomy":"category","embeddable":true,"href":"https:\/\/bakh.de\/wdp\/wp-json\/wp\/v2\/categories?post=2485"},{"taxonomy":"post_tag","embeddable":true,"href":"https:\/\/bakh.de\/wdp\/wp-json\/wp\/v2\/tags?post=2485"}],"curies":[{"name":"wp","href":"https:\/\/api.w.org\/{rel}","templated":true}]}}