{"id":2463,"date":"2015-03-07T22:30:07","date_gmt":"2015-03-07T22:30:07","guid":{"rendered":"http:\/\/bakh.de\/wdp\/?p=2463"},"modified":"2015-04-26T18:14:44","modified_gmt":"2015-04-26T18:14:44","slug":"korber-strasse-geschuetzt-und-verschoenert","status":"publish","type":"post","link":"https:\/\/bakh.de\/wdp\/korber-strasse-geschuetzt-und-verschoenert\/","title":{"rendered":"Korber Stra\u00dfe gesch\u00fctzt und versch\u00f6nert"},"content":{"rendered":"<p><a href=\"http:\/\/bakh.de\/wdp\/wp-content\/uploads\/2015\/03\/k-IMG_4268.jpg\"><img loading=\"lazy\" decoding=\"async\" class=\"alignleft wp-image-2453\" src=\"http:\/\/bakh.de\/wdp\/wp-content\/uploads\/2015\/03\/k-IMG_4268.jpg\" alt=\"k-IMG_4268\" width=\"212\" height=\"159\" srcset=\"https:\/\/bakh.de\/wdp\/wp-content\/uploads\/2015\/03\/k-IMG_4268.jpg 800w, https:\/\/bakh.de\/wdp\/wp-content\/uploads\/2015\/03\/k-IMG_4268-300x225.jpg 300w\" sizes=\"auto, (max-width: 212px) 100vw, 212px\" \/><\/a>Endlich kann man wieder gefahrlos die Korber H\u00f6he erreichen. <!--more-->Von Erdrutschen, Verwerfungen, Rissen und tiefen Spalten im Asphalt war der obere Teil der Korber Stra\u00dfe durch die steilen H\u00e4nge der Erddeponie Finkenberg bedroht. Der lockere, kaum bewachsene Hang drohte abzusacken und gegen die Stra\u00dfe zu dr\u00fccken. Nur dem massiven und nachhaltigen Dr\u00e4ngen des Landratsamtes ist es zu verdanken, dass die Stadt Waiblingen endlich ihrer Pflicht nachkam, die stark befahrene Stra\u00dfe zu sch\u00fctzen. Der bisherige schmuddelige Anblick ist weg und die Stra\u00dfe wurde mit dem filigranen Betonrahmen \u00e4sthetisch aufgewertet.<\/p>\n","protected":false},"excerpt":{"rendered":"<p>Endlich kann man wieder gefahrlos die Korber H\u00f6he erreichen.<\/p>\n","protected":false},"author":3,"featured_media":0,"comment_status":"closed","ping_status":"closed","sticky":false,"template":"","format":"standard","meta":{"ngg_post_thumbnail":0,"footnotes":""},"categories":[4],"tags":[],"class_list":["post-2463","post","type-post","status-publish","format-standard","hentry","category-aktuelles"],"yoast_head":"<!-- This site is optimized with the Yoast SEO plugin v27.5 - https:\/\/yoast.com\/product\/yoast-seo-wordpress\/ -->\n<title>Korber Stra\u00dfe gesch\u00fctzt und versch\u00f6nert - B\u00fcrgeraktion Korber H\u00f6he e. V.<\/title>\n<meta name=\"robots\" content=\"index, follow, max-snippet:-1, max-image-preview:large, max-video-preview:-1\" \/>\n<link rel=\"canonical\" href=\"https:\/\/bakh.de\/wdp\/korber-strasse-geschuetzt-und-verschoenert\/\" \/>\n<meta property=\"og:locale\" content=\"de_DE\" \/>\n<meta property=\"og:type\" content=\"article\" \/>\n<meta property=\"og:title\" content=\"Korber Stra\u00dfe gesch\u00fctzt und versch\u00f6nert - B\u00fcrgeraktion Korber H\u00f6he e. V.\" \/>\n<meta property=\"og:description\" content=\"Endlich kann man wieder gefahrlos die Korber H\u00f6he erreichen.\" \/>\n<meta property=\"og:url\" content=\"https:\/\/bakh.de\/wdp\/korber-strasse-geschuetzt-und-verschoenert\/\" \/>\n<meta property=\"og:site_name\" content=\"B\u00fcrgeraktion Korber H\u00f6he e. V.\" \/>\n<meta property=\"article:published_time\" content=\"2015-03-07T22:30:07+00:00\" \/>\n<meta property=\"article:modified_time\" content=\"2015-04-26T18:14:44+00:00\" \/>\n<meta property=\"og:image\" content=\"http:\/\/bakh.de\/wdp\/wp-content\/uploads\/2015\/03\/k-IMG_4268.jpg\" \/>\n<meta name=\"author\" content=\"Uli\" \/>\n<meta name=\"twitter:card\" content=\"summary_large_image\" \/>\n<meta name=\"twitter:label1\" content=\"Verfasst von\" \/>\n\t<meta name=\"twitter:data1\" content=\"Uli\" \/>\n<script type=\"application\/ld+json\" class=\"yoast-schema-graph\">{\"@context\":\"https:\\\/\\\/schema.org\",\"@graph\":[{\"@type\":\"Article\",\"@id\":\"https:\\\/\\\/bakh.de\\\/wdp\\\/korber-strasse-geschuetzt-und-verschoenert\\\/#article\",\"isPartOf\":{\"@id\":\"https:\\\/\\\/bakh.de\\\/wdp\\\/korber-strasse-geschuetzt-und-verschoenert\\\/\"},\"author\":{\"name\":\"Uli\",\"@id\":\"https:\\\/\\\/bakh.de\\\/wdp\\\/#\\\/schema\\\/person\\\/75a1e296c1c53d3fbbc0a3c6104f6370\"},\"headline\":\"Korber Stra\u00dfe gesch\u00fctzt und versch\u00f6nert\",\"datePublished\":\"2015-03-07T22:30:07+00:00\",\"dateModified\":\"2015-04-26T18:14:44+00:00\",\"mainEntityOfPage\":{\"@id\":\"https:\\\/\\\/bakh.de\\\/wdp\\\/korber-strasse-geschuetzt-und-verschoenert\\\/\"},\"wordCount\":105,\"publisher\":{\"@id\":\"https:\\\/\\\/bakh.de\\\/wdp\\\/#organization\"},\"image\":{\"@id\":\"https:\\\/\\\/bakh.de\\\/wdp\\\/korber-strasse-geschuetzt-und-verschoenert\\\/#primaryimage\"},\"thumbnailUrl\":\"http:\\\/\\\/bakh.de\\\/wdp\\\/wp-content\\\/uploads\\\/2015\\\/03\\\/k-IMG_4268.jpg\",\"articleSection\":[\"Aktuelle Beitr\u00e4ge\"],\"inLanguage\":\"de\"},{\"@type\":\"WebPage\",\"@id\":\"https:\\\/\\\/bakh.de\\\/wdp\\\/korber-strasse-geschuetzt-und-verschoenert\\\/\",\"url\":\"https:\\\/\\\/bakh.de\\\/wdp\\\/korber-strasse-geschuetzt-und-verschoenert\\\/\",\"name\":\"Korber Stra\u00dfe gesch\u00fctzt und versch\u00f6nert - B\u00fcrgeraktion Korber H\u00f6he e. V.\",\"isPartOf\":{\"@id\":\"https:\\\/\\\/bakh.de\\\/wdp\\\/#website\"},\"primaryImageOfPage\":{\"@id\":\"https:\\\/\\\/bakh.de\\\/wdp\\\/korber-strasse-geschuetzt-und-verschoenert\\\/#primaryimage\"},\"image\":{\"@id\":\"https:\\\/\\\/bakh.de\\\/wdp\\\/korber-strasse-geschuetzt-und-verschoenert\\\/#primaryimage\"},\"thumbnailUrl\":\"http:\\\/\\\/bakh.de\\\/wdp\\\/wp-content\\\/uploads\\\/2015\\\/03\\\/k-IMG_4268.jpg\",\"datePublished\":\"2015-03-07T22:30:07+00:00\",\"dateModified\":\"2015-04-26T18:14:44+00:00\",\"breadcrumb\":{\"@id\":\"https:\\\/\\\/bakh.de\\\/wdp\\\/korber-strasse-geschuetzt-und-verschoenert\\\/#breadcrumb\"},\"inLanguage\":\"de\",\"potentialAction\":[{\"@type\":\"ReadAction\",\"target\":[\"https:\\\/\\\/bakh.de\\\/wdp\\\/korber-strasse-geschuetzt-und-verschoenert\\\/\"]}]},{\"@type\":\"ImageObject\",\"inLanguage\":\"de\",\"@id\":\"https:\\\/\\\/bakh.de\\\/wdp\\\/korber-strasse-geschuetzt-und-verschoenert\\\/#primaryimage\",\"url\":\"https:\\\/\\\/bakh.de\\\/wdp\\\/wp-content\\\/uploads\\\/2015\\\/03\\\/k-IMG_4268.jpg\",\"contentUrl\":\"https:\\\/\\\/bakh.de\\\/wdp\\\/wp-content\\\/uploads\\\/2015\\\/03\\\/k-IMG_4268.jpg\",\"width\":800,\"height\":600},{\"@type\":\"BreadcrumbList\",\"@id\":\"https:\\\/\\\/bakh.de\\\/wdp\\\/korber-strasse-geschuetzt-und-verschoenert\\\/#breadcrumb\",\"itemListElement\":[{\"@type\":\"ListItem\",\"position\":1,\"name\":\"Startseite\",\"item\":\"https:\\\/\\\/bakh.de\\\/wdp\\\/\"},{\"@type\":\"ListItem\",\"position\":2,\"name\":\"Korber Stra\u00dfe gesch\u00fctzt und versch\u00f6nert\"}]},{\"@type\":\"WebSite\",\"@id\":\"https:\\\/\\\/bakh.de\\\/wdp\\\/#website\",\"url\":\"https:\\\/\\\/bakh.de\\\/wdp\\\/\",\"name\":\"B\u00fcrgeraktion Korber H\u00f6he e. V.\",\"description\":\"\",\"publisher\":{\"@id\":\"https:\\\/\\\/bakh.de\\\/wdp\\\/#organization\"},\"potentialAction\":[{\"@type\":\"SearchAction\",\"target\":{\"@type\":\"EntryPoint\",\"urlTemplate\":\"https:\\\/\\\/bakh.de\\\/wdp\\\/?s={search_term_string}\"},\"query-input\":{\"@type\":\"PropertyValueSpecification\",\"valueRequired\":true,\"valueName\":\"search_term_string\"}}],\"inLanguage\":\"de\"},{\"@type\":\"Organization\",\"@id\":\"https:\\\/\\\/bakh.de\\\/wdp\\\/#organization\",\"name\":\"B\u00fcrgeraktion Korber H\u00f6he e. V.\",\"url\":\"https:\\\/\\\/bakh.de\\\/wdp\\\/\",\"logo\":{\"@type\":\"ImageObject\",\"inLanguage\":\"de\",\"@id\":\"https:\\\/\\\/bakh.de\\\/wdp\\\/#\\\/schema\\\/logo\\\/image\\\/\",\"url\":\"https:\\\/\\\/bakh.de\\\/wdp\\\/wp-content\\\/uploads\\\/2025\\\/11\\\/BAKH_Logo_4c_512.jpg\",\"contentUrl\":\"https:\\\/\\\/bakh.de\\\/wdp\\\/wp-content\\\/uploads\\\/2025\\\/11\\\/BAKH_Logo_4c_512.jpg\",\"width\":516,\"height\":518,\"caption\":\"B\u00fcrgeraktion Korber H\u00f6he e. V.\"},\"image\":{\"@id\":\"https:\\\/\\\/bakh.de\\\/wdp\\\/#\\\/schema\\\/logo\\\/image\\\/\"}},{\"@type\":\"Person\",\"@id\":\"https:\\\/\\\/bakh.de\\\/wdp\\\/#\\\/schema\\\/person\\\/75a1e296c1c53d3fbbc0a3c6104f6370\",\"name\":\"Uli\",\"image\":{\"@type\":\"ImageObject\",\"inLanguage\":\"de\",\"@id\":\"https:\\\/\\\/secure.gravatar.com\\\/avatar\\\/3b55f09e3908cc7190694de428627f99ad7fb1fd6ca4aa1f5a2c94110a7a2967?s=96&d=mm&r=g\",\"url\":\"https:\\\/\\\/secure.gravatar.com\\\/avatar\\\/3b55f09e3908cc7190694de428627f99ad7fb1fd6ca4aa1f5a2c94110a7a2967?s=96&d=mm&r=g\",\"contentUrl\":\"https:\\\/\\\/secure.gravatar.com\\\/avatar\\\/3b55f09e3908cc7190694de428627f99ad7fb1fd6ca4aa1f5a2c94110a7a2967?s=96&d=mm&r=g\",\"caption\":\"Uli\"},\"url\":\"https:\\\/\\\/bakh.de\\\/wdp\\\/author\\\/uli\\\/\"}]}<\/script>\n<!-- \/ Yoast SEO plugin. -->","yoast_head_json":{"title":"Korber Stra\u00dfe gesch\u00fctzt und versch\u00f6nert - B\u00fcrgeraktion Korber H\u00f6he e. V.","robots":{"index":"index","follow":"follow","max-snippet":"max-snippet:-1","max-image-preview":"max-image-preview:large","max-video-preview":"max-video-preview:-1"},"canonical":"https:\/\/bakh.de\/wdp\/korber-strasse-geschuetzt-und-verschoenert\/","og_locale":"de_DE","og_type":"article","og_title":"Korber Stra\u00dfe gesch\u00fctzt und versch\u00f6nert - B\u00fcrgeraktion Korber H\u00f6he e. V.","og_description":"Endlich kann man wieder gefahrlos die Korber H\u00f6he erreichen.","og_url":"https:\/\/bakh.de\/wdp\/korber-strasse-geschuetzt-und-verschoenert\/","og_site_name":"B\u00fcrgeraktion Korber H\u00f6he e. V.","article_published_time":"2015-03-07T22:30:07+00:00","article_modified_time":"2015-04-26T18:14:44+00:00","og_image":[{"url":"http:\/\/bakh.de\/wdp\/wp-content\/uploads\/2015\/03\/k-IMG_4268.jpg","type":"","width":"","height":""}],"author":"Uli","twitter_card":"summary_large_image","twitter_misc":{"Verfasst von":"Uli"},"schema":{"@context":"https:\/\/schema.org","@graph":[{"@type":"Article","@id":"https:\/\/bakh.de\/wdp\/korber-strasse-geschuetzt-und-verschoenert\/#article","isPartOf":{"@id":"https:\/\/bakh.de\/wdp\/korber-strasse-geschuetzt-und-verschoenert\/"},"author":{"name":"Uli","@id":"https:\/\/bakh.de\/wdp\/#\/schema\/person\/75a1e296c1c53d3fbbc0a3c6104f6370"},"headline":"Korber Stra\u00dfe gesch\u00fctzt und versch\u00f6nert","datePublished":"2015-03-07T22:30:07+00:00","dateModified":"2015-04-26T18:14:44+00:00","mainEntityOfPage":{"@id":"https:\/\/bakh.de\/wdp\/korber-strasse-geschuetzt-und-verschoenert\/"},"wordCount":105,"publisher":{"@id":"https:\/\/bakh.de\/wdp\/#organization"},"image":{"@id":"https:\/\/bakh.de\/wdp\/korber-strasse-geschuetzt-und-verschoenert\/#primaryimage"},"thumbnailUrl":"http:\/\/bakh.de\/wdp\/wp-content\/uploads\/2015\/03\/k-IMG_4268.jpg","articleSection":["Aktuelle Beitr\u00e4ge"],"inLanguage":"de"},{"@type":"WebPage","@id":"https:\/\/bakh.de\/wdp\/korber-strasse-geschuetzt-und-verschoenert\/","url":"https:\/\/bakh.de\/wdp\/korber-strasse-geschuetzt-und-verschoenert\/","name":"Korber Stra\u00dfe gesch\u00fctzt und versch\u00f6nert - B\u00fcrgeraktion Korber H\u00f6he e. V.","isPartOf":{"@id":"https:\/\/bakh.de\/wdp\/#website"},"primaryImageOfPage":{"@id":"https:\/\/bakh.de\/wdp\/korber-strasse-geschuetzt-und-verschoenert\/#primaryimage"},"image":{"@id":"https:\/\/bakh.de\/wdp\/korber-strasse-geschuetzt-und-verschoenert\/#primaryimage"},"thumbnailUrl":"http:\/\/bakh.de\/wdp\/wp-content\/uploads\/2015\/03\/k-IMG_4268.jpg","datePublished":"2015-03-07T22:30:07+00:00","dateModified":"2015-04-26T18:14:44+00:00","breadcrumb":{"@id":"https:\/\/bakh.de\/wdp\/korber-strasse-geschuetzt-und-verschoenert\/#breadcrumb"},"inLanguage":"de","potentialAction":[{"@type":"ReadAction","target":["https:\/\/bakh.de\/wdp\/korber-strasse-geschuetzt-und-verschoenert\/"]}]},{"@type":"ImageObject","inLanguage":"de","@id":"https:\/\/bakh.de\/wdp\/korber-strasse-geschuetzt-und-verschoenert\/#primaryimage","url":"https:\/\/bakh.de\/wdp\/wp-content\/uploads\/2015\/03\/k-IMG_4268.jpg","contentUrl":"https:\/\/bakh.de\/wdp\/wp-content\/uploads\/2015\/03\/k-IMG_4268.jpg","width":800,"height":600},{"@type":"BreadcrumbList","@id":"https:\/\/bakh.de\/wdp\/korber-strasse-geschuetzt-und-verschoenert\/#breadcrumb","itemListElement":[{"@type":"ListItem","position":1,"name":"Startseite","item":"https:\/\/bakh.de\/wdp\/"},{"@type":"ListItem","position":2,"name":"Korber Stra\u00dfe gesch\u00fctzt und versch\u00f6nert"}]},{"@type":"WebSite","@id":"https:\/\/bakh.de\/wdp\/#website","url":"https:\/\/bakh.de\/wdp\/","name":"B\u00fcrgeraktion Korber H\u00f6he e. V.","description":"","publisher":{"@id":"https:\/\/bakh.de\/wdp\/#organization"},"potentialAction":[{"@type":"SearchAction","target":{"@type":"EntryPoint","urlTemplate":"https:\/\/bakh.de\/wdp\/?s={search_term_string}"},"query-input":{"@type":"PropertyValueSpecification","valueRequired":true,"valueName":"search_term_string"}}],"inLanguage":"de"},{"@type":"Organization","@id":"https:\/\/bakh.de\/wdp\/#organization","name":"B\u00fcrgeraktion Korber H\u00f6he e. V.","url":"https:\/\/bakh.de\/wdp\/","logo":{"@type":"ImageObject","inLanguage":"de","@id":"https:\/\/bakh.de\/wdp\/#\/schema\/logo\/image\/","url":"https:\/\/bakh.de\/wdp\/wp-content\/uploads\/2025\/11\/BAKH_Logo_4c_512.jpg","contentUrl":"https:\/\/bakh.de\/wdp\/wp-content\/uploads\/2025\/11\/BAKH_Logo_4c_512.jpg","width":516,"height":518,"caption":"B\u00fcrgeraktion Korber H\u00f6he e. V."},"image":{"@id":"https:\/\/bakh.de\/wdp\/#\/schema\/logo\/image\/"}},{"@type":"Person","@id":"https:\/\/bakh.de\/wdp\/#\/schema\/person\/75a1e296c1c53d3fbbc0a3c6104f6370","name":"Uli","image":{"@type":"ImageObject","inLanguage":"de","@id":"https:\/\/secure.gravatar.com\/avatar\/3b55f09e3908cc7190694de428627f99ad7fb1fd6ca4aa1f5a2c94110a7a2967?s=96&d=mm&r=g","url":"https:\/\/secure.gravatar.com\/avatar\/3b55f09e3908cc7190694de428627f99ad7fb1fd6ca4aa1f5a2c94110a7a2967?s=96&d=mm&r=g","contentUrl":"https:\/\/secure.gravatar.com\/avatar\/3b55f09e3908cc7190694de428627f99ad7fb1fd6ca4aa1f5a2c94110a7a2967?s=96&d=mm&r=g","caption":"Uli"},"url":"https:\/\/bakh.de\/wdp\/author\/uli\/"}]}},"_links":{"self":[{"href":"https:\/\/bakh.de\/wdp\/wp-json\/wp\/v2\/posts\/2463","targetHints":{"allow":["GET"]}}],"collection":[{"href":"https:\/\/bakh.de\/wdp\/wp-json\/wp\/v2\/posts"}],"about":[{"href":"https:\/\/bakh.de\/wdp\/wp-json\/wp\/v2\/types\/post"}],"author":[{"embeddable":true,"href":"https:\/\/bakh.de\/wdp\/wp-json\/wp\/v2\/users\/3"}],"replies":[{"embeddable":true,"href":"https:\/\/bakh.de\/wdp\/wp-json\/wp\/v2\/comments?post=2463"}],"version-history":[{"count":6,"href":"https:\/\/bakh.de\/wdp\/wp-json\/wp\/v2\/posts\/2463\/revisions"}],"predecessor-version":[{"id":2499,"href":"https:\/\/bakh.de\/wdp\/wp-json\/wp\/v2\/posts\/2463\/revisions\/2499"}],"wp:attachment":[{"href":"https:\/\/bakh.de\/wdp\/wp-json\/wp\/v2\/media?parent=2463"}],"wp:term":[{"taxonomy":"category","embeddable":true,"href":"https:\/\/bakh.de\/wdp\/wp-json\/wp\/v2\/categories?post=2463"},{"taxonomy":"post_tag","embeddable":true,"href":"https:\/\/bakh.de\/wdp\/wp-json\/wp\/v2\/tags?post=2463"}],"curies":[{"name":"wp","href":"https:\/\/api.w.org\/{rel}","templated":true}]}}