{"id":2444,"date":"2017-03-11T14:30:45","date_gmt":"2017-03-11T14:30:45","guid":{"rendered":"http:\/\/bakh.de\/wdp\/?p=2444"},"modified":"2018-03-10T15:44:12","modified_gmt":"2018-03-10T15:44:12","slug":"korber-hoehe-putzete","status":"publish","type":"post","link":"https:\/\/bakh.de\/wdp\/korber-hoehe-putzete\/","title":{"rendered":"Korber H\u00f6he Putzete"},"content":{"rendered":"<div id=\"attachment_3517\" style=\"width: 242px\" class=\"wp-caption alignleft\"><a href=\"http:\/\/bakh.de\/wdp\/wp-content\/uploads\/2016\/03\/k-IMG_6606h.jpg\"><img loading=\"lazy\" decoding=\"async\" aria-describedby=\"caption-attachment-3517\" class=\"wp-image-3517\" src=\"http:\/\/bakh.de\/wdp\/wp-content\/uploads\/2016\/03\/k-IMG_6606h.jpg\" alt=\"\" width=\"232\" height=\"309\" srcset=\"https:\/\/bakh.de\/wdp\/wp-content\/uploads\/2016\/03\/k-IMG_6606h.jpg 600w, https:\/\/bakh.de\/wdp\/wp-content\/uploads\/2016\/03\/k-IMG_6606h-225x300.jpg 225w\" sizes=\"auto, (max-width: 232px) 100vw, 232px\" \/><\/a><p id=\"caption-attachment-3517\" class=\"wp-caption-text\">Also Ihr geht hier lang und Ihr am gr\u00fcnen Anger und &#8230;<\/p><\/div>\n<p>&nbsp;<\/p>\n<p>Die B\u00fcrgeraktion Korber H\u00f6he beteiligte sich dieses Jahr wieder aktiv an der Rems-Putzete. Da das mit der Rems auf der Korber H\u00f6he nicht so einfach ist, s\u00e4uberten die gut 20 Bewohner, die sich am Samstag, 11.3., bei sch\u00f6nem Fr\u00fchjahrswetter beim Mikrozentrum getroffen hatten, einfach unseren Stadtteil.<\/p>\n<p>Es war eine gelungene Gemeinschaftsaktion, bei der alle mit Eifer und Freude dabei waren. Anschlie\u00dfend kam man im Korber H\u00f6he Treff zu einer netten Runde zu einem schmackhaften Imbiss zusammen.<!--more--><\/p>\nngg_shortcode_0_placeholder\n","protected":false},"excerpt":{"rendered":"<p>&nbsp; Die B\u00fcrgeraktion Korber H\u00f6he beteiligte sich dieses Jahr wieder aktiv an der Rems-Putzete. Da das mit der Rems auf der Korber H\u00f6he nicht so einfach ist, s\u00e4uberten die gut 20 Bewohner, die sich am Samstag, 11.3., bei sch\u00f6nem Fr\u00fchjahrswetter beim Mikrozentrum getroffen hatten, einfach unseren Stadtteil. Es war eine gelungene Gemeinschaftsaktion, bei der alle [&hellip;]<\/p>\n","protected":false},"author":3,"featured_media":0,"comment_status":"closed","ping_status":"closed","sticky":false,"template":"","format":"standard","meta":{"ngg_post_thumbnail":0,"footnotes":""},"categories":[4],"tags":[],"class_list":["post-2444","post","type-post","status-publish","format-standard","hentry","category-aktuelles"],"yoast_head":"<!-- This site is optimized with the Yoast SEO plugin v27.5 - https:\/\/yoast.com\/product\/yoast-seo-wordpress\/ -->\n<title>Korber H\u00f6he Putzete - B\u00fcrgeraktion Korber H\u00f6he e. V.<\/title>\n<meta name=\"robots\" content=\"index, follow, max-snippet:-1, max-image-preview:large, max-video-preview:-1\" \/>\n<link rel=\"canonical\" href=\"https:\/\/bakh.de\/wdp\/korber-hoehe-putzete\/\" \/>\n<meta property=\"og:locale\" content=\"de_DE\" \/>\n<meta property=\"og:type\" content=\"article\" \/>\n<meta property=\"og:title\" content=\"Korber H\u00f6he Putzete - B\u00fcrgeraktion Korber H\u00f6he e. V.\" \/>\n<meta property=\"og:description\" content=\"&nbsp; Die B\u00fcrgeraktion Korber H\u00f6he beteiligte sich dieses Jahr wieder aktiv an der Rems-Putzete. Da das mit der Rems auf der Korber H\u00f6he nicht so einfach ist, s\u00e4uberten die gut 20 Bewohner, die sich am Samstag, 11.3., bei sch\u00f6nem Fr\u00fchjahrswetter beim Mikrozentrum getroffen hatten, einfach unseren Stadtteil. Es war eine gelungene Gemeinschaftsaktion, bei der alle [&hellip;]\" \/>\n<meta property=\"og:url\" content=\"https:\/\/bakh.de\/wdp\/korber-hoehe-putzete\/\" \/>\n<meta property=\"og:site_name\" content=\"B\u00fcrgeraktion Korber H\u00f6he e. V.\" \/>\n<meta property=\"article:published_time\" content=\"2017-03-11T14:30:45+00:00\" \/>\n<meta property=\"article:modified_time\" content=\"2018-03-10T15:44:12+00:00\" \/>\n<meta property=\"og:image\" content=\"http:\/\/bakh.de\/wdp\/wp-content\/uploads\/2016\/03\/k-IMG_6606h.jpg\" \/>\n<meta name=\"author\" content=\"Uli\" \/>\n<meta name=\"twitter:card\" content=\"summary_large_image\" \/>\n<meta name=\"twitter:label1\" content=\"Verfasst von\" \/>\n\t<meta name=\"twitter:data1\" content=\"Uli\" \/>\n\t<meta name=\"twitter:label2\" content=\"Gesch\u00e4tzte Lesezeit\" \/>\n\t<meta name=\"twitter:data2\" content=\"1\u00a0Minute\" \/>\n<script type=\"application\/ld+json\" class=\"yoast-schema-graph\">{\"@context\":\"https:\\\/\\\/schema.org\",\"@graph\":[{\"@type\":\"Article\",\"@id\":\"https:\\\/\\\/bakh.de\\\/wdp\\\/korber-hoehe-putzete\\\/#article\",\"isPartOf\":{\"@id\":\"https:\\\/\\\/bakh.de\\\/wdp\\\/korber-hoehe-putzete\\\/\"},\"author\":{\"name\":\"Uli\",\"@id\":\"https:\\\/\\\/bakh.de\\\/wdp\\\/#\\\/schema\\\/person\\\/75a1e296c1c53d3fbbc0a3c6104f6370\"},\"headline\":\"Korber H\u00f6he Putzete\",\"datePublished\":\"2017-03-11T14:30:45+00:00\",\"dateModified\":\"2018-03-10T15:44:12+00:00\",\"mainEntityOfPage\":{\"@id\":\"https:\\\/\\\/bakh.de\\\/wdp\\\/korber-hoehe-putzete\\\/\"},\"wordCount\":162,\"publisher\":{\"@id\":\"https:\\\/\\\/bakh.de\\\/wdp\\\/#organization\"},\"image\":{\"@id\":\"https:\\\/\\\/bakh.de\\\/wdp\\\/korber-hoehe-putzete\\\/#primaryimage\"},\"thumbnailUrl\":\"http:\\\/\\\/bakh.de\\\/wdp\\\/wp-content\\\/uploads\\\/2016\\\/03\\\/k-IMG_6606h.jpg\",\"articleSection\":[\"Aktuelle Beitr\u00e4ge\"],\"inLanguage\":\"de\"},{\"@type\":\"WebPage\",\"@id\":\"https:\\\/\\\/bakh.de\\\/wdp\\\/korber-hoehe-putzete\\\/\",\"url\":\"https:\\\/\\\/bakh.de\\\/wdp\\\/korber-hoehe-putzete\\\/\",\"name\":\"Korber H\u00f6he Putzete - B\u00fcrgeraktion Korber H\u00f6he e. V.\",\"isPartOf\":{\"@id\":\"https:\\\/\\\/bakh.de\\\/wdp\\\/#website\"},\"primaryImageOfPage\":{\"@id\":\"https:\\\/\\\/bakh.de\\\/wdp\\\/korber-hoehe-putzete\\\/#primaryimage\"},\"image\":{\"@id\":\"https:\\\/\\\/bakh.de\\\/wdp\\\/korber-hoehe-putzete\\\/#primaryimage\"},\"thumbnailUrl\":\"http:\\\/\\\/bakh.de\\\/wdp\\\/wp-content\\\/uploads\\\/2016\\\/03\\\/k-IMG_6606h.jpg\",\"datePublished\":\"2017-03-11T14:30:45+00:00\",\"dateModified\":\"2018-03-10T15:44:12+00:00\",\"breadcrumb\":{\"@id\":\"https:\\\/\\\/bakh.de\\\/wdp\\\/korber-hoehe-putzete\\\/#breadcrumb\"},\"inLanguage\":\"de\",\"potentialAction\":[{\"@type\":\"ReadAction\",\"target\":[\"https:\\\/\\\/bakh.de\\\/wdp\\\/korber-hoehe-putzete\\\/\"]}]},{\"@type\":\"ImageObject\",\"inLanguage\":\"de\",\"@id\":\"https:\\\/\\\/bakh.de\\\/wdp\\\/korber-hoehe-putzete\\\/#primaryimage\",\"url\":\"https:\\\/\\\/bakh.de\\\/wdp\\\/wp-content\\\/uploads\\\/2016\\\/03\\\/k-IMG_6606h.jpg\",\"contentUrl\":\"https:\\\/\\\/bakh.de\\\/wdp\\\/wp-content\\\/uploads\\\/2016\\\/03\\\/k-IMG_6606h.jpg\",\"width\":600,\"height\":800},{\"@type\":\"BreadcrumbList\",\"@id\":\"https:\\\/\\\/bakh.de\\\/wdp\\\/korber-hoehe-putzete\\\/#breadcrumb\",\"itemListElement\":[{\"@type\":\"ListItem\",\"position\":1,\"name\":\"Startseite\",\"item\":\"https:\\\/\\\/bakh.de\\\/wdp\\\/\"},{\"@type\":\"ListItem\",\"position\":2,\"name\":\"Korber H\u00f6he Putzete\"}]},{\"@type\":\"WebSite\",\"@id\":\"https:\\\/\\\/bakh.de\\\/wdp\\\/#website\",\"url\":\"https:\\\/\\\/bakh.de\\\/wdp\\\/\",\"name\":\"B\u00fcrgeraktion Korber H\u00f6he e. V.\",\"description\":\"\",\"publisher\":{\"@id\":\"https:\\\/\\\/bakh.de\\\/wdp\\\/#organization\"},\"potentialAction\":[{\"@type\":\"SearchAction\",\"target\":{\"@type\":\"EntryPoint\",\"urlTemplate\":\"https:\\\/\\\/bakh.de\\\/wdp\\\/?s={search_term_string}\"},\"query-input\":{\"@type\":\"PropertyValueSpecification\",\"valueRequired\":true,\"valueName\":\"search_term_string\"}}],\"inLanguage\":\"de\"},{\"@type\":\"Organization\",\"@id\":\"https:\\\/\\\/bakh.de\\\/wdp\\\/#organization\",\"name\":\"B\u00fcrgeraktion Korber H\u00f6he e. V.\",\"url\":\"https:\\\/\\\/bakh.de\\\/wdp\\\/\",\"logo\":{\"@type\":\"ImageObject\",\"inLanguage\":\"de\",\"@id\":\"https:\\\/\\\/bakh.de\\\/wdp\\\/#\\\/schema\\\/logo\\\/image\\\/\",\"url\":\"https:\\\/\\\/bakh.de\\\/wdp\\\/wp-content\\\/uploads\\\/2025\\\/11\\\/BAKH_Logo_4c_512.jpg\",\"contentUrl\":\"https:\\\/\\\/bakh.de\\\/wdp\\\/wp-content\\\/uploads\\\/2025\\\/11\\\/BAKH_Logo_4c_512.jpg\",\"width\":516,\"height\":518,\"caption\":\"B\u00fcrgeraktion Korber H\u00f6he e. V.\"},\"image\":{\"@id\":\"https:\\\/\\\/bakh.de\\\/wdp\\\/#\\\/schema\\\/logo\\\/image\\\/\"}},{\"@type\":\"Person\",\"@id\":\"https:\\\/\\\/bakh.de\\\/wdp\\\/#\\\/schema\\\/person\\\/75a1e296c1c53d3fbbc0a3c6104f6370\",\"name\":\"Uli\",\"image\":{\"@type\":\"ImageObject\",\"inLanguage\":\"de\",\"@id\":\"https:\\\/\\\/secure.gravatar.com\\\/avatar\\\/3b55f09e3908cc7190694de428627f99ad7fb1fd6ca4aa1f5a2c94110a7a2967?s=96&d=mm&r=g\",\"url\":\"https:\\\/\\\/secure.gravatar.com\\\/avatar\\\/3b55f09e3908cc7190694de428627f99ad7fb1fd6ca4aa1f5a2c94110a7a2967?s=96&d=mm&r=g\",\"contentUrl\":\"https:\\\/\\\/secure.gravatar.com\\\/avatar\\\/3b55f09e3908cc7190694de428627f99ad7fb1fd6ca4aa1f5a2c94110a7a2967?s=96&d=mm&r=g\",\"caption\":\"Uli\"},\"url\":\"https:\\\/\\\/bakh.de\\\/wdp\\\/author\\\/uli\\\/\"}]}<\/script>\n<!-- \/ Yoast SEO plugin. -->","yoast_head_json":{"title":"Korber H\u00f6he Putzete - B\u00fcrgeraktion Korber H\u00f6he e. V.","robots":{"index":"index","follow":"follow","max-snippet":"max-snippet:-1","max-image-preview":"max-image-preview:large","max-video-preview":"max-video-preview:-1"},"canonical":"https:\/\/bakh.de\/wdp\/korber-hoehe-putzete\/","og_locale":"de_DE","og_type":"article","og_title":"Korber H\u00f6he Putzete - B\u00fcrgeraktion Korber H\u00f6he e. V.","og_description":"&nbsp; Die B\u00fcrgeraktion Korber H\u00f6he beteiligte sich dieses Jahr wieder aktiv an der Rems-Putzete. Da das mit der Rems auf der Korber H\u00f6he nicht so einfach ist, s\u00e4uberten die gut 20 Bewohner, die sich am Samstag, 11.3., bei sch\u00f6nem Fr\u00fchjahrswetter beim Mikrozentrum getroffen hatten, einfach unseren Stadtteil. Es war eine gelungene Gemeinschaftsaktion, bei der alle [&hellip;]","og_url":"https:\/\/bakh.de\/wdp\/korber-hoehe-putzete\/","og_site_name":"B\u00fcrgeraktion Korber H\u00f6he e. V.","article_published_time":"2017-03-11T14:30:45+00:00","article_modified_time":"2018-03-10T15:44:12+00:00","og_image":[{"url":"http:\/\/bakh.de\/wdp\/wp-content\/uploads\/2016\/03\/k-IMG_6606h.jpg","type":"","width":"","height":""}],"author":"Uli","twitter_card":"summary_large_image","twitter_misc":{"Verfasst von":"Uli","Gesch\u00e4tzte Lesezeit":"1\u00a0Minute"},"schema":{"@context":"https:\/\/schema.org","@graph":[{"@type":"Article","@id":"https:\/\/bakh.de\/wdp\/korber-hoehe-putzete\/#article","isPartOf":{"@id":"https:\/\/bakh.de\/wdp\/korber-hoehe-putzete\/"},"author":{"name":"Uli","@id":"https:\/\/bakh.de\/wdp\/#\/schema\/person\/75a1e296c1c53d3fbbc0a3c6104f6370"},"headline":"Korber H\u00f6he Putzete","datePublished":"2017-03-11T14:30:45+00:00","dateModified":"2018-03-10T15:44:12+00:00","mainEntityOfPage":{"@id":"https:\/\/bakh.de\/wdp\/korber-hoehe-putzete\/"},"wordCount":162,"publisher":{"@id":"https:\/\/bakh.de\/wdp\/#organization"},"image":{"@id":"https:\/\/bakh.de\/wdp\/korber-hoehe-putzete\/#primaryimage"},"thumbnailUrl":"http:\/\/bakh.de\/wdp\/wp-content\/uploads\/2016\/03\/k-IMG_6606h.jpg","articleSection":["Aktuelle Beitr\u00e4ge"],"inLanguage":"de"},{"@type":"WebPage","@id":"https:\/\/bakh.de\/wdp\/korber-hoehe-putzete\/","url":"https:\/\/bakh.de\/wdp\/korber-hoehe-putzete\/","name":"Korber H\u00f6he Putzete - B\u00fcrgeraktion Korber H\u00f6he e. V.","isPartOf":{"@id":"https:\/\/bakh.de\/wdp\/#website"},"primaryImageOfPage":{"@id":"https:\/\/bakh.de\/wdp\/korber-hoehe-putzete\/#primaryimage"},"image":{"@id":"https:\/\/bakh.de\/wdp\/korber-hoehe-putzete\/#primaryimage"},"thumbnailUrl":"http:\/\/bakh.de\/wdp\/wp-content\/uploads\/2016\/03\/k-IMG_6606h.jpg","datePublished":"2017-03-11T14:30:45+00:00","dateModified":"2018-03-10T15:44:12+00:00","breadcrumb":{"@id":"https:\/\/bakh.de\/wdp\/korber-hoehe-putzete\/#breadcrumb"},"inLanguage":"de","potentialAction":[{"@type":"ReadAction","target":["https:\/\/bakh.de\/wdp\/korber-hoehe-putzete\/"]}]},{"@type":"ImageObject","inLanguage":"de","@id":"https:\/\/bakh.de\/wdp\/korber-hoehe-putzete\/#primaryimage","url":"https:\/\/bakh.de\/wdp\/wp-content\/uploads\/2016\/03\/k-IMG_6606h.jpg","contentUrl":"https:\/\/bakh.de\/wdp\/wp-content\/uploads\/2016\/03\/k-IMG_6606h.jpg","width":600,"height":800},{"@type":"BreadcrumbList","@id":"https:\/\/bakh.de\/wdp\/korber-hoehe-putzete\/#breadcrumb","itemListElement":[{"@type":"ListItem","position":1,"name":"Startseite","item":"https:\/\/bakh.de\/wdp\/"},{"@type":"ListItem","position":2,"name":"Korber H\u00f6he Putzete"}]},{"@type":"WebSite","@id":"https:\/\/bakh.de\/wdp\/#website","url":"https:\/\/bakh.de\/wdp\/","name":"B\u00fcrgeraktion Korber H\u00f6he e. V.","description":"","publisher":{"@id":"https:\/\/bakh.de\/wdp\/#organization"},"potentialAction":[{"@type":"SearchAction","target":{"@type":"EntryPoint","urlTemplate":"https:\/\/bakh.de\/wdp\/?s={search_term_string}"},"query-input":{"@type":"PropertyValueSpecification","valueRequired":true,"valueName":"search_term_string"}}],"inLanguage":"de"},{"@type":"Organization","@id":"https:\/\/bakh.de\/wdp\/#organization","name":"B\u00fcrgeraktion Korber H\u00f6he e. V.","url":"https:\/\/bakh.de\/wdp\/","logo":{"@type":"ImageObject","inLanguage":"de","@id":"https:\/\/bakh.de\/wdp\/#\/schema\/logo\/image\/","url":"https:\/\/bakh.de\/wdp\/wp-content\/uploads\/2025\/11\/BAKH_Logo_4c_512.jpg","contentUrl":"https:\/\/bakh.de\/wdp\/wp-content\/uploads\/2025\/11\/BAKH_Logo_4c_512.jpg","width":516,"height":518,"caption":"B\u00fcrgeraktion Korber H\u00f6he e. V."},"image":{"@id":"https:\/\/bakh.de\/wdp\/#\/schema\/logo\/image\/"}},{"@type":"Person","@id":"https:\/\/bakh.de\/wdp\/#\/schema\/person\/75a1e296c1c53d3fbbc0a3c6104f6370","name":"Uli","image":{"@type":"ImageObject","inLanguage":"de","@id":"https:\/\/secure.gravatar.com\/avatar\/3b55f09e3908cc7190694de428627f99ad7fb1fd6ca4aa1f5a2c94110a7a2967?s=96&d=mm&r=g","url":"https:\/\/secure.gravatar.com\/avatar\/3b55f09e3908cc7190694de428627f99ad7fb1fd6ca4aa1f5a2c94110a7a2967?s=96&d=mm&r=g","contentUrl":"https:\/\/secure.gravatar.com\/avatar\/3b55f09e3908cc7190694de428627f99ad7fb1fd6ca4aa1f5a2c94110a7a2967?s=96&d=mm&r=g","caption":"Uli"},"url":"https:\/\/bakh.de\/wdp\/author\/uli\/"}]}},"_links":{"self":[{"href":"https:\/\/bakh.de\/wdp\/wp-json\/wp\/v2\/posts\/2444","targetHints":{"allow":["GET"]}}],"collection":[{"href":"https:\/\/bakh.de\/wdp\/wp-json\/wp\/v2\/posts"}],"about":[{"href":"https:\/\/bakh.de\/wdp\/wp-json\/wp\/v2\/types\/post"}],"author":[{"embeddable":true,"href":"https:\/\/bakh.de\/wdp\/wp-json\/wp\/v2\/users\/3"}],"replies":[{"embeddable":true,"href":"https:\/\/bakh.de\/wdp\/wp-json\/wp\/v2\/comments?post=2444"}],"version-history":[{"count":15,"href":"https:\/\/bakh.de\/wdp\/wp-json\/wp\/v2\/posts\/2444\/revisions"}],"predecessor-version":[{"id":7587,"href":"https:\/\/bakh.de\/wdp\/wp-json\/wp\/v2\/posts\/2444\/revisions\/7587"}],"wp:attachment":[{"href":"https:\/\/bakh.de\/wdp\/wp-json\/wp\/v2\/media?parent=2444"}],"wp:term":[{"taxonomy":"category","embeddable":true,"href":"https:\/\/bakh.de\/wdp\/wp-json\/wp\/v2\/categories?post=2444"},{"taxonomy":"post_tag","embeddable":true,"href":"https:\/\/bakh.de\/wdp\/wp-json\/wp\/v2\/tags?post=2444"}],"curies":[{"name":"wp","href":"https:\/\/api.w.org\/{rel}","templated":true}]}}