{"id":2288,"date":"2014-12-13T12:51:52","date_gmt":"2014-12-13T12:51:52","guid":{"rendered":"http:\/\/bakh.de\/wdp\/?p=2288"},"modified":"2014-12-13T13:02:56","modified_gmt":"2014-12-13T13:02:56","slug":"infoabend-zur-situation-syrischer-fluechtlinge-aus-kobane","status":"publish","type":"post","link":"https:\/\/bakh.de\/wdp\/infoabend-zur-situation-syrischer-fluechtlinge-aus-kobane\/","title":{"rendered":"Infoabend zur Situation syrischer Fl\u00fcchtlinge aus Kobane"},"content":{"rendered":"<p>Am Freitag, den 19.12.2014 um 19 Uhr findet in den R\u00e4umen des Korber-H\u00f6he-Treffs eine Informationsveranstaltung \u00fcber syrische Fl\u00fcchtlinge aus Kobane mit Ayg\u00fcl Aras statt. <!--more-->Sie berichtet von ihrer <a title=\"Hilfe f\u00fcr Fl\u00fcchtlinge an syrischer Grenze\" href=\"http:\/\/www.stuttgarter-nachrichten.de\/inhalt.kurden-in-der-region-aktiv-hilfe-fuer-fluechtlinge-an-syrischer-grenze.620aa259-1336-4007-aeb0-eeb3e02240fd.html\" target=\"_blank\">Reise<\/a>, die sie im November zusammen mit ihrer Schwester nach Dersim im Kurdengebiet gemacht hat, um einen Hilfstransport zu organisieren.<\/p>\n<p>Alle Mitglieder der BAKH sind herzlich eingeladen.<\/p>\n<p>Veranstalter ist der Verein Freunde helfen Freunden.<a href=\"http:\/\/bakh.de\/wdp\/wp-content\/uploads\/2014\/12\/syrien.jpeg\"><img loading=\"lazy\" decoding=\"async\" class=\"aligncenter wp-image-2289\" src=\"http:\/\/bakh.de\/wdp\/wp-content\/uploads\/2014\/12\/syrien.jpeg\" alt=\"syrien\" width=\"291\" height=\"191\" srcset=\"https:\/\/bakh.de\/wdp\/wp-content\/uploads\/2014\/12\/syrien.jpeg 510w, https:\/\/bakh.de\/wdp\/wp-content\/uploads\/2014\/12\/syrien-300x197.jpeg 300w\" sizes=\"auto, (max-width: 291px) 100vw, 291px\" \/><\/a><\/p>\n","protected":false},"excerpt":{"rendered":"<p>Am Freitag, den 19.12.2014 um 19 Uhr findet in den R\u00e4umen des Korber-H\u00f6he-Treffs eine Informationsveranstaltung \u00fcber syrische Fl\u00fcchtlinge aus Kobane mit Ayg\u00fcl Aras statt.<\/p>\n","protected":false},"author":3,"featured_media":0,"comment_status":"closed","ping_status":"closed","sticky":false,"template":"","format":"standard","meta":{"ngg_post_thumbnail":0,"footnotes":""},"categories":[6],"tags":[],"class_list":["post-2288","post","type-post","status-publish","format-standard","hentry","category-termine"],"yoast_head":"<!-- This site is optimized with the Yoast SEO plugin v27.5 - https:\/\/yoast.com\/product\/yoast-seo-wordpress\/ -->\n<title>Infoabend zur Situation syrischer Fl\u00fcchtlinge aus Kobane - B\u00fcrgeraktion Korber H\u00f6he e. V.<\/title>\n<meta name=\"robots\" content=\"index, follow, max-snippet:-1, max-image-preview:large, max-video-preview:-1\" \/>\n<link rel=\"canonical\" href=\"https:\/\/bakh.de\/wdp\/infoabend-zur-situation-syrischer-fluechtlinge-aus-kobane\/\" \/>\n<meta property=\"og:locale\" content=\"de_DE\" \/>\n<meta property=\"og:type\" content=\"article\" \/>\n<meta property=\"og:title\" content=\"Infoabend zur Situation syrischer Fl\u00fcchtlinge aus Kobane - B\u00fcrgeraktion Korber H\u00f6he e. V.\" \/>\n<meta property=\"og:description\" content=\"Am Freitag, den 19.12.2014 um 19 Uhr findet in den R\u00e4umen des Korber-H\u00f6he-Treffs eine Informationsveranstaltung \u00fcber syrische Fl\u00fcchtlinge aus Kobane mit Ayg\u00fcl Aras statt.\" \/>\n<meta property=\"og:url\" content=\"https:\/\/bakh.de\/wdp\/infoabend-zur-situation-syrischer-fluechtlinge-aus-kobane\/\" \/>\n<meta property=\"og:site_name\" content=\"B\u00fcrgeraktion Korber H\u00f6he e. V.\" \/>\n<meta property=\"article:published_time\" content=\"2014-12-13T12:51:52+00:00\" \/>\n<meta property=\"article:modified_time\" content=\"2014-12-13T13:02:56+00:00\" \/>\n<meta property=\"og:image\" content=\"http:\/\/bakh.de\/wdp\/wp-content\/uploads\/2014\/12\/syrien.jpeg\" \/>\n<meta name=\"author\" content=\"Uli\" \/>\n<meta name=\"twitter:card\" content=\"summary_large_image\" \/>\n<meta name=\"twitter:label1\" content=\"Verfasst von\" \/>\n\t<meta name=\"twitter:data1\" content=\"Uli\" \/>\n<script type=\"application\/ld+json\" class=\"yoast-schema-graph\">{\"@context\":\"https:\\\/\\\/schema.org\",\"@graph\":[{\"@type\":\"Article\",\"@id\":\"https:\\\/\\\/bakh.de\\\/wdp\\\/infoabend-zur-situation-syrischer-fluechtlinge-aus-kobane\\\/#article\",\"isPartOf\":{\"@id\":\"https:\\\/\\\/bakh.de\\\/wdp\\\/infoabend-zur-situation-syrischer-fluechtlinge-aus-kobane\\\/\"},\"author\":{\"name\":\"Uli\",\"@id\":\"https:\\\/\\\/bakh.de\\\/wdp\\\/#\\\/schema\\\/person\\\/75a1e296c1c53d3fbbc0a3c6104f6370\"},\"headline\":\"Infoabend zur Situation syrischer Fl\u00fcchtlinge aus Kobane\",\"datePublished\":\"2014-12-13T12:51:52+00:00\",\"dateModified\":\"2014-12-13T13:02:56+00:00\",\"mainEntityOfPage\":{\"@id\":\"https:\\\/\\\/bakh.de\\\/wdp\\\/infoabend-zur-situation-syrischer-fluechtlinge-aus-kobane\\\/\"},\"wordCount\":72,\"publisher\":{\"@id\":\"https:\\\/\\\/bakh.de\\\/wdp\\\/#organization\"},\"image\":{\"@id\":\"https:\\\/\\\/bakh.de\\\/wdp\\\/infoabend-zur-situation-syrischer-fluechtlinge-aus-kobane\\\/#primaryimage\"},\"thumbnailUrl\":\"http:\\\/\\\/bakh.de\\\/wdp\\\/wp-content\\\/uploads\\\/2014\\\/12\\\/syrien.jpeg\",\"articleSection\":[\"Termine\"],\"inLanguage\":\"de\"},{\"@type\":\"WebPage\",\"@id\":\"https:\\\/\\\/bakh.de\\\/wdp\\\/infoabend-zur-situation-syrischer-fluechtlinge-aus-kobane\\\/\",\"url\":\"https:\\\/\\\/bakh.de\\\/wdp\\\/infoabend-zur-situation-syrischer-fluechtlinge-aus-kobane\\\/\",\"name\":\"Infoabend zur Situation syrischer Fl\u00fcchtlinge aus Kobane - B\u00fcrgeraktion Korber H\u00f6he e. V.\",\"isPartOf\":{\"@id\":\"https:\\\/\\\/bakh.de\\\/wdp\\\/#website\"},\"primaryImageOfPage\":{\"@id\":\"https:\\\/\\\/bakh.de\\\/wdp\\\/infoabend-zur-situation-syrischer-fluechtlinge-aus-kobane\\\/#primaryimage\"},\"image\":{\"@id\":\"https:\\\/\\\/bakh.de\\\/wdp\\\/infoabend-zur-situation-syrischer-fluechtlinge-aus-kobane\\\/#primaryimage\"},\"thumbnailUrl\":\"http:\\\/\\\/bakh.de\\\/wdp\\\/wp-content\\\/uploads\\\/2014\\\/12\\\/syrien.jpeg\",\"datePublished\":\"2014-12-13T12:51:52+00:00\",\"dateModified\":\"2014-12-13T13:02:56+00:00\",\"breadcrumb\":{\"@id\":\"https:\\\/\\\/bakh.de\\\/wdp\\\/infoabend-zur-situation-syrischer-fluechtlinge-aus-kobane\\\/#breadcrumb\"},\"inLanguage\":\"de\",\"potentialAction\":[{\"@type\":\"ReadAction\",\"target\":[\"https:\\\/\\\/bakh.de\\\/wdp\\\/infoabend-zur-situation-syrischer-fluechtlinge-aus-kobane\\\/\"]}]},{\"@type\":\"ImageObject\",\"inLanguage\":\"de\",\"@id\":\"https:\\\/\\\/bakh.de\\\/wdp\\\/infoabend-zur-situation-syrischer-fluechtlinge-aus-kobane\\\/#primaryimage\",\"url\":\"https:\\\/\\\/bakh.de\\\/wdp\\\/wp-content\\\/uploads\\\/2014\\\/12\\\/syrien.jpeg\",\"contentUrl\":\"https:\\\/\\\/bakh.de\\\/wdp\\\/wp-content\\\/uploads\\\/2014\\\/12\\\/syrien.jpeg\",\"width\":510,\"height\":335},{\"@type\":\"BreadcrumbList\",\"@id\":\"https:\\\/\\\/bakh.de\\\/wdp\\\/infoabend-zur-situation-syrischer-fluechtlinge-aus-kobane\\\/#breadcrumb\",\"itemListElement\":[{\"@type\":\"ListItem\",\"position\":1,\"name\":\"Startseite\",\"item\":\"https:\\\/\\\/bakh.de\\\/wdp\\\/\"},{\"@type\":\"ListItem\",\"position\":2,\"name\":\"Infoabend zur Situation syrischer Fl\u00fcchtlinge aus Kobane\"}]},{\"@type\":\"WebSite\",\"@id\":\"https:\\\/\\\/bakh.de\\\/wdp\\\/#website\",\"url\":\"https:\\\/\\\/bakh.de\\\/wdp\\\/\",\"name\":\"B\u00fcrgeraktion Korber H\u00f6he e. V.\",\"description\":\"\",\"publisher\":{\"@id\":\"https:\\\/\\\/bakh.de\\\/wdp\\\/#organization\"},\"potentialAction\":[{\"@type\":\"SearchAction\",\"target\":{\"@type\":\"EntryPoint\",\"urlTemplate\":\"https:\\\/\\\/bakh.de\\\/wdp\\\/?s={search_term_string}\"},\"query-input\":{\"@type\":\"PropertyValueSpecification\",\"valueRequired\":true,\"valueName\":\"search_term_string\"}}],\"inLanguage\":\"de\"},{\"@type\":\"Organization\",\"@id\":\"https:\\\/\\\/bakh.de\\\/wdp\\\/#organization\",\"name\":\"B\u00fcrgeraktion Korber H\u00f6he e. V.\",\"url\":\"https:\\\/\\\/bakh.de\\\/wdp\\\/\",\"logo\":{\"@type\":\"ImageObject\",\"inLanguage\":\"de\",\"@id\":\"https:\\\/\\\/bakh.de\\\/wdp\\\/#\\\/schema\\\/logo\\\/image\\\/\",\"url\":\"https:\\\/\\\/bakh.de\\\/wdp\\\/wp-content\\\/uploads\\\/2025\\\/11\\\/BAKH_Logo_4c_512.jpg\",\"contentUrl\":\"https:\\\/\\\/bakh.de\\\/wdp\\\/wp-content\\\/uploads\\\/2025\\\/11\\\/BAKH_Logo_4c_512.jpg\",\"width\":516,\"height\":518,\"caption\":\"B\u00fcrgeraktion Korber H\u00f6he e. V.\"},\"image\":{\"@id\":\"https:\\\/\\\/bakh.de\\\/wdp\\\/#\\\/schema\\\/logo\\\/image\\\/\"}},{\"@type\":\"Person\",\"@id\":\"https:\\\/\\\/bakh.de\\\/wdp\\\/#\\\/schema\\\/person\\\/75a1e296c1c53d3fbbc0a3c6104f6370\",\"name\":\"Uli\",\"image\":{\"@type\":\"ImageObject\",\"inLanguage\":\"de\",\"@id\":\"https:\\\/\\\/secure.gravatar.com\\\/avatar\\\/3b55f09e3908cc7190694de428627f99ad7fb1fd6ca4aa1f5a2c94110a7a2967?s=96&d=mm&r=g\",\"url\":\"https:\\\/\\\/secure.gravatar.com\\\/avatar\\\/3b55f09e3908cc7190694de428627f99ad7fb1fd6ca4aa1f5a2c94110a7a2967?s=96&d=mm&r=g\",\"contentUrl\":\"https:\\\/\\\/secure.gravatar.com\\\/avatar\\\/3b55f09e3908cc7190694de428627f99ad7fb1fd6ca4aa1f5a2c94110a7a2967?s=96&d=mm&r=g\",\"caption\":\"Uli\"},\"url\":\"https:\\\/\\\/bakh.de\\\/wdp\\\/author\\\/uli\\\/\"}]}<\/script>\n<!-- \/ Yoast SEO plugin. -->","yoast_head_json":{"title":"Infoabend zur Situation syrischer Fl\u00fcchtlinge aus Kobane - B\u00fcrgeraktion Korber H\u00f6he e. V.","robots":{"index":"index","follow":"follow","max-snippet":"max-snippet:-1","max-image-preview":"max-image-preview:large","max-video-preview":"max-video-preview:-1"},"canonical":"https:\/\/bakh.de\/wdp\/infoabend-zur-situation-syrischer-fluechtlinge-aus-kobane\/","og_locale":"de_DE","og_type":"article","og_title":"Infoabend zur Situation syrischer Fl\u00fcchtlinge aus Kobane - B\u00fcrgeraktion Korber H\u00f6he e. V.","og_description":"Am Freitag, den 19.12.2014 um 19 Uhr findet in den R\u00e4umen des Korber-H\u00f6he-Treffs eine Informationsveranstaltung \u00fcber syrische Fl\u00fcchtlinge aus Kobane mit Ayg\u00fcl Aras statt.","og_url":"https:\/\/bakh.de\/wdp\/infoabend-zur-situation-syrischer-fluechtlinge-aus-kobane\/","og_site_name":"B\u00fcrgeraktion Korber H\u00f6he e. V.","article_published_time":"2014-12-13T12:51:52+00:00","article_modified_time":"2014-12-13T13:02:56+00:00","og_image":[{"url":"http:\/\/bakh.de\/wdp\/wp-content\/uploads\/2014\/12\/syrien.jpeg","type":"","width":"","height":""}],"author":"Uli","twitter_card":"summary_large_image","twitter_misc":{"Verfasst von":"Uli"},"schema":{"@context":"https:\/\/schema.org","@graph":[{"@type":"Article","@id":"https:\/\/bakh.de\/wdp\/infoabend-zur-situation-syrischer-fluechtlinge-aus-kobane\/#article","isPartOf":{"@id":"https:\/\/bakh.de\/wdp\/infoabend-zur-situation-syrischer-fluechtlinge-aus-kobane\/"},"author":{"name":"Uli","@id":"https:\/\/bakh.de\/wdp\/#\/schema\/person\/75a1e296c1c53d3fbbc0a3c6104f6370"},"headline":"Infoabend zur Situation syrischer Fl\u00fcchtlinge aus Kobane","datePublished":"2014-12-13T12:51:52+00:00","dateModified":"2014-12-13T13:02:56+00:00","mainEntityOfPage":{"@id":"https:\/\/bakh.de\/wdp\/infoabend-zur-situation-syrischer-fluechtlinge-aus-kobane\/"},"wordCount":72,"publisher":{"@id":"https:\/\/bakh.de\/wdp\/#organization"},"image":{"@id":"https:\/\/bakh.de\/wdp\/infoabend-zur-situation-syrischer-fluechtlinge-aus-kobane\/#primaryimage"},"thumbnailUrl":"http:\/\/bakh.de\/wdp\/wp-content\/uploads\/2014\/12\/syrien.jpeg","articleSection":["Termine"],"inLanguage":"de"},{"@type":"WebPage","@id":"https:\/\/bakh.de\/wdp\/infoabend-zur-situation-syrischer-fluechtlinge-aus-kobane\/","url":"https:\/\/bakh.de\/wdp\/infoabend-zur-situation-syrischer-fluechtlinge-aus-kobane\/","name":"Infoabend zur Situation syrischer Fl\u00fcchtlinge aus Kobane - B\u00fcrgeraktion Korber H\u00f6he e. V.","isPartOf":{"@id":"https:\/\/bakh.de\/wdp\/#website"},"primaryImageOfPage":{"@id":"https:\/\/bakh.de\/wdp\/infoabend-zur-situation-syrischer-fluechtlinge-aus-kobane\/#primaryimage"},"image":{"@id":"https:\/\/bakh.de\/wdp\/infoabend-zur-situation-syrischer-fluechtlinge-aus-kobane\/#primaryimage"},"thumbnailUrl":"http:\/\/bakh.de\/wdp\/wp-content\/uploads\/2014\/12\/syrien.jpeg","datePublished":"2014-12-13T12:51:52+00:00","dateModified":"2014-12-13T13:02:56+00:00","breadcrumb":{"@id":"https:\/\/bakh.de\/wdp\/infoabend-zur-situation-syrischer-fluechtlinge-aus-kobane\/#breadcrumb"},"inLanguage":"de","potentialAction":[{"@type":"ReadAction","target":["https:\/\/bakh.de\/wdp\/infoabend-zur-situation-syrischer-fluechtlinge-aus-kobane\/"]}]},{"@type":"ImageObject","inLanguage":"de","@id":"https:\/\/bakh.de\/wdp\/infoabend-zur-situation-syrischer-fluechtlinge-aus-kobane\/#primaryimage","url":"https:\/\/bakh.de\/wdp\/wp-content\/uploads\/2014\/12\/syrien.jpeg","contentUrl":"https:\/\/bakh.de\/wdp\/wp-content\/uploads\/2014\/12\/syrien.jpeg","width":510,"height":335},{"@type":"BreadcrumbList","@id":"https:\/\/bakh.de\/wdp\/infoabend-zur-situation-syrischer-fluechtlinge-aus-kobane\/#breadcrumb","itemListElement":[{"@type":"ListItem","position":1,"name":"Startseite","item":"https:\/\/bakh.de\/wdp\/"},{"@type":"ListItem","position":2,"name":"Infoabend zur Situation syrischer Fl\u00fcchtlinge aus Kobane"}]},{"@type":"WebSite","@id":"https:\/\/bakh.de\/wdp\/#website","url":"https:\/\/bakh.de\/wdp\/","name":"B\u00fcrgeraktion Korber H\u00f6he e. V.","description":"","publisher":{"@id":"https:\/\/bakh.de\/wdp\/#organization"},"potentialAction":[{"@type":"SearchAction","target":{"@type":"EntryPoint","urlTemplate":"https:\/\/bakh.de\/wdp\/?s={search_term_string}"},"query-input":{"@type":"PropertyValueSpecification","valueRequired":true,"valueName":"search_term_string"}}],"inLanguage":"de"},{"@type":"Organization","@id":"https:\/\/bakh.de\/wdp\/#organization","name":"B\u00fcrgeraktion Korber H\u00f6he e. V.","url":"https:\/\/bakh.de\/wdp\/","logo":{"@type":"ImageObject","inLanguage":"de","@id":"https:\/\/bakh.de\/wdp\/#\/schema\/logo\/image\/","url":"https:\/\/bakh.de\/wdp\/wp-content\/uploads\/2025\/11\/BAKH_Logo_4c_512.jpg","contentUrl":"https:\/\/bakh.de\/wdp\/wp-content\/uploads\/2025\/11\/BAKH_Logo_4c_512.jpg","width":516,"height":518,"caption":"B\u00fcrgeraktion Korber H\u00f6he e. V."},"image":{"@id":"https:\/\/bakh.de\/wdp\/#\/schema\/logo\/image\/"}},{"@type":"Person","@id":"https:\/\/bakh.de\/wdp\/#\/schema\/person\/75a1e296c1c53d3fbbc0a3c6104f6370","name":"Uli","image":{"@type":"ImageObject","inLanguage":"de","@id":"https:\/\/secure.gravatar.com\/avatar\/3b55f09e3908cc7190694de428627f99ad7fb1fd6ca4aa1f5a2c94110a7a2967?s=96&d=mm&r=g","url":"https:\/\/secure.gravatar.com\/avatar\/3b55f09e3908cc7190694de428627f99ad7fb1fd6ca4aa1f5a2c94110a7a2967?s=96&d=mm&r=g","contentUrl":"https:\/\/secure.gravatar.com\/avatar\/3b55f09e3908cc7190694de428627f99ad7fb1fd6ca4aa1f5a2c94110a7a2967?s=96&d=mm&r=g","caption":"Uli"},"url":"https:\/\/bakh.de\/wdp\/author\/uli\/"}]}},"_links":{"self":[{"href":"https:\/\/bakh.de\/wdp\/wp-json\/wp\/v2\/posts\/2288","targetHints":{"allow":["GET"]}}],"collection":[{"href":"https:\/\/bakh.de\/wdp\/wp-json\/wp\/v2\/posts"}],"about":[{"href":"https:\/\/bakh.de\/wdp\/wp-json\/wp\/v2\/types\/post"}],"author":[{"embeddable":true,"href":"https:\/\/bakh.de\/wdp\/wp-json\/wp\/v2\/users\/3"}],"replies":[{"embeddable":true,"href":"https:\/\/bakh.de\/wdp\/wp-json\/wp\/v2\/comments?post=2288"}],"version-history":[{"count":7,"href":"https:\/\/bakh.de\/wdp\/wp-json\/wp\/v2\/posts\/2288\/revisions"}],"predecessor-version":[{"id":2296,"href":"https:\/\/bakh.de\/wdp\/wp-json\/wp\/v2\/posts\/2288\/revisions\/2296"}],"wp:attachment":[{"href":"https:\/\/bakh.de\/wdp\/wp-json\/wp\/v2\/media?parent=2288"}],"wp:term":[{"taxonomy":"category","embeddable":true,"href":"https:\/\/bakh.de\/wdp\/wp-json\/wp\/v2\/categories?post=2288"},{"taxonomy":"post_tag","embeddable":true,"href":"https:\/\/bakh.de\/wdp\/wp-json\/wp\/v2\/tags?post=2288"}],"curies":[{"name":"wp","href":"https:\/\/api.w.org\/{rel}","templated":true}]}}