{"id":2184,"date":"2014-10-12T16:44:36","date_gmt":"2014-10-12T16:44:36","guid":{"rendered":"http:\/\/bakh.de\/wdp\/?p=2184"},"modified":"2014-10-22T08:12:01","modified_gmt":"2014-10-22T08:12:01","slug":"blitzer-an-b14-in-betrieb","status":"publish","type":"post","link":"https:\/\/bakh.de\/wdp\/blitzer-an-b14-in-betrieb\/","title":{"rendered":"Blitzer an B14 in Betrieb"},"content":{"rendered":"<p><a href=\"http:\/\/bakh.de\/wdp\/wp-content\/uploads\/2014\/10\/k-IMG_3716.jpg\"><img loading=\"lazy\" decoding=\"async\" class=\"alignleft wp-image-2185\" src=\"http:\/\/bakh.de\/wdp\/wp-content\/uploads\/2014\/10\/k-IMG_3716.jpg\" alt=\"k-IMG_3716\" width=\"190\" height=\"143\" srcset=\"https:\/\/bakh.de\/wdp\/wp-content\/uploads\/2014\/10\/k-IMG_3716.jpg 800w, https:\/\/bakh.de\/wdp\/wp-content\/uploads\/2014\/10\/k-IMG_3716-300x225.jpg 300w\" sizes=\"auto, (max-width: 190px) 100vw, 190px\" \/><\/a><\/p>\n<p>2 Blitzer hat die Stadt jetzt an der B14 in der N\u00e4he der Fu\u00dfg\u00e4ngerbr\u00fccken aufgestellt. Die B\u00fcrgeraktion hatte die <a title=\"Geschwindigkeitskontrolle an B14 beschlossen\" href=\"http:\/\/bakh.de\/wdp\/?p=1725\" target=\"_blank\">Aufstellung<\/a> letztes Jahr im Rahmen der Haushaltsberatung beantragt. Sie erhofft sich durch die Geschwindigkeitskontrolle ein Verminderung der L\u00e4rmbelastung der Korber H\u00f6he.<\/p>\n<p><!--more--><\/p>\n<p>Idylle am Finkenberg und hohes Verkehrsaufkommen auf der B14 liegen nah beieinander. Auch wenn hier stellenweise\u00a0 L\u00e4rmschutzw\u00e4nde angebracht sind, gibt es immer wieder L\u00fccken, die zu einer hohen L\u00e4rmbelastung f\u00fchren. Die <a title=\"L\u00e4rmbel\u00e4stigung B14\" href=\"http:\/\/bakh.de\/wdp\/?cat=8\" target=\"_blank\">B\u00fcrgeraktion<\/a> hat immer wieder versucht durch ein Tempol<a href=\"http:\/\/bakh.de\/wdp\/wp-content\/uploads\/2014\/10\/k-IMG_3706.jpg\"><img loading=\"lazy\" decoding=\"async\" class=\"alignright wp-image-2188\" src=\"http:\/\/bakh.de\/wdp\/wp-content\/uploads\/2014\/10\/k-IMG_3706.jpg\" alt=\"k-IMG_3706\" width=\"190\" height=\"143\" srcset=\"https:\/\/bakh.de\/wdp\/wp-content\/uploads\/2014\/10\/k-IMG_3706.jpg 800w, https:\/\/bakh.de\/wdp\/wp-content\/uploads\/2014\/10\/k-IMG_3706-300x225.jpg 300w\" sizes=\"auto, (max-width: 190px) 100vw, 190px\" \/><\/a>imit eine Reduzierung des Verkehrsl\u00e4rms zu erreichen.Trotz Unterst\u00fctzung der Stadtverwaltung blieben dies ohne Erfolg.<\/p>\n<p>Ein Antrag zur Absenkung der H\u00f6chstgeschwindigkeit auf 80 zur Entt\u00e4uschung der Anwohner abgelehnt, ebenso die durchg\u00e4ngige Reduzierung auf Tempo 100 in einem Zwischenschritt. \u201eEhrlich gesagt sind wir deswegen von den Gr\u00fcnen etwas entt\u00e4uscht\u201c, so B\u00fcrgeraktions-Vorsitzender Winfried Koch in einem Bericht der <a title=\"Neue Blitzer sind B\u00fcrgerwunsch\" href=\"http:\/\/www.zvw.de\/inhalt.waiblingen-b-14-neue-blitzer-sind-ein-buergerwunsch.431801a9-87f4-43c4-a068-189a53a837e5.html\" target=\"_blank\">WKZ<\/a>. Vorbild sei die B\u200510 mit Tempo 80 im Neckartal.<\/p>\n<p>Bei den Blitzern geht also nicht darum, dass Autofahrer abgezockt werden. Durch die Aufstellung der Blitzer, die vom Gemeiderat mit gro\u00dfe<a href=\"http:\/\/bakh.de\/wdp\/wp-content\/uploads\/2014\/10\/k-IMG_3723.jpg\"><img loading=\"lazy\" decoding=\"async\" class=\"alignright wp-image-2189\" src=\"http:\/\/bakh.de\/wdp\/wp-content\/uploads\/2014\/10\/k-IMG_3723.jpg\" alt=\"k-IMG_3723\" width=\"190\" height=\"143\" srcset=\"https:\/\/bakh.de\/wdp\/wp-content\/uploads\/2014\/10\/k-IMG_3723.jpg 800w, https:\/\/bakh.de\/wdp\/wp-content\/uploads\/2014\/10\/k-IMG_3723-300x225.jpg 300w\" sizes=\"auto, (max-width: 190px) 100vw, 190px\" \/><\/a>r Mehrheit beschlossen worden war, soll zumindest ein kleiner Beitrag zur L\u00e4rmminderung geleistet werden.<\/p>\n","protected":false},"excerpt":{"rendered":"<p>2 Blitzer hat die Stadt jetzt an der B14 in der N\u00e4he der Fu\u00dfg\u00e4ngerbr\u00fccken aufgestellt. Die B\u00fcrgeraktion hatte die Aufstellung letztes Jahr im Rahmen der Haushaltsberatung beantragt. Sie erhofft sich durch die Geschwindigkeitskontrolle ein Verminderung der L\u00e4rmbelastung der Korber H\u00f6he.<\/p>\n","protected":false},"author":3,"featured_media":0,"comment_status":"closed","ping_status":"closed","sticky":false,"template":"","format":"standard","meta":{"ngg_post_thumbnail":0,"footnotes":""},"categories":[8],"tags":[],"class_list":["post-2184","post","type-post","status-publish","format-standard","hentry","category-larmbelastung-b14"],"yoast_head":"<!-- This site is optimized with the Yoast SEO plugin v27.5 - https:\/\/yoast.com\/product\/yoast-seo-wordpress\/ -->\n<title>Blitzer an B14 in Betrieb - B\u00fcrgeraktion Korber H\u00f6he e. V.<\/title>\n<meta name=\"robots\" content=\"index, follow, max-snippet:-1, max-image-preview:large, max-video-preview:-1\" \/>\n<link rel=\"canonical\" href=\"https:\/\/bakh.de\/wdp\/blitzer-an-b14-in-betrieb\/\" \/>\n<meta property=\"og:locale\" content=\"de_DE\" \/>\n<meta property=\"og:type\" content=\"article\" \/>\n<meta property=\"og:title\" content=\"Blitzer an B14 in Betrieb - B\u00fcrgeraktion Korber H\u00f6he e. V.\" \/>\n<meta property=\"og:description\" content=\"2 Blitzer hat die Stadt jetzt an der B14 in der N\u00e4he der Fu\u00dfg\u00e4ngerbr\u00fccken aufgestellt. Die B\u00fcrgeraktion hatte die Aufstellung letztes Jahr im Rahmen der Haushaltsberatung beantragt. Sie erhofft sich durch die Geschwindigkeitskontrolle ein Verminderung der L\u00e4rmbelastung der Korber H\u00f6he.\" \/>\n<meta property=\"og:url\" content=\"https:\/\/bakh.de\/wdp\/blitzer-an-b14-in-betrieb\/\" \/>\n<meta property=\"og:site_name\" content=\"B\u00fcrgeraktion Korber H\u00f6he e. V.\" \/>\n<meta property=\"article:published_time\" content=\"2014-10-12T16:44:36+00:00\" \/>\n<meta property=\"article:modified_time\" content=\"2014-10-22T08:12:01+00:00\" \/>\n<meta property=\"og:image\" content=\"http:\/\/bakh.de\/wdp\/wp-content\/uploads\/2014\/10\/k-IMG_3716.jpg\" \/>\n<meta name=\"author\" content=\"Uli\" \/>\n<meta name=\"twitter:card\" content=\"summary_large_image\" \/>\n<meta name=\"twitter:label1\" content=\"Verfasst von\" \/>\n\t<meta name=\"twitter:data1\" content=\"Uli\" \/>\n\t<meta name=\"twitter:label2\" content=\"Gesch\u00e4tzte Lesezeit\" \/>\n\t<meta name=\"twitter:data2\" content=\"1\u00a0Minute\" \/>\n<script type=\"application\/ld+json\" class=\"yoast-schema-graph\">{\"@context\":\"https:\\\/\\\/schema.org\",\"@graph\":[{\"@type\":\"Article\",\"@id\":\"https:\\\/\\\/bakh.de\\\/wdp\\\/blitzer-an-b14-in-betrieb\\\/#article\",\"isPartOf\":{\"@id\":\"https:\\\/\\\/bakh.de\\\/wdp\\\/blitzer-an-b14-in-betrieb\\\/\"},\"author\":{\"name\":\"Uli\",\"@id\":\"https:\\\/\\\/bakh.de\\\/wdp\\\/#\\\/schema\\\/person\\\/75a1e296c1c53d3fbbc0a3c6104f6370\"},\"headline\":\"Blitzer an B14 in Betrieb\",\"datePublished\":\"2014-10-12T16:44:36+00:00\",\"dateModified\":\"2014-10-22T08:12:01+00:00\",\"mainEntityOfPage\":{\"@id\":\"https:\\\/\\\/bakh.de\\\/wdp\\\/blitzer-an-b14-in-betrieb\\\/\"},\"wordCount\":204,\"publisher\":{\"@id\":\"https:\\\/\\\/bakh.de\\\/wdp\\\/#organization\"},\"image\":{\"@id\":\"https:\\\/\\\/bakh.de\\\/wdp\\\/blitzer-an-b14-in-betrieb\\\/#primaryimage\"},\"thumbnailUrl\":\"http:\\\/\\\/bakh.de\\\/wdp\\\/wp-content\\\/uploads\\\/2014\\\/10\\\/k-IMG_3716.jpg\",\"articleSection\":[\"L\u00e4rmbelastung B14\"],\"inLanguage\":\"de\"},{\"@type\":\"WebPage\",\"@id\":\"https:\\\/\\\/bakh.de\\\/wdp\\\/blitzer-an-b14-in-betrieb\\\/\",\"url\":\"https:\\\/\\\/bakh.de\\\/wdp\\\/blitzer-an-b14-in-betrieb\\\/\",\"name\":\"Blitzer an B14 in Betrieb - B\u00fcrgeraktion Korber H\u00f6he e. V.\",\"isPartOf\":{\"@id\":\"https:\\\/\\\/bakh.de\\\/wdp\\\/#website\"},\"primaryImageOfPage\":{\"@id\":\"https:\\\/\\\/bakh.de\\\/wdp\\\/blitzer-an-b14-in-betrieb\\\/#primaryimage\"},\"image\":{\"@id\":\"https:\\\/\\\/bakh.de\\\/wdp\\\/blitzer-an-b14-in-betrieb\\\/#primaryimage\"},\"thumbnailUrl\":\"http:\\\/\\\/bakh.de\\\/wdp\\\/wp-content\\\/uploads\\\/2014\\\/10\\\/k-IMG_3716.jpg\",\"datePublished\":\"2014-10-12T16:44:36+00:00\",\"dateModified\":\"2014-10-22T08:12:01+00:00\",\"breadcrumb\":{\"@id\":\"https:\\\/\\\/bakh.de\\\/wdp\\\/blitzer-an-b14-in-betrieb\\\/#breadcrumb\"},\"inLanguage\":\"de\",\"potentialAction\":[{\"@type\":\"ReadAction\",\"target\":[\"https:\\\/\\\/bakh.de\\\/wdp\\\/blitzer-an-b14-in-betrieb\\\/\"]}]},{\"@type\":\"ImageObject\",\"inLanguage\":\"de\",\"@id\":\"https:\\\/\\\/bakh.de\\\/wdp\\\/blitzer-an-b14-in-betrieb\\\/#primaryimage\",\"url\":\"https:\\\/\\\/bakh.de\\\/wdp\\\/wp-content\\\/uploads\\\/2014\\\/10\\\/k-IMG_3716.jpg\",\"contentUrl\":\"https:\\\/\\\/bakh.de\\\/wdp\\\/wp-content\\\/uploads\\\/2014\\\/10\\\/k-IMG_3716.jpg\",\"width\":800,\"height\":600},{\"@type\":\"BreadcrumbList\",\"@id\":\"https:\\\/\\\/bakh.de\\\/wdp\\\/blitzer-an-b14-in-betrieb\\\/#breadcrumb\",\"itemListElement\":[{\"@type\":\"ListItem\",\"position\":1,\"name\":\"Startseite\",\"item\":\"https:\\\/\\\/bakh.de\\\/wdp\\\/\"},{\"@type\":\"ListItem\",\"position\":2,\"name\":\"Blitzer an B14 in Betrieb\"}]},{\"@type\":\"WebSite\",\"@id\":\"https:\\\/\\\/bakh.de\\\/wdp\\\/#website\",\"url\":\"https:\\\/\\\/bakh.de\\\/wdp\\\/\",\"name\":\"B\u00fcrgeraktion Korber H\u00f6he e. V.\",\"description\":\"\",\"publisher\":{\"@id\":\"https:\\\/\\\/bakh.de\\\/wdp\\\/#organization\"},\"potentialAction\":[{\"@type\":\"SearchAction\",\"target\":{\"@type\":\"EntryPoint\",\"urlTemplate\":\"https:\\\/\\\/bakh.de\\\/wdp\\\/?s={search_term_string}\"},\"query-input\":{\"@type\":\"PropertyValueSpecification\",\"valueRequired\":true,\"valueName\":\"search_term_string\"}}],\"inLanguage\":\"de\"},{\"@type\":\"Organization\",\"@id\":\"https:\\\/\\\/bakh.de\\\/wdp\\\/#organization\",\"name\":\"B\u00fcrgeraktion Korber H\u00f6he e. V.\",\"url\":\"https:\\\/\\\/bakh.de\\\/wdp\\\/\",\"logo\":{\"@type\":\"ImageObject\",\"inLanguage\":\"de\",\"@id\":\"https:\\\/\\\/bakh.de\\\/wdp\\\/#\\\/schema\\\/logo\\\/image\\\/\",\"url\":\"https:\\\/\\\/bakh.de\\\/wdp\\\/wp-content\\\/uploads\\\/2025\\\/11\\\/BAKH_Logo_4c_512.jpg\",\"contentUrl\":\"https:\\\/\\\/bakh.de\\\/wdp\\\/wp-content\\\/uploads\\\/2025\\\/11\\\/BAKH_Logo_4c_512.jpg\",\"width\":516,\"height\":518,\"caption\":\"B\u00fcrgeraktion Korber H\u00f6he e. V.\"},\"image\":{\"@id\":\"https:\\\/\\\/bakh.de\\\/wdp\\\/#\\\/schema\\\/logo\\\/image\\\/\"}},{\"@type\":\"Person\",\"@id\":\"https:\\\/\\\/bakh.de\\\/wdp\\\/#\\\/schema\\\/person\\\/75a1e296c1c53d3fbbc0a3c6104f6370\",\"name\":\"Uli\",\"image\":{\"@type\":\"ImageObject\",\"inLanguage\":\"de\",\"@id\":\"https:\\\/\\\/secure.gravatar.com\\\/avatar\\\/3b55f09e3908cc7190694de428627f99ad7fb1fd6ca4aa1f5a2c94110a7a2967?s=96&d=mm&r=g\",\"url\":\"https:\\\/\\\/secure.gravatar.com\\\/avatar\\\/3b55f09e3908cc7190694de428627f99ad7fb1fd6ca4aa1f5a2c94110a7a2967?s=96&d=mm&r=g\",\"contentUrl\":\"https:\\\/\\\/secure.gravatar.com\\\/avatar\\\/3b55f09e3908cc7190694de428627f99ad7fb1fd6ca4aa1f5a2c94110a7a2967?s=96&d=mm&r=g\",\"caption\":\"Uli\"},\"url\":\"https:\\\/\\\/bakh.de\\\/wdp\\\/author\\\/uli\\\/\"}]}<\/script>\n<!-- \/ Yoast SEO plugin. -->","yoast_head_json":{"title":"Blitzer an B14 in Betrieb - B\u00fcrgeraktion Korber H\u00f6he e. V.","robots":{"index":"index","follow":"follow","max-snippet":"max-snippet:-1","max-image-preview":"max-image-preview:large","max-video-preview":"max-video-preview:-1"},"canonical":"https:\/\/bakh.de\/wdp\/blitzer-an-b14-in-betrieb\/","og_locale":"de_DE","og_type":"article","og_title":"Blitzer an B14 in Betrieb - B\u00fcrgeraktion Korber H\u00f6he e. V.","og_description":"2 Blitzer hat die Stadt jetzt an der B14 in der N\u00e4he der Fu\u00dfg\u00e4ngerbr\u00fccken aufgestellt. Die B\u00fcrgeraktion hatte die Aufstellung letztes Jahr im Rahmen der Haushaltsberatung beantragt. Sie erhofft sich durch die Geschwindigkeitskontrolle ein Verminderung der L\u00e4rmbelastung der Korber H\u00f6he.","og_url":"https:\/\/bakh.de\/wdp\/blitzer-an-b14-in-betrieb\/","og_site_name":"B\u00fcrgeraktion Korber H\u00f6he e. V.","article_published_time":"2014-10-12T16:44:36+00:00","article_modified_time":"2014-10-22T08:12:01+00:00","og_image":[{"url":"http:\/\/bakh.de\/wdp\/wp-content\/uploads\/2014\/10\/k-IMG_3716.jpg","type":"","width":"","height":""}],"author":"Uli","twitter_card":"summary_large_image","twitter_misc":{"Verfasst von":"Uli","Gesch\u00e4tzte Lesezeit":"1\u00a0Minute"},"schema":{"@context":"https:\/\/schema.org","@graph":[{"@type":"Article","@id":"https:\/\/bakh.de\/wdp\/blitzer-an-b14-in-betrieb\/#article","isPartOf":{"@id":"https:\/\/bakh.de\/wdp\/blitzer-an-b14-in-betrieb\/"},"author":{"name":"Uli","@id":"https:\/\/bakh.de\/wdp\/#\/schema\/person\/75a1e296c1c53d3fbbc0a3c6104f6370"},"headline":"Blitzer an B14 in Betrieb","datePublished":"2014-10-12T16:44:36+00:00","dateModified":"2014-10-22T08:12:01+00:00","mainEntityOfPage":{"@id":"https:\/\/bakh.de\/wdp\/blitzer-an-b14-in-betrieb\/"},"wordCount":204,"publisher":{"@id":"https:\/\/bakh.de\/wdp\/#organization"},"image":{"@id":"https:\/\/bakh.de\/wdp\/blitzer-an-b14-in-betrieb\/#primaryimage"},"thumbnailUrl":"http:\/\/bakh.de\/wdp\/wp-content\/uploads\/2014\/10\/k-IMG_3716.jpg","articleSection":["L\u00e4rmbelastung B14"],"inLanguage":"de"},{"@type":"WebPage","@id":"https:\/\/bakh.de\/wdp\/blitzer-an-b14-in-betrieb\/","url":"https:\/\/bakh.de\/wdp\/blitzer-an-b14-in-betrieb\/","name":"Blitzer an B14 in Betrieb - B\u00fcrgeraktion Korber H\u00f6he e. V.","isPartOf":{"@id":"https:\/\/bakh.de\/wdp\/#website"},"primaryImageOfPage":{"@id":"https:\/\/bakh.de\/wdp\/blitzer-an-b14-in-betrieb\/#primaryimage"},"image":{"@id":"https:\/\/bakh.de\/wdp\/blitzer-an-b14-in-betrieb\/#primaryimage"},"thumbnailUrl":"http:\/\/bakh.de\/wdp\/wp-content\/uploads\/2014\/10\/k-IMG_3716.jpg","datePublished":"2014-10-12T16:44:36+00:00","dateModified":"2014-10-22T08:12:01+00:00","breadcrumb":{"@id":"https:\/\/bakh.de\/wdp\/blitzer-an-b14-in-betrieb\/#breadcrumb"},"inLanguage":"de","potentialAction":[{"@type":"ReadAction","target":["https:\/\/bakh.de\/wdp\/blitzer-an-b14-in-betrieb\/"]}]},{"@type":"ImageObject","inLanguage":"de","@id":"https:\/\/bakh.de\/wdp\/blitzer-an-b14-in-betrieb\/#primaryimage","url":"https:\/\/bakh.de\/wdp\/wp-content\/uploads\/2014\/10\/k-IMG_3716.jpg","contentUrl":"https:\/\/bakh.de\/wdp\/wp-content\/uploads\/2014\/10\/k-IMG_3716.jpg","width":800,"height":600},{"@type":"BreadcrumbList","@id":"https:\/\/bakh.de\/wdp\/blitzer-an-b14-in-betrieb\/#breadcrumb","itemListElement":[{"@type":"ListItem","position":1,"name":"Startseite","item":"https:\/\/bakh.de\/wdp\/"},{"@type":"ListItem","position":2,"name":"Blitzer an B14 in Betrieb"}]},{"@type":"WebSite","@id":"https:\/\/bakh.de\/wdp\/#website","url":"https:\/\/bakh.de\/wdp\/","name":"B\u00fcrgeraktion Korber H\u00f6he e. V.","description":"","publisher":{"@id":"https:\/\/bakh.de\/wdp\/#organization"},"potentialAction":[{"@type":"SearchAction","target":{"@type":"EntryPoint","urlTemplate":"https:\/\/bakh.de\/wdp\/?s={search_term_string}"},"query-input":{"@type":"PropertyValueSpecification","valueRequired":true,"valueName":"search_term_string"}}],"inLanguage":"de"},{"@type":"Organization","@id":"https:\/\/bakh.de\/wdp\/#organization","name":"B\u00fcrgeraktion Korber H\u00f6he e. V.","url":"https:\/\/bakh.de\/wdp\/","logo":{"@type":"ImageObject","inLanguage":"de","@id":"https:\/\/bakh.de\/wdp\/#\/schema\/logo\/image\/","url":"https:\/\/bakh.de\/wdp\/wp-content\/uploads\/2025\/11\/BAKH_Logo_4c_512.jpg","contentUrl":"https:\/\/bakh.de\/wdp\/wp-content\/uploads\/2025\/11\/BAKH_Logo_4c_512.jpg","width":516,"height":518,"caption":"B\u00fcrgeraktion Korber H\u00f6he e. V."},"image":{"@id":"https:\/\/bakh.de\/wdp\/#\/schema\/logo\/image\/"}},{"@type":"Person","@id":"https:\/\/bakh.de\/wdp\/#\/schema\/person\/75a1e296c1c53d3fbbc0a3c6104f6370","name":"Uli","image":{"@type":"ImageObject","inLanguage":"de","@id":"https:\/\/secure.gravatar.com\/avatar\/3b55f09e3908cc7190694de428627f99ad7fb1fd6ca4aa1f5a2c94110a7a2967?s=96&d=mm&r=g","url":"https:\/\/secure.gravatar.com\/avatar\/3b55f09e3908cc7190694de428627f99ad7fb1fd6ca4aa1f5a2c94110a7a2967?s=96&d=mm&r=g","contentUrl":"https:\/\/secure.gravatar.com\/avatar\/3b55f09e3908cc7190694de428627f99ad7fb1fd6ca4aa1f5a2c94110a7a2967?s=96&d=mm&r=g","caption":"Uli"},"url":"https:\/\/bakh.de\/wdp\/author\/uli\/"}]}},"_links":{"self":[{"href":"https:\/\/bakh.de\/wdp\/wp-json\/wp\/v2\/posts\/2184","targetHints":{"allow":["GET"]}}],"collection":[{"href":"https:\/\/bakh.de\/wdp\/wp-json\/wp\/v2\/posts"}],"about":[{"href":"https:\/\/bakh.de\/wdp\/wp-json\/wp\/v2\/types\/post"}],"author":[{"embeddable":true,"href":"https:\/\/bakh.de\/wdp\/wp-json\/wp\/v2\/users\/3"}],"replies":[{"embeddable":true,"href":"https:\/\/bakh.de\/wdp\/wp-json\/wp\/v2\/comments?post=2184"}],"version-history":[{"count":21,"href":"https:\/\/bakh.de\/wdp\/wp-json\/wp\/v2\/posts\/2184\/revisions"}],"predecessor-version":[{"id":2217,"href":"https:\/\/bakh.de\/wdp\/wp-json\/wp\/v2\/posts\/2184\/revisions\/2217"}],"wp:attachment":[{"href":"https:\/\/bakh.de\/wdp\/wp-json\/wp\/v2\/media?parent=2184"}],"wp:term":[{"taxonomy":"category","embeddable":true,"href":"https:\/\/bakh.de\/wdp\/wp-json\/wp\/v2\/categories?post=2184"},{"taxonomy":"post_tag","embeddable":true,"href":"https:\/\/bakh.de\/wdp\/wp-json\/wp\/v2\/tags?post=2184"}],"curies":[{"name":"wp","href":"https:\/\/api.w.org\/{rel}","templated":true}]}}