{"id":2135,"date":"2014-08-23T15:54:00","date_gmt":"2014-08-23T15:54:00","guid":{"rendered":"http:\/\/bakh.de\/wdp\/?p=2135"},"modified":"2014-10-01T21:20:55","modified_gmt":"2014-10-01T21:20:55","slug":"provisorische-eroeffnung-der-jugendfarm","status":"publish","type":"post","link":"https:\/\/bakh.de\/wdp\/provisorische-eroeffnung-der-jugendfarm\/","title":{"rendered":"Ferienprogramm auf der Jugendfarm."},"content":{"rendered":"<p><a href=\"http:\/\/bakh.de\/wdp\/wp-content\/uploads\/2014\/08\/k-DSC09277_3_4.jpg\"><img loading=\"lazy\" decoding=\"async\" class=\"alignleft wp-image-2164\" src=\"http:\/\/bakh.de\/wdp\/wp-content\/uploads\/2014\/08\/k-DSC09277_3_4.jpg\" alt=\"k-DSC09277_3_4\" width=\"190\" height=\"143\" srcset=\"https:\/\/bakh.de\/wdp\/wp-content\/uploads\/2014\/08\/k-DSC09277_3_4.jpg 800w, https:\/\/bakh.de\/wdp\/wp-content\/uploads\/2014\/08\/k-DSC09277_3_4-300x225.jpg 300w\" sizes=\"auto, (max-width: 190px) 100vw, 190px\" \/><\/a> Mit einem Sommerferienprogramm wurde der provisorische Betrieb der Jugendfarm auf dem Finkenberg er\u00f6ffnet.<\/p>\n<p>Unter der Leitung von Karin Wieland, Mitarbeitern des Streuobstmobils und des Jugendfarmvereins Waiblingen gab es in den letzten beiden Ferienwochen zahlreiche Aktivit\u00e4ten f\u00fcr Kinder und Jugendliche. Ein ausf\u00fchrlicher Bericht steht auf der Seite des <a href=\"http:\/\/www.jugendfarm-waiblingen.de\/\" target=\"_blank\">Jugendfarm<\/a><a href=\"http:\/\/www.jugendfarm-waiblingen.de\/\" target=\"_blank\">vereins<\/a>.<!--more--><\/p>\n<p>Noch ist die geplante Jugendfarm ein Provisorium mit Bauwagen im zuk\u00fcnftig abgez\u00e4unten Gel\u00e4nde. Das Ferienprogramm war ein Versuch, um die Interessen der Kinder zu ergr\u00fcnden.<\/p>\n<p>Die Stadt wird sich bem\u00fchen, diese M\u00f6glichkeit auch f\u00fcr den Ganztagsunterricht den Sch<a href=\"http:\/\/bakh.de\/wdp\/wp-content\/uploads\/2014\/08\/k-DSC09279_3_4.jpg\"><img loading=\"lazy\" decoding=\"async\" class=\"alignright wp-image-2165\" src=\"http:\/\/bakh.de\/wdp\/wp-content\/uploads\/2014\/08\/k-DSC09279_3_4.jpg\" alt=\"k-DSC09279_3_4\" width=\"190\" height=\"143\" srcset=\"https:\/\/bakh.de\/wdp\/wp-content\/uploads\/2014\/08\/k-DSC09279_3_4.jpg 800w, https:\/\/bakh.de\/wdp\/wp-content\/uploads\/2014\/08\/k-DSC09279_3_4-300x225.jpg 300w\" sizes=\"auto, (max-width: 190px) 100vw, 190px\" \/><\/a>ulen anzubieten.<\/p>\n<p>Es sind noch einige H\u00fcrden zu nehmen, bis das Projekt Jugendfarm auf dem Finkenberg als st\u00e4ndiges Angebot m\u00f6glich wird. Damit das Gel\u00e4nde f\u00fcr das zuk\u00fcnftige Konzept einer Jugendfarm genutzt werden kann, muss die Genehmigung des Landratsamtes Rems-Murr f\u00fcr die Umwidmung vorliegen. Dazu muss u.a. die Grassnarbe stabiler werden, was nur durch eine deutliche Reduzierung des Viehbestandes erreichbar ist.<\/p>\n<p>Wir von B\u00fcrgeraktion Korber H\u00f6he begr\u00fc\u00dfen diesen Versuch und hoffen, dass die Beteiligten gen\u00fcgend Geduld f\u00fcr das Erreichen des Ziels aufbringen.<a href=\"http:\/\/bakh.de\/wdp\/wp-content\/uploads\/2014\/08\/k-DSC09274_3_4.jpg\"><img loading=\"lazy\" decoding=\"async\" class=\"alignright wp-image-2166\" src=\"http:\/\/bakh.de\/wdp\/wp-content\/uploads\/2014\/08\/k-DSC09274_3_4.jpg\" alt=\"k-DSC09274_3_4\" width=\"190\" height=\"143\" srcset=\"https:\/\/bakh.de\/wdp\/wp-content\/uploads\/2014\/08\/k-DSC09274_3_4.jpg 800w, https:\/\/bakh.de\/wdp\/wp-content\/uploads\/2014\/08\/k-DSC09274_3_4-300x225.jpg 300w\" sizes=\"auto, (max-width: 190px) 100vw, 190px\" \/><\/a><\/p>\n<p><a href=\"http:\/\/bakh.de\/wdp\/wp-content\/uploads\/2014\/08\/k-DSC09275_3_4.jpg\"><img loading=\"lazy\" decoding=\"async\" class=\"alignleft wp-image-2167\" src=\"http:\/\/bakh.de\/wdp\/wp-content\/uploads\/2014\/08\/k-DSC09275_3_4.jpg\" alt=\"k-DSC09275_3_4\" width=\"190\" height=\"143\" srcset=\"https:\/\/bakh.de\/wdp\/wp-content\/uploads\/2014\/08\/k-DSC09275_3_4.jpg 800w, https:\/\/bakh.de\/wdp\/wp-content\/uploads\/2014\/08\/k-DSC09275_3_4-300x225.jpg 300w\" sizes=\"auto, (max-width: 190px) 100vw, 190px\" \/><\/a><\/p>\n<p>&nbsp;<\/p>\n<p>&nbsp;<\/p>\n","protected":false},"excerpt":{"rendered":"<p>Mit einem Sommerferienprogramm wurde der provisorische Betrieb der Jugendfarm auf dem Finkenberg er\u00f6ffnet. Unter der Leitung von Karin Wieland, Mitarbeitern des Streuobstmobils und des Jugendfarmvereins Waiblingen gab es in den letzten beiden Ferienwochen zahlreiche Aktivit\u00e4ten f\u00fcr Kinder und Jugendliche. Ein ausf\u00fchrlicher Bericht steht auf der Seite des Jugendfarmvereins.<\/p>\n","protected":false},"author":3,"featured_media":0,"comment_status":"closed","ping_status":"closed","sticky":false,"template":"","format":"standard","meta":{"ngg_post_thumbnail":0,"footnotes":""},"categories":[11],"tags":[],"class_list":["post-2135","post","type-post","status-publish","format-standard","hentry","category-finkenberg"],"yoast_head":"<!-- This site is optimized with the Yoast SEO plugin v27.5 - https:\/\/yoast.com\/product\/yoast-seo-wordpress\/ -->\n<title>Ferienprogramm auf der Jugendfarm. - B\u00fcrgeraktion Korber H\u00f6he e. V.<\/title>\n<meta name=\"robots\" content=\"index, follow, max-snippet:-1, max-image-preview:large, max-video-preview:-1\" \/>\n<link rel=\"canonical\" href=\"https:\/\/bakh.de\/wdp\/provisorische-eroeffnung-der-jugendfarm\/\" \/>\n<meta property=\"og:locale\" content=\"de_DE\" \/>\n<meta property=\"og:type\" content=\"article\" \/>\n<meta property=\"og:title\" content=\"Ferienprogramm auf der Jugendfarm. - B\u00fcrgeraktion Korber H\u00f6he e. V.\" \/>\n<meta property=\"og:description\" content=\"Mit einem Sommerferienprogramm wurde der provisorische Betrieb der Jugendfarm auf dem Finkenberg er\u00f6ffnet. Unter der Leitung von Karin Wieland, Mitarbeitern des Streuobstmobils und des Jugendfarmvereins Waiblingen gab es in den letzten beiden Ferienwochen zahlreiche Aktivit\u00e4ten f\u00fcr Kinder und Jugendliche. Ein ausf\u00fchrlicher Bericht steht auf der Seite des Jugendfarmvereins.\" \/>\n<meta property=\"og:url\" content=\"https:\/\/bakh.de\/wdp\/provisorische-eroeffnung-der-jugendfarm\/\" \/>\n<meta property=\"og:site_name\" content=\"B\u00fcrgeraktion Korber H\u00f6he e. V.\" \/>\n<meta property=\"article:published_time\" content=\"2014-08-23T15:54:00+00:00\" \/>\n<meta property=\"article:modified_time\" content=\"2014-10-01T21:20:55+00:00\" \/>\n<meta property=\"og:image\" content=\"http:\/\/bakh.de\/wdp\/wp-content\/uploads\/2014\/08\/k-DSC09277_3_4.jpg\" \/>\n<meta name=\"author\" content=\"Uli\" \/>\n<meta name=\"twitter:card\" content=\"summary_large_image\" \/>\n<meta name=\"twitter:label1\" content=\"Verfasst von\" \/>\n\t<meta name=\"twitter:data1\" content=\"Uli\" \/>\n\t<meta name=\"twitter:label2\" content=\"Gesch\u00e4tzte Lesezeit\" \/>\n\t<meta name=\"twitter:data2\" content=\"1\u00a0Minute\" \/>\n<script type=\"application\/ld+json\" class=\"yoast-schema-graph\">{\"@context\":\"https:\\\/\\\/schema.org\",\"@graph\":[{\"@type\":\"Article\",\"@id\":\"https:\\\/\\\/bakh.de\\\/wdp\\\/provisorische-eroeffnung-der-jugendfarm\\\/#article\",\"isPartOf\":{\"@id\":\"https:\\\/\\\/bakh.de\\\/wdp\\\/provisorische-eroeffnung-der-jugendfarm\\\/\"},\"author\":{\"name\":\"Uli\",\"@id\":\"https:\\\/\\\/bakh.de\\\/wdp\\\/#\\\/schema\\\/person\\\/75a1e296c1c53d3fbbc0a3c6104f6370\"},\"headline\":\"Ferienprogramm auf der Jugendfarm.\",\"datePublished\":\"2014-08-23T15:54:00+00:00\",\"dateModified\":\"2014-10-01T21:20:55+00:00\",\"mainEntityOfPage\":{\"@id\":\"https:\\\/\\\/bakh.de\\\/wdp\\\/provisorische-eroeffnung-der-jugendfarm\\\/\"},\"wordCount\":198,\"publisher\":{\"@id\":\"https:\\\/\\\/bakh.de\\\/wdp\\\/#organization\"},\"image\":{\"@id\":\"https:\\\/\\\/bakh.de\\\/wdp\\\/provisorische-eroeffnung-der-jugendfarm\\\/#primaryimage\"},\"thumbnailUrl\":\"http:\\\/\\\/bakh.de\\\/wdp\\\/wp-content\\\/uploads\\\/2014\\\/08\\\/k-DSC09277_3_4.jpg\",\"articleSection\":[\"Finkenberg\"],\"inLanguage\":\"de\"},{\"@type\":\"WebPage\",\"@id\":\"https:\\\/\\\/bakh.de\\\/wdp\\\/provisorische-eroeffnung-der-jugendfarm\\\/\",\"url\":\"https:\\\/\\\/bakh.de\\\/wdp\\\/provisorische-eroeffnung-der-jugendfarm\\\/\",\"name\":\"Ferienprogramm auf der Jugendfarm. - B\u00fcrgeraktion Korber H\u00f6he e. V.\",\"isPartOf\":{\"@id\":\"https:\\\/\\\/bakh.de\\\/wdp\\\/#website\"},\"primaryImageOfPage\":{\"@id\":\"https:\\\/\\\/bakh.de\\\/wdp\\\/provisorische-eroeffnung-der-jugendfarm\\\/#primaryimage\"},\"image\":{\"@id\":\"https:\\\/\\\/bakh.de\\\/wdp\\\/provisorische-eroeffnung-der-jugendfarm\\\/#primaryimage\"},\"thumbnailUrl\":\"http:\\\/\\\/bakh.de\\\/wdp\\\/wp-content\\\/uploads\\\/2014\\\/08\\\/k-DSC09277_3_4.jpg\",\"datePublished\":\"2014-08-23T15:54:00+00:00\",\"dateModified\":\"2014-10-01T21:20:55+00:00\",\"breadcrumb\":{\"@id\":\"https:\\\/\\\/bakh.de\\\/wdp\\\/provisorische-eroeffnung-der-jugendfarm\\\/#breadcrumb\"},\"inLanguage\":\"de\",\"potentialAction\":[{\"@type\":\"ReadAction\",\"target\":[\"https:\\\/\\\/bakh.de\\\/wdp\\\/provisorische-eroeffnung-der-jugendfarm\\\/\"]}]},{\"@type\":\"ImageObject\",\"inLanguage\":\"de\",\"@id\":\"https:\\\/\\\/bakh.de\\\/wdp\\\/provisorische-eroeffnung-der-jugendfarm\\\/#primaryimage\",\"url\":\"https:\\\/\\\/bakh.de\\\/wdp\\\/wp-content\\\/uploads\\\/2014\\\/08\\\/k-DSC09277_3_4.jpg\",\"contentUrl\":\"https:\\\/\\\/bakh.de\\\/wdp\\\/wp-content\\\/uploads\\\/2014\\\/08\\\/k-DSC09277_3_4.jpg\",\"width\":800,\"height\":600},{\"@type\":\"BreadcrumbList\",\"@id\":\"https:\\\/\\\/bakh.de\\\/wdp\\\/provisorische-eroeffnung-der-jugendfarm\\\/#breadcrumb\",\"itemListElement\":[{\"@type\":\"ListItem\",\"position\":1,\"name\":\"Startseite\",\"item\":\"https:\\\/\\\/bakh.de\\\/wdp\\\/\"},{\"@type\":\"ListItem\",\"position\":2,\"name\":\"Ferienprogramm auf der Jugendfarm.\"}]},{\"@type\":\"WebSite\",\"@id\":\"https:\\\/\\\/bakh.de\\\/wdp\\\/#website\",\"url\":\"https:\\\/\\\/bakh.de\\\/wdp\\\/\",\"name\":\"B\u00fcrgeraktion Korber H\u00f6he e. V.\",\"description\":\"\",\"publisher\":{\"@id\":\"https:\\\/\\\/bakh.de\\\/wdp\\\/#organization\"},\"potentialAction\":[{\"@type\":\"SearchAction\",\"target\":{\"@type\":\"EntryPoint\",\"urlTemplate\":\"https:\\\/\\\/bakh.de\\\/wdp\\\/?s={search_term_string}\"},\"query-input\":{\"@type\":\"PropertyValueSpecification\",\"valueRequired\":true,\"valueName\":\"search_term_string\"}}],\"inLanguage\":\"de\"},{\"@type\":\"Organization\",\"@id\":\"https:\\\/\\\/bakh.de\\\/wdp\\\/#organization\",\"name\":\"B\u00fcrgeraktion Korber H\u00f6he e. V.\",\"url\":\"https:\\\/\\\/bakh.de\\\/wdp\\\/\",\"logo\":{\"@type\":\"ImageObject\",\"inLanguage\":\"de\",\"@id\":\"https:\\\/\\\/bakh.de\\\/wdp\\\/#\\\/schema\\\/logo\\\/image\\\/\",\"url\":\"https:\\\/\\\/bakh.de\\\/wdp\\\/wp-content\\\/uploads\\\/2025\\\/11\\\/BAKH_Logo_4c_512.jpg\",\"contentUrl\":\"https:\\\/\\\/bakh.de\\\/wdp\\\/wp-content\\\/uploads\\\/2025\\\/11\\\/BAKH_Logo_4c_512.jpg\",\"width\":516,\"height\":518,\"caption\":\"B\u00fcrgeraktion Korber H\u00f6he e. V.\"},\"image\":{\"@id\":\"https:\\\/\\\/bakh.de\\\/wdp\\\/#\\\/schema\\\/logo\\\/image\\\/\"}},{\"@type\":\"Person\",\"@id\":\"https:\\\/\\\/bakh.de\\\/wdp\\\/#\\\/schema\\\/person\\\/75a1e296c1c53d3fbbc0a3c6104f6370\",\"name\":\"Uli\",\"image\":{\"@type\":\"ImageObject\",\"inLanguage\":\"de\",\"@id\":\"https:\\\/\\\/secure.gravatar.com\\\/avatar\\\/3b55f09e3908cc7190694de428627f99ad7fb1fd6ca4aa1f5a2c94110a7a2967?s=96&d=mm&r=g\",\"url\":\"https:\\\/\\\/secure.gravatar.com\\\/avatar\\\/3b55f09e3908cc7190694de428627f99ad7fb1fd6ca4aa1f5a2c94110a7a2967?s=96&d=mm&r=g\",\"contentUrl\":\"https:\\\/\\\/secure.gravatar.com\\\/avatar\\\/3b55f09e3908cc7190694de428627f99ad7fb1fd6ca4aa1f5a2c94110a7a2967?s=96&d=mm&r=g\",\"caption\":\"Uli\"},\"url\":\"https:\\\/\\\/bakh.de\\\/wdp\\\/author\\\/uli\\\/\"}]}<\/script>\n<!-- \/ Yoast SEO plugin. -->","yoast_head_json":{"title":"Ferienprogramm auf der Jugendfarm. - B\u00fcrgeraktion Korber H\u00f6he e. V.","robots":{"index":"index","follow":"follow","max-snippet":"max-snippet:-1","max-image-preview":"max-image-preview:large","max-video-preview":"max-video-preview:-1"},"canonical":"https:\/\/bakh.de\/wdp\/provisorische-eroeffnung-der-jugendfarm\/","og_locale":"de_DE","og_type":"article","og_title":"Ferienprogramm auf der Jugendfarm. - B\u00fcrgeraktion Korber H\u00f6he e. V.","og_description":"Mit einem Sommerferienprogramm wurde der provisorische Betrieb der Jugendfarm auf dem Finkenberg er\u00f6ffnet. Unter der Leitung von Karin Wieland, Mitarbeitern des Streuobstmobils und des Jugendfarmvereins Waiblingen gab es in den letzten beiden Ferienwochen zahlreiche Aktivit\u00e4ten f\u00fcr Kinder und Jugendliche. Ein ausf\u00fchrlicher Bericht steht auf der Seite des Jugendfarmvereins.","og_url":"https:\/\/bakh.de\/wdp\/provisorische-eroeffnung-der-jugendfarm\/","og_site_name":"B\u00fcrgeraktion Korber H\u00f6he e. V.","article_published_time":"2014-08-23T15:54:00+00:00","article_modified_time":"2014-10-01T21:20:55+00:00","og_image":[{"url":"http:\/\/bakh.de\/wdp\/wp-content\/uploads\/2014\/08\/k-DSC09277_3_4.jpg","type":"","width":"","height":""}],"author":"Uli","twitter_card":"summary_large_image","twitter_misc":{"Verfasst von":"Uli","Gesch\u00e4tzte Lesezeit":"1\u00a0Minute"},"schema":{"@context":"https:\/\/schema.org","@graph":[{"@type":"Article","@id":"https:\/\/bakh.de\/wdp\/provisorische-eroeffnung-der-jugendfarm\/#article","isPartOf":{"@id":"https:\/\/bakh.de\/wdp\/provisorische-eroeffnung-der-jugendfarm\/"},"author":{"name":"Uli","@id":"https:\/\/bakh.de\/wdp\/#\/schema\/person\/75a1e296c1c53d3fbbc0a3c6104f6370"},"headline":"Ferienprogramm auf der Jugendfarm.","datePublished":"2014-08-23T15:54:00+00:00","dateModified":"2014-10-01T21:20:55+00:00","mainEntityOfPage":{"@id":"https:\/\/bakh.de\/wdp\/provisorische-eroeffnung-der-jugendfarm\/"},"wordCount":198,"publisher":{"@id":"https:\/\/bakh.de\/wdp\/#organization"},"image":{"@id":"https:\/\/bakh.de\/wdp\/provisorische-eroeffnung-der-jugendfarm\/#primaryimage"},"thumbnailUrl":"http:\/\/bakh.de\/wdp\/wp-content\/uploads\/2014\/08\/k-DSC09277_3_4.jpg","articleSection":["Finkenberg"],"inLanguage":"de"},{"@type":"WebPage","@id":"https:\/\/bakh.de\/wdp\/provisorische-eroeffnung-der-jugendfarm\/","url":"https:\/\/bakh.de\/wdp\/provisorische-eroeffnung-der-jugendfarm\/","name":"Ferienprogramm auf der Jugendfarm. - B\u00fcrgeraktion Korber H\u00f6he e. V.","isPartOf":{"@id":"https:\/\/bakh.de\/wdp\/#website"},"primaryImageOfPage":{"@id":"https:\/\/bakh.de\/wdp\/provisorische-eroeffnung-der-jugendfarm\/#primaryimage"},"image":{"@id":"https:\/\/bakh.de\/wdp\/provisorische-eroeffnung-der-jugendfarm\/#primaryimage"},"thumbnailUrl":"http:\/\/bakh.de\/wdp\/wp-content\/uploads\/2014\/08\/k-DSC09277_3_4.jpg","datePublished":"2014-08-23T15:54:00+00:00","dateModified":"2014-10-01T21:20:55+00:00","breadcrumb":{"@id":"https:\/\/bakh.de\/wdp\/provisorische-eroeffnung-der-jugendfarm\/#breadcrumb"},"inLanguage":"de","potentialAction":[{"@type":"ReadAction","target":["https:\/\/bakh.de\/wdp\/provisorische-eroeffnung-der-jugendfarm\/"]}]},{"@type":"ImageObject","inLanguage":"de","@id":"https:\/\/bakh.de\/wdp\/provisorische-eroeffnung-der-jugendfarm\/#primaryimage","url":"https:\/\/bakh.de\/wdp\/wp-content\/uploads\/2014\/08\/k-DSC09277_3_4.jpg","contentUrl":"https:\/\/bakh.de\/wdp\/wp-content\/uploads\/2014\/08\/k-DSC09277_3_4.jpg","width":800,"height":600},{"@type":"BreadcrumbList","@id":"https:\/\/bakh.de\/wdp\/provisorische-eroeffnung-der-jugendfarm\/#breadcrumb","itemListElement":[{"@type":"ListItem","position":1,"name":"Startseite","item":"https:\/\/bakh.de\/wdp\/"},{"@type":"ListItem","position":2,"name":"Ferienprogramm auf der Jugendfarm."}]},{"@type":"WebSite","@id":"https:\/\/bakh.de\/wdp\/#website","url":"https:\/\/bakh.de\/wdp\/","name":"B\u00fcrgeraktion Korber H\u00f6he e. V.","description":"","publisher":{"@id":"https:\/\/bakh.de\/wdp\/#organization"},"potentialAction":[{"@type":"SearchAction","target":{"@type":"EntryPoint","urlTemplate":"https:\/\/bakh.de\/wdp\/?s={search_term_string}"},"query-input":{"@type":"PropertyValueSpecification","valueRequired":true,"valueName":"search_term_string"}}],"inLanguage":"de"},{"@type":"Organization","@id":"https:\/\/bakh.de\/wdp\/#organization","name":"B\u00fcrgeraktion Korber H\u00f6he e. V.","url":"https:\/\/bakh.de\/wdp\/","logo":{"@type":"ImageObject","inLanguage":"de","@id":"https:\/\/bakh.de\/wdp\/#\/schema\/logo\/image\/","url":"https:\/\/bakh.de\/wdp\/wp-content\/uploads\/2025\/11\/BAKH_Logo_4c_512.jpg","contentUrl":"https:\/\/bakh.de\/wdp\/wp-content\/uploads\/2025\/11\/BAKH_Logo_4c_512.jpg","width":516,"height":518,"caption":"B\u00fcrgeraktion Korber H\u00f6he e. V."},"image":{"@id":"https:\/\/bakh.de\/wdp\/#\/schema\/logo\/image\/"}},{"@type":"Person","@id":"https:\/\/bakh.de\/wdp\/#\/schema\/person\/75a1e296c1c53d3fbbc0a3c6104f6370","name":"Uli","image":{"@type":"ImageObject","inLanguage":"de","@id":"https:\/\/secure.gravatar.com\/avatar\/3b55f09e3908cc7190694de428627f99ad7fb1fd6ca4aa1f5a2c94110a7a2967?s=96&d=mm&r=g","url":"https:\/\/secure.gravatar.com\/avatar\/3b55f09e3908cc7190694de428627f99ad7fb1fd6ca4aa1f5a2c94110a7a2967?s=96&d=mm&r=g","contentUrl":"https:\/\/secure.gravatar.com\/avatar\/3b55f09e3908cc7190694de428627f99ad7fb1fd6ca4aa1f5a2c94110a7a2967?s=96&d=mm&r=g","caption":"Uli"},"url":"https:\/\/bakh.de\/wdp\/author\/uli\/"}]}},"_links":{"self":[{"href":"https:\/\/bakh.de\/wdp\/wp-json\/wp\/v2\/posts\/2135","targetHints":{"allow":["GET"]}}],"collection":[{"href":"https:\/\/bakh.de\/wdp\/wp-json\/wp\/v2\/posts"}],"about":[{"href":"https:\/\/bakh.de\/wdp\/wp-json\/wp\/v2\/types\/post"}],"author":[{"embeddable":true,"href":"https:\/\/bakh.de\/wdp\/wp-json\/wp\/v2\/users\/3"}],"replies":[{"embeddable":true,"href":"https:\/\/bakh.de\/wdp\/wp-json\/wp\/v2\/comments?post=2135"}],"version-history":[{"count":26,"href":"https:\/\/bakh.de\/wdp\/wp-json\/wp\/v2\/posts\/2135\/revisions"}],"predecessor-version":[{"id":2179,"href":"https:\/\/bakh.de\/wdp\/wp-json\/wp\/v2\/posts\/2135\/revisions\/2179"}],"wp:attachment":[{"href":"https:\/\/bakh.de\/wdp\/wp-json\/wp\/v2\/media?parent=2135"}],"wp:term":[{"taxonomy":"category","embeddable":true,"href":"https:\/\/bakh.de\/wdp\/wp-json\/wp\/v2\/categories?post=2135"},{"taxonomy":"post_tag","embeddable":true,"href":"https:\/\/bakh.de\/wdp\/wp-json\/wp\/v2\/tags?post=2135"}],"curies":[{"name":"wp","href":"https:\/\/api.w.org\/{rel}","templated":true}]}}