{"id":1974,"date":"2014-05-29T19:16:58","date_gmt":"2014-05-29T19:16:58","guid":{"rendered":"http:\/\/bakh.de\/wdp\/?p=1974"},"modified":"2014-06-10T19:25:03","modified_gmt":"2014-06-10T19:25:03","slug":"infoabend-rojava","status":"publish","type":"post","link":"https:\/\/bakh.de\/wdp\/infoabend-rojava\/","title":{"rendered":"Infoabend Rojava"},"content":{"rendered":"<p>In den Wirren des B\u00fcrgerkrieges\u00a0 haben Kurden die <a title=\"Die Kurden errichten im Norden Syriens einen Teilstaat und zeigen sich tolerant\" href=\"http:\/\/www.zeit.de\/2014\/12\/kurden-syrien-norden\" target=\"_blank\">Region Rojava<\/a> am Rande Syriens unter ihrer Kontrolle f\u00fcr autonom erkl\u00e4rt.\u00a0Vertreter aller ethnischen und religi\u00f6sen Gruppen bilden eine \u00dcbergangsregierung, darunter Assyrer, Armenier, Jesiden und Alawiten. Mitten im B\u00fcrgerkrieg konnten die Kurden ihre Gebiete stabilisieren.<\/p>\n<p>Jedoch m\u00fcssen sich die Menschen in Rojava zunehmend gegen die brutalen Angriffe islamistischer S\u00f6ldnergruppen wehren. Zuletzt ver\u00fcbte die dschihadistische Gruppierung <a href=\"http:\/\/blog.zeit.de\/radikale-ansichten\/2014\/06\/10\/isis-irak-mosul-syrien\/\" target=\"_blank\">ISIS<\/a> (Islamische Staaten Irak und Syrien) am 29.Mai 2014 ein Massaker in der Region Ser\u00eakaniye, wobei 15 kurdische Zivilisten &#8211; vorrangig Frauen und Kinder &#8211; get\u00f6tet und Dutzende verletzt wurden.<\/p>\n<p>Am Freitag, den 04.07.2014 informiert Maha Al Mohammed von der Frauenorganisierung der PYD (Partei der demokratischen Einheit) aus Rojava im Korber-H\u00f6he-Treff \u00fcber die aktuellen Entwicklungen in Syrien und Rojava.<\/p>\n<p>Alle Interessierten sind herzlich eingeladen. <\/p>\n","protected":false},"excerpt":{"rendered":"<p>In den Wirren des B\u00fcrgerkrieges\u00a0 haben Kurden die Region Rojava am Rande Syriens unter ihrer Kontrolle f\u00fcr autonom erkl\u00e4rt.\u00a0Vertreter aller ethnischen und religi\u00f6sen Gruppen bilden eine \u00dcbergangsregierung, darunter Assyrer, Armenier, Jesiden und Alawiten. Mitten im B\u00fcrgerkrieg konnten die Kurden ihre Gebiete stabilisieren. Jedoch m\u00fcssen sich die Menschen in Rojava zunehmend gegen die brutalen Angriffe islamistischer [&hellip;]<\/p>\n","protected":false},"author":3,"featured_media":0,"comment_status":"closed","ping_status":"closed","sticky":false,"template":"","format":"standard","meta":{"ngg_post_thumbnail":0,"footnotes":""},"categories":[6],"tags":[],"class_list":["post-1974","post","type-post","status-publish","format-standard","hentry","category-termine"],"yoast_head":"<!-- This site is optimized with the Yoast SEO plugin v27.5 - https:\/\/yoast.com\/product\/yoast-seo-wordpress\/ -->\n<title>Infoabend Rojava - B\u00fcrgeraktion Korber H\u00f6he e. V.<\/title>\n<meta name=\"robots\" content=\"index, follow, max-snippet:-1, max-image-preview:large, max-video-preview:-1\" \/>\n<link rel=\"canonical\" href=\"https:\/\/bakh.de\/wdp\/infoabend-rojava\/\" \/>\n<meta property=\"og:locale\" content=\"de_DE\" \/>\n<meta property=\"og:type\" content=\"article\" \/>\n<meta property=\"og:title\" content=\"Infoabend Rojava - B\u00fcrgeraktion Korber H\u00f6he e. V.\" \/>\n<meta property=\"og:description\" content=\"In den Wirren des B\u00fcrgerkrieges\u00a0 haben Kurden die Region Rojava am Rande Syriens unter ihrer Kontrolle f\u00fcr autonom erkl\u00e4rt.\u00a0Vertreter aller ethnischen und religi\u00f6sen Gruppen bilden eine \u00dcbergangsregierung, darunter Assyrer, Armenier, Jesiden und Alawiten. Mitten im B\u00fcrgerkrieg konnten die Kurden ihre Gebiete stabilisieren. Jedoch m\u00fcssen sich die Menschen in Rojava zunehmend gegen die brutalen Angriffe islamistischer [&hellip;]\" \/>\n<meta property=\"og:url\" content=\"https:\/\/bakh.de\/wdp\/infoabend-rojava\/\" \/>\n<meta property=\"og:site_name\" content=\"B\u00fcrgeraktion Korber H\u00f6he e. V.\" \/>\n<meta property=\"article:published_time\" content=\"2014-05-29T19:16:58+00:00\" \/>\n<meta property=\"article:modified_time\" content=\"2014-06-10T19:25:03+00:00\" \/>\n<meta property=\"og:image\" content=\"https:\/\/bakh.de\/wdp\/wp-content\/uploads\/2025\/11\/BAKH_Logo_4c_512.jpg\" \/>\n\t<meta property=\"og:image:width\" content=\"516\" \/>\n\t<meta property=\"og:image:height\" content=\"518\" \/>\n\t<meta property=\"og:image:type\" content=\"image\/jpeg\" \/>\n<meta name=\"author\" content=\"Uli\" \/>\n<meta name=\"twitter:card\" content=\"summary_large_image\" \/>\n<meta name=\"twitter:label1\" content=\"Verfasst von\" \/>\n\t<meta name=\"twitter:data1\" content=\"Uli\" \/>\n\t<meta name=\"twitter:label2\" content=\"Gesch\u00e4tzte Lesezeit\" \/>\n\t<meta name=\"twitter:data2\" content=\"1\u00a0Minute\" \/>\n<script type=\"application\/ld+json\" class=\"yoast-schema-graph\">{\"@context\":\"https:\\\/\\\/schema.org\",\"@graph\":[{\"@type\":\"Article\",\"@id\":\"https:\\\/\\\/bakh.de\\\/wdp\\\/infoabend-rojava\\\/#article\",\"isPartOf\":{\"@id\":\"https:\\\/\\\/bakh.de\\\/wdp\\\/infoabend-rojava\\\/\"},\"author\":{\"name\":\"Uli\",\"@id\":\"https:\\\/\\\/bakh.de\\\/wdp\\\/#\\\/schema\\\/person\\\/75a1e296c1c53d3fbbc0a3c6104f6370\"},\"headline\":\"Infoabend Rojava\",\"datePublished\":\"2014-05-29T19:16:58+00:00\",\"dateModified\":\"2014-06-10T19:25:03+00:00\",\"mainEntityOfPage\":{\"@id\":\"https:\\\/\\\/bakh.de\\\/wdp\\\/infoabend-rojava\\\/\"},\"wordCount\":139,\"publisher\":{\"@id\":\"https:\\\/\\\/bakh.de\\\/wdp\\\/#organization\"},\"articleSection\":[\"Termine\"],\"inLanguage\":\"de\"},{\"@type\":\"WebPage\",\"@id\":\"https:\\\/\\\/bakh.de\\\/wdp\\\/infoabend-rojava\\\/\",\"url\":\"https:\\\/\\\/bakh.de\\\/wdp\\\/infoabend-rojava\\\/\",\"name\":\"Infoabend Rojava - B\u00fcrgeraktion Korber H\u00f6he e. V.\",\"isPartOf\":{\"@id\":\"https:\\\/\\\/bakh.de\\\/wdp\\\/#website\"},\"datePublished\":\"2014-05-29T19:16:58+00:00\",\"dateModified\":\"2014-06-10T19:25:03+00:00\",\"breadcrumb\":{\"@id\":\"https:\\\/\\\/bakh.de\\\/wdp\\\/infoabend-rojava\\\/#breadcrumb\"},\"inLanguage\":\"de\",\"potentialAction\":[{\"@type\":\"ReadAction\",\"target\":[\"https:\\\/\\\/bakh.de\\\/wdp\\\/infoabend-rojava\\\/\"]}]},{\"@type\":\"BreadcrumbList\",\"@id\":\"https:\\\/\\\/bakh.de\\\/wdp\\\/infoabend-rojava\\\/#breadcrumb\",\"itemListElement\":[{\"@type\":\"ListItem\",\"position\":1,\"name\":\"Startseite\",\"item\":\"https:\\\/\\\/bakh.de\\\/wdp\\\/\"},{\"@type\":\"ListItem\",\"position\":2,\"name\":\"Infoabend Rojava\"}]},{\"@type\":\"WebSite\",\"@id\":\"https:\\\/\\\/bakh.de\\\/wdp\\\/#website\",\"url\":\"https:\\\/\\\/bakh.de\\\/wdp\\\/\",\"name\":\"B\u00fcrgeraktion Korber H\u00f6he e. V.\",\"description\":\"\",\"publisher\":{\"@id\":\"https:\\\/\\\/bakh.de\\\/wdp\\\/#organization\"},\"potentialAction\":[{\"@type\":\"SearchAction\",\"target\":{\"@type\":\"EntryPoint\",\"urlTemplate\":\"https:\\\/\\\/bakh.de\\\/wdp\\\/?s={search_term_string}\"},\"query-input\":{\"@type\":\"PropertyValueSpecification\",\"valueRequired\":true,\"valueName\":\"search_term_string\"}}],\"inLanguage\":\"de\"},{\"@type\":\"Organization\",\"@id\":\"https:\\\/\\\/bakh.de\\\/wdp\\\/#organization\",\"name\":\"B\u00fcrgeraktion Korber H\u00f6he e. V.\",\"url\":\"https:\\\/\\\/bakh.de\\\/wdp\\\/\",\"logo\":{\"@type\":\"ImageObject\",\"inLanguage\":\"de\",\"@id\":\"https:\\\/\\\/bakh.de\\\/wdp\\\/#\\\/schema\\\/logo\\\/image\\\/\",\"url\":\"https:\\\/\\\/bakh.de\\\/wdp\\\/wp-content\\\/uploads\\\/2025\\\/11\\\/BAKH_Logo_4c_512.jpg\",\"contentUrl\":\"https:\\\/\\\/bakh.de\\\/wdp\\\/wp-content\\\/uploads\\\/2025\\\/11\\\/BAKH_Logo_4c_512.jpg\",\"width\":516,\"height\":518,\"caption\":\"B\u00fcrgeraktion Korber H\u00f6he e. V.\"},\"image\":{\"@id\":\"https:\\\/\\\/bakh.de\\\/wdp\\\/#\\\/schema\\\/logo\\\/image\\\/\"}},{\"@type\":\"Person\",\"@id\":\"https:\\\/\\\/bakh.de\\\/wdp\\\/#\\\/schema\\\/person\\\/75a1e296c1c53d3fbbc0a3c6104f6370\",\"name\":\"Uli\",\"image\":{\"@type\":\"ImageObject\",\"inLanguage\":\"de\",\"@id\":\"https:\\\/\\\/secure.gravatar.com\\\/avatar\\\/3b55f09e3908cc7190694de428627f99ad7fb1fd6ca4aa1f5a2c94110a7a2967?s=96&d=mm&r=g\",\"url\":\"https:\\\/\\\/secure.gravatar.com\\\/avatar\\\/3b55f09e3908cc7190694de428627f99ad7fb1fd6ca4aa1f5a2c94110a7a2967?s=96&d=mm&r=g\",\"contentUrl\":\"https:\\\/\\\/secure.gravatar.com\\\/avatar\\\/3b55f09e3908cc7190694de428627f99ad7fb1fd6ca4aa1f5a2c94110a7a2967?s=96&d=mm&r=g\",\"caption\":\"Uli\"},\"url\":\"https:\\\/\\\/bakh.de\\\/wdp\\\/author\\\/uli\\\/\"}]}<\/script>\n<!-- \/ Yoast SEO plugin. -->","yoast_head_json":{"title":"Infoabend Rojava - B\u00fcrgeraktion Korber H\u00f6he e. V.","robots":{"index":"index","follow":"follow","max-snippet":"max-snippet:-1","max-image-preview":"max-image-preview:large","max-video-preview":"max-video-preview:-1"},"canonical":"https:\/\/bakh.de\/wdp\/infoabend-rojava\/","og_locale":"de_DE","og_type":"article","og_title":"Infoabend Rojava - B\u00fcrgeraktion Korber H\u00f6he e. V.","og_description":"In den Wirren des B\u00fcrgerkrieges\u00a0 haben Kurden die Region Rojava am Rande Syriens unter ihrer Kontrolle f\u00fcr autonom erkl\u00e4rt.\u00a0Vertreter aller ethnischen und religi\u00f6sen Gruppen bilden eine \u00dcbergangsregierung, darunter Assyrer, Armenier, Jesiden und Alawiten. Mitten im B\u00fcrgerkrieg konnten die Kurden ihre Gebiete stabilisieren. Jedoch m\u00fcssen sich die Menschen in Rojava zunehmend gegen die brutalen Angriffe islamistischer [&hellip;]","og_url":"https:\/\/bakh.de\/wdp\/infoabend-rojava\/","og_site_name":"B\u00fcrgeraktion Korber H\u00f6he e. V.","article_published_time":"2014-05-29T19:16:58+00:00","article_modified_time":"2014-06-10T19:25:03+00:00","og_image":[{"width":516,"height":518,"url":"https:\/\/bakh.de\/wdp\/wp-content\/uploads\/2025\/11\/BAKH_Logo_4c_512.jpg","type":"image\/jpeg"}],"author":"Uli","twitter_card":"summary_large_image","twitter_misc":{"Verfasst von":"Uli","Gesch\u00e4tzte Lesezeit":"1\u00a0Minute"},"schema":{"@context":"https:\/\/schema.org","@graph":[{"@type":"Article","@id":"https:\/\/bakh.de\/wdp\/infoabend-rojava\/#article","isPartOf":{"@id":"https:\/\/bakh.de\/wdp\/infoabend-rojava\/"},"author":{"name":"Uli","@id":"https:\/\/bakh.de\/wdp\/#\/schema\/person\/75a1e296c1c53d3fbbc0a3c6104f6370"},"headline":"Infoabend Rojava","datePublished":"2014-05-29T19:16:58+00:00","dateModified":"2014-06-10T19:25:03+00:00","mainEntityOfPage":{"@id":"https:\/\/bakh.de\/wdp\/infoabend-rojava\/"},"wordCount":139,"publisher":{"@id":"https:\/\/bakh.de\/wdp\/#organization"},"articleSection":["Termine"],"inLanguage":"de"},{"@type":"WebPage","@id":"https:\/\/bakh.de\/wdp\/infoabend-rojava\/","url":"https:\/\/bakh.de\/wdp\/infoabend-rojava\/","name":"Infoabend Rojava - B\u00fcrgeraktion Korber H\u00f6he e. V.","isPartOf":{"@id":"https:\/\/bakh.de\/wdp\/#website"},"datePublished":"2014-05-29T19:16:58+00:00","dateModified":"2014-06-10T19:25:03+00:00","breadcrumb":{"@id":"https:\/\/bakh.de\/wdp\/infoabend-rojava\/#breadcrumb"},"inLanguage":"de","potentialAction":[{"@type":"ReadAction","target":["https:\/\/bakh.de\/wdp\/infoabend-rojava\/"]}]},{"@type":"BreadcrumbList","@id":"https:\/\/bakh.de\/wdp\/infoabend-rojava\/#breadcrumb","itemListElement":[{"@type":"ListItem","position":1,"name":"Startseite","item":"https:\/\/bakh.de\/wdp\/"},{"@type":"ListItem","position":2,"name":"Infoabend Rojava"}]},{"@type":"WebSite","@id":"https:\/\/bakh.de\/wdp\/#website","url":"https:\/\/bakh.de\/wdp\/","name":"B\u00fcrgeraktion Korber H\u00f6he e. V.","description":"","publisher":{"@id":"https:\/\/bakh.de\/wdp\/#organization"},"potentialAction":[{"@type":"SearchAction","target":{"@type":"EntryPoint","urlTemplate":"https:\/\/bakh.de\/wdp\/?s={search_term_string}"},"query-input":{"@type":"PropertyValueSpecification","valueRequired":true,"valueName":"search_term_string"}}],"inLanguage":"de"},{"@type":"Organization","@id":"https:\/\/bakh.de\/wdp\/#organization","name":"B\u00fcrgeraktion Korber H\u00f6he e. V.","url":"https:\/\/bakh.de\/wdp\/","logo":{"@type":"ImageObject","inLanguage":"de","@id":"https:\/\/bakh.de\/wdp\/#\/schema\/logo\/image\/","url":"https:\/\/bakh.de\/wdp\/wp-content\/uploads\/2025\/11\/BAKH_Logo_4c_512.jpg","contentUrl":"https:\/\/bakh.de\/wdp\/wp-content\/uploads\/2025\/11\/BAKH_Logo_4c_512.jpg","width":516,"height":518,"caption":"B\u00fcrgeraktion Korber H\u00f6he e. V."},"image":{"@id":"https:\/\/bakh.de\/wdp\/#\/schema\/logo\/image\/"}},{"@type":"Person","@id":"https:\/\/bakh.de\/wdp\/#\/schema\/person\/75a1e296c1c53d3fbbc0a3c6104f6370","name":"Uli","image":{"@type":"ImageObject","inLanguage":"de","@id":"https:\/\/secure.gravatar.com\/avatar\/3b55f09e3908cc7190694de428627f99ad7fb1fd6ca4aa1f5a2c94110a7a2967?s=96&d=mm&r=g","url":"https:\/\/secure.gravatar.com\/avatar\/3b55f09e3908cc7190694de428627f99ad7fb1fd6ca4aa1f5a2c94110a7a2967?s=96&d=mm&r=g","contentUrl":"https:\/\/secure.gravatar.com\/avatar\/3b55f09e3908cc7190694de428627f99ad7fb1fd6ca4aa1f5a2c94110a7a2967?s=96&d=mm&r=g","caption":"Uli"},"url":"https:\/\/bakh.de\/wdp\/author\/uli\/"}]}},"_links":{"self":[{"href":"https:\/\/bakh.de\/wdp\/wp-json\/wp\/v2\/posts\/1974","targetHints":{"allow":["GET"]}}],"collection":[{"href":"https:\/\/bakh.de\/wdp\/wp-json\/wp\/v2\/posts"}],"about":[{"href":"https:\/\/bakh.de\/wdp\/wp-json\/wp\/v2\/types\/post"}],"author":[{"embeddable":true,"href":"https:\/\/bakh.de\/wdp\/wp-json\/wp\/v2\/users\/3"}],"replies":[{"embeddable":true,"href":"https:\/\/bakh.de\/wdp\/wp-json\/wp\/v2\/comments?post=1974"}],"version-history":[{"count":15,"href":"https:\/\/bakh.de\/wdp\/wp-json\/wp\/v2\/posts\/1974\/revisions"}],"predecessor-version":[{"id":1995,"href":"https:\/\/bakh.de\/wdp\/wp-json\/wp\/v2\/posts\/1974\/revisions\/1995"}],"wp:attachment":[{"href":"https:\/\/bakh.de\/wdp\/wp-json\/wp\/v2\/media?parent=1974"}],"wp:term":[{"taxonomy":"category","embeddable":true,"href":"https:\/\/bakh.de\/wdp\/wp-json\/wp\/v2\/categories?post=1974"},{"taxonomy":"post_tag","embeddable":true,"href":"https:\/\/bakh.de\/wdp\/wp-json\/wp\/v2\/tags?post=1974"}],"curies":[{"name":"wp","href":"https:\/\/api.w.org\/{rel}","templated":true}]}}