{"id":1783,"date":"2014-01-31T12:02:54","date_gmt":"2014-01-31T12:02:54","guid":{"rendered":"http:\/\/bakh.de\/wdp\/?p=1783"},"modified":"2018-03-10T16:01:08","modified_gmt":"2018-03-10T16:01:08","slug":"mitgliederversammlung-2014-2","status":"publish","type":"post","link":"https:\/\/bakh.de\/wdp\/mitgliederversammlung-2014-2\/","title":{"rendered":"Mitgliederversammlung 2014"},"content":{"rendered":"<p><img loading=\"lazy\" decoding=\"async\" class=\"ngg-singlepic ngg-left alignleft\" src=\"http:\/\/bakh.de\/wdp\/wp-content\/gallery\/mitgliederversammlung-2014\/k-img_3019.jpg\" alt=\"k-img_3019\" width=\"160\" height=\"120\">Fast so gut besucht wie in den letzten Jahren war die diesj\u00e4hrige Mitgliederversammlung. 28 Mitglieder waren am Mittwoch, 29. Januar 2014 in den Korber-H\u00f6he-Treff gekommen. Sie best\u00e4tigten Winfried Koch mit gro\u00dfer Mehrheit f\u00fcr zwei weitere Jahre als ersten Vorsitzenden und w\u00e4hlten Roland Luther neu in den Hauptausschuss.<!--more--><\/p>\n<p>l\u00e4sslich der Verleihung des <a title=\"Waiblinger Engagementpreis\" href=\"http:\/\/bakh.de\/wdp\/?p=1688\">Waiblinger Engagementpreises<\/a> an die B\u00fcrgeraktion Korber H\u00f6he begr\u00fc\u00dfte Vorstand Winfried Koch die Mitglieder bei einem kleinen Sektempfang. Er freue sich sehr \u00fcber diese Anerkennung, mit der auch der Einsatz und die Aktivit\u00e4ten der vielen Mitglieder gew\u00fcrdigt w\u00fcrden.<\/p>\n<p>In seinem R\u00fcckblick berichtete Winfried Koch \u00fcber die Aktivit\u00e4ten und Veranstaltungen des letzten Jahres. Als gro\u00dfen Erfolg wertete er die Einrichtung eines <a title=\"Geschwindigkeitskontrolle an B14 beschlossen\" href=\"http:\/\/bakh.de\/wdp\/?p=1725\">Polyscanners zur Geschwindigkeitskontrolle<\/a> an der B14. Der Haushaltsantrag der B\u00fcrgeraktion war vom Gemeinderat mit gro\u00dfer Mehrheit angenommen worden.<br \/>\nMit einer Stellungnahme zum <a title=\"Unzureichender L\u00e4rmaktionsplan\" href=\"http:\/\/bakh.de\/wdp\/?p=1612\">L\u00e4rmaktionsplan der Stadt Waiblingen<\/a> hat die B\u00fcrgeraktion ihre Unzufriedenheit mit Bewertung der L\u00e4rmbelastung im Wohngebiet zum Ausdruck gebracht. Das Thema \u201eL\u00e4rmbelastung\u201c wird auch weiterhin ein Schwerpunkt der Aktivit\u00e4ten der B\u00fcrgeraktion sein.<\/p>\n<p>Weitere Themen waren der Bau des <a title=\"Die Finkenburg w\u00e4chst\" href=\"http:\/\/bakh.de\/wdp\/?p=1559\">Kinderhauses Finkenburg<\/a>, der Umbau des <a title=\"Umgestaltung Zentralspielplatz beginnt\" href=\"http:\/\/bakh.de\/wdp\/?p=1619\">zentralen Spielplatzgel\u00e4ndes<\/a> unterhalb des Forums Nord, die <a title=\"Jugendfarm kommt auf den Finkenberg\" href=\"http:\/\/bakh.de\/wdp\/?p=1410\">Jugendfarm<\/a>, die auf dem Finkenberggel\u00e4nde geplant ist, Verbesserungen im \u00f6ffentlichen Nahverkehr, z.B. bei der <a title=\"\u00d6ffentlicher Nahverkehr\" href=\"http:\/\/bakh.de\/wdp\/?p=1281\">Anbindung des neuen Krankenhauses<\/a> in Winnenden, sowie die Situation \u00e4lterer Bewohner, \u00fcber die auf der Veranstaltung \u201e<a title=\"Ein Stadtteiltreff im Mikrozentrum?\" href=\"http:\/\/bakh.de\/wdp\/?p=1627\">Alt werden auf der Korber H\u00f6he<\/a>\u201c diskutiert wurde.<br \/>\nAll diese Themen standen auch im Mittelpunkt der <a title=\"STEP: Die Korber H\u00f6he ist gut entwickelt\" href=\"http:\/\/bakh.de\/wdp\/?p=1244\">STEP-Veranstaltung<\/a> im Fr\u00fchjahr letzten Jahres. B\u00fcrgermeister Staab und Mitarbeiter der Stadtverwaltung informierten in der gut besuchten Veranstaltung \u00fcber den im Jahr<a href=\"http:\/\/bakh.de\/wdp\/wp-content\/uploads\/2013\/11\/2013-11-Alt-werden_Ko-H\u00f6-001.jpg\"><img loading=\"lazy\" decoding=\"async\" class=\"alignright wp-image-1661\" src=\"http:\/\/bakh.de\/wdp\/wp-content\/uploads\/2013\/11\/2013-11-Alt-werden_Ko-H\u00f6-001.jpg\" alt=\"2013-11 Alt werden_Ko-H\u00f6 001\" width=\"160\" height=\"120\"><\/a> 2006 erstmalig aufgestellten Stadtentwicklungsplan.<\/p>\n<p>Zu dem auf der <a title=\"Ein Stadtteiltreff im Mikrozentrum?\" href=\"http:\/\/bakh.de\/wdp\/?p=1627\">Seniorenveranstaltung<\/a> vorgebrachte Vorschlag durch den Umzug des Forums Nord im Mikrozentrum in den R\u00e4umen der ehemaligen Drogerie Schlecker ein zentral gelegenes, barrierefreies Begegnungszentrum einzurichten, gibt es noch viele offene Fragen bez\u00fcglich der r\u00e4umlichen Situation, der Finanzierung und des inhaltlichen Konzepts. Die Idee hat aber auch gro\u00dfen Charme und soll vom Hauptausschuss weiter verfolgt werden.<\/p>\n<p>Kontroverse Beitr\u00e4ge gab es zur <a title=\"Verkehrssituation Korber Stra\u00dfe\" href=\"http:\/\/bakh.de\/wdp\/?p=1768\">Verkehrssituation<\/a> beim Neubaugebiet an der Korber Stra\u00dfe. Hier soll der Hauptausschuss im Kontakt mit der Initiative der direkten Anwohner L\u00f6sungen suchen.<\/p>\n<p>Weitere Themen f\u00fcr 2014 sind eine <a title=\"Barrierefreie Korber H\u00f6he\" href=\"http:\/\/bakh.de\/wdp\/?p=1811\">Begehung der Korber H\u00f6he<\/a> zum Thema \u201eBarrierefreiheit und Behindertengerecht\u201c, eine Veranstaltung zu Wohnraumanpassung im Alter sowie Vorbereitungen f\u00fcr das 40 j\u00e4hrige Jubil\u00e4um der B\u00fcrgeraktion im Jahr 2015.<\/p>\n<p>Bei den Neuwahlen wurde Winfried Koch f\u00fcr 2 weitere Jahre als erster Vorsitzender best\u00e4tigt. Neu im Hauptausschuss ist Roland Luther. Klaus Bulling. Annett Oviedo, Sabahat Almis und Ulrich Bayha wurden wieder gew\u00e4hlt. Ulrich Bayha bleibt Kassenwart, Annett Oviedo Schriftf\u00fchrerin.<\/p>\n<p><img loading=\"lazy\" decoding=\"async\" class=\"ngg-singlepic ngg-right alignright\" src=\"http:\/\/bakh.de\/wdp\/wp-content\/gallery\/mitgliederversammlung-2014\/k-img_3017_claudia.jpg\" alt=\"k-img_3017_claudia\" width=\"160\" height=\"120\">Winfried Koch bedankte sich mit einem Blumenstrau\u00df und einem Buchgutschein bei der aus dem Hauptausschuss ausscheidenden Claudia Raeder f\u00fcr ihre langj\u00e4hrige Arbeit im Hauptausschuss und als Schriftf\u00fchrerin. Zuletzt hatte sie mit gro\u00dfem Engagement den erfolgreichen Umbau der K\u00fcche des Korber-H\u00f6he-Treffs organisiert.<\/p>\n<p>Zum Abschluss der Versammlung wurden Winfried Koch und Ulrich Bayha f\u00fcr ihre 20-j\u00e4hrige kontinuierliche Arbeit als erster Vorsitzender bzw. Kassenwart geehrt.<\/p>\nngg_shortcode_0_placeholder\n","protected":false},"excerpt":{"rendered":"<p>Fast so gut besucht wie in den letzten Jahren war die diesj\u00e4hrige Mitgliederversammlung. 28 Mitglieder waren am Mittwoch, 29. Januar 2014 in den Korber-H\u00f6he-Treff gekommen. Sie best\u00e4tigten Winfried Koch mit gro\u00dfer Mehrheit f\u00fcr zwei weitere Jahre als ersten Vorsitzenden und w\u00e4hlten Roland Luther neu in den Hauptausschuss.<\/p>\n","protected":false},"author":3,"featured_media":0,"comment_status":"closed","ping_status":"closed","sticky":false,"template":"","format":"standard","meta":{"ngg_post_thumbnail":0,"footnotes":""},"categories":[19],"tags":[],"class_list":["post-1783","post","type-post","status-publish","format-standard","hentry","category-mv"],"yoast_head":"<!-- This site is optimized with the Yoast SEO plugin v27.5 - https:\/\/yoast.com\/product\/yoast-seo-wordpress\/ -->\n<title>Mitgliederversammlung 2014 - B\u00fcrgeraktion Korber H\u00f6he e. V.<\/title>\n<meta name=\"robots\" content=\"index, follow, max-snippet:-1, max-image-preview:large, max-video-preview:-1\" \/>\n<link rel=\"canonical\" href=\"https:\/\/bakh.de\/wdp\/mitgliederversammlung-2014-2\/\" \/>\n<meta property=\"og:locale\" content=\"de_DE\" \/>\n<meta property=\"og:type\" content=\"article\" \/>\n<meta property=\"og:title\" content=\"Mitgliederversammlung 2014 - B\u00fcrgeraktion Korber H\u00f6he e. V.\" \/>\n<meta property=\"og:description\" content=\"Fast so gut besucht wie in den letzten Jahren war die diesj\u00e4hrige Mitgliederversammlung. 28 Mitglieder waren am Mittwoch, 29. Januar 2014 in den Korber-H\u00f6he-Treff gekommen. Sie best\u00e4tigten Winfried Koch mit gro\u00dfer Mehrheit f\u00fcr zwei weitere Jahre als ersten Vorsitzenden und w\u00e4hlten Roland Luther neu in den Hauptausschuss.\" \/>\n<meta property=\"og:url\" content=\"https:\/\/bakh.de\/wdp\/mitgliederversammlung-2014-2\/\" \/>\n<meta property=\"og:site_name\" content=\"B\u00fcrgeraktion Korber H\u00f6he e. V.\" \/>\n<meta property=\"article:published_time\" content=\"2014-01-31T12:02:54+00:00\" \/>\n<meta property=\"article:modified_time\" content=\"2018-03-10T16:01:08+00:00\" \/>\n<meta property=\"og:image\" content=\"http:\/\/bakh.de\/wdp\/wp-content\/gallery\/mitgliederversammlung-2014\/k-img_3019.jpg\" \/>\n<meta name=\"author\" content=\"Uli\" \/>\n<meta name=\"twitter:card\" content=\"summary_large_image\" \/>\n<meta name=\"twitter:label1\" content=\"Verfasst von\" \/>\n\t<meta name=\"twitter:data1\" content=\"Uli\" \/>\n\t<meta name=\"twitter:label2\" content=\"Gesch\u00e4tzte Lesezeit\" \/>\n\t<meta name=\"twitter:data2\" content=\"3\u00a0Minuten\" \/>\n<script type=\"application\/ld+json\" class=\"yoast-schema-graph\">{\"@context\":\"https:\\\/\\\/schema.org\",\"@graph\":[{\"@type\":\"Article\",\"@id\":\"https:\\\/\\\/bakh.de\\\/wdp\\\/mitgliederversammlung-2014-2\\\/#article\",\"isPartOf\":{\"@id\":\"https:\\\/\\\/bakh.de\\\/wdp\\\/mitgliederversammlung-2014-2\\\/\"},\"author\":{\"name\":\"Uli\",\"@id\":\"https:\\\/\\\/bakh.de\\\/wdp\\\/#\\\/schema\\\/person\\\/75a1e296c1c53d3fbbc0a3c6104f6370\"},\"headline\":\"Mitgliederversammlung 2014\",\"datePublished\":\"2014-01-31T12:02:54+00:00\",\"dateModified\":\"2018-03-10T16:01:08+00:00\",\"mainEntityOfPage\":{\"@id\":\"https:\\\/\\\/bakh.de\\\/wdp\\\/mitgliederversammlung-2014-2\\\/\"},\"wordCount\":520,\"publisher\":{\"@id\":\"https:\\\/\\\/bakh.de\\\/wdp\\\/#organization\"},\"image\":{\"@id\":\"https:\\\/\\\/bakh.de\\\/wdp\\\/mitgliederversammlung-2014-2\\\/#primaryimage\"},\"thumbnailUrl\":\"http:\\\/\\\/bakh.de\\\/wdp\\\/wp-content\\\/gallery\\\/mitgliederversammlung-2014\\\/k-img_3019.jpg\",\"articleSection\":[\"Fr\u00fchere Mitgliederversammlungen\"],\"inLanguage\":\"de\"},{\"@type\":\"WebPage\",\"@id\":\"https:\\\/\\\/bakh.de\\\/wdp\\\/mitgliederversammlung-2014-2\\\/\",\"url\":\"https:\\\/\\\/bakh.de\\\/wdp\\\/mitgliederversammlung-2014-2\\\/\",\"name\":\"Mitgliederversammlung 2014 - B\u00fcrgeraktion Korber H\u00f6he e. V.\",\"isPartOf\":{\"@id\":\"https:\\\/\\\/bakh.de\\\/wdp\\\/#website\"},\"primaryImageOfPage\":{\"@id\":\"https:\\\/\\\/bakh.de\\\/wdp\\\/mitgliederversammlung-2014-2\\\/#primaryimage\"},\"image\":{\"@id\":\"https:\\\/\\\/bakh.de\\\/wdp\\\/mitgliederversammlung-2014-2\\\/#primaryimage\"},\"thumbnailUrl\":\"http:\\\/\\\/bakh.de\\\/wdp\\\/wp-content\\\/gallery\\\/mitgliederversammlung-2014\\\/k-img_3019.jpg\",\"datePublished\":\"2014-01-31T12:02:54+00:00\",\"dateModified\":\"2018-03-10T16:01:08+00:00\",\"breadcrumb\":{\"@id\":\"https:\\\/\\\/bakh.de\\\/wdp\\\/mitgliederversammlung-2014-2\\\/#breadcrumb\"},\"inLanguage\":\"de\",\"potentialAction\":[{\"@type\":\"ReadAction\",\"target\":[\"https:\\\/\\\/bakh.de\\\/wdp\\\/mitgliederversammlung-2014-2\\\/\"]}]},{\"@type\":\"ImageObject\",\"inLanguage\":\"de\",\"@id\":\"https:\\\/\\\/bakh.de\\\/wdp\\\/mitgliederversammlung-2014-2\\\/#primaryimage\",\"url\":\"http:\\\/\\\/bakh.de\\\/wdp\\\/wp-content\\\/gallery\\\/mitgliederversammlung-2014\\\/k-img_3019.jpg\",\"contentUrl\":\"http:\\\/\\\/bakh.de\\\/wdp\\\/wp-content\\\/gallery\\\/mitgliederversammlung-2014\\\/k-img_3019.jpg\"},{\"@type\":\"BreadcrumbList\",\"@id\":\"https:\\\/\\\/bakh.de\\\/wdp\\\/mitgliederversammlung-2014-2\\\/#breadcrumb\",\"itemListElement\":[{\"@type\":\"ListItem\",\"position\":1,\"name\":\"Startseite\",\"item\":\"https:\\\/\\\/bakh.de\\\/wdp\\\/\"},{\"@type\":\"ListItem\",\"position\":2,\"name\":\"Mitgliederversammlung 2014\"}]},{\"@type\":\"WebSite\",\"@id\":\"https:\\\/\\\/bakh.de\\\/wdp\\\/#website\",\"url\":\"https:\\\/\\\/bakh.de\\\/wdp\\\/\",\"name\":\"B\u00fcrgeraktion Korber H\u00f6he e. V.\",\"description\":\"\",\"publisher\":{\"@id\":\"https:\\\/\\\/bakh.de\\\/wdp\\\/#organization\"},\"potentialAction\":[{\"@type\":\"SearchAction\",\"target\":{\"@type\":\"EntryPoint\",\"urlTemplate\":\"https:\\\/\\\/bakh.de\\\/wdp\\\/?s={search_term_string}\"},\"query-input\":{\"@type\":\"PropertyValueSpecification\",\"valueRequired\":true,\"valueName\":\"search_term_string\"}}],\"inLanguage\":\"de\"},{\"@type\":\"Organization\",\"@id\":\"https:\\\/\\\/bakh.de\\\/wdp\\\/#organization\",\"name\":\"B\u00fcrgeraktion Korber H\u00f6he e. V.\",\"url\":\"https:\\\/\\\/bakh.de\\\/wdp\\\/\",\"logo\":{\"@type\":\"ImageObject\",\"inLanguage\":\"de\",\"@id\":\"https:\\\/\\\/bakh.de\\\/wdp\\\/#\\\/schema\\\/logo\\\/image\\\/\",\"url\":\"https:\\\/\\\/bakh.de\\\/wdp\\\/wp-content\\\/uploads\\\/2025\\\/11\\\/BAKH_Logo_4c_512.jpg\",\"contentUrl\":\"https:\\\/\\\/bakh.de\\\/wdp\\\/wp-content\\\/uploads\\\/2025\\\/11\\\/BAKH_Logo_4c_512.jpg\",\"width\":516,\"height\":518,\"caption\":\"B\u00fcrgeraktion Korber H\u00f6he e. V.\"},\"image\":{\"@id\":\"https:\\\/\\\/bakh.de\\\/wdp\\\/#\\\/schema\\\/logo\\\/image\\\/\"}},{\"@type\":\"Person\",\"@id\":\"https:\\\/\\\/bakh.de\\\/wdp\\\/#\\\/schema\\\/person\\\/75a1e296c1c53d3fbbc0a3c6104f6370\",\"name\":\"Uli\",\"image\":{\"@type\":\"ImageObject\",\"inLanguage\":\"de\",\"@id\":\"https:\\\/\\\/secure.gravatar.com\\\/avatar\\\/3b55f09e3908cc7190694de428627f99ad7fb1fd6ca4aa1f5a2c94110a7a2967?s=96&d=mm&r=g\",\"url\":\"https:\\\/\\\/secure.gravatar.com\\\/avatar\\\/3b55f09e3908cc7190694de428627f99ad7fb1fd6ca4aa1f5a2c94110a7a2967?s=96&d=mm&r=g\",\"contentUrl\":\"https:\\\/\\\/secure.gravatar.com\\\/avatar\\\/3b55f09e3908cc7190694de428627f99ad7fb1fd6ca4aa1f5a2c94110a7a2967?s=96&d=mm&r=g\",\"caption\":\"Uli\"},\"url\":\"https:\\\/\\\/bakh.de\\\/wdp\\\/author\\\/uli\\\/\"}]}<\/script>\n<!-- \/ Yoast SEO plugin. -->","yoast_head_json":{"title":"Mitgliederversammlung 2014 - B\u00fcrgeraktion Korber H\u00f6he e. V.","robots":{"index":"index","follow":"follow","max-snippet":"max-snippet:-1","max-image-preview":"max-image-preview:large","max-video-preview":"max-video-preview:-1"},"canonical":"https:\/\/bakh.de\/wdp\/mitgliederversammlung-2014-2\/","og_locale":"de_DE","og_type":"article","og_title":"Mitgliederversammlung 2014 - B\u00fcrgeraktion Korber H\u00f6he e. V.","og_description":"Fast so gut besucht wie in den letzten Jahren war die diesj\u00e4hrige Mitgliederversammlung. 28 Mitglieder waren am Mittwoch, 29. Januar 2014 in den Korber-H\u00f6he-Treff gekommen. Sie best\u00e4tigten Winfried Koch mit gro\u00dfer Mehrheit f\u00fcr zwei weitere Jahre als ersten Vorsitzenden und w\u00e4hlten Roland Luther neu in den Hauptausschuss.","og_url":"https:\/\/bakh.de\/wdp\/mitgliederversammlung-2014-2\/","og_site_name":"B\u00fcrgeraktion Korber H\u00f6he e. V.","article_published_time":"2014-01-31T12:02:54+00:00","article_modified_time":"2018-03-10T16:01:08+00:00","og_image":[{"url":"http:\/\/bakh.de\/wdp\/wp-content\/gallery\/mitgliederversammlung-2014\/k-img_3019.jpg","type":"","width":"","height":""}],"author":"Uli","twitter_card":"summary_large_image","twitter_misc":{"Verfasst von":"Uli","Gesch\u00e4tzte Lesezeit":"3\u00a0Minuten"},"schema":{"@context":"https:\/\/schema.org","@graph":[{"@type":"Article","@id":"https:\/\/bakh.de\/wdp\/mitgliederversammlung-2014-2\/#article","isPartOf":{"@id":"https:\/\/bakh.de\/wdp\/mitgliederversammlung-2014-2\/"},"author":{"name":"Uli","@id":"https:\/\/bakh.de\/wdp\/#\/schema\/person\/75a1e296c1c53d3fbbc0a3c6104f6370"},"headline":"Mitgliederversammlung 2014","datePublished":"2014-01-31T12:02:54+00:00","dateModified":"2018-03-10T16:01:08+00:00","mainEntityOfPage":{"@id":"https:\/\/bakh.de\/wdp\/mitgliederversammlung-2014-2\/"},"wordCount":520,"publisher":{"@id":"https:\/\/bakh.de\/wdp\/#organization"},"image":{"@id":"https:\/\/bakh.de\/wdp\/mitgliederversammlung-2014-2\/#primaryimage"},"thumbnailUrl":"http:\/\/bakh.de\/wdp\/wp-content\/gallery\/mitgliederversammlung-2014\/k-img_3019.jpg","articleSection":["Fr\u00fchere Mitgliederversammlungen"],"inLanguage":"de"},{"@type":"WebPage","@id":"https:\/\/bakh.de\/wdp\/mitgliederversammlung-2014-2\/","url":"https:\/\/bakh.de\/wdp\/mitgliederversammlung-2014-2\/","name":"Mitgliederversammlung 2014 - B\u00fcrgeraktion Korber H\u00f6he e. V.","isPartOf":{"@id":"https:\/\/bakh.de\/wdp\/#website"},"primaryImageOfPage":{"@id":"https:\/\/bakh.de\/wdp\/mitgliederversammlung-2014-2\/#primaryimage"},"image":{"@id":"https:\/\/bakh.de\/wdp\/mitgliederversammlung-2014-2\/#primaryimage"},"thumbnailUrl":"http:\/\/bakh.de\/wdp\/wp-content\/gallery\/mitgliederversammlung-2014\/k-img_3019.jpg","datePublished":"2014-01-31T12:02:54+00:00","dateModified":"2018-03-10T16:01:08+00:00","breadcrumb":{"@id":"https:\/\/bakh.de\/wdp\/mitgliederversammlung-2014-2\/#breadcrumb"},"inLanguage":"de","potentialAction":[{"@type":"ReadAction","target":["https:\/\/bakh.de\/wdp\/mitgliederversammlung-2014-2\/"]}]},{"@type":"ImageObject","inLanguage":"de","@id":"https:\/\/bakh.de\/wdp\/mitgliederversammlung-2014-2\/#primaryimage","url":"http:\/\/bakh.de\/wdp\/wp-content\/gallery\/mitgliederversammlung-2014\/k-img_3019.jpg","contentUrl":"http:\/\/bakh.de\/wdp\/wp-content\/gallery\/mitgliederversammlung-2014\/k-img_3019.jpg"},{"@type":"BreadcrumbList","@id":"https:\/\/bakh.de\/wdp\/mitgliederversammlung-2014-2\/#breadcrumb","itemListElement":[{"@type":"ListItem","position":1,"name":"Startseite","item":"https:\/\/bakh.de\/wdp\/"},{"@type":"ListItem","position":2,"name":"Mitgliederversammlung 2014"}]},{"@type":"WebSite","@id":"https:\/\/bakh.de\/wdp\/#website","url":"https:\/\/bakh.de\/wdp\/","name":"B\u00fcrgeraktion Korber H\u00f6he e. V.","description":"","publisher":{"@id":"https:\/\/bakh.de\/wdp\/#organization"},"potentialAction":[{"@type":"SearchAction","target":{"@type":"EntryPoint","urlTemplate":"https:\/\/bakh.de\/wdp\/?s={search_term_string}"},"query-input":{"@type":"PropertyValueSpecification","valueRequired":true,"valueName":"search_term_string"}}],"inLanguage":"de"},{"@type":"Organization","@id":"https:\/\/bakh.de\/wdp\/#organization","name":"B\u00fcrgeraktion Korber H\u00f6he e. V.","url":"https:\/\/bakh.de\/wdp\/","logo":{"@type":"ImageObject","inLanguage":"de","@id":"https:\/\/bakh.de\/wdp\/#\/schema\/logo\/image\/","url":"https:\/\/bakh.de\/wdp\/wp-content\/uploads\/2025\/11\/BAKH_Logo_4c_512.jpg","contentUrl":"https:\/\/bakh.de\/wdp\/wp-content\/uploads\/2025\/11\/BAKH_Logo_4c_512.jpg","width":516,"height":518,"caption":"B\u00fcrgeraktion Korber H\u00f6he e. V."},"image":{"@id":"https:\/\/bakh.de\/wdp\/#\/schema\/logo\/image\/"}},{"@type":"Person","@id":"https:\/\/bakh.de\/wdp\/#\/schema\/person\/75a1e296c1c53d3fbbc0a3c6104f6370","name":"Uli","image":{"@type":"ImageObject","inLanguage":"de","@id":"https:\/\/secure.gravatar.com\/avatar\/3b55f09e3908cc7190694de428627f99ad7fb1fd6ca4aa1f5a2c94110a7a2967?s=96&d=mm&r=g","url":"https:\/\/secure.gravatar.com\/avatar\/3b55f09e3908cc7190694de428627f99ad7fb1fd6ca4aa1f5a2c94110a7a2967?s=96&d=mm&r=g","contentUrl":"https:\/\/secure.gravatar.com\/avatar\/3b55f09e3908cc7190694de428627f99ad7fb1fd6ca4aa1f5a2c94110a7a2967?s=96&d=mm&r=g","caption":"Uli"},"url":"https:\/\/bakh.de\/wdp\/author\/uli\/"}]}},"_links":{"self":[{"href":"https:\/\/bakh.de\/wdp\/wp-json\/wp\/v2\/posts\/1783","targetHints":{"allow":["GET"]}}],"collection":[{"href":"https:\/\/bakh.de\/wdp\/wp-json\/wp\/v2\/posts"}],"about":[{"href":"https:\/\/bakh.de\/wdp\/wp-json\/wp\/v2\/types\/post"}],"author":[{"embeddable":true,"href":"https:\/\/bakh.de\/wdp\/wp-json\/wp\/v2\/users\/3"}],"replies":[{"embeddable":true,"href":"https:\/\/bakh.de\/wdp\/wp-json\/wp\/v2\/comments?post=1783"}],"version-history":[{"count":15,"href":"https:\/\/bakh.de\/wdp\/wp-json\/wp\/v2\/posts\/1783\/revisions"}],"predecessor-version":[{"id":3919,"href":"https:\/\/bakh.de\/wdp\/wp-json\/wp\/v2\/posts\/1783\/revisions\/3919"}],"wp:attachment":[{"href":"https:\/\/bakh.de\/wdp\/wp-json\/wp\/v2\/media?parent=1783"}],"wp:term":[{"taxonomy":"category","embeddable":true,"href":"https:\/\/bakh.de\/wdp\/wp-json\/wp\/v2\/categories?post=1783"},{"taxonomy":"post_tag","embeddable":true,"href":"https:\/\/bakh.de\/wdp\/wp-json\/wp\/v2\/tags?post=1783"}],"curies":[{"name":"wp","href":"https:\/\/api.w.org\/{rel}","templated":true}]}}