{"id":1768,"date":"2014-01-12T12:50:19","date_gmt":"2014-01-12T12:50:19","guid":{"rendered":"http:\/\/bakh.de\/wdp\/?p=1768"},"modified":"2014-01-12T12:56:40","modified_gmt":"2014-01-12T12:56:40","slug":"verkehrssituation-korber-strasse","status":"publish","type":"post","link":"https:\/\/bakh.de\/wdp\/verkehrssituation-korber-strasse\/","title":{"rendered":"Verkehrssituation Korber Stra\u00dfe"},"content":{"rendered":"<p><a href=\"http:\/\/bakh.de\/wdp\/wp-content\/uploads\/2014\/01\/k-DSC01193.jpg\"><img loading=\"lazy\" decoding=\"async\" class=\" wp-image-1769 alignleft\" alt=\"k-DSC01193\" src=\"http:\/\/bakh.de\/wdp\/wp-content\/uploads\/2014\/01\/k-DSC01193.jpg\" width=\"180\" height=\"135\" srcset=\"https:\/\/bakh.de\/wdp\/wp-content\/uploads\/2014\/01\/k-DSC01193.jpg 800w, https:\/\/bakh.de\/wdp\/wp-content\/uploads\/2014\/01\/k-DSC01193-300x225.jpg 300w\" sizes=\"auto, (max-width: 180px) 100vw, 180px\" \/><\/a>Das Neubaugebiet auf dem ehemaligen G\u00e4rtnereigel\u00e4nde im Bereich der oberen Korber Strasse w\u00e4chst. Hier wohnen vor allem Familien mit Kindern.<\/p>\n<p>Die Bewohner des Neubaugebietes kritisieren die mangelnde Verkehrsf\u00fchrung an der Korber Stra\u00dfe, die eine Gef\u00e4hrdung f\u00fcr die Kinder in diesem Gebiet darstellt. Sie haben deshalb eine Initiative gegr\u00fcndet, mit dem Ziel eine Verbesserung der Verkehrsf\u00fchrung zu erreichen. Die Situation an der Korber Stra\u00dfe, ihre W\u00fcnsche und Forderungen haben sie <a href=\"http:\/\/korber-strasse.de\/\" target=\"_blank\">hier<\/a> beschrieben.<\/p>\n","protected":false},"excerpt":{"rendered":"<p>Das Neubaugebiet auf dem ehemaligen G\u00e4rtnereigel\u00e4nde im Bereich der oberen Korber Strasse w\u00e4chst. Hier wohnen vor allem Familien mit Kindern. Die Bewohner des Neubaugebietes kritisieren die mangelnde Verkehrsf\u00fchrung an der Korber Stra\u00dfe, die eine Gef\u00e4hrdung f\u00fcr die Kinder in diesem Gebiet darstellt. Sie haben deshalb eine Initiative gegr\u00fcndet, mit dem Ziel eine Verbesserung der Verkehrsf\u00fchrung [&hellip;]<\/p>\n","protected":false},"author":3,"featured_media":0,"comment_status":"closed","ping_status":"closed","sticky":false,"template":"","format":"standard","meta":{"ngg_post_thumbnail":0,"footnotes":""},"categories":[4],"tags":[],"class_list":["post-1768","post","type-post","status-publish","format-standard","hentry","category-aktuelles"],"yoast_head":"<!-- This site is optimized with the Yoast SEO plugin v27.5 - https:\/\/yoast.com\/product\/yoast-seo-wordpress\/ -->\n<title>Verkehrssituation Korber Stra\u00dfe - B\u00fcrgeraktion Korber H\u00f6he e. V.<\/title>\n<meta name=\"robots\" content=\"index, follow, max-snippet:-1, max-image-preview:large, max-video-preview:-1\" \/>\n<link rel=\"canonical\" href=\"https:\/\/bakh.de\/wdp\/verkehrssituation-korber-strasse\/\" \/>\n<meta property=\"og:locale\" content=\"de_DE\" \/>\n<meta property=\"og:type\" content=\"article\" \/>\n<meta property=\"og:title\" content=\"Verkehrssituation Korber Stra\u00dfe - B\u00fcrgeraktion Korber H\u00f6he e. V.\" \/>\n<meta property=\"og:description\" content=\"Das Neubaugebiet auf dem ehemaligen G\u00e4rtnereigel\u00e4nde im Bereich der oberen Korber Strasse w\u00e4chst. Hier wohnen vor allem Familien mit Kindern. Die Bewohner des Neubaugebietes kritisieren die mangelnde Verkehrsf\u00fchrung an der Korber Stra\u00dfe, die eine Gef\u00e4hrdung f\u00fcr die Kinder in diesem Gebiet darstellt. Sie haben deshalb eine Initiative gegr\u00fcndet, mit dem Ziel eine Verbesserung der Verkehrsf\u00fchrung [&hellip;]\" \/>\n<meta property=\"og:url\" content=\"https:\/\/bakh.de\/wdp\/verkehrssituation-korber-strasse\/\" \/>\n<meta property=\"og:site_name\" content=\"B\u00fcrgeraktion Korber H\u00f6he e. V.\" \/>\n<meta property=\"article:published_time\" content=\"2014-01-12T12:50:19+00:00\" \/>\n<meta property=\"article:modified_time\" content=\"2014-01-12T12:56:40+00:00\" \/>\n<meta property=\"og:image\" content=\"http:\/\/bakh.de\/wdp\/wp-content\/uploads\/2014\/01\/k-DSC01193.jpg\" \/>\n<meta name=\"author\" content=\"Uli\" \/>\n<meta name=\"twitter:card\" content=\"summary_large_image\" \/>\n<meta name=\"twitter:label1\" content=\"Verfasst von\" \/>\n\t<meta name=\"twitter:data1\" content=\"Uli\" \/>\n<script type=\"application\/ld+json\" class=\"yoast-schema-graph\">{\"@context\":\"https:\\\/\\\/schema.org\",\"@graph\":[{\"@type\":\"Article\",\"@id\":\"https:\\\/\\\/bakh.de\\\/wdp\\\/verkehrssituation-korber-strasse\\\/#article\",\"isPartOf\":{\"@id\":\"https:\\\/\\\/bakh.de\\\/wdp\\\/verkehrssituation-korber-strasse\\\/\"},\"author\":{\"name\":\"Uli\",\"@id\":\"https:\\\/\\\/bakh.de\\\/wdp\\\/#\\\/schema\\\/person\\\/75a1e296c1c53d3fbbc0a3c6104f6370\"},\"headline\":\"Verkehrssituation Korber Stra\u00dfe\",\"datePublished\":\"2014-01-12T12:50:19+00:00\",\"dateModified\":\"2014-01-12T12:56:40+00:00\",\"mainEntityOfPage\":{\"@id\":\"https:\\\/\\\/bakh.de\\\/wdp\\\/verkehrssituation-korber-strasse\\\/\"},\"wordCount\":86,\"publisher\":{\"@id\":\"https:\\\/\\\/bakh.de\\\/wdp\\\/#organization\"},\"image\":{\"@id\":\"https:\\\/\\\/bakh.de\\\/wdp\\\/verkehrssituation-korber-strasse\\\/#primaryimage\"},\"thumbnailUrl\":\"http:\\\/\\\/bakh.de\\\/wdp\\\/wp-content\\\/uploads\\\/2014\\\/01\\\/k-DSC01193.jpg\",\"articleSection\":[\"Aktuelle Beitr\u00e4ge\"],\"inLanguage\":\"de\"},{\"@type\":\"WebPage\",\"@id\":\"https:\\\/\\\/bakh.de\\\/wdp\\\/verkehrssituation-korber-strasse\\\/\",\"url\":\"https:\\\/\\\/bakh.de\\\/wdp\\\/verkehrssituation-korber-strasse\\\/\",\"name\":\"Verkehrssituation Korber Stra\u00dfe - B\u00fcrgeraktion Korber H\u00f6he e. V.\",\"isPartOf\":{\"@id\":\"https:\\\/\\\/bakh.de\\\/wdp\\\/#website\"},\"primaryImageOfPage\":{\"@id\":\"https:\\\/\\\/bakh.de\\\/wdp\\\/verkehrssituation-korber-strasse\\\/#primaryimage\"},\"image\":{\"@id\":\"https:\\\/\\\/bakh.de\\\/wdp\\\/verkehrssituation-korber-strasse\\\/#primaryimage\"},\"thumbnailUrl\":\"http:\\\/\\\/bakh.de\\\/wdp\\\/wp-content\\\/uploads\\\/2014\\\/01\\\/k-DSC01193.jpg\",\"datePublished\":\"2014-01-12T12:50:19+00:00\",\"dateModified\":\"2014-01-12T12:56:40+00:00\",\"breadcrumb\":{\"@id\":\"https:\\\/\\\/bakh.de\\\/wdp\\\/verkehrssituation-korber-strasse\\\/#breadcrumb\"},\"inLanguage\":\"de\",\"potentialAction\":[{\"@type\":\"ReadAction\",\"target\":[\"https:\\\/\\\/bakh.de\\\/wdp\\\/verkehrssituation-korber-strasse\\\/\"]}]},{\"@type\":\"ImageObject\",\"inLanguage\":\"de\",\"@id\":\"https:\\\/\\\/bakh.de\\\/wdp\\\/verkehrssituation-korber-strasse\\\/#primaryimage\",\"url\":\"https:\\\/\\\/bakh.de\\\/wdp\\\/wp-content\\\/uploads\\\/2014\\\/01\\\/k-DSC01193.jpg\",\"contentUrl\":\"https:\\\/\\\/bakh.de\\\/wdp\\\/wp-content\\\/uploads\\\/2014\\\/01\\\/k-DSC01193.jpg\",\"width\":800,\"height\":600},{\"@type\":\"BreadcrumbList\",\"@id\":\"https:\\\/\\\/bakh.de\\\/wdp\\\/verkehrssituation-korber-strasse\\\/#breadcrumb\",\"itemListElement\":[{\"@type\":\"ListItem\",\"position\":1,\"name\":\"Startseite\",\"item\":\"https:\\\/\\\/bakh.de\\\/wdp\\\/\"},{\"@type\":\"ListItem\",\"position\":2,\"name\":\"Verkehrssituation Korber Stra\u00dfe\"}]},{\"@type\":\"WebSite\",\"@id\":\"https:\\\/\\\/bakh.de\\\/wdp\\\/#website\",\"url\":\"https:\\\/\\\/bakh.de\\\/wdp\\\/\",\"name\":\"B\u00fcrgeraktion Korber H\u00f6he e. V.\",\"description\":\"\",\"publisher\":{\"@id\":\"https:\\\/\\\/bakh.de\\\/wdp\\\/#organization\"},\"potentialAction\":[{\"@type\":\"SearchAction\",\"target\":{\"@type\":\"EntryPoint\",\"urlTemplate\":\"https:\\\/\\\/bakh.de\\\/wdp\\\/?s={search_term_string}\"},\"query-input\":{\"@type\":\"PropertyValueSpecification\",\"valueRequired\":true,\"valueName\":\"search_term_string\"}}],\"inLanguage\":\"de\"},{\"@type\":\"Organization\",\"@id\":\"https:\\\/\\\/bakh.de\\\/wdp\\\/#organization\",\"name\":\"B\u00fcrgeraktion Korber H\u00f6he e. V.\",\"url\":\"https:\\\/\\\/bakh.de\\\/wdp\\\/\",\"logo\":{\"@type\":\"ImageObject\",\"inLanguage\":\"de\",\"@id\":\"https:\\\/\\\/bakh.de\\\/wdp\\\/#\\\/schema\\\/logo\\\/image\\\/\",\"url\":\"https:\\\/\\\/bakh.de\\\/wdp\\\/wp-content\\\/uploads\\\/2025\\\/11\\\/BAKH_Logo_4c_512.jpg\",\"contentUrl\":\"https:\\\/\\\/bakh.de\\\/wdp\\\/wp-content\\\/uploads\\\/2025\\\/11\\\/BAKH_Logo_4c_512.jpg\",\"width\":516,\"height\":518,\"caption\":\"B\u00fcrgeraktion Korber H\u00f6he e. V.\"},\"image\":{\"@id\":\"https:\\\/\\\/bakh.de\\\/wdp\\\/#\\\/schema\\\/logo\\\/image\\\/\"}},{\"@type\":\"Person\",\"@id\":\"https:\\\/\\\/bakh.de\\\/wdp\\\/#\\\/schema\\\/person\\\/75a1e296c1c53d3fbbc0a3c6104f6370\",\"name\":\"Uli\",\"image\":{\"@type\":\"ImageObject\",\"inLanguage\":\"de\",\"@id\":\"https:\\\/\\\/secure.gravatar.com\\\/avatar\\\/3b55f09e3908cc7190694de428627f99ad7fb1fd6ca4aa1f5a2c94110a7a2967?s=96&d=mm&r=g\",\"url\":\"https:\\\/\\\/secure.gravatar.com\\\/avatar\\\/3b55f09e3908cc7190694de428627f99ad7fb1fd6ca4aa1f5a2c94110a7a2967?s=96&d=mm&r=g\",\"contentUrl\":\"https:\\\/\\\/secure.gravatar.com\\\/avatar\\\/3b55f09e3908cc7190694de428627f99ad7fb1fd6ca4aa1f5a2c94110a7a2967?s=96&d=mm&r=g\",\"caption\":\"Uli\"},\"url\":\"https:\\\/\\\/bakh.de\\\/wdp\\\/author\\\/uli\\\/\"}]}<\/script>\n<!-- \/ Yoast SEO plugin. -->","yoast_head_json":{"title":"Verkehrssituation Korber Stra\u00dfe - B\u00fcrgeraktion Korber H\u00f6he e. V.","robots":{"index":"index","follow":"follow","max-snippet":"max-snippet:-1","max-image-preview":"max-image-preview:large","max-video-preview":"max-video-preview:-1"},"canonical":"https:\/\/bakh.de\/wdp\/verkehrssituation-korber-strasse\/","og_locale":"de_DE","og_type":"article","og_title":"Verkehrssituation Korber Stra\u00dfe - B\u00fcrgeraktion Korber H\u00f6he e. V.","og_description":"Das Neubaugebiet auf dem ehemaligen G\u00e4rtnereigel\u00e4nde im Bereich der oberen Korber Strasse w\u00e4chst. Hier wohnen vor allem Familien mit Kindern. Die Bewohner des Neubaugebietes kritisieren die mangelnde Verkehrsf\u00fchrung an der Korber Stra\u00dfe, die eine Gef\u00e4hrdung f\u00fcr die Kinder in diesem Gebiet darstellt. Sie haben deshalb eine Initiative gegr\u00fcndet, mit dem Ziel eine Verbesserung der Verkehrsf\u00fchrung [&hellip;]","og_url":"https:\/\/bakh.de\/wdp\/verkehrssituation-korber-strasse\/","og_site_name":"B\u00fcrgeraktion Korber H\u00f6he e. V.","article_published_time":"2014-01-12T12:50:19+00:00","article_modified_time":"2014-01-12T12:56:40+00:00","og_image":[{"url":"http:\/\/bakh.de\/wdp\/wp-content\/uploads\/2014\/01\/k-DSC01193.jpg","type":"","width":"","height":""}],"author":"Uli","twitter_card":"summary_large_image","twitter_misc":{"Verfasst von":"Uli"},"schema":{"@context":"https:\/\/schema.org","@graph":[{"@type":"Article","@id":"https:\/\/bakh.de\/wdp\/verkehrssituation-korber-strasse\/#article","isPartOf":{"@id":"https:\/\/bakh.de\/wdp\/verkehrssituation-korber-strasse\/"},"author":{"name":"Uli","@id":"https:\/\/bakh.de\/wdp\/#\/schema\/person\/75a1e296c1c53d3fbbc0a3c6104f6370"},"headline":"Verkehrssituation Korber Stra\u00dfe","datePublished":"2014-01-12T12:50:19+00:00","dateModified":"2014-01-12T12:56:40+00:00","mainEntityOfPage":{"@id":"https:\/\/bakh.de\/wdp\/verkehrssituation-korber-strasse\/"},"wordCount":86,"publisher":{"@id":"https:\/\/bakh.de\/wdp\/#organization"},"image":{"@id":"https:\/\/bakh.de\/wdp\/verkehrssituation-korber-strasse\/#primaryimage"},"thumbnailUrl":"http:\/\/bakh.de\/wdp\/wp-content\/uploads\/2014\/01\/k-DSC01193.jpg","articleSection":["Aktuelle Beitr\u00e4ge"],"inLanguage":"de"},{"@type":"WebPage","@id":"https:\/\/bakh.de\/wdp\/verkehrssituation-korber-strasse\/","url":"https:\/\/bakh.de\/wdp\/verkehrssituation-korber-strasse\/","name":"Verkehrssituation Korber Stra\u00dfe - B\u00fcrgeraktion Korber H\u00f6he e. V.","isPartOf":{"@id":"https:\/\/bakh.de\/wdp\/#website"},"primaryImageOfPage":{"@id":"https:\/\/bakh.de\/wdp\/verkehrssituation-korber-strasse\/#primaryimage"},"image":{"@id":"https:\/\/bakh.de\/wdp\/verkehrssituation-korber-strasse\/#primaryimage"},"thumbnailUrl":"http:\/\/bakh.de\/wdp\/wp-content\/uploads\/2014\/01\/k-DSC01193.jpg","datePublished":"2014-01-12T12:50:19+00:00","dateModified":"2014-01-12T12:56:40+00:00","breadcrumb":{"@id":"https:\/\/bakh.de\/wdp\/verkehrssituation-korber-strasse\/#breadcrumb"},"inLanguage":"de","potentialAction":[{"@type":"ReadAction","target":["https:\/\/bakh.de\/wdp\/verkehrssituation-korber-strasse\/"]}]},{"@type":"ImageObject","inLanguage":"de","@id":"https:\/\/bakh.de\/wdp\/verkehrssituation-korber-strasse\/#primaryimage","url":"https:\/\/bakh.de\/wdp\/wp-content\/uploads\/2014\/01\/k-DSC01193.jpg","contentUrl":"https:\/\/bakh.de\/wdp\/wp-content\/uploads\/2014\/01\/k-DSC01193.jpg","width":800,"height":600},{"@type":"BreadcrumbList","@id":"https:\/\/bakh.de\/wdp\/verkehrssituation-korber-strasse\/#breadcrumb","itemListElement":[{"@type":"ListItem","position":1,"name":"Startseite","item":"https:\/\/bakh.de\/wdp\/"},{"@type":"ListItem","position":2,"name":"Verkehrssituation Korber Stra\u00dfe"}]},{"@type":"WebSite","@id":"https:\/\/bakh.de\/wdp\/#website","url":"https:\/\/bakh.de\/wdp\/","name":"B\u00fcrgeraktion Korber H\u00f6he e. V.","description":"","publisher":{"@id":"https:\/\/bakh.de\/wdp\/#organization"},"potentialAction":[{"@type":"SearchAction","target":{"@type":"EntryPoint","urlTemplate":"https:\/\/bakh.de\/wdp\/?s={search_term_string}"},"query-input":{"@type":"PropertyValueSpecification","valueRequired":true,"valueName":"search_term_string"}}],"inLanguage":"de"},{"@type":"Organization","@id":"https:\/\/bakh.de\/wdp\/#organization","name":"B\u00fcrgeraktion Korber H\u00f6he e. V.","url":"https:\/\/bakh.de\/wdp\/","logo":{"@type":"ImageObject","inLanguage":"de","@id":"https:\/\/bakh.de\/wdp\/#\/schema\/logo\/image\/","url":"https:\/\/bakh.de\/wdp\/wp-content\/uploads\/2025\/11\/BAKH_Logo_4c_512.jpg","contentUrl":"https:\/\/bakh.de\/wdp\/wp-content\/uploads\/2025\/11\/BAKH_Logo_4c_512.jpg","width":516,"height":518,"caption":"B\u00fcrgeraktion Korber H\u00f6he e. V."},"image":{"@id":"https:\/\/bakh.de\/wdp\/#\/schema\/logo\/image\/"}},{"@type":"Person","@id":"https:\/\/bakh.de\/wdp\/#\/schema\/person\/75a1e296c1c53d3fbbc0a3c6104f6370","name":"Uli","image":{"@type":"ImageObject","inLanguage":"de","@id":"https:\/\/secure.gravatar.com\/avatar\/3b55f09e3908cc7190694de428627f99ad7fb1fd6ca4aa1f5a2c94110a7a2967?s=96&d=mm&r=g","url":"https:\/\/secure.gravatar.com\/avatar\/3b55f09e3908cc7190694de428627f99ad7fb1fd6ca4aa1f5a2c94110a7a2967?s=96&d=mm&r=g","contentUrl":"https:\/\/secure.gravatar.com\/avatar\/3b55f09e3908cc7190694de428627f99ad7fb1fd6ca4aa1f5a2c94110a7a2967?s=96&d=mm&r=g","caption":"Uli"},"url":"https:\/\/bakh.de\/wdp\/author\/uli\/"}]}},"_links":{"self":[{"href":"https:\/\/bakh.de\/wdp\/wp-json\/wp\/v2\/posts\/1768","targetHints":{"allow":["GET"]}}],"collection":[{"href":"https:\/\/bakh.de\/wdp\/wp-json\/wp\/v2\/posts"}],"about":[{"href":"https:\/\/bakh.de\/wdp\/wp-json\/wp\/v2\/types\/post"}],"author":[{"embeddable":true,"href":"https:\/\/bakh.de\/wdp\/wp-json\/wp\/v2\/users\/3"}],"replies":[{"embeddable":true,"href":"https:\/\/bakh.de\/wdp\/wp-json\/wp\/v2\/comments?post=1768"}],"version-history":[{"count":5,"href":"https:\/\/bakh.de\/wdp\/wp-json\/wp\/v2\/posts\/1768\/revisions"}],"predecessor-version":[{"id":1774,"href":"https:\/\/bakh.de\/wdp\/wp-json\/wp\/v2\/posts\/1768\/revisions\/1774"}],"wp:attachment":[{"href":"https:\/\/bakh.de\/wdp\/wp-json\/wp\/v2\/media?parent=1768"}],"wp:term":[{"taxonomy":"category","embeddable":true,"href":"https:\/\/bakh.de\/wdp\/wp-json\/wp\/v2\/categories?post=1768"},{"taxonomy":"post_tag","embeddable":true,"href":"https:\/\/bakh.de\/wdp\/wp-json\/wp\/v2\/tags?post=1768"}],"curies":[{"name":"wp","href":"https:\/\/api.w.org\/{rel}","templated":true}]}}