{"id":1619,"date":"2013-11-16T15:52:07","date_gmt":"2013-11-16T15:52:07","guid":{"rendered":"http:\/\/bakh.de\/wdp\/?p=1619"},"modified":"2014-07-27T18:30:06","modified_gmt":"2014-07-27T18:30:06","slug":"umgestaltung-zentralspielplatz-beginnt","status":"publish","type":"post","link":"https:\/\/bakh.de\/wdp\/umgestaltung-zentralspielplatz-beginnt\/","title":{"rendered":"Umgestaltung Zentralspielplatz beginnt"},"content":{"rendered":"<p><a href=\"http:\/\/bakh.de\/wdp\/wp-content\/uploads\/2013\/11\/k-IMG_1956.jpg\"><img loading=\"lazy\" decoding=\"async\" class=\"alignleft  wp-image-1620\" src=\"http:\/\/bakh.de\/wdp\/wp-content\/uploads\/2013\/11\/k-IMG_1956.jpg\" alt=\"k-IMG_1956\" width=\"192\" height=\"144\" srcset=\"https:\/\/bakh.de\/wdp\/wp-content\/uploads\/2013\/11\/k-IMG_1956.jpg 800w, https:\/\/bakh.de\/wdp\/wp-content\/uploads\/2013\/11\/k-IMG_1956-300x225.jpg 300w\" sizes=\"auto, (max-width: 192px) 100vw, 192px\" \/><\/a>Der Umbau des Zentralspielplatzes unterhalb des Forums Nord hat begonnen. <a title=\"Der Spielplatz beim Forum Nord wird saniert\" href=\"http:\/\/bakh.de\/wdp\/?p=1423\">Wie wir im Juni berichtet haben<\/a>, werden die verschiedenen Ebenen neugestaltet und f\u00fcr die unterschiedlichen Benutzergruppen, vom Kleinkind bis zu Jugendlichen, angepasst. F\u00fcr \u00e4ltere Bewohner wird beim Forum Nord ein Au\u00dfenterasse angelegt werden.<\/p>\n<p>Insgesamt gesehen ist der Umbau eine prima Initiative der Stadtverwaltung, \u00fcber die sich die Bewohner der Korber H\u00f6he freuen k\u00f6nnen.<\/p>\n<p><!--more--><\/p>\n<p>Das gesamte Gel\u00e4nde wird neu modelliert werden. Im oberen Bereich werden ein Kleinkinderspielbereich und eine neue Rasenfl\u00e4che angelegt. In der mittleren Ebene sind ein Seilparcours, Bewegungsspiele mit Drehschaukel, Fitness- und Kletterger\u00e4te sowie ein Bodentrampolin geplant. Die Trockenmauern in der unteren Ebene werden \u00fcberholt und weitere Sitzm\u00f6glichkeiten geschaffen. Die Pl\u00e4ne k\u00f6nnen Sie <a href=\"https:\/\/risweb.waiblingen.de\/ratsinfo\/waiblingen\/Proposal.html?select=2196\" target=\"_blank\">hier <\/a>einsehen.<\/p>\n<p>Die Umbauma\u00dfnahmen sollen bis Juni 2014 abgeschlossen werden.<\/p>\n","protected":false},"excerpt":{"rendered":"<p>Der Umbau des Zentralspielplatzes unterhalb des Forums Nord hat begonnen. Wie wir im Juni berichtet haben, werden die verschiedenen Ebenen neugestaltet und f\u00fcr die unterschiedlichen Benutzergruppen, vom Kleinkind bis zu Jugendlichen, angepasst. F\u00fcr \u00e4ltere Bewohner wird beim Forum Nord ein Au\u00dfenterasse angelegt werden. Insgesamt gesehen ist der Umbau eine prima Initiative der Stadtverwaltung, \u00fcber die [&hellip;]<\/p>\n","protected":false},"author":3,"featured_media":0,"comment_status":"closed","ping_status":"closed","sticky":false,"template":"","format":"standard","meta":{"ngg_post_thumbnail":0,"footnotes":""},"categories":[16],"tags":[],"class_list":["post-1619","post","type-post","status-publish","format-standard","hentry","category-archiv"],"yoast_head":"<!-- This site is optimized with the Yoast SEO plugin v27.5 - https:\/\/yoast.com\/product\/yoast-seo-wordpress\/ -->\n<title>Umgestaltung Zentralspielplatz beginnt - B\u00fcrgeraktion Korber H\u00f6he e. V.<\/title>\n<meta name=\"robots\" content=\"index, follow, max-snippet:-1, max-image-preview:large, max-video-preview:-1\" \/>\n<link rel=\"canonical\" href=\"https:\/\/bakh.de\/wdp\/umgestaltung-zentralspielplatz-beginnt\/\" \/>\n<meta property=\"og:locale\" content=\"de_DE\" \/>\n<meta property=\"og:type\" content=\"article\" \/>\n<meta property=\"og:title\" content=\"Umgestaltung Zentralspielplatz beginnt - B\u00fcrgeraktion Korber H\u00f6he e. V.\" \/>\n<meta property=\"og:description\" content=\"Der Umbau des Zentralspielplatzes unterhalb des Forums Nord hat begonnen. Wie wir im Juni berichtet haben, werden die verschiedenen Ebenen neugestaltet und f\u00fcr die unterschiedlichen Benutzergruppen, vom Kleinkind bis zu Jugendlichen, angepasst. F\u00fcr \u00e4ltere Bewohner wird beim Forum Nord ein Au\u00dfenterasse angelegt werden. Insgesamt gesehen ist der Umbau eine prima Initiative der Stadtverwaltung, \u00fcber die [&hellip;]\" \/>\n<meta property=\"og:url\" content=\"https:\/\/bakh.de\/wdp\/umgestaltung-zentralspielplatz-beginnt\/\" \/>\n<meta property=\"og:site_name\" content=\"B\u00fcrgeraktion Korber H\u00f6he e. V.\" \/>\n<meta property=\"article:published_time\" content=\"2013-11-16T15:52:07+00:00\" \/>\n<meta property=\"article:modified_time\" content=\"2014-07-27T18:30:06+00:00\" \/>\n<meta property=\"og:image\" content=\"http:\/\/bakh.de\/wdp\/wp-content\/uploads\/2013\/11\/k-IMG_1956.jpg\" \/>\n<meta name=\"author\" content=\"Uli\" \/>\n<meta name=\"twitter:card\" content=\"summary_large_image\" \/>\n<meta name=\"twitter:label1\" content=\"Verfasst von\" \/>\n\t<meta name=\"twitter:data1\" content=\"Uli\" \/>\n\t<meta name=\"twitter:label2\" content=\"Gesch\u00e4tzte Lesezeit\" \/>\n\t<meta name=\"twitter:data2\" content=\"1\u00a0Minute\" \/>\n<script type=\"application\/ld+json\" class=\"yoast-schema-graph\">{\"@context\":\"https:\\\/\\\/schema.org\",\"@graph\":[{\"@type\":\"Article\",\"@id\":\"https:\\\/\\\/bakh.de\\\/wdp\\\/umgestaltung-zentralspielplatz-beginnt\\\/#article\",\"isPartOf\":{\"@id\":\"https:\\\/\\\/bakh.de\\\/wdp\\\/umgestaltung-zentralspielplatz-beginnt\\\/\"},\"author\":{\"name\":\"Uli\",\"@id\":\"https:\\\/\\\/bakh.de\\\/wdp\\\/#\\\/schema\\\/person\\\/75a1e296c1c53d3fbbc0a3c6104f6370\"},\"headline\":\"Umgestaltung Zentralspielplatz beginnt\",\"datePublished\":\"2013-11-16T15:52:07+00:00\",\"dateModified\":\"2014-07-27T18:30:06+00:00\",\"mainEntityOfPage\":{\"@id\":\"https:\\\/\\\/bakh.de\\\/wdp\\\/umgestaltung-zentralspielplatz-beginnt\\\/\"},\"wordCount\":138,\"publisher\":{\"@id\":\"https:\\\/\\\/bakh.de\\\/wdp\\\/#organization\"},\"image\":{\"@id\":\"https:\\\/\\\/bakh.de\\\/wdp\\\/umgestaltung-zentralspielplatz-beginnt\\\/#primaryimage\"},\"thumbnailUrl\":\"http:\\\/\\\/bakh.de\\\/wdp\\\/wp-content\\\/uploads\\\/2013\\\/11\\\/k-IMG_1956.jpg\",\"articleSection\":[\"Archiv\"],\"inLanguage\":\"de\"},{\"@type\":\"WebPage\",\"@id\":\"https:\\\/\\\/bakh.de\\\/wdp\\\/umgestaltung-zentralspielplatz-beginnt\\\/\",\"url\":\"https:\\\/\\\/bakh.de\\\/wdp\\\/umgestaltung-zentralspielplatz-beginnt\\\/\",\"name\":\"Umgestaltung Zentralspielplatz beginnt - B\u00fcrgeraktion Korber H\u00f6he e. V.\",\"isPartOf\":{\"@id\":\"https:\\\/\\\/bakh.de\\\/wdp\\\/#website\"},\"primaryImageOfPage\":{\"@id\":\"https:\\\/\\\/bakh.de\\\/wdp\\\/umgestaltung-zentralspielplatz-beginnt\\\/#primaryimage\"},\"image\":{\"@id\":\"https:\\\/\\\/bakh.de\\\/wdp\\\/umgestaltung-zentralspielplatz-beginnt\\\/#primaryimage\"},\"thumbnailUrl\":\"http:\\\/\\\/bakh.de\\\/wdp\\\/wp-content\\\/uploads\\\/2013\\\/11\\\/k-IMG_1956.jpg\",\"datePublished\":\"2013-11-16T15:52:07+00:00\",\"dateModified\":\"2014-07-27T18:30:06+00:00\",\"breadcrumb\":{\"@id\":\"https:\\\/\\\/bakh.de\\\/wdp\\\/umgestaltung-zentralspielplatz-beginnt\\\/#breadcrumb\"},\"inLanguage\":\"de\",\"potentialAction\":[{\"@type\":\"ReadAction\",\"target\":[\"https:\\\/\\\/bakh.de\\\/wdp\\\/umgestaltung-zentralspielplatz-beginnt\\\/\"]}]},{\"@type\":\"ImageObject\",\"inLanguage\":\"de\",\"@id\":\"https:\\\/\\\/bakh.de\\\/wdp\\\/umgestaltung-zentralspielplatz-beginnt\\\/#primaryimage\",\"url\":\"https:\\\/\\\/bakh.de\\\/wdp\\\/wp-content\\\/uploads\\\/2013\\\/11\\\/k-IMG_1956.jpg\",\"contentUrl\":\"https:\\\/\\\/bakh.de\\\/wdp\\\/wp-content\\\/uploads\\\/2013\\\/11\\\/k-IMG_1956.jpg\",\"width\":800,\"height\":600},{\"@type\":\"BreadcrumbList\",\"@id\":\"https:\\\/\\\/bakh.de\\\/wdp\\\/umgestaltung-zentralspielplatz-beginnt\\\/#breadcrumb\",\"itemListElement\":[{\"@type\":\"ListItem\",\"position\":1,\"name\":\"Startseite\",\"item\":\"https:\\\/\\\/bakh.de\\\/wdp\\\/\"},{\"@type\":\"ListItem\",\"position\":2,\"name\":\"Umgestaltung Zentralspielplatz beginnt\"}]},{\"@type\":\"WebSite\",\"@id\":\"https:\\\/\\\/bakh.de\\\/wdp\\\/#website\",\"url\":\"https:\\\/\\\/bakh.de\\\/wdp\\\/\",\"name\":\"B\u00fcrgeraktion Korber H\u00f6he e. V.\",\"description\":\"\",\"publisher\":{\"@id\":\"https:\\\/\\\/bakh.de\\\/wdp\\\/#organization\"},\"potentialAction\":[{\"@type\":\"SearchAction\",\"target\":{\"@type\":\"EntryPoint\",\"urlTemplate\":\"https:\\\/\\\/bakh.de\\\/wdp\\\/?s={search_term_string}\"},\"query-input\":{\"@type\":\"PropertyValueSpecification\",\"valueRequired\":true,\"valueName\":\"search_term_string\"}}],\"inLanguage\":\"de\"},{\"@type\":\"Organization\",\"@id\":\"https:\\\/\\\/bakh.de\\\/wdp\\\/#organization\",\"name\":\"B\u00fcrgeraktion Korber H\u00f6he e. V.\",\"url\":\"https:\\\/\\\/bakh.de\\\/wdp\\\/\",\"logo\":{\"@type\":\"ImageObject\",\"inLanguage\":\"de\",\"@id\":\"https:\\\/\\\/bakh.de\\\/wdp\\\/#\\\/schema\\\/logo\\\/image\\\/\",\"url\":\"https:\\\/\\\/bakh.de\\\/wdp\\\/wp-content\\\/uploads\\\/2025\\\/11\\\/BAKH_Logo_4c_512.jpg\",\"contentUrl\":\"https:\\\/\\\/bakh.de\\\/wdp\\\/wp-content\\\/uploads\\\/2025\\\/11\\\/BAKH_Logo_4c_512.jpg\",\"width\":516,\"height\":518,\"caption\":\"B\u00fcrgeraktion Korber H\u00f6he e. V.\"},\"image\":{\"@id\":\"https:\\\/\\\/bakh.de\\\/wdp\\\/#\\\/schema\\\/logo\\\/image\\\/\"}},{\"@type\":\"Person\",\"@id\":\"https:\\\/\\\/bakh.de\\\/wdp\\\/#\\\/schema\\\/person\\\/75a1e296c1c53d3fbbc0a3c6104f6370\",\"name\":\"Uli\",\"image\":{\"@type\":\"ImageObject\",\"inLanguage\":\"de\",\"@id\":\"https:\\\/\\\/secure.gravatar.com\\\/avatar\\\/3b55f09e3908cc7190694de428627f99ad7fb1fd6ca4aa1f5a2c94110a7a2967?s=96&d=mm&r=g\",\"url\":\"https:\\\/\\\/secure.gravatar.com\\\/avatar\\\/3b55f09e3908cc7190694de428627f99ad7fb1fd6ca4aa1f5a2c94110a7a2967?s=96&d=mm&r=g\",\"contentUrl\":\"https:\\\/\\\/secure.gravatar.com\\\/avatar\\\/3b55f09e3908cc7190694de428627f99ad7fb1fd6ca4aa1f5a2c94110a7a2967?s=96&d=mm&r=g\",\"caption\":\"Uli\"},\"url\":\"https:\\\/\\\/bakh.de\\\/wdp\\\/author\\\/uli\\\/\"}]}<\/script>\n<!-- \/ Yoast SEO plugin. -->","yoast_head_json":{"title":"Umgestaltung Zentralspielplatz beginnt - B\u00fcrgeraktion Korber H\u00f6he e. V.","robots":{"index":"index","follow":"follow","max-snippet":"max-snippet:-1","max-image-preview":"max-image-preview:large","max-video-preview":"max-video-preview:-1"},"canonical":"https:\/\/bakh.de\/wdp\/umgestaltung-zentralspielplatz-beginnt\/","og_locale":"de_DE","og_type":"article","og_title":"Umgestaltung Zentralspielplatz beginnt - B\u00fcrgeraktion Korber H\u00f6he e. V.","og_description":"Der Umbau des Zentralspielplatzes unterhalb des Forums Nord hat begonnen. Wie wir im Juni berichtet haben, werden die verschiedenen Ebenen neugestaltet und f\u00fcr die unterschiedlichen Benutzergruppen, vom Kleinkind bis zu Jugendlichen, angepasst. F\u00fcr \u00e4ltere Bewohner wird beim Forum Nord ein Au\u00dfenterasse angelegt werden. Insgesamt gesehen ist der Umbau eine prima Initiative der Stadtverwaltung, \u00fcber die [&hellip;]","og_url":"https:\/\/bakh.de\/wdp\/umgestaltung-zentralspielplatz-beginnt\/","og_site_name":"B\u00fcrgeraktion Korber H\u00f6he e. V.","article_published_time":"2013-11-16T15:52:07+00:00","article_modified_time":"2014-07-27T18:30:06+00:00","og_image":[{"url":"http:\/\/bakh.de\/wdp\/wp-content\/uploads\/2013\/11\/k-IMG_1956.jpg","type":"","width":"","height":""}],"author":"Uli","twitter_card":"summary_large_image","twitter_misc":{"Verfasst von":"Uli","Gesch\u00e4tzte Lesezeit":"1\u00a0Minute"},"schema":{"@context":"https:\/\/schema.org","@graph":[{"@type":"Article","@id":"https:\/\/bakh.de\/wdp\/umgestaltung-zentralspielplatz-beginnt\/#article","isPartOf":{"@id":"https:\/\/bakh.de\/wdp\/umgestaltung-zentralspielplatz-beginnt\/"},"author":{"name":"Uli","@id":"https:\/\/bakh.de\/wdp\/#\/schema\/person\/75a1e296c1c53d3fbbc0a3c6104f6370"},"headline":"Umgestaltung Zentralspielplatz beginnt","datePublished":"2013-11-16T15:52:07+00:00","dateModified":"2014-07-27T18:30:06+00:00","mainEntityOfPage":{"@id":"https:\/\/bakh.de\/wdp\/umgestaltung-zentralspielplatz-beginnt\/"},"wordCount":138,"publisher":{"@id":"https:\/\/bakh.de\/wdp\/#organization"},"image":{"@id":"https:\/\/bakh.de\/wdp\/umgestaltung-zentralspielplatz-beginnt\/#primaryimage"},"thumbnailUrl":"http:\/\/bakh.de\/wdp\/wp-content\/uploads\/2013\/11\/k-IMG_1956.jpg","articleSection":["Archiv"],"inLanguage":"de"},{"@type":"WebPage","@id":"https:\/\/bakh.de\/wdp\/umgestaltung-zentralspielplatz-beginnt\/","url":"https:\/\/bakh.de\/wdp\/umgestaltung-zentralspielplatz-beginnt\/","name":"Umgestaltung Zentralspielplatz beginnt - B\u00fcrgeraktion Korber H\u00f6he e. V.","isPartOf":{"@id":"https:\/\/bakh.de\/wdp\/#website"},"primaryImageOfPage":{"@id":"https:\/\/bakh.de\/wdp\/umgestaltung-zentralspielplatz-beginnt\/#primaryimage"},"image":{"@id":"https:\/\/bakh.de\/wdp\/umgestaltung-zentralspielplatz-beginnt\/#primaryimage"},"thumbnailUrl":"http:\/\/bakh.de\/wdp\/wp-content\/uploads\/2013\/11\/k-IMG_1956.jpg","datePublished":"2013-11-16T15:52:07+00:00","dateModified":"2014-07-27T18:30:06+00:00","breadcrumb":{"@id":"https:\/\/bakh.de\/wdp\/umgestaltung-zentralspielplatz-beginnt\/#breadcrumb"},"inLanguage":"de","potentialAction":[{"@type":"ReadAction","target":["https:\/\/bakh.de\/wdp\/umgestaltung-zentralspielplatz-beginnt\/"]}]},{"@type":"ImageObject","inLanguage":"de","@id":"https:\/\/bakh.de\/wdp\/umgestaltung-zentralspielplatz-beginnt\/#primaryimage","url":"https:\/\/bakh.de\/wdp\/wp-content\/uploads\/2013\/11\/k-IMG_1956.jpg","contentUrl":"https:\/\/bakh.de\/wdp\/wp-content\/uploads\/2013\/11\/k-IMG_1956.jpg","width":800,"height":600},{"@type":"BreadcrumbList","@id":"https:\/\/bakh.de\/wdp\/umgestaltung-zentralspielplatz-beginnt\/#breadcrumb","itemListElement":[{"@type":"ListItem","position":1,"name":"Startseite","item":"https:\/\/bakh.de\/wdp\/"},{"@type":"ListItem","position":2,"name":"Umgestaltung Zentralspielplatz beginnt"}]},{"@type":"WebSite","@id":"https:\/\/bakh.de\/wdp\/#website","url":"https:\/\/bakh.de\/wdp\/","name":"B\u00fcrgeraktion Korber H\u00f6he e. V.","description":"","publisher":{"@id":"https:\/\/bakh.de\/wdp\/#organization"},"potentialAction":[{"@type":"SearchAction","target":{"@type":"EntryPoint","urlTemplate":"https:\/\/bakh.de\/wdp\/?s={search_term_string}"},"query-input":{"@type":"PropertyValueSpecification","valueRequired":true,"valueName":"search_term_string"}}],"inLanguage":"de"},{"@type":"Organization","@id":"https:\/\/bakh.de\/wdp\/#organization","name":"B\u00fcrgeraktion Korber H\u00f6he e. V.","url":"https:\/\/bakh.de\/wdp\/","logo":{"@type":"ImageObject","inLanguage":"de","@id":"https:\/\/bakh.de\/wdp\/#\/schema\/logo\/image\/","url":"https:\/\/bakh.de\/wdp\/wp-content\/uploads\/2025\/11\/BAKH_Logo_4c_512.jpg","contentUrl":"https:\/\/bakh.de\/wdp\/wp-content\/uploads\/2025\/11\/BAKH_Logo_4c_512.jpg","width":516,"height":518,"caption":"B\u00fcrgeraktion Korber H\u00f6he e. V."},"image":{"@id":"https:\/\/bakh.de\/wdp\/#\/schema\/logo\/image\/"}},{"@type":"Person","@id":"https:\/\/bakh.de\/wdp\/#\/schema\/person\/75a1e296c1c53d3fbbc0a3c6104f6370","name":"Uli","image":{"@type":"ImageObject","inLanguage":"de","@id":"https:\/\/secure.gravatar.com\/avatar\/3b55f09e3908cc7190694de428627f99ad7fb1fd6ca4aa1f5a2c94110a7a2967?s=96&d=mm&r=g","url":"https:\/\/secure.gravatar.com\/avatar\/3b55f09e3908cc7190694de428627f99ad7fb1fd6ca4aa1f5a2c94110a7a2967?s=96&d=mm&r=g","contentUrl":"https:\/\/secure.gravatar.com\/avatar\/3b55f09e3908cc7190694de428627f99ad7fb1fd6ca4aa1f5a2c94110a7a2967?s=96&d=mm&r=g","caption":"Uli"},"url":"https:\/\/bakh.de\/wdp\/author\/uli\/"}]}},"_links":{"self":[{"href":"https:\/\/bakh.de\/wdp\/wp-json\/wp\/v2\/posts\/1619","targetHints":{"allow":["GET"]}}],"collection":[{"href":"https:\/\/bakh.de\/wdp\/wp-json\/wp\/v2\/posts"}],"about":[{"href":"https:\/\/bakh.de\/wdp\/wp-json\/wp\/v2\/types\/post"}],"author":[{"embeddable":true,"href":"https:\/\/bakh.de\/wdp\/wp-json\/wp\/v2\/users\/3"}],"replies":[{"embeddable":true,"href":"https:\/\/bakh.de\/wdp\/wp-json\/wp\/v2\/comments?post=1619"}],"version-history":[{"count":4,"href":"https:\/\/bakh.de\/wdp\/wp-json\/wp\/v2\/posts\/1619\/revisions"}],"predecessor-version":[{"id":2018,"href":"https:\/\/bakh.de\/wdp\/wp-json\/wp\/v2\/posts\/1619\/revisions\/2018"}],"wp:attachment":[{"href":"https:\/\/bakh.de\/wdp\/wp-json\/wp\/v2\/media?parent=1619"}],"wp:term":[{"taxonomy":"category","embeddable":true,"href":"https:\/\/bakh.de\/wdp\/wp-json\/wp\/v2\/categories?post=1619"},{"taxonomy":"post_tag","embeddable":true,"href":"https:\/\/bakh.de\/wdp\/wp-json\/wp\/v2\/tags?post=1619"}],"curies":[{"name":"wp","href":"https:\/\/api.w.org\/{rel}","templated":true}]}}