{"id":1612,"date":"2013-11-16T14:36:34","date_gmt":"2013-11-16T14:36:34","guid":{"rendered":"http:\/\/bakh.de\/wdp\/?p=1612"},"modified":"2013-11-16T14:38:46","modified_gmt":"2013-11-16T14:38:46","slug":"laermaktionsplan","status":"publish","type":"post","link":"https:\/\/bakh.de\/wdp\/laermaktionsplan\/","title":{"rendered":"Unzureichender L\u00e4rmaktionsplan"},"content":{"rendered":"<div id=\"attachment_1613\" style=\"width: 214px\" class=\"wp-caption alignleft\"><a href=\"http:\/\/bakh.de\/wdp\/wp-content\/uploads\/2013\/11\/k-B14-Darstellung-Klaus.jpg\"><img loading=\"lazy\" decoding=\"async\" aria-describedby=\"caption-attachment-1613\" class=\" wp-image-1613 \" alt=\"k-B14-Darstellung-Klaus\" src=\"http:\/\/bakh.de\/wdp\/wp-content\/uploads\/2013\/11\/k-B14-Darstellung-Klaus.jpg\" width=\"204\" height=\"143\" srcset=\"https:\/\/bakh.de\/wdp\/wp-content\/uploads\/2013\/11\/k-B14-Darstellung-Klaus.jpg 859w, https:\/\/bakh.de\/wdp\/wp-content\/uploads\/2013\/11\/k-B14-Darstellung-Klaus-300x210.jpg 300w\" sizes=\"auto, (max-width: 204px) 100vw, 204px\" \/><\/a><p id=\"caption-attachment-1613\" class=\"wp-caption-text\">Die Skizze von Klaus Bulling zeigt sehr sch\u00f6n die L\u00fccken im bestehenden L\u00e4rmschutz an der B14<\/p><\/div>\n<p>Die B\u00fcrgeraktion Korber H\u00f6he e.V. hat zum <a href=\"http:\/\/www.waiblingen.de\/sixcms\/detail.php?id=15680\" target=\"_blank\">L\u00e4rmaktionsplan<\/a> bei der Stadt Waiblingen ihre Stellungnahme eingereicht.<\/p>\n<p>Die B\u00fcrgeraktion Korber H\u00f6he\u00a0kann f\u00fcr das Wohngebiet Korber H\u00f6he das Ergebnis der L\u00e4rmanalyse, dass \u201ein der Kernstadt geringe Betroffenheit\u201c bestehe und \u201edie bestehenden L\u00e4rmschutzeinrichtungen entlang der B14, \u2026 ihre Wirkung entfalten\u201c, nicht nachvollziehen. <!--more--><\/p>\n<p>Auch wenn rein rechnerisch die Grenzwerte eingehalten werden, so zeigt doch die starke Betroffenheit der Bewohnerinnen und Bewohner der Korber H\u00f6he ein anderes Bild. Vor allem der zu der B14 orientierte Teil des Wohngebietes ist seit Jahren einer hohen, in den letzten Jahren steigenden L\u00e4rmbelastung durch den Verkehr auf der 4-spurig ausgebauten Bundesstra\u00dfe ausgesetzt. Bei der B\u00fcrgeraktion gehen immer wieder Klagen der betroffenen B\u00fcrgerinnen und B\u00fcrger ein. Die Wohnungen werden dadurch in ihrem Wert gemindert.<\/p>\n<p>Die B\u00fcrgeraktion Korber H\u00f6he\u00a0fordert deshalb weiterhin, wie bereits mehrfach vorgebracht, eine Komplettierung und Erh\u00f6hung des passiven L\u00e4rmschutzes entlang der gesamten B14, einschlie\u00dflich der Auf- und Abfahrten. die Einrichtung einer Geschwindigkeitskontrollanlage zur konsequenten \u00dcberwachung der bestehenden Geschwindigkeitsbegrenzung, sowie eine Reduzierung der bestehenden Begrenzung und die Verlegung eines L\u00e4rm reduzierenden Belages.<\/p>\n","protected":false},"excerpt":{"rendered":"<p>Die B\u00fcrgeraktion Korber H\u00f6he e.V. hat zum L\u00e4rmaktionsplan bei der Stadt Waiblingen ihre Stellungnahme eingereicht. Die B\u00fcrgeraktion Korber H\u00f6he\u00a0kann f\u00fcr das Wohngebiet Korber H\u00f6he das Ergebnis der L\u00e4rmanalyse, dass \u201ein der Kernstadt geringe Betroffenheit\u201c bestehe und \u201edie bestehenden L\u00e4rmschutzeinrichtungen entlang der B14, \u2026 ihre Wirkung entfalten\u201c, nicht nachvollziehen.<\/p>\n","protected":false},"author":3,"featured_media":0,"comment_status":"closed","ping_status":"closed","sticky":false,"template":"","format":"standard","meta":{"ngg_post_thumbnail":0,"footnotes":""},"categories":[8],"tags":[],"class_list":["post-1612","post","type-post","status-publish","format-standard","hentry","category-larmbelastung-b14"],"yoast_head":"<!-- This site is optimized with the Yoast SEO plugin v27.5 - https:\/\/yoast.com\/product\/yoast-seo-wordpress\/ -->\n<title>Unzureichender L\u00e4rmaktionsplan  - B\u00fcrgeraktion Korber H\u00f6he e. V.<\/title>\n<meta name=\"robots\" content=\"index, follow, max-snippet:-1, max-image-preview:large, max-video-preview:-1\" \/>\n<link rel=\"canonical\" href=\"https:\/\/bakh.de\/wdp\/laermaktionsplan\/\" \/>\n<meta property=\"og:locale\" content=\"de_DE\" \/>\n<meta property=\"og:type\" content=\"article\" \/>\n<meta property=\"og:title\" content=\"Unzureichender L\u00e4rmaktionsplan  - B\u00fcrgeraktion Korber H\u00f6he e. V.\" \/>\n<meta property=\"og:description\" content=\"Die B\u00fcrgeraktion Korber H\u00f6he e.V. hat zum L\u00e4rmaktionsplan bei der Stadt Waiblingen ihre Stellungnahme eingereicht. Die B\u00fcrgeraktion Korber H\u00f6he\u00a0kann f\u00fcr das Wohngebiet Korber H\u00f6he das Ergebnis der L\u00e4rmanalyse, dass \u201ein der Kernstadt geringe Betroffenheit\u201c bestehe und \u201edie bestehenden L\u00e4rmschutzeinrichtungen entlang der B14, \u2026 ihre Wirkung entfalten\u201c, nicht nachvollziehen.\" \/>\n<meta property=\"og:url\" content=\"https:\/\/bakh.de\/wdp\/laermaktionsplan\/\" \/>\n<meta property=\"og:site_name\" content=\"B\u00fcrgeraktion Korber H\u00f6he e. V.\" \/>\n<meta property=\"article:published_time\" content=\"2013-11-16T14:36:34+00:00\" \/>\n<meta property=\"article:modified_time\" content=\"2013-11-16T14:38:46+00:00\" \/>\n<meta property=\"og:image\" content=\"http:\/\/bakh.de\/wdp\/wp-content\/uploads\/2013\/11\/k-B14-Darstellung-Klaus.jpg\" \/>\n<meta name=\"author\" content=\"Uli\" \/>\n<meta name=\"twitter:card\" content=\"summary_large_image\" \/>\n<meta name=\"twitter:label1\" content=\"Verfasst von\" \/>\n\t<meta name=\"twitter:data1\" content=\"Uli\" \/>\n\t<meta name=\"twitter:label2\" content=\"Gesch\u00e4tzte Lesezeit\" \/>\n\t<meta name=\"twitter:data2\" content=\"1\u00a0Minute\" \/>\n<script type=\"application\/ld+json\" class=\"yoast-schema-graph\">{\"@context\":\"https:\\\/\\\/schema.org\",\"@graph\":[{\"@type\":\"Article\",\"@id\":\"https:\\\/\\\/bakh.de\\\/wdp\\\/laermaktionsplan\\\/#article\",\"isPartOf\":{\"@id\":\"https:\\\/\\\/bakh.de\\\/wdp\\\/laermaktionsplan\\\/\"},\"author\":{\"name\":\"Uli\",\"@id\":\"https:\\\/\\\/bakh.de\\\/wdp\\\/#\\\/schema\\\/person\\\/75a1e296c1c53d3fbbc0a3c6104f6370\"},\"headline\":\"Unzureichender L\u00e4rmaktionsplan\",\"datePublished\":\"2013-11-16T14:36:34+00:00\",\"dateModified\":\"2013-11-16T14:38:46+00:00\",\"mainEntityOfPage\":{\"@id\":\"https:\\\/\\\/bakh.de\\\/wdp\\\/laermaktionsplan\\\/\"},\"wordCount\":224,\"publisher\":{\"@id\":\"https:\\\/\\\/bakh.de\\\/wdp\\\/#organization\"},\"image\":{\"@id\":\"https:\\\/\\\/bakh.de\\\/wdp\\\/laermaktionsplan\\\/#primaryimage\"},\"thumbnailUrl\":\"http:\\\/\\\/bakh.de\\\/wdp\\\/wp-content\\\/uploads\\\/2013\\\/11\\\/k-B14-Darstellung-Klaus.jpg\",\"articleSection\":[\"L\u00e4rmbelastung B14\"],\"inLanguage\":\"de\"},{\"@type\":\"WebPage\",\"@id\":\"https:\\\/\\\/bakh.de\\\/wdp\\\/laermaktionsplan\\\/\",\"url\":\"https:\\\/\\\/bakh.de\\\/wdp\\\/laermaktionsplan\\\/\",\"name\":\"Unzureichender L\u00e4rmaktionsplan - B\u00fcrgeraktion Korber H\u00f6he e. V.\",\"isPartOf\":{\"@id\":\"https:\\\/\\\/bakh.de\\\/wdp\\\/#website\"},\"primaryImageOfPage\":{\"@id\":\"https:\\\/\\\/bakh.de\\\/wdp\\\/laermaktionsplan\\\/#primaryimage\"},\"image\":{\"@id\":\"https:\\\/\\\/bakh.de\\\/wdp\\\/laermaktionsplan\\\/#primaryimage\"},\"thumbnailUrl\":\"http:\\\/\\\/bakh.de\\\/wdp\\\/wp-content\\\/uploads\\\/2013\\\/11\\\/k-B14-Darstellung-Klaus.jpg\",\"datePublished\":\"2013-11-16T14:36:34+00:00\",\"dateModified\":\"2013-11-16T14:38:46+00:00\",\"breadcrumb\":{\"@id\":\"https:\\\/\\\/bakh.de\\\/wdp\\\/laermaktionsplan\\\/#breadcrumb\"},\"inLanguage\":\"de\",\"potentialAction\":[{\"@type\":\"ReadAction\",\"target\":[\"https:\\\/\\\/bakh.de\\\/wdp\\\/laermaktionsplan\\\/\"]}]},{\"@type\":\"ImageObject\",\"inLanguage\":\"de\",\"@id\":\"https:\\\/\\\/bakh.de\\\/wdp\\\/laermaktionsplan\\\/#primaryimage\",\"url\":\"https:\\\/\\\/bakh.de\\\/wdp\\\/wp-content\\\/uploads\\\/2013\\\/11\\\/k-B14-Darstellung-Klaus.jpg\",\"contentUrl\":\"https:\\\/\\\/bakh.de\\\/wdp\\\/wp-content\\\/uploads\\\/2013\\\/11\\\/k-B14-Darstellung-Klaus.jpg\",\"width\":859,\"height\":602},{\"@type\":\"BreadcrumbList\",\"@id\":\"https:\\\/\\\/bakh.de\\\/wdp\\\/laermaktionsplan\\\/#breadcrumb\",\"itemListElement\":[{\"@type\":\"ListItem\",\"position\":1,\"name\":\"Startseite\",\"item\":\"https:\\\/\\\/bakh.de\\\/wdp\\\/\"},{\"@type\":\"ListItem\",\"position\":2,\"name\":\"Unzureichender L\u00e4rmaktionsplan\"}]},{\"@type\":\"WebSite\",\"@id\":\"https:\\\/\\\/bakh.de\\\/wdp\\\/#website\",\"url\":\"https:\\\/\\\/bakh.de\\\/wdp\\\/\",\"name\":\"B\u00fcrgeraktion Korber H\u00f6he e. V.\",\"description\":\"\",\"publisher\":{\"@id\":\"https:\\\/\\\/bakh.de\\\/wdp\\\/#organization\"},\"potentialAction\":[{\"@type\":\"SearchAction\",\"target\":{\"@type\":\"EntryPoint\",\"urlTemplate\":\"https:\\\/\\\/bakh.de\\\/wdp\\\/?s={search_term_string}\"},\"query-input\":{\"@type\":\"PropertyValueSpecification\",\"valueRequired\":true,\"valueName\":\"search_term_string\"}}],\"inLanguage\":\"de\"},{\"@type\":\"Organization\",\"@id\":\"https:\\\/\\\/bakh.de\\\/wdp\\\/#organization\",\"name\":\"B\u00fcrgeraktion Korber H\u00f6he e. V.\",\"url\":\"https:\\\/\\\/bakh.de\\\/wdp\\\/\",\"logo\":{\"@type\":\"ImageObject\",\"inLanguage\":\"de\",\"@id\":\"https:\\\/\\\/bakh.de\\\/wdp\\\/#\\\/schema\\\/logo\\\/image\\\/\",\"url\":\"https:\\\/\\\/bakh.de\\\/wdp\\\/wp-content\\\/uploads\\\/2025\\\/11\\\/BAKH_Logo_4c_512.jpg\",\"contentUrl\":\"https:\\\/\\\/bakh.de\\\/wdp\\\/wp-content\\\/uploads\\\/2025\\\/11\\\/BAKH_Logo_4c_512.jpg\",\"width\":516,\"height\":518,\"caption\":\"B\u00fcrgeraktion Korber H\u00f6he e. V.\"},\"image\":{\"@id\":\"https:\\\/\\\/bakh.de\\\/wdp\\\/#\\\/schema\\\/logo\\\/image\\\/\"}},{\"@type\":\"Person\",\"@id\":\"https:\\\/\\\/bakh.de\\\/wdp\\\/#\\\/schema\\\/person\\\/75a1e296c1c53d3fbbc0a3c6104f6370\",\"name\":\"Uli\",\"image\":{\"@type\":\"ImageObject\",\"inLanguage\":\"de\",\"@id\":\"https:\\\/\\\/secure.gravatar.com\\\/avatar\\\/3b55f09e3908cc7190694de428627f99ad7fb1fd6ca4aa1f5a2c94110a7a2967?s=96&d=mm&r=g\",\"url\":\"https:\\\/\\\/secure.gravatar.com\\\/avatar\\\/3b55f09e3908cc7190694de428627f99ad7fb1fd6ca4aa1f5a2c94110a7a2967?s=96&d=mm&r=g\",\"contentUrl\":\"https:\\\/\\\/secure.gravatar.com\\\/avatar\\\/3b55f09e3908cc7190694de428627f99ad7fb1fd6ca4aa1f5a2c94110a7a2967?s=96&d=mm&r=g\",\"caption\":\"Uli\"},\"url\":\"https:\\\/\\\/bakh.de\\\/wdp\\\/author\\\/uli\\\/\"}]}<\/script>\n<!-- \/ Yoast SEO plugin. -->","yoast_head_json":{"title":"Unzureichender L\u00e4rmaktionsplan  - B\u00fcrgeraktion Korber H\u00f6he e. V.","robots":{"index":"index","follow":"follow","max-snippet":"max-snippet:-1","max-image-preview":"max-image-preview:large","max-video-preview":"max-video-preview:-1"},"canonical":"https:\/\/bakh.de\/wdp\/laermaktionsplan\/","og_locale":"de_DE","og_type":"article","og_title":"Unzureichender L\u00e4rmaktionsplan  - B\u00fcrgeraktion Korber H\u00f6he e. V.","og_description":"Die B\u00fcrgeraktion Korber H\u00f6he e.V. hat zum L\u00e4rmaktionsplan bei der Stadt Waiblingen ihre Stellungnahme eingereicht. Die B\u00fcrgeraktion Korber H\u00f6he\u00a0kann f\u00fcr das Wohngebiet Korber H\u00f6he das Ergebnis der L\u00e4rmanalyse, dass \u201ein der Kernstadt geringe Betroffenheit\u201c bestehe und \u201edie bestehenden L\u00e4rmschutzeinrichtungen entlang der B14, \u2026 ihre Wirkung entfalten\u201c, nicht nachvollziehen.","og_url":"https:\/\/bakh.de\/wdp\/laermaktionsplan\/","og_site_name":"B\u00fcrgeraktion Korber H\u00f6he e. V.","article_published_time":"2013-11-16T14:36:34+00:00","article_modified_time":"2013-11-16T14:38:46+00:00","og_image":[{"url":"http:\/\/bakh.de\/wdp\/wp-content\/uploads\/2013\/11\/k-B14-Darstellung-Klaus.jpg","type":"","width":"","height":""}],"author":"Uli","twitter_card":"summary_large_image","twitter_misc":{"Verfasst von":"Uli","Gesch\u00e4tzte Lesezeit":"1\u00a0Minute"},"schema":{"@context":"https:\/\/schema.org","@graph":[{"@type":"Article","@id":"https:\/\/bakh.de\/wdp\/laermaktionsplan\/#article","isPartOf":{"@id":"https:\/\/bakh.de\/wdp\/laermaktionsplan\/"},"author":{"name":"Uli","@id":"https:\/\/bakh.de\/wdp\/#\/schema\/person\/75a1e296c1c53d3fbbc0a3c6104f6370"},"headline":"Unzureichender L\u00e4rmaktionsplan","datePublished":"2013-11-16T14:36:34+00:00","dateModified":"2013-11-16T14:38:46+00:00","mainEntityOfPage":{"@id":"https:\/\/bakh.de\/wdp\/laermaktionsplan\/"},"wordCount":224,"publisher":{"@id":"https:\/\/bakh.de\/wdp\/#organization"},"image":{"@id":"https:\/\/bakh.de\/wdp\/laermaktionsplan\/#primaryimage"},"thumbnailUrl":"http:\/\/bakh.de\/wdp\/wp-content\/uploads\/2013\/11\/k-B14-Darstellung-Klaus.jpg","articleSection":["L\u00e4rmbelastung B14"],"inLanguage":"de"},{"@type":"WebPage","@id":"https:\/\/bakh.de\/wdp\/laermaktionsplan\/","url":"https:\/\/bakh.de\/wdp\/laermaktionsplan\/","name":"Unzureichender L\u00e4rmaktionsplan - B\u00fcrgeraktion Korber H\u00f6he e. V.","isPartOf":{"@id":"https:\/\/bakh.de\/wdp\/#website"},"primaryImageOfPage":{"@id":"https:\/\/bakh.de\/wdp\/laermaktionsplan\/#primaryimage"},"image":{"@id":"https:\/\/bakh.de\/wdp\/laermaktionsplan\/#primaryimage"},"thumbnailUrl":"http:\/\/bakh.de\/wdp\/wp-content\/uploads\/2013\/11\/k-B14-Darstellung-Klaus.jpg","datePublished":"2013-11-16T14:36:34+00:00","dateModified":"2013-11-16T14:38:46+00:00","breadcrumb":{"@id":"https:\/\/bakh.de\/wdp\/laermaktionsplan\/#breadcrumb"},"inLanguage":"de","potentialAction":[{"@type":"ReadAction","target":["https:\/\/bakh.de\/wdp\/laermaktionsplan\/"]}]},{"@type":"ImageObject","inLanguage":"de","@id":"https:\/\/bakh.de\/wdp\/laermaktionsplan\/#primaryimage","url":"https:\/\/bakh.de\/wdp\/wp-content\/uploads\/2013\/11\/k-B14-Darstellung-Klaus.jpg","contentUrl":"https:\/\/bakh.de\/wdp\/wp-content\/uploads\/2013\/11\/k-B14-Darstellung-Klaus.jpg","width":859,"height":602},{"@type":"BreadcrumbList","@id":"https:\/\/bakh.de\/wdp\/laermaktionsplan\/#breadcrumb","itemListElement":[{"@type":"ListItem","position":1,"name":"Startseite","item":"https:\/\/bakh.de\/wdp\/"},{"@type":"ListItem","position":2,"name":"Unzureichender L\u00e4rmaktionsplan"}]},{"@type":"WebSite","@id":"https:\/\/bakh.de\/wdp\/#website","url":"https:\/\/bakh.de\/wdp\/","name":"B\u00fcrgeraktion Korber H\u00f6he e. V.","description":"","publisher":{"@id":"https:\/\/bakh.de\/wdp\/#organization"},"potentialAction":[{"@type":"SearchAction","target":{"@type":"EntryPoint","urlTemplate":"https:\/\/bakh.de\/wdp\/?s={search_term_string}"},"query-input":{"@type":"PropertyValueSpecification","valueRequired":true,"valueName":"search_term_string"}}],"inLanguage":"de"},{"@type":"Organization","@id":"https:\/\/bakh.de\/wdp\/#organization","name":"B\u00fcrgeraktion Korber H\u00f6he e. V.","url":"https:\/\/bakh.de\/wdp\/","logo":{"@type":"ImageObject","inLanguage":"de","@id":"https:\/\/bakh.de\/wdp\/#\/schema\/logo\/image\/","url":"https:\/\/bakh.de\/wdp\/wp-content\/uploads\/2025\/11\/BAKH_Logo_4c_512.jpg","contentUrl":"https:\/\/bakh.de\/wdp\/wp-content\/uploads\/2025\/11\/BAKH_Logo_4c_512.jpg","width":516,"height":518,"caption":"B\u00fcrgeraktion Korber H\u00f6he e. V."},"image":{"@id":"https:\/\/bakh.de\/wdp\/#\/schema\/logo\/image\/"}},{"@type":"Person","@id":"https:\/\/bakh.de\/wdp\/#\/schema\/person\/75a1e296c1c53d3fbbc0a3c6104f6370","name":"Uli","image":{"@type":"ImageObject","inLanguage":"de","@id":"https:\/\/secure.gravatar.com\/avatar\/3b55f09e3908cc7190694de428627f99ad7fb1fd6ca4aa1f5a2c94110a7a2967?s=96&d=mm&r=g","url":"https:\/\/secure.gravatar.com\/avatar\/3b55f09e3908cc7190694de428627f99ad7fb1fd6ca4aa1f5a2c94110a7a2967?s=96&d=mm&r=g","contentUrl":"https:\/\/secure.gravatar.com\/avatar\/3b55f09e3908cc7190694de428627f99ad7fb1fd6ca4aa1f5a2c94110a7a2967?s=96&d=mm&r=g","caption":"Uli"},"url":"https:\/\/bakh.de\/wdp\/author\/uli\/"}]}},"_links":{"self":[{"href":"https:\/\/bakh.de\/wdp\/wp-json\/wp\/v2\/posts\/1612","targetHints":{"allow":["GET"]}}],"collection":[{"href":"https:\/\/bakh.de\/wdp\/wp-json\/wp\/v2\/posts"}],"about":[{"href":"https:\/\/bakh.de\/wdp\/wp-json\/wp\/v2\/types\/post"}],"author":[{"embeddable":true,"href":"https:\/\/bakh.de\/wdp\/wp-json\/wp\/v2\/users\/3"}],"replies":[{"embeddable":true,"href":"https:\/\/bakh.de\/wdp\/wp-json\/wp\/v2\/comments?post=1612"}],"version-history":[{"count":4,"href":"https:\/\/bakh.de\/wdp\/wp-json\/wp\/v2\/posts\/1612\/revisions"}],"predecessor-version":[{"id":1617,"href":"https:\/\/bakh.de\/wdp\/wp-json\/wp\/v2\/posts\/1612\/revisions\/1617"}],"wp:attachment":[{"href":"https:\/\/bakh.de\/wdp\/wp-json\/wp\/v2\/media?parent=1612"}],"wp:term":[{"taxonomy":"category","embeddable":true,"href":"https:\/\/bakh.de\/wdp\/wp-json\/wp\/v2\/categories?post=1612"},{"taxonomy":"post_tag","embeddable":true,"href":"https:\/\/bakh.de\/wdp\/wp-json\/wp\/v2\/tags?post=1612"}],"curies":[{"name":"wp","href":"https:\/\/api.w.org\/{rel}","templated":true}]}}