{"id":1610,"date":"2017-11-12T13:37:06","date_gmt":"2017-11-12T13:37:06","guid":{"rendered":"http:\/\/bakh.de\/wdp\/?p=1610"},"modified":"2018-02-03T10:13:10","modified_gmt":"2018-02-03T10:13:10","slug":"mitgliederversammlung-2014","status":"publish","type":"post","link":"https:\/\/bakh.de\/wdp\/mitgliederversammlung-2014\/","title":{"rendered":"Einladung Mitgliederversammlung"},"content":{"rendered":"<p>Die Mitgliederversammlung 2018 wird am Mittwoch 21.2 stattfinden. Neben den Berichten des Vorstands und der Neigungsgruppen, sowie den Ehrungen, werden der 1. Vorsitzende und der Hauptausschuss neu gew\u00e4hlt werden.<\/p>\n<p>Ein Mitarbeiter des Fachbereichs st\u00e4dtische Infrastruktur wird \u00fcber die Planungen der Stadt Waiblingen auf dem Finkenberg berichten, Peter Beck vom Jugendfarm-Verein \u00fcber den aktuellen Stand der <a href=\"http:\/\/www.jugendfarm-waiblingen.de\/\" target=\"_blank\" rel=\"noopener\">Jugendfarm<\/a> informieren.<\/p>\n<p>Tagesordnung: <\/p>\n<p>Alle Mitglieder und Interessierte sind herzlich eingeladen.<\/p>\n","protected":false},"excerpt":{"rendered":"<p>Die Mitgliederversammlung 2018 wird am Mittwoch 21.2 stattfinden. Neben den Berichten des Vorstands und der Neigungsgruppen, sowie den Ehrungen, werden der 1. Vorsitzende und der Hauptausschuss neu gew\u00e4hlt werden. Ein Mitarbeiter des Fachbereichs st\u00e4dtische Infrastruktur wird \u00fcber die Planungen der Stadt Waiblingen auf dem Finkenberg berichten, Peter Beck vom Jugendfarm-Verein \u00fcber den aktuellen Stand der [&hellip;]<\/p>\n","protected":false},"author":3,"featured_media":0,"comment_status":"closed","ping_status":"closed","sticky":false,"template":"","format":"standard","meta":{"ngg_post_thumbnail":0,"footnotes":""},"categories":[6],"tags":[],"class_list":["post-1610","post","type-post","status-publish","format-standard","hentry","category-termine"],"yoast_head":"<!-- This site is optimized with the Yoast SEO plugin v27.5 - https:\/\/yoast.com\/product\/yoast-seo-wordpress\/ -->\n<title>Einladung Mitgliederversammlung - B\u00fcrgeraktion Korber H\u00f6he e. V.<\/title>\n<meta name=\"robots\" content=\"index, follow, max-snippet:-1, max-image-preview:large, max-video-preview:-1\" \/>\n<link rel=\"canonical\" href=\"https:\/\/bakh.de\/wdp\/mitgliederversammlung-2014\/\" \/>\n<meta property=\"og:locale\" content=\"de_DE\" \/>\n<meta property=\"og:type\" content=\"article\" \/>\n<meta property=\"og:title\" content=\"Einladung Mitgliederversammlung - B\u00fcrgeraktion Korber H\u00f6he e. V.\" \/>\n<meta property=\"og:description\" content=\"Die Mitgliederversammlung 2018 wird am Mittwoch 21.2 stattfinden. Neben den Berichten des Vorstands und der Neigungsgruppen, sowie den Ehrungen, werden der 1. Vorsitzende und der Hauptausschuss neu gew\u00e4hlt werden. Ein Mitarbeiter des Fachbereichs st\u00e4dtische Infrastruktur wird \u00fcber die Planungen der Stadt Waiblingen auf dem Finkenberg berichten, Peter Beck vom Jugendfarm-Verein \u00fcber den aktuellen Stand der [&hellip;]\" \/>\n<meta property=\"og:url\" content=\"https:\/\/bakh.de\/wdp\/mitgliederversammlung-2014\/\" \/>\n<meta property=\"og:site_name\" content=\"B\u00fcrgeraktion Korber H\u00f6he e. V.\" \/>\n<meta property=\"article:published_time\" content=\"2017-11-12T13:37:06+00:00\" \/>\n<meta property=\"article:modified_time\" content=\"2018-02-03T10:13:10+00:00\" \/>\n<meta property=\"og:image\" content=\"https:\/\/bakh.de\/wdp\/wp-content\/uploads\/2025\/11\/BAKH_Logo_4c_512.jpg\" \/>\n\t<meta property=\"og:image:width\" content=\"516\" \/>\n\t<meta property=\"og:image:height\" content=\"518\" \/>\n\t<meta property=\"og:image:type\" content=\"image\/jpeg\" \/>\n<meta name=\"author\" content=\"Uli\" \/>\n<meta name=\"twitter:card\" content=\"summary_large_image\" \/>\n<meta name=\"twitter:label1\" content=\"Verfasst von\" \/>\n\t<meta name=\"twitter:data1\" content=\"Uli\" \/>\n<script type=\"application\/ld+json\" class=\"yoast-schema-graph\">{\"@context\":\"https:\\\/\\\/schema.org\",\"@graph\":[{\"@type\":\"Article\",\"@id\":\"https:\\\/\\\/bakh.de\\\/wdp\\\/mitgliederversammlung-2014\\\/#article\",\"isPartOf\":{\"@id\":\"https:\\\/\\\/bakh.de\\\/wdp\\\/mitgliederversammlung-2014\\\/\"},\"author\":{\"name\":\"Uli\",\"@id\":\"https:\\\/\\\/bakh.de\\\/wdp\\\/#\\\/schema\\\/person\\\/75a1e296c1c53d3fbbc0a3c6104f6370\"},\"headline\":\"Einladung Mitgliederversammlung\",\"datePublished\":\"2017-11-12T13:37:06+00:00\",\"dateModified\":\"2018-02-03T10:13:10+00:00\",\"mainEntityOfPage\":{\"@id\":\"https:\\\/\\\/bakh.de\\\/wdp\\\/mitgliederversammlung-2014\\\/\"},\"wordCount\":68,\"publisher\":{\"@id\":\"https:\\\/\\\/bakh.de\\\/wdp\\\/#organization\"},\"articleSection\":[\"Termine\"],\"inLanguage\":\"de\"},{\"@type\":\"WebPage\",\"@id\":\"https:\\\/\\\/bakh.de\\\/wdp\\\/mitgliederversammlung-2014\\\/\",\"url\":\"https:\\\/\\\/bakh.de\\\/wdp\\\/mitgliederversammlung-2014\\\/\",\"name\":\"Einladung Mitgliederversammlung - B\u00fcrgeraktion Korber H\u00f6he e. V.\",\"isPartOf\":{\"@id\":\"https:\\\/\\\/bakh.de\\\/wdp\\\/#website\"},\"datePublished\":\"2017-11-12T13:37:06+00:00\",\"dateModified\":\"2018-02-03T10:13:10+00:00\",\"breadcrumb\":{\"@id\":\"https:\\\/\\\/bakh.de\\\/wdp\\\/mitgliederversammlung-2014\\\/#breadcrumb\"},\"inLanguage\":\"de\",\"potentialAction\":[{\"@type\":\"ReadAction\",\"target\":[\"https:\\\/\\\/bakh.de\\\/wdp\\\/mitgliederversammlung-2014\\\/\"]}]},{\"@type\":\"BreadcrumbList\",\"@id\":\"https:\\\/\\\/bakh.de\\\/wdp\\\/mitgliederversammlung-2014\\\/#breadcrumb\",\"itemListElement\":[{\"@type\":\"ListItem\",\"position\":1,\"name\":\"Startseite\",\"item\":\"https:\\\/\\\/bakh.de\\\/wdp\\\/\"},{\"@type\":\"ListItem\",\"position\":2,\"name\":\"Einladung Mitgliederversammlung\"}]},{\"@type\":\"WebSite\",\"@id\":\"https:\\\/\\\/bakh.de\\\/wdp\\\/#website\",\"url\":\"https:\\\/\\\/bakh.de\\\/wdp\\\/\",\"name\":\"B\u00fcrgeraktion Korber H\u00f6he e. V.\",\"description\":\"\",\"publisher\":{\"@id\":\"https:\\\/\\\/bakh.de\\\/wdp\\\/#organization\"},\"potentialAction\":[{\"@type\":\"SearchAction\",\"target\":{\"@type\":\"EntryPoint\",\"urlTemplate\":\"https:\\\/\\\/bakh.de\\\/wdp\\\/?s={search_term_string}\"},\"query-input\":{\"@type\":\"PropertyValueSpecification\",\"valueRequired\":true,\"valueName\":\"search_term_string\"}}],\"inLanguage\":\"de\"},{\"@type\":\"Organization\",\"@id\":\"https:\\\/\\\/bakh.de\\\/wdp\\\/#organization\",\"name\":\"B\u00fcrgeraktion Korber H\u00f6he e. V.\",\"url\":\"https:\\\/\\\/bakh.de\\\/wdp\\\/\",\"logo\":{\"@type\":\"ImageObject\",\"inLanguage\":\"de\",\"@id\":\"https:\\\/\\\/bakh.de\\\/wdp\\\/#\\\/schema\\\/logo\\\/image\\\/\",\"url\":\"https:\\\/\\\/bakh.de\\\/wdp\\\/wp-content\\\/uploads\\\/2025\\\/11\\\/BAKH_Logo_4c_512.jpg\",\"contentUrl\":\"https:\\\/\\\/bakh.de\\\/wdp\\\/wp-content\\\/uploads\\\/2025\\\/11\\\/BAKH_Logo_4c_512.jpg\",\"width\":516,\"height\":518,\"caption\":\"B\u00fcrgeraktion Korber H\u00f6he e. V.\"},\"image\":{\"@id\":\"https:\\\/\\\/bakh.de\\\/wdp\\\/#\\\/schema\\\/logo\\\/image\\\/\"}},{\"@type\":\"Person\",\"@id\":\"https:\\\/\\\/bakh.de\\\/wdp\\\/#\\\/schema\\\/person\\\/75a1e296c1c53d3fbbc0a3c6104f6370\",\"name\":\"Uli\",\"image\":{\"@type\":\"ImageObject\",\"inLanguage\":\"de\",\"@id\":\"https:\\\/\\\/secure.gravatar.com\\\/avatar\\\/3b55f09e3908cc7190694de428627f99ad7fb1fd6ca4aa1f5a2c94110a7a2967?s=96&d=mm&r=g\",\"url\":\"https:\\\/\\\/secure.gravatar.com\\\/avatar\\\/3b55f09e3908cc7190694de428627f99ad7fb1fd6ca4aa1f5a2c94110a7a2967?s=96&d=mm&r=g\",\"contentUrl\":\"https:\\\/\\\/secure.gravatar.com\\\/avatar\\\/3b55f09e3908cc7190694de428627f99ad7fb1fd6ca4aa1f5a2c94110a7a2967?s=96&d=mm&r=g\",\"caption\":\"Uli\"},\"url\":\"https:\\\/\\\/bakh.de\\\/wdp\\\/author\\\/uli\\\/\"}]}<\/script>\n<!-- \/ Yoast SEO plugin. -->","yoast_head_json":{"title":"Einladung Mitgliederversammlung - B\u00fcrgeraktion Korber H\u00f6he e. V.","robots":{"index":"index","follow":"follow","max-snippet":"max-snippet:-1","max-image-preview":"max-image-preview:large","max-video-preview":"max-video-preview:-1"},"canonical":"https:\/\/bakh.de\/wdp\/mitgliederversammlung-2014\/","og_locale":"de_DE","og_type":"article","og_title":"Einladung Mitgliederversammlung - B\u00fcrgeraktion Korber H\u00f6he e. V.","og_description":"Die Mitgliederversammlung 2018 wird am Mittwoch 21.2 stattfinden. Neben den Berichten des Vorstands und der Neigungsgruppen, sowie den Ehrungen, werden der 1. Vorsitzende und der Hauptausschuss neu gew\u00e4hlt werden. Ein Mitarbeiter des Fachbereichs st\u00e4dtische Infrastruktur wird \u00fcber die Planungen der Stadt Waiblingen auf dem Finkenberg berichten, Peter Beck vom Jugendfarm-Verein \u00fcber den aktuellen Stand der [&hellip;]","og_url":"https:\/\/bakh.de\/wdp\/mitgliederversammlung-2014\/","og_site_name":"B\u00fcrgeraktion Korber H\u00f6he e. V.","article_published_time":"2017-11-12T13:37:06+00:00","article_modified_time":"2018-02-03T10:13:10+00:00","og_image":[{"width":516,"height":518,"url":"https:\/\/bakh.de\/wdp\/wp-content\/uploads\/2025\/11\/BAKH_Logo_4c_512.jpg","type":"image\/jpeg"}],"author":"Uli","twitter_card":"summary_large_image","twitter_misc":{"Verfasst von":"Uli"},"schema":{"@context":"https:\/\/schema.org","@graph":[{"@type":"Article","@id":"https:\/\/bakh.de\/wdp\/mitgliederversammlung-2014\/#article","isPartOf":{"@id":"https:\/\/bakh.de\/wdp\/mitgliederversammlung-2014\/"},"author":{"name":"Uli","@id":"https:\/\/bakh.de\/wdp\/#\/schema\/person\/75a1e296c1c53d3fbbc0a3c6104f6370"},"headline":"Einladung Mitgliederversammlung","datePublished":"2017-11-12T13:37:06+00:00","dateModified":"2018-02-03T10:13:10+00:00","mainEntityOfPage":{"@id":"https:\/\/bakh.de\/wdp\/mitgliederversammlung-2014\/"},"wordCount":68,"publisher":{"@id":"https:\/\/bakh.de\/wdp\/#organization"},"articleSection":["Termine"],"inLanguage":"de"},{"@type":"WebPage","@id":"https:\/\/bakh.de\/wdp\/mitgliederversammlung-2014\/","url":"https:\/\/bakh.de\/wdp\/mitgliederversammlung-2014\/","name":"Einladung Mitgliederversammlung - B\u00fcrgeraktion Korber H\u00f6he e. V.","isPartOf":{"@id":"https:\/\/bakh.de\/wdp\/#website"},"datePublished":"2017-11-12T13:37:06+00:00","dateModified":"2018-02-03T10:13:10+00:00","breadcrumb":{"@id":"https:\/\/bakh.de\/wdp\/mitgliederversammlung-2014\/#breadcrumb"},"inLanguage":"de","potentialAction":[{"@type":"ReadAction","target":["https:\/\/bakh.de\/wdp\/mitgliederversammlung-2014\/"]}]},{"@type":"BreadcrumbList","@id":"https:\/\/bakh.de\/wdp\/mitgliederversammlung-2014\/#breadcrumb","itemListElement":[{"@type":"ListItem","position":1,"name":"Startseite","item":"https:\/\/bakh.de\/wdp\/"},{"@type":"ListItem","position":2,"name":"Einladung Mitgliederversammlung"}]},{"@type":"WebSite","@id":"https:\/\/bakh.de\/wdp\/#website","url":"https:\/\/bakh.de\/wdp\/","name":"B\u00fcrgeraktion Korber H\u00f6he e. V.","description":"","publisher":{"@id":"https:\/\/bakh.de\/wdp\/#organization"},"potentialAction":[{"@type":"SearchAction","target":{"@type":"EntryPoint","urlTemplate":"https:\/\/bakh.de\/wdp\/?s={search_term_string}"},"query-input":{"@type":"PropertyValueSpecification","valueRequired":true,"valueName":"search_term_string"}}],"inLanguage":"de"},{"@type":"Organization","@id":"https:\/\/bakh.de\/wdp\/#organization","name":"B\u00fcrgeraktion Korber H\u00f6he e. V.","url":"https:\/\/bakh.de\/wdp\/","logo":{"@type":"ImageObject","inLanguage":"de","@id":"https:\/\/bakh.de\/wdp\/#\/schema\/logo\/image\/","url":"https:\/\/bakh.de\/wdp\/wp-content\/uploads\/2025\/11\/BAKH_Logo_4c_512.jpg","contentUrl":"https:\/\/bakh.de\/wdp\/wp-content\/uploads\/2025\/11\/BAKH_Logo_4c_512.jpg","width":516,"height":518,"caption":"B\u00fcrgeraktion Korber H\u00f6he e. V."},"image":{"@id":"https:\/\/bakh.de\/wdp\/#\/schema\/logo\/image\/"}},{"@type":"Person","@id":"https:\/\/bakh.de\/wdp\/#\/schema\/person\/75a1e296c1c53d3fbbc0a3c6104f6370","name":"Uli","image":{"@type":"ImageObject","inLanguage":"de","@id":"https:\/\/secure.gravatar.com\/avatar\/3b55f09e3908cc7190694de428627f99ad7fb1fd6ca4aa1f5a2c94110a7a2967?s=96&d=mm&r=g","url":"https:\/\/secure.gravatar.com\/avatar\/3b55f09e3908cc7190694de428627f99ad7fb1fd6ca4aa1f5a2c94110a7a2967?s=96&d=mm&r=g","contentUrl":"https:\/\/secure.gravatar.com\/avatar\/3b55f09e3908cc7190694de428627f99ad7fb1fd6ca4aa1f5a2c94110a7a2967?s=96&d=mm&r=g","caption":"Uli"},"url":"https:\/\/bakh.de\/wdp\/author\/uli\/"}]}},"_links":{"self":[{"href":"https:\/\/bakh.de\/wdp\/wp-json\/wp\/v2\/posts\/1610","targetHints":{"allow":["GET"]}}],"collection":[{"href":"https:\/\/bakh.de\/wdp\/wp-json\/wp\/v2\/posts"}],"about":[{"href":"https:\/\/bakh.de\/wdp\/wp-json\/wp\/v2\/types\/post"}],"author":[{"embeddable":true,"href":"https:\/\/bakh.de\/wdp\/wp-json\/wp\/v2\/users\/3"}],"replies":[{"embeddable":true,"href":"https:\/\/bakh.de\/wdp\/wp-json\/wp\/v2\/comments?post=1610"}],"version-history":[{"count":23,"href":"https:\/\/bakh.de\/wdp\/wp-json\/wp\/v2\/posts\/1610\/revisions"}],"predecessor-version":[{"id":3769,"href":"https:\/\/bakh.de\/wdp\/wp-json\/wp\/v2\/posts\/1610\/revisions\/3769"}],"wp:attachment":[{"href":"https:\/\/bakh.de\/wdp\/wp-json\/wp\/v2\/media?parent=1610"}],"wp:term":[{"taxonomy":"category","embeddable":true,"href":"https:\/\/bakh.de\/wdp\/wp-json\/wp\/v2\/categories?post=1610"},{"taxonomy":"post_tag","embeddable":true,"href":"https:\/\/bakh.de\/wdp\/wp-json\/wp\/v2\/tags?post=1610"}],"curies":[{"name":"wp","href":"https:\/\/api.w.org\/{rel}","templated":true}]}}