{"id":1559,"date":"2013-10-19T14:56:15","date_gmt":"2013-10-19T14:56:15","guid":{"rendered":"http:\/\/bakh.de\/wdp\/?p=1559"},"modified":"2014-04-06T11:20:49","modified_gmt":"2014-04-06T11:20:49","slug":"die-finkenburg-waechst","status":"publish","type":"post","link":"https:\/\/bakh.de\/wdp\/die-finkenburg-waechst\/","title":{"rendered":"Die Finkenburg w\u00e4chst"},"content":{"rendered":"<p><img loading=\"lazy\" decoding=\"async\" class=\"ngg-singlepic ngg-left alignleft\" alt=\"k-img_2610\" src=\"http:\/\/bakh.de\/wdp\/wp-content\/gallery\/finkenburg\/k-img_2610.jpg\" width=\"144\" height=\"108\" \/>Das Konzept f\u00fcr die Finkenburg, dem neuen Kinderhaus an der Bajastra\u00dfe, hatten Mitarbeiterinnen des Tr\u00e4gers\u00a0 <a href=\"http:\/\/www.konzept-e.de\/ge\/konzept-e\/unternehmen\/unternehmensphilosophie.php\" target=\"_blank\">Kind und Beruf gGmbH<\/a> auf unserer <a title=\"Die Finkenburg, das neue Kinderhaus\" href=\"http:\/\/bakh.de\/wdp\/?p=1259\" target=\"_blank\">Step-Veranstaltung<\/a> im Februar diesen Jahres vorgestellt. Inzwischen schreitet der Bau voran.<\/p>\n<p><!--more-->Am 28.August hatte die feierliche &#8222;Grundholzlegung&#8220; stattgefunden.\u00a0&#8222;Grundholzlegung&#8220; deshalb, weil die Finkenburg nicht aus Stein, sondern komplett aus Holz gebaut wird, nur der Sockel ist aus Beton. Das Haus gliedert sich in ein Haupt- und ein Nebenhaus, die durch einen Bau verbunden werden. Sie werden mit Schindeln verkleidet und erhalten D\u00e4cher, die in Messing gl\u00e4nzen wie eine goldene Haube.<\/p>\n<p>Der Betrieb soll im April 2014 aufgenommen werden. Es wird Kindern aus Waiblingen, insbesondere von der Korber H\u00f6he Platz bieten. <a href=\"http:\/\/www.konzept-e.de\/ge\/konzept-e\/anmeldung\/anmeldung-step1-1.php\" target=\"_blank\">Anmeldungen<\/a> sind beim Tr\u00e4ger und bei der Stadt Waiblingen m\u00f6glich.<\/p>\n<p><!-- default-view.php -->\n<div\n\tclass=\"ngg-galleryoverview default-view\n\t ngg-ajax-pagination-none\t\"\n\tid=\"ngg-gallery-3fa5895f1e8b5fad5b900b60679e866b-1\"\n\tdata-nextgen-gallery-id=\"18\"\n\tdata-gallery-id=\"18\"\n\t\tdata-gallery-name=\"Finkenburg\"\n\t>\n\n\t\t<!-- Thumbnails -->\n\t\t\t\t<div id=\"ngg-image-0\" class=\"ngg-gallery-thumbnail-box\n\t\t\t\t\t\t\t\t\t\t\t\"\n\t\t\t>\n\t\t\t\t\t\t<div class=\"ngg-gallery-thumbnail\">\n\t\t<a href=\"https:\/\/bakh.de\/wdp\/wp-content\/gallery\/finkenburg\/k-2013-08-27-grundholzleg-006.jpg?t=1520698239\"\n\t\t\ttitle=\"\"\n\t\t\tdata-src=\"https:\/\/bakh.de\/wdp\/wp-content\/gallery\/finkenburg\/k-2013-08-27-grundholzleg-006.jpg?t=1520698239\"\n\t\t\tdata-thumbnail=\"https:\/\/bakh.de\/wdp\/wp-content\/gallery\/finkenburg\/thumbs\/thumbs_k-2013-08-27-grundholzleg-006.jpg?t=1520698239\"\n\t\t\tdata-image-id=\"192\"\n\t\t\tdata-image-name=\"k-2013-08-27-grundholzleg-006.jpg\"\n\t\t\tdata-title=\"Grundholzlegung\"\n\t\t\tdata-description=\"\"\n\t\t\tdata-image-slug=\"grundholzlegung-2\"\n\t\t\t\t\t\t\t\t\t\t\t\t\t\t\t\t\t\t\t\tclass=\"ngg-simplelightbox\" rel=\"3fa5895f1e8b5fad5b900b60679e866b\">\n\t\t\t\t\t\t\t\t<img\n\t\t\t\t\ttitle=\"Grundholzlegung\"\n\t\t\t\t\talt=\"Grundholzlegung\"\n\t\t\t\t\tsrc=\"https:\/\/bakh.de\/wdp\/wp-content\/gallery\/finkenburg\/thumbs\/thumbs_k-2013-08-27-grundholzleg-006.jpg?t=1520698239\"\n\t\t\t\t\twidth=\"100\"\n\t\t\t\t\theight=\"75\"\n\t\t\t\t\tstyle=\"max-width:100%;\"\n\t\t\t\t\/>\n\t\t\t<\/a>\n\t\t<\/div>\n\t\t\t\t\t\t\t<\/div>\n\t\t\t\n\t\t\t\t<div id=\"ngg-image-1\" class=\"ngg-gallery-thumbnail-box\n\t\t\t\t\t\t\t\t\t\t\t\"\n\t\t\t>\n\t\t\t\t\t\t<div class=\"ngg-gallery-thumbnail\">\n\t\t<a href=\"https:\/\/bakh.de\/wdp\/wp-content\/gallery\/finkenburg\/k-2013-08-27-grundholzleg-001.jpg\"\n\t\t\ttitle=\"Waltraud Weegmann von Konzept-e und B\u00fcrgermeister Marting Staab\"\n\t\t\tdata-src=\"https:\/\/bakh.de\/wdp\/wp-content\/gallery\/finkenburg\/k-2013-08-27-grundholzleg-001.jpg\"\n\t\t\tdata-thumbnail=\"https:\/\/bakh.de\/wdp\/wp-content\/gallery\/finkenburg\/thumbs\/thumbs_k-2013-08-27-grundholzleg-001.jpg\"\n\t\t\tdata-image-id=\"193\"\n\t\t\tdata-image-name=\"k-2013-08-27-grundholzleg-001.jpg\"\n\t\t\tdata-title=\" \"\n\t\t\tdata-description=\"Waltraud Weegmann von Konzept-e und B\u00fcrgermeister Marting Staab\"\n\t\t\tdata-image-slug=\"image-31\"\n\t\t\t\t\t\t\t\t\t\t\t\t\t\t\t\t\t\t\t\tclass=\"ngg-simplelightbox\" rel=\"3fa5895f1e8b5fad5b900b60679e866b\">\n\t\t\t\t\t\t\t\t<img\n\t\t\t\t\ttitle=\" \"\n\t\t\t\t\talt=\" \"\n\t\t\t\t\tsrc=\"https:\/\/bakh.de\/wdp\/wp-content\/gallery\/finkenburg\/thumbs\/thumbs_k-2013-08-27-grundholzleg-001.jpg\"\n\t\t\t\t\twidth=\"100\"\n\t\t\t\t\theight=\"75\"\n\t\t\t\t\tstyle=\"max-width:100%;\"\n\t\t\t\t\/>\n\t\t\t<\/a>\n\t\t<\/div>\n\t\t\t\t\t\t\t<\/div>\n\t\t\t\n\t\t\t\t<div id=\"ngg-image-2\" class=\"ngg-gallery-thumbnail-box\n\t\t\t\t\t\t\t\t\t\t\t\"\n\t\t\t>\n\t\t\t\t\t\t<div class=\"ngg-gallery-thumbnail\">\n\t\t<a href=\"https:\/\/bakh.de\/wdp\/wp-content\/gallery\/finkenburg\/k-2013-08-27-grundholzleg-002.jpg\"\n\t\t\ttitle=\" \"\n\t\t\tdata-src=\"https:\/\/bakh.de\/wdp\/wp-content\/gallery\/finkenburg\/k-2013-08-27-grundholzleg-002.jpg\"\n\t\t\tdata-thumbnail=\"https:\/\/bakh.de\/wdp\/wp-content\/gallery\/finkenburg\/thumbs\/thumbs_k-2013-08-27-grundholzleg-002.jpg\"\n\t\t\tdata-image-id=\"194\"\n\t\t\tdata-image-name=\"k-2013-08-27-grundholzleg-002.jpg\"\n\t\t\tdata-title=\" \"\n\t\t\tdata-description=\" \"\n\t\t\tdata-image-slug=\"image-4\"\n\t\t\t\t\t\t\t\t\t\t\t\t\t\t\t\t\t\t\t\tclass=\"ngg-simplelightbox\" rel=\"3fa5895f1e8b5fad5b900b60679e866b\">\n\t\t\t\t\t\t\t\t<img\n\t\t\t\t\ttitle=\" \"\n\t\t\t\t\talt=\" \"\n\t\t\t\t\tsrc=\"https:\/\/bakh.de\/wdp\/wp-content\/gallery\/finkenburg\/thumbs\/thumbs_k-2013-08-27-grundholzleg-002.jpg\"\n\t\t\t\t\twidth=\"100\"\n\t\t\t\t\theight=\"75\"\n\t\t\t\t\tstyle=\"max-width:100%;\"\n\t\t\t\t\/>\n\t\t\t<\/a>\n\t\t<\/div>\n\t\t\t\t\t\t\t<\/div>\n\t\t\t\n\t\t\t\t<div id=\"ngg-image-3\" class=\"ngg-gallery-thumbnail-box\n\t\t\t\t\t\t\t\t\t\t\t\"\n\t\t\t>\n\t\t\t\t\t\t<div class=\"ngg-gallery-thumbnail\">\n\t\t<a href=\"https:\/\/bakh.de\/wdp\/wp-content\/gallery\/finkenburg\/k-2013-08-27-grundholzleg-003.jpg\"\n\t\t\ttitle=\" \"\n\t\t\tdata-src=\"https:\/\/bakh.de\/wdp\/wp-content\/gallery\/finkenburg\/k-2013-08-27-grundholzleg-003.jpg\"\n\t\t\tdata-thumbnail=\"https:\/\/bakh.de\/wdp\/wp-content\/gallery\/finkenburg\/thumbs\/thumbs_k-2013-08-27-grundholzleg-003.jpg\"\n\t\t\tdata-image-id=\"195\"\n\t\t\tdata-image-name=\"k-2013-08-27-grundholzleg-003.jpg\"\n\t\t\tdata-title=\" \"\n\t\t\tdata-description=\" \"\n\t\t\tdata-image-slug=\"image-32\"\n\t\t\t\t\t\t\t\t\t\t\t\t\t\t\t\t\t\t\t\tclass=\"ngg-simplelightbox\" rel=\"3fa5895f1e8b5fad5b900b60679e866b\">\n\t\t\t\t\t\t\t\t<img\n\t\t\t\t\ttitle=\" \"\n\t\t\t\t\talt=\" \"\n\t\t\t\t\tsrc=\"https:\/\/bakh.de\/wdp\/wp-content\/gallery\/finkenburg\/thumbs\/thumbs_k-2013-08-27-grundholzleg-003.jpg\"\n\t\t\t\t\twidth=\"100\"\n\t\t\t\t\theight=\"75\"\n\t\t\t\t\tstyle=\"max-width:100%;\"\n\t\t\t\t\/>\n\t\t\t<\/a>\n\t\t<\/div>\n\t\t\t\t\t\t\t<\/div>\n\t\t\t\n\t\t\t\t<div id=\"ngg-image-4\" class=\"ngg-gallery-thumbnail-box\n\t\t\t\t\t\t\t\t\t\t\t\"\n\t\t\t>\n\t\t\t\t\t\t<div class=\"ngg-gallery-thumbnail\">\n\t\t<a href=\"https:\/\/bakh.de\/wdp\/wp-content\/gallery\/finkenburg\/k-2013-08-27-grundholzleg-004.jpg\"\n\t\t\ttitle=\" \"\n\t\t\tdata-src=\"https:\/\/bakh.de\/wdp\/wp-content\/gallery\/finkenburg\/k-2013-08-27-grundholzleg-004.jpg\"\n\t\t\tdata-thumbnail=\"https:\/\/bakh.de\/wdp\/wp-content\/gallery\/finkenburg\/thumbs\/thumbs_k-2013-08-27-grundholzleg-004.jpg\"\n\t\t\tdata-image-id=\"196\"\n\t\t\tdata-image-name=\"k-2013-08-27-grundholzleg-004.jpg\"\n\t\t\tdata-title=\" \"\n\t\t\tdata-description=\" \"\n\t\t\tdata-image-slug=\"image-33\"\n\t\t\t\t\t\t\t\t\t\t\t\t\t\t\t\t\t\t\t\tclass=\"ngg-simplelightbox\" rel=\"3fa5895f1e8b5fad5b900b60679e866b\">\n\t\t\t\t\t\t\t\t<img\n\t\t\t\t\ttitle=\" \"\n\t\t\t\t\talt=\" \"\n\t\t\t\t\tsrc=\"https:\/\/bakh.de\/wdp\/wp-content\/gallery\/finkenburg\/thumbs\/thumbs_k-2013-08-27-grundholzleg-004.jpg\"\n\t\t\t\t\twidth=\"100\"\n\t\t\t\t\theight=\"75\"\n\t\t\t\t\tstyle=\"max-width:100%;\"\n\t\t\t\t\/>\n\t\t\t<\/a>\n\t\t<\/div>\n\t\t\t\t\t\t\t<\/div>\n\t\t\t\n\t\t\t\t<div id=\"ngg-image-5\" class=\"ngg-gallery-thumbnail-box\n\t\t\t\t\t\t\t\t\t\t\t\"\n\t\t\t>\n\t\t\t\t\t\t<div class=\"ngg-gallery-thumbnail\">\n\t\t<a href=\"https:\/\/bakh.de\/wdp\/wp-content\/gallery\/finkenburg\/k-2013-08-27-grundholzleg-005.jpg\"\n\t\t\ttitle=\" \"\n\t\t\tdata-src=\"https:\/\/bakh.de\/wdp\/wp-content\/gallery\/finkenburg\/k-2013-08-27-grundholzleg-005.jpg\"\n\t\t\tdata-thumbnail=\"https:\/\/bakh.de\/wdp\/wp-content\/gallery\/finkenburg\/thumbs\/thumbs_k-2013-08-27-grundholzleg-005.jpg\"\n\t\t\tdata-image-id=\"197\"\n\t\t\tdata-image-name=\"k-2013-08-27-grundholzleg-005.jpg\"\n\t\t\tdata-title=\" \"\n\t\t\tdata-description=\" \"\n\t\t\tdata-image-slug=\"image-34\"\n\t\t\t\t\t\t\t\t\t\t\t\t\t\t\t\t\t\t\t\tclass=\"ngg-simplelightbox\" rel=\"3fa5895f1e8b5fad5b900b60679e866b\">\n\t\t\t\t\t\t\t\t<img\n\t\t\t\t\ttitle=\" \"\n\t\t\t\t\talt=\" \"\n\t\t\t\t\tsrc=\"https:\/\/bakh.de\/wdp\/wp-content\/gallery\/finkenburg\/thumbs\/thumbs_k-2013-08-27-grundholzleg-005.jpg\"\n\t\t\t\t\twidth=\"100\"\n\t\t\t\t\theight=\"75\"\n\t\t\t\t\tstyle=\"max-width:100%;\"\n\t\t\t\t\/>\n\t\t\t<\/a>\n\t\t<\/div>\n\t\t\t\t\t\t\t<\/div>\n\t\t\t\n\t\t\t\t<div id=\"ngg-image-6\" class=\"ngg-gallery-thumbnail-box\n\t\t\t\t\t\t\t\t\t\t\t\"\n\t\t\t>\n\t\t\t\t\t\t<div class=\"ngg-gallery-thumbnail\">\n\t\t<a href=\"https:\/\/bakh.de\/wdp\/wp-content\/gallery\/finkenburg\/k-img_2610.jpg\"\n\t\t\ttitle=\" \"\n\t\t\tdata-src=\"https:\/\/bakh.de\/wdp\/wp-content\/gallery\/finkenburg\/k-img_2610.jpg\"\n\t\t\tdata-thumbnail=\"https:\/\/bakh.de\/wdp\/wp-content\/gallery\/finkenburg\/thumbs\/thumbs_k-img_2610.jpg\"\n\t\t\tdata-image-id=\"198\"\n\t\t\tdata-image-name=\"k-img_2610.jpg\"\n\t\t\tdata-title=\" \"\n\t\t\tdata-description=\" \"\n\t\t\tdata-image-slug=\"image-35\"\n\t\t\t\t\t\t\t\t\t\t\t\t\t\t\t\t\t\t\t\tclass=\"ngg-simplelightbox\" rel=\"3fa5895f1e8b5fad5b900b60679e866b\">\n\t\t\t\t\t\t\t\t<img\n\t\t\t\t\ttitle=\" \"\n\t\t\t\t\talt=\" \"\n\t\t\t\t\tsrc=\"https:\/\/bakh.de\/wdp\/wp-content\/gallery\/finkenburg\/thumbs\/thumbs_k-img_2610.jpg\"\n\t\t\t\t\twidth=\"100\"\n\t\t\t\t\theight=\"75\"\n\t\t\t\t\tstyle=\"max-width:100%;\"\n\t\t\t\t\/>\n\t\t\t<\/a>\n\t\t<\/div>\n\t\t\t\t\t\t\t<\/div>\n\t\t\t\n\t\t\t\t<div id=\"ngg-image-7\" class=\"ngg-gallery-thumbnail-box\n\t\t\t\t\t\t\t\t\t\t\t\"\n\t\t\t>\n\t\t\t\t\t\t<div class=\"ngg-gallery-thumbnail\">\n\t\t<a href=\"https:\/\/bakh.de\/wdp\/wp-content\/gallery\/finkenburg\/k-img_2617.jpg\"\n\t\t\ttitle=\" \"\n\t\t\tdata-src=\"https:\/\/bakh.de\/wdp\/wp-content\/gallery\/finkenburg\/k-img_2617.jpg\"\n\t\t\tdata-thumbnail=\"https:\/\/bakh.de\/wdp\/wp-content\/gallery\/finkenburg\/thumbs\/thumbs_k-img_2617.jpg\"\n\t\t\tdata-image-id=\"199\"\n\t\t\tdata-image-name=\"k-img_2617.jpg\"\n\t\t\tdata-title=\" \"\n\t\t\tdata-description=\" \"\n\t\t\tdata-image-slug=\"image-36\"\n\t\t\t\t\t\t\t\t\t\t\t\t\t\t\t\t\t\t\t\tclass=\"ngg-simplelightbox\" rel=\"3fa5895f1e8b5fad5b900b60679e866b\">\n\t\t\t\t\t\t\t\t<img\n\t\t\t\t\ttitle=\" \"\n\t\t\t\t\talt=\" \"\n\t\t\t\t\tsrc=\"https:\/\/bakh.de\/wdp\/wp-content\/gallery\/finkenburg\/thumbs\/thumbs_k-img_2617.jpg\"\n\t\t\t\t\twidth=\"100\"\n\t\t\t\t\theight=\"75\"\n\t\t\t\t\tstyle=\"max-width:100%;\"\n\t\t\t\t\/>\n\t\t\t<\/a>\n\t\t<\/div>\n\t\t\t\t\t\t\t<\/div>\n\t\t\t\n\t\t\t\t<div id=\"ngg-image-8\" class=\"ngg-gallery-thumbnail-box\n\t\t\t\t\t\t\t\t\t\t\t\"\n\t\t\t>\n\t\t\t\t\t\t<div class=\"ngg-gallery-thumbnail\">\n\t\t<a href=\"https:\/\/bakh.de\/wdp\/wp-content\/gallery\/finkenburg\/k-img_2589.jpg\"\n\t\t\ttitle=\" \"\n\t\t\tdata-src=\"https:\/\/bakh.de\/wdp\/wp-content\/gallery\/finkenburg\/k-img_2589.jpg\"\n\t\t\tdata-thumbnail=\"https:\/\/bakh.de\/wdp\/wp-content\/gallery\/finkenburg\/thumbs\/thumbs_k-img_2589.jpg\"\n\t\t\tdata-image-id=\"200\"\n\t\t\tdata-image-name=\"k-img_2589.jpg\"\n\t\t\tdata-title=\" \"\n\t\t\tdata-description=\" \"\n\t\t\tdata-image-slug=\"image-37\"\n\t\t\t\t\t\t\t\t\t\t\t\t\t\t\t\t\t\t\t\tclass=\"ngg-simplelightbox\" rel=\"3fa5895f1e8b5fad5b900b60679e866b\">\n\t\t\t\t\t\t\t\t<img\n\t\t\t\t\ttitle=\" \"\n\t\t\t\t\talt=\" \"\n\t\t\t\t\tsrc=\"https:\/\/bakh.de\/wdp\/wp-content\/gallery\/finkenburg\/thumbs\/thumbs_k-img_2589.jpg\"\n\t\t\t\t\twidth=\"100\"\n\t\t\t\t\theight=\"75\"\n\t\t\t\t\tstyle=\"max-width:100%;\"\n\t\t\t\t\/>\n\t\t\t<\/a>\n\t\t<\/div>\n\t\t\t\t\t\t\t<\/div>\n\t\t\t\n\t\t\t\t<div id=\"ngg-image-9\" class=\"ngg-gallery-thumbnail-box\n\t\t\t\t\t\t\t\t\t\t\t\"\n\t\t\t>\n\t\t\t\t\t\t<div class=\"ngg-gallery-thumbnail\">\n\t\t<a href=\"https:\/\/bakh.de\/wdp\/wp-content\/gallery\/finkenburg\/k-img_2598.jpg\"\n\t\t\ttitle=\" \"\n\t\t\tdata-src=\"https:\/\/bakh.de\/wdp\/wp-content\/gallery\/finkenburg\/k-img_2598.jpg\"\n\t\t\tdata-thumbnail=\"https:\/\/bakh.de\/wdp\/wp-content\/gallery\/finkenburg\/thumbs\/thumbs_k-img_2598.jpg\"\n\t\t\tdata-image-id=\"201\"\n\t\t\tdata-image-name=\"k-img_2598.jpg\"\n\t\t\tdata-title=\" \"\n\t\t\tdata-description=\" \"\n\t\t\tdata-image-slug=\"image-39\"\n\t\t\t\t\t\t\t\t\t\t\t\t\t\t\t\t\t\t\t\tclass=\"ngg-simplelightbox\" rel=\"3fa5895f1e8b5fad5b900b60679e866b\">\n\t\t\t\t\t\t\t\t<img\n\t\t\t\t\ttitle=\" \"\n\t\t\t\t\talt=\" \"\n\t\t\t\t\tsrc=\"https:\/\/bakh.de\/wdp\/wp-content\/gallery\/finkenburg\/thumbs\/thumbs_k-img_2598.jpg\"\n\t\t\t\t\twidth=\"100\"\n\t\t\t\t\theight=\"75\"\n\t\t\t\t\tstyle=\"max-width:100%;\"\n\t\t\t\t\/>\n\t\t\t<\/a>\n\t\t<\/div>\n\t\t\t\t\t\t\t<\/div>\n\t\t\t\n\t\t\t\t<div id=\"ngg-image-10\" class=\"ngg-gallery-thumbnail-box\n\t\t\t\t\t\t\t\t\t\t\t\"\n\t\t\t>\n\t\t\t\t\t\t<div class=\"ngg-gallery-thumbnail\">\n\t\t<a href=\"https:\/\/bakh.de\/wdp\/wp-content\/gallery\/finkenburg\/k-img_2599.jpg\"\n\t\t\ttitle=\" \"\n\t\t\tdata-src=\"https:\/\/bakh.de\/wdp\/wp-content\/gallery\/finkenburg\/k-img_2599.jpg\"\n\t\t\tdata-thumbnail=\"https:\/\/bakh.de\/wdp\/wp-content\/gallery\/finkenburg\/thumbs\/thumbs_k-img_2599.jpg\"\n\t\t\tdata-image-id=\"202\"\n\t\t\tdata-image-name=\"k-img_2599.jpg\"\n\t\t\tdata-title=\" \"\n\t\t\tdata-description=\" \"\n\t\t\tdata-image-slug=\"image-38\"\n\t\t\t\t\t\t\t\t\t\t\t\t\t\t\t\t\t\t\t\tclass=\"ngg-simplelightbox\" rel=\"3fa5895f1e8b5fad5b900b60679e866b\">\n\t\t\t\t\t\t\t\t<img\n\t\t\t\t\ttitle=\" \"\n\t\t\t\t\talt=\" \"\n\t\t\t\t\tsrc=\"https:\/\/bakh.de\/wdp\/wp-content\/gallery\/finkenburg\/thumbs\/thumbs_k-img_2599.jpg\"\n\t\t\t\t\twidth=\"100\"\n\t\t\t\t\theight=\"75\"\n\t\t\t\t\tstyle=\"max-width:100%;\"\n\t\t\t\t\/>\n\t\t\t<\/a>\n\t\t<\/div>\n\t\t\t\t\t\t\t<\/div>\n\t\t\t\n\t\n\t<br style=\"clear: both\" \/>\n\n\t\t<div class=\"slideshowlink\">\n\t\t<a href='https:\/\/bakh.de\/wdp\/die-finkenburg-waechst\/nggallery\/slideshow'>[Zeige als Diashow]<\/a>\n\n\t<\/div>\n\t\n\t\t<!-- Pagination -->\n\t\t<div class='ngg-clear'><\/div>\t<\/div>\n<\/p>\n<p>&nbsp;<\/p>\n<p>&nbsp;<\/p>\n","protected":false},"excerpt":{"rendered":"<p>Das Konzept f\u00fcr die Finkenburg, dem neuen Kinderhaus an der Bajastra\u00dfe, hatten Mitarbeiterinnen des Tr\u00e4gers\u00a0 Kind und Beruf gGmbH auf unserer Step-Veranstaltung im Februar diesen Jahres vorgestellt. Inzwischen schreitet der Bau voran.<\/p>\n","protected":false},"author":3,"featured_media":0,"comment_status":"closed","ping_status":"closed","sticky":false,"template":"","format":"standard","meta":{"ngg_post_thumbnail":0,"footnotes":""},"categories":[12],"tags":[],"class_list":["post-1559","post","type-post","status-publish","format-standard","hentry","category-kindertagesstatte"],"yoast_head":"<!-- This site is optimized with the Yoast SEO plugin v27.5 - https:\/\/yoast.com\/product\/yoast-seo-wordpress\/ -->\n<title>Die Finkenburg w\u00e4chst - B\u00fcrgeraktion Korber H\u00f6he e. V.<\/title>\n<meta name=\"robots\" content=\"index, follow, max-snippet:-1, max-image-preview:large, max-video-preview:-1\" \/>\n<link rel=\"canonical\" href=\"https:\/\/bakh.de\/wdp\/die-finkenburg-waechst\/\" \/>\n<meta property=\"og:locale\" content=\"de_DE\" \/>\n<meta property=\"og:type\" content=\"article\" \/>\n<meta property=\"og:title\" content=\"Die Finkenburg w\u00e4chst - B\u00fcrgeraktion Korber H\u00f6he e. V.\" \/>\n<meta property=\"og:description\" content=\"Das Konzept f\u00fcr die Finkenburg, dem neuen Kinderhaus an der Bajastra\u00dfe, hatten Mitarbeiterinnen des Tr\u00e4gers\u00a0 Kind und Beruf gGmbH auf unserer Step-Veranstaltung im Februar diesen Jahres vorgestellt. Inzwischen schreitet der Bau voran.\" \/>\n<meta property=\"og:url\" content=\"https:\/\/bakh.de\/wdp\/die-finkenburg-waechst\/\" \/>\n<meta property=\"og:site_name\" content=\"B\u00fcrgeraktion Korber H\u00f6he e. V.\" \/>\n<meta property=\"article:published_time\" content=\"2013-10-19T14:56:15+00:00\" \/>\n<meta property=\"article:modified_time\" content=\"2014-04-06T11:20:49+00:00\" \/>\n<meta property=\"og:image\" content=\"http:\/\/bakh.de\/wdp\/wp-content\/gallery\/finkenburg\/k-img_2610.jpg\" \/>\n<meta name=\"author\" content=\"Uli\" \/>\n<meta name=\"twitter:card\" content=\"summary_large_image\" \/>\n<meta name=\"twitter:label1\" content=\"Verfasst von\" \/>\n\t<meta name=\"twitter:data1\" content=\"Uli\" \/>\n\t<meta name=\"twitter:label2\" content=\"Gesch\u00e4tzte Lesezeit\" \/>\n\t<meta name=\"twitter:data2\" content=\"1\u00a0Minute\" \/>\n<script type=\"application\/ld+json\" class=\"yoast-schema-graph\">{\"@context\":\"https:\\\/\\\/schema.org\",\"@graph\":[{\"@type\":\"Article\",\"@id\":\"https:\\\/\\\/bakh.de\\\/wdp\\\/die-finkenburg-waechst\\\/#article\",\"isPartOf\":{\"@id\":\"https:\\\/\\\/bakh.de\\\/wdp\\\/die-finkenburg-waechst\\\/\"},\"author\":{\"name\":\"Uli\",\"@id\":\"https:\\\/\\\/bakh.de\\\/wdp\\\/#\\\/schema\\\/person\\\/75a1e296c1c53d3fbbc0a3c6104f6370\"},\"headline\":\"Die Finkenburg w\u00e4chst\",\"datePublished\":\"2013-10-19T14:56:15+00:00\",\"dateModified\":\"2014-04-06T11:20:49+00:00\",\"mainEntityOfPage\":{\"@id\":\"https:\\\/\\\/bakh.de\\\/wdp\\\/die-finkenburg-waechst\\\/\"},\"wordCount\":134,\"publisher\":{\"@id\":\"https:\\\/\\\/bakh.de\\\/wdp\\\/#organization\"},\"image\":{\"@id\":\"https:\\\/\\\/bakh.de\\\/wdp\\\/die-finkenburg-waechst\\\/#primaryimage\"},\"thumbnailUrl\":\"http:\\\/\\\/bakh.de\\\/wdp\\\/wp-content\\\/gallery\\\/finkenburg\\\/k-img_2610.jpg\",\"articleSection\":[\"Kindertagesst\u00e4tte\"],\"inLanguage\":\"de\"},{\"@type\":\"WebPage\",\"@id\":\"https:\\\/\\\/bakh.de\\\/wdp\\\/die-finkenburg-waechst\\\/\",\"url\":\"https:\\\/\\\/bakh.de\\\/wdp\\\/die-finkenburg-waechst\\\/\",\"name\":\"Die Finkenburg w\u00e4chst - B\u00fcrgeraktion Korber H\u00f6he e. V.\",\"isPartOf\":{\"@id\":\"https:\\\/\\\/bakh.de\\\/wdp\\\/#website\"},\"primaryImageOfPage\":{\"@id\":\"https:\\\/\\\/bakh.de\\\/wdp\\\/die-finkenburg-waechst\\\/#primaryimage\"},\"image\":{\"@id\":\"https:\\\/\\\/bakh.de\\\/wdp\\\/die-finkenburg-waechst\\\/#primaryimage\"},\"thumbnailUrl\":\"http:\\\/\\\/bakh.de\\\/wdp\\\/wp-content\\\/gallery\\\/finkenburg\\\/k-img_2610.jpg\",\"datePublished\":\"2013-10-19T14:56:15+00:00\",\"dateModified\":\"2014-04-06T11:20:49+00:00\",\"breadcrumb\":{\"@id\":\"https:\\\/\\\/bakh.de\\\/wdp\\\/die-finkenburg-waechst\\\/#breadcrumb\"},\"inLanguage\":\"de\",\"potentialAction\":[{\"@type\":\"ReadAction\",\"target\":[\"https:\\\/\\\/bakh.de\\\/wdp\\\/die-finkenburg-waechst\\\/\"]}]},{\"@type\":\"ImageObject\",\"inLanguage\":\"de\",\"@id\":\"https:\\\/\\\/bakh.de\\\/wdp\\\/die-finkenburg-waechst\\\/#primaryimage\",\"url\":\"http:\\\/\\\/bakh.de\\\/wdp\\\/wp-content\\\/gallery\\\/finkenburg\\\/k-img_2610.jpg\",\"contentUrl\":\"http:\\\/\\\/bakh.de\\\/wdp\\\/wp-content\\\/gallery\\\/finkenburg\\\/k-img_2610.jpg\"},{\"@type\":\"BreadcrumbList\",\"@id\":\"https:\\\/\\\/bakh.de\\\/wdp\\\/die-finkenburg-waechst\\\/#breadcrumb\",\"itemListElement\":[{\"@type\":\"ListItem\",\"position\":1,\"name\":\"Startseite\",\"item\":\"https:\\\/\\\/bakh.de\\\/wdp\\\/\"},{\"@type\":\"ListItem\",\"position\":2,\"name\":\"Die Finkenburg w\u00e4chst\"}]},{\"@type\":\"WebSite\",\"@id\":\"https:\\\/\\\/bakh.de\\\/wdp\\\/#website\",\"url\":\"https:\\\/\\\/bakh.de\\\/wdp\\\/\",\"name\":\"B\u00fcrgeraktion Korber H\u00f6he e. V.\",\"description\":\"\",\"publisher\":{\"@id\":\"https:\\\/\\\/bakh.de\\\/wdp\\\/#organization\"},\"potentialAction\":[{\"@type\":\"SearchAction\",\"target\":{\"@type\":\"EntryPoint\",\"urlTemplate\":\"https:\\\/\\\/bakh.de\\\/wdp\\\/?s={search_term_string}\"},\"query-input\":{\"@type\":\"PropertyValueSpecification\",\"valueRequired\":true,\"valueName\":\"search_term_string\"}}],\"inLanguage\":\"de\"},{\"@type\":\"Organization\",\"@id\":\"https:\\\/\\\/bakh.de\\\/wdp\\\/#organization\",\"name\":\"B\u00fcrgeraktion Korber H\u00f6he e. V.\",\"url\":\"https:\\\/\\\/bakh.de\\\/wdp\\\/\",\"logo\":{\"@type\":\"ImageObject\",\"inLanguage\":\"de\",\"@id\":\"https:\\\/\\\/bakh.de\\\/wdp\\\/#\\\/schema\\\/logo\\\/image\\\/\",\"url\":\"https:\\\/\\\/bakh.de\\\/wdp\\\/wp-content\\\/uploads\\\/2025\\\/11\\\/BAKH_Logo_4c_512.jpg\",\"contentUrl\":\"https:\\\/\\\/bakh.de\\\/wdp\\\/wp-content\\\/uploads\\\/2025\\\/11\\\/BAKH_Logo_4c_512.jpg\",\"width\":516,\"height\":518,\"caption\":\"B\u00fcrgeraktion Korber H\u00f6he e. V.\"},\"image\":{\"@id\":\"https:\\\/\\\/bakh.de\\\/wdp\\\/#\\\/schema\\\/logo\\\/image\\\/\"}},{\"@type\":\"Person\",\"@id\":\"https:\\\/\\\/bakh.de\\\/wdp\\\/#\\\/schema\\\/person\\\/75a1e296c1c53d3fbbc0a3c6104f6370\",\"name\":\"Uli\",\"image\":{\"@type\":\"ImageObject\",\"inLanguage\":\"de\",\"@id\":\"https:\\\/\\\/secure.gravatar.com\\\/avatar\\\/3b55f09e3908cc7190694de428627f99ad7fb1fd6ca4aa1f5a2c94110a7a2967?s=96&d=mm&r=g\",\"url\":\"https:\\\/\\\/secure.gravatar.com\\\/avatar\\\/3b55f09e3908cc7190694de428627f99ad7fb1fd6ca4aa1f5a2c94110a7a2967?s=96&d=mm&r=g\",\"contentUrl\":\"https:\\\/\\\/secure.gravatar.com\\\/avatar\\\/3b55f09e3908cc7190694de428627f99ad7fb1fd6ca4aa1f5a2c94110a7a2967?s=96&d=mm&r=g\",\"caption\":\"Uli\"},\"url\":\"https:\\\/\\\/bakh.de\\\/wdp\\\/author\\\/uli\\\/\"}]}<\/script>\n<!-- \/ Yoast SEO plugin. -->","yoast_head_json":{"title":"Die Finkenburg w\u00e4chst - B\u00fcrgeraktion Korber H\u00f6he e. V.","robots":{"index":"index","follow":"follow","max-snippet":"max-snippet:-1","max-image-preview":"max-image-preview:large","max-video-preview":"max-video-preview:-1"},"canonical":"https:\/\/bakh.de\/wdp\/die-finkenburg-waechst\/","og_locale":"de_DE","og_type":"article","og_title":"Die Finkenburg w\u00e4chst - B\u00fcrgeraktion Korber H\u00f6he e. V.","og_description":"Das Konzept f\u00fcr die Finkenburg, dem neuen Kinderhaus an der Bajastra\u00dfe, hatten Mitarbeiterinnen des Tr\u00e4gers\u00a0 Kind und Beruf gGmbH auf unserer Step-Veranstaltung im Februar diesen Jahres vorgestellt. Inzwischen schreitet der Bau voran.","og_url":"https:\/\/bakh.de\/wdp\/die-finkenburg-waechst\/","og_site_name":"B\u00fcrgeraktion Korber H\u00f6he e. V.","article_published_time":"2013-10-19T14:56:15+00:00","article_modified_time":"2014-04-06T11:20:49+00:00","og_image":[{"url":"http:\/\/bakh.de\/wdp\/wp-content\/gallery\/finkenburg\/k-img_2610.jpg","type":"","width":"","height":""}],"author":"Uli","twitter_card":"summary_large_image","twitter_misc":{"Verfasst von":"Uli","Gesch\u00e4tzte Lesezeit":"1\u00a0Minute"},"schema":{"@context":"https:\/\/schema.org","@graph":[{"@type":"Article","@id":"https:\/\/bakh.de\/wdp\/die-finkenburg-waechst\/#article","isPartOf":{"@id":"https:\/\/bakh.de\/wdp\/die-finkenburg-waechst\/"},"author":{"name":"Uli","@id":"https:\/\/bakh.de\/wdp\/#\/schema\/person\/75a1e296c1c53d3fbbc0a3c6104f6370"},"headline":"Die Finkenburg w\u00e4chst","datePublished":"2013-10-19T14:56:15+00:00","dateModified":"2014-04-06T11:20:49+00:00","mainEntityOfPage":{"@id":"https:\/\/bakh.de\/wdp\/die-finkenburg-waechst\/"},"wordCount":134,"publisher":{"@id":"https:\/\/bakh.de\/wdp\/#organization"},"image":{"@id":"https:\/\/bakh.de\/wdp\/die-finkenburg-waechst\/#primaryimage"},"thumbnailUrl":"http:\/\/bakh.de\/wdp\/wp-content\/gallery\/finkenburg\/k-img_2610.jpg","articleSection":["Kindertagesst\u00e4tte"],"inLanguage":"de"},{"@type":"WebPage","@id":"https:\/\/bakh.de\/wdp\/die-finkenburg-waechst\/","url":"https:\/\/bakh.de\/wdp\/die-finkenburg-waechst\/","name":"Die Finkenburg w\u00e4chst - B\u00fcrgeraktion Korber H\u00f6he e. V.","isPartOf":{"@id":"https:\/\/bakh.de\/wdp\/#website"},"primaryImageOfPage":{"@id":"https:\/\/bakh.de\/wdp\/die-finkenburg-waechst\/#primaryimage"},"image":{"@id":"https:\/\/bakh.de\/wdp\/die-finkenburg-waechst\/#primaryimage"},"thumbnailUrl":"http:\/\/bakh.de\/wdp\/wp-content\/gallery\/finkenburg\/k-img_2610.jpg","datePublished":"2013-10-19T14:56:15+00:00","dateModified":"2014-04-06T11:20:49+00:00","breadcrumb":{"@id":"https:\/\/bakh.de\/wdp\/die-finkenburg-waechst\/#breadcrumb"},"inLanguage":"de","potentialAction":[{"@type":"ReadAction","target":["https:\/\/bakh.de\/wdp\/die-finkenburg-waechst\/"]}]},{"@type":"ImageObject","inLanguage":"de","@id":"https:\/\/bakh.de\/wdp\/die-finkenburg-waechst\/#primaryimage","url":"http:\/\/bakh.de\/wdp\/wp-content\/gallery\/finkenburg\/k-img_2610.jpg","contentUrl":"http:\/\/bakh.de\/wdp\/wp-content\/gallery\/finkenburg\/k-img_2610.jpg"},{"@type":"BreadcrumbList","@id":"https:\/\/bakh.de\/wdp\/die-finkenburg-waechst\/#breadcrumb","itemListElement":[{"@type":"ListItem","position":1,"name":"Startseite","item":"https:\/\/bakh.de\/wdp\/"},{"@type":"ListItem","position":2,"name":"Die Finkenburg w\u00e4chst"}]},{"@type":"WebSite","@id":"https:\/\/bakh.de\/wdp\/#website","url":"https:\/\/bakh.de\/wdp\/","name":"B\u00fcrgeraktion Korber H\u00f6he e. V.","description":"","publisher":{"@id":"https:\/\/bakh.de\/wdp\/#organization"},"potentialAction":[{"@type":"SearchAction","target":{"@type":"EntryPoint","urlTemplate":"https:\/\/bakh.de\/wdp\/?s={search_term_string}"},"query-input":{"@type":"PropertyValueSpecification","valueRequired":true,"valueName":"search_term_string"}}],"inLanguage":"de"},{"@type":"Organization","@id":"https:\/\/bakh.de\/wdp\/#organization","name":"B\u00fcrgeraktion Korber H\u00f6he e. V.","url":"https:\/\/bakh.de\/wdp\/","logo":{"@type":"ImageObject","inLanguage":"de","@id":"https:\/\/bakh.de\/wdp\/#\/schema\/logo\/image\/","url":"https:\/\/bakh.de\/wdp\/wp-content\/uploads\/2025\/11\/BAKH_Logo_4c_512.jpg","contentUrl":"https:\/\/bakh.de\/wdp\/wp-content\/uploads\/2025\/11\/BAKH_Logo_4c_512.jpg","width":516,"height":518,"caption":"B\u00fcrgeraktion Korber H\u00f6he e. V."},"image":{"@id":"https:\/\/bakh.de\/wdp\/#\/schema\/logo\/image\/"}},{"@type":"Person","@id":"https:\/\/bakh.de\/wdp\/#\/schema\/person\/75a1e296c1c53d3fbbc0a3c6104f6370","name":"Uli","image":{"@type":"ImageObject","inLanguage":"de","@id":"https:\/\/secure.gravatar.com\/avatar\/3b55f09e3908cc7190694de428627f99ad7fb1fd6ca4aa1f5a2c94110a7a2967?s=96&d=mm&r=g","url":"https:\/\/secure.gravatar.com\/avatar\/3b55f09e3908cc7190694de428627f99ad7fb1fd6ca4aa1f5a2c94110a7a2967?s=96&d=mm&r=g","contentUrl":"https:\/\/secure.gravatar.com\/avatar\/3b55f09e3908cc7190694de428627f99ad7fb1fd6ca4aa1f5a2c94110a7a2967?s=96&d=mm&r=g","caption":"Uli"},"url":"https:\/\/bakh.de\/wdp\/author\/uli\/"}]}},"_links":{"self":[{"href":"https:\/\/bakh.de\/wdp\/wp-json\/wp\/v2\/posts\/1559","targetHints":{"allow":["GET"]}}],"collection":[{"href":"https:\/\/bakh.de\/wdp\/wp-json\/wp\/v2\/posts"}],"about":[{"href":"https:\/\/bakh.de\/wdp\/wp-json\/wp\/v2\/types\/post"}],"author":[{"embeddable":true,"href":"https:\/\/bakh.de\/wdp\/wp-json\/wp\/v2\/users\/3"}],"replies":[{"embeddable":true,"href":"https:\/\/bakh.de\/wdp\/wp-json\/wp\/v2\/comments?post=1559"}],"version-history":[{"count":7,"href":"https:\/\/bakh.de\/wdp\/wp-json\/wp\/v2\/posts\/1559\/revisions"}],"predecessor-version":[{"id":1570,"href":"https:\/\/bakh.de\/wdp\/wp-json\/wp\/v2\/posts\/1559\/revisions\/1570"}],"wp:attachment":[{"href":"https:\/\/bakh.de\/wdp\/wp-json\/wp\/v2\/media?parent=1559"}],"wp:term":[{"taxonomy":"category","embeddable":true,"href":"https:\/\/bakh.de\/wdp\/wp-json\/wp\/v2\/categories?post=1559"},{"taxonomy":"post_tag","embeddable":true,"href":"https:\/\/bakh.de\/wdp\/wp-json\/wp\/v2\/tags?post=1559"}],"curies":[{"name":"wp","href":"https:\/\/api.w.org\/{rel}","templated":true}]}}