{"id":1483,"date":"2013-08-11T18:40:33","date_gmt":"2013-08-11T18:40:33","guid":{"rendered":"http:\/\/bakh.de\/wdp\/?p=1483"},"modified":"2013-08-11T18:43:22","modified_gmt":"2013-08-11T18:43:22","slug":"jugendfarm-wird-geplant","status":"publish","type":"post","link":"https:\/\/bakh.de\/wdp\/jugendfarm-wird-geplant\/","title":{"rendered":"Jugendfarm wird geplant"},"content":{"rendered":"<p><a href=\"http:\/\/bakh.de\/wdp\/wp-content\/uploads\/2013\/08\/k-2013-07-Jugendfarmsitzg-05-.jpg\"><img loading=\"lazy\" decoding=\"async\" class=\" wp-image-1486 alignleft\" alt=\"k-2013-07 Jugendfarmsitzg 05\" src=\"http:\/\/bakh.de\/wdp\/wp-content\/uploads\/2013\/08\/k-2013-07-Jugendfarmsitzg-05--300x225.jpg\" width=\"180\" height=\"135\" srcset=\"https:\/\/bakh.de\/wdp\/wp-content\/uploads\/2013\/08\/k-2013-07-Jugendfarmsitzg-05--300x225.jpg 300w, https:\/\/bakh.de\/wdp\/wp-content\/uploads\/2013\/08\/k-2013-07-Jugendfarmsitzg-05-.jpg 800w\" sizes=\"auto, (max-width: 180px) 100vw, 180px\" \/><\/a>Am Freitag 5.7. trafen sich Vertreter der verschiedenen Interessengruppen f\u00fcr eine Jugendfarm am Finkenberg (B\u00fcrgeraktion Korber H\u00f6he, Weideprojekt Finkenberg, Tierschutzverein Waiblingen, Verein Jugendfarm, Vertretung der Stadt Waiblingen, Gut Aiderbichl). Nachdem der Ausschuss f\u00fcr Bildung, Soziales und Verwaltung den Beschluss gefasst hatte die geplante <a title=\"Jundendfarm kommt auf den Finkenberg\" href=\"http:\/\/bakh.de\/wdp\/?p=1410\">Jugendfarm auf dem Finkenberg<\/a> einzurichten, wurden die Vorstellungen und W\u00fcnsche der einzelnen Gruppen sowie die weitere Vorgehensweise besprochen.<!--more--><\/p>\n<p>Alle Gruppen waren sich einig, dass das bestehende Beweidungsprojekt fort gef\u00fchrt werden soll und die Grundlage f\u00fcr die Jugendfarm ist. Das Gel\u00e4nde bietet die M\u00f6glichkeit den Kindern und Jugendlichen Abenteuer, Besch\u00e4ftigung, Tier- und Naturschutz, Kreativit\u00e4t altes Handwerk, Entstehung und Fertigung von Nahrung und Kleidung, Anbau von Obst und Gem\u00fcse, Werden und Vergehen von Tieren und Pflanzen nahe zu bringen.<\/p>\n<p>Architekt Wolfgang Suditsch stellte die baulichen Pl\u00e4ne vor. Die Jugendfarm soll durch ein Modulsystem in Holzst\u00e4nderbau<\/p>\n<p><a href=\"http:\/\/bakh.de\/wdp\/wp-content\/uploads\/2013\/08\/k-2013-07-Jugendfarmsitzg-06-.jpg\"><img loading=\"lazy\" decoding=\"async\" class=\"alignright  wp-image-1488\" alt=\"k-2013-07 Jugendfarmsitzg 06\" src=\"http:\/\/bakh.de\/wdp\/wp-content\/uploads\/2013\/08\/k-2013-07-Jugendfarmsitzg-06--300x225.jpg\" width=\"180\" height=\"135\" srcset=\"https:\/\/bakh.de\/wdp\/wp-content\/uploads\/2013\/08\/k-2013-07-Jugendfarmsitzg-06--300x225.jpg 300w, https:\/\/bakh.de\/wdp\/wp-content\/uploads\/2013\/08\/k-2013-07-Jugendfarmsitzg-06-.jpg 800w\" sizes=\"auto, (max-width: 180px) 100vw, 180px\" \/><\/a><\/p>\n<p>weise, die einen hohen Eigenanteil bei den Bauarbeiten zul\u00e4sst, aufgebaut werden. Im Eingangsbereich des Finkenberggel\u00e4ndes sollen zun\u00e4chst Container aufgestellt werden. 2015 soll dann ein richtiges Farmhaus gebaut werden.<br \/>\nJ\u00fcrgen L\u00f6w, der das Beweidungsprojekt und die Tiere betreut, und eine st\u00e4dtische Mitarbeiterin vom Jugendhaus Korber H\u00f6he, , unterst\u00fctzt durch ehrenamtliche Helfer des Jugendfarm Vereins, sollen die p\u00e4dagogische Arbeit mit den Kinder und Jugendlichen\u00fcbernehmen.<\/p>\n<p><a href=\"http:\/\/bakh.de\/wdp\/wp-content\/uploads\/2013\/08\/k-2013-07-Jugendfarmsitzg-04-.jpg\"><img loading=\"lazy\" decoding=\"async\" class=\" wp-image-1494 alignleft\" alt=\"k-2013-07 Jugendfarmsitzg 04\" src=\"http:\/\/bakh.de\/wdp\/wp-content\/uploads\/2013\/08\/k-2013-07-Jugendfarmsitzg-04--300x225.jpg\" width=\"180\" height=\"135\" srcset=\"https:\/\/bakh.de\/wdp\/wp-content\/uploads\/2013\/08\/k-2013-07-Jugendfarmsitzg-04--300x225.jpg 300w, https:\/\/bakh.de\/wdp\/wp-content\/uploads\/2013\/08\/k-2013-07-Jugendfarmsitzg-04-.jpg 800w\" sizes=\"auto, (max-width: 180px) 100vw, 180px\" \/><\/a>Der Verein <a title=\"Jugendfarm Verein\" href=\"http:\/\/www.jugendfarm-waiblingen.de\/\" target=\"_blank\">Jugendfarm Waiblingen e. V.<\/a> wird die weiteren Planungen vorantreiben. Nach Erstellung eines Gesamtplans soll ein Baugesuch eingereicht werden. Interessierte sind herzlich eingeladen mit zu helfen und die Jugendfarm zu gestalten.<\/p>\n<p>Neben der Jugendfarm und der Beweidung wird der Finkenberg auch f\u00fcr die Bewohner der Korber H\u00f6he zug\u00e4nglich sein. Es soll ein \u00f6ffentlicher Weg entstehen, der vorbei an der Jugendfarm und den Tieren zu einem Aussichtspunkt mit einem guten Blick \u00fcber das Gel\u00e4nde mit den Tieren und die Umgegend f\u00fchrt.<\/p>\n","protected":false},"excerpt":{"rendered":"<p>Am Freitag 5.7. trafen sich Vertreter der verschiedenen Interessengruppen f\u00fcr eine Jugendfarm am Finkenberg (B\u00fcrgeraktion Korber H\u00f6he, Weideprojekt Finkenberg, Tierschutzverein Waiblingen, Verein Jugendfarm, Vertretung der Stadt Waiblingen, Gut Aiderbichl). Nachdem der Ausschuss f\u00fcr Bildung, Soziales und Verwaltung den Beschluss gefasst hatte die geplante Jugendfarm auf dem Finkenberg einzurichten, wurden die Vorstellungen und W\u00fcnsche der einzelnen [&hellip;]<\/p>\n","protected":false},"author":3,"featured_media":0,"comment_status":"closed","ping_status":"closed","sticky":false,"template":"","format":"standard","meta":{"ngg_post_thumbnail":0,"footnotes":""},"categories":[11],"tags":[],"class_list":["post-1483","post","type-post","status-publish","format-standard","hentry","category-finkenberg"],"yoast_head":"<!-- This site is optimized with the Yoast SEO plugin v27.5 - https:\/\/yoast.com\/product\/yoast-seo-wordpress\/ -->\n<title>Jugendfarm wird geplant - B\u00fcrgeraktion Korber H\u00f6he e. V.<\/title>\n<meta name=\"robots\" content=\"index, follow, max-snippet:-1, max-image-preview:large, max-video-preview:-1\" \/>\n<link rel=\"canonical\" href=\"https:\/\/bakh.de\/wdp\/jugendfarm-wird-geplant\/\" \/>\n<meta property=\"og:locale\" content=\"de_DE\" \/>\n<meta property=\"og:type\" content=\"article\" \/>\n<meta property=\"og:title\" content=\"Jugendfarm wird geplant - B\u00fcrgeraktion Korber H\u00f6he e. V.\" \/>\n<meta property=\"og:description\" content=\"Am Freitag 5.7. trafen sich Vertreter der verschiedenen Interessengruppen f\u00fcr eine Jugendfarm am Finkenberg (B\u00fcrgeraktion Korber H\u00f6he, Weideprojekt Finkenberg, Tierschutzverein Waiblingen, Verein Jugendfarm, Vertretung der Stadt Waiblingen, Gut Aiderbichl). Nachdem der Ausschuss f\u00fcr Bildung, Soziales und Verwaltung den Beschluss gefasst hatte die geplante Jugendfarm auf dem Finkenberg einzurichten, wurden die Vorstellungen und W\u00fcnsche der einzelnen [&hellip;]\" \/>\n<meta property=\"og:url\" content=\"https:\/\/bakh.de\/wdp\/jugendfarm-wird-geplant\/\" \/>\n<meta property=\"og:site_name\" content=\"B\u00fcrgeraktion Korber H\u00f6he e. V.\" \/>\n<meta property=\"article:published_time\" content=\"2013-08-11T18:40:33+00:00\" \/>\n<meta property=\"article:modified_time\" content=\"2013-08-11T18:43:22+00:00\" \/>\n<meta property=\"og:image\" content=\"http:\/\/bakh.de\/wdp\/wp-content\/uploads\/2013\/08\/k-2013-07-Jugendfarmsitzg-05--300x225.jpg\" \/>\n<meta name=\"author\" content=\"Uli\" \/>\n<meta name=\"twitter:card\" content=\"summary_large_image\" \/>\n<meta name=\"twitter:label1\" content=\"Verfasst von\" \/>\n\t<meta name=\"twitter:data1\" content=\"Uli\" \/>\n\t<meta name=\"twitter:label2\" content=\"Gesch\u00e4tzte Lesezeit\" \/>\n\t<meta name=\"twitter:data2\" content=\"2\u00a0Minuten\" \/>\n<script type=\"application\/ld+json\" class=\"yoast-schema-graph\">{\"@context\":\"https:\\\/\\\/schema.org\",\"@graph\":[{\"@type\":\"Article\",\"@id\":\"https:\\\/\\\/bakh.de\\\/wdp\\\/jugendfarm-wird-geplant\\\/#article\",\"isPartOf\":{\"@id\":\"https:\\\/\\\/bakh.de\\\/wdp\\\/jugendfarm-wird-geplant\\\/\"},\"author\":{\"name\":\"Uli\",\"@id\":\"https:\\\/\\\/bakh.de\\\/wdp\\\/#\\\/schema\\\/person\\\/75a1e296c1c53d3fbbc0a3c6104f6370\"},\"headline\":\"Jugendfarm wird geplant\",\"datePublished\":\"2013-08-11T18:40:33+00:00\",\"dateModified\":\"2013-08-11T18:43:22+00:00\",\"mainEntityOfPage\":{\"@id\":\"https:\\\/\\\/bakh.de\\\/wdp\\\/jugendfarm-wird-geplant\\\/\"},\"wordCount\":308,\"publisher\":{\"@id\":\"https:\\\/\\\/bakh.de\\\/wdp\\\/#organization\"},\"image\":{\"@id\":\"https:\\\/\\\/bakh.de\\\/wdp\\\/jugendfarm-wird-geplant\\\/#primaryimage\"},\"thumbnailUrl\":\"http:\\\/\\\/bakh.de\\\/wdp\\\/wp-content\\\/uploads\\\/2013\\\/08\\\/k-2013-07-Jugendfarmsitzg-05--300x225.jpg\",\"articleSection\":[\"Finkenberg\"],\"inLanguage\":\"de\"},{\"@type\":\"WebPage\",\"@id\":\"https:\\\/\\\/bakh.de\\\/wdp\\\/jugendfarm-wird-geplant\\\/\",\"url\":\"https:\\\/\\\/bakh.de\\\/wdp\\\/jugendfarm-wird-geplant\\\/\",\"name\":\"Jugendfarm wird geplant - B\u00fcrgeraktion Korber H\u00f6he e. V.\",\"isPartOf\":{\"@id\":\"https:\\\/\\\/bakh.de\\\/wdp\\\/#website\"},\"primaryImageOfPage\":{\"@id\":\"https:\\\/\\\/bakh.de\\\/wdp\\\/jugendfarm-wird-geplant\\\/#primaryimage\"},\"image\":{\"@id\":\"https:\\\/\\\/bakh.de\\\/wdp\\\/jugendfarm-wird-geplant\\\/#primaryimage\"},\"thumbnailUrl\":\"http:\\\/\\\/bakh.de\\\/wdp\\\/wp-content\\\/uploads\\\/2013\\\/08\\\/k-2013-07-Jugendfarmsitzg-05--300x225.jpg\",\"datePublished\":\"2013-08-11T18:40:33+00:00\",\"dateModified\":\"2013-08-11T18:43:22+00:00\",\"breadcrumb\":{\"@id\":\"https:\\\/\\\/bakh.de\\\/wdp\\\/jugendfarm-wird-geplant\\\/#breadcrumb\"},\"inLanguage\":\"de\",\"potentialAction\":[{\"@type\":\"ReadAction\",\"target\":[\"https:\\\/\\\/bakh.de\\\/wdp\\\/jugendfarm-wird-geplant\\\/\"]}]},{\"@type\":\"ImageObject\",\"inLanguage\":\"de\",\"@id\":\"https:\\\/\\\/bakh.de\\\/wdp\\\/jugendfarm-wird-geplant\\\/#primaryimage\",\"url\":\"https:\\\/\\\/bakh.de\\\/wdp\\\/wp-content\\\/uploads\\\/2013\\\/08\\\/k-2013-07-Jugendfarmsitzg-05-.jpg\",\"contentUrl\":\"https:\\\/\\\/bakh.de\\\/wdp\\\/wp-content\\\/uploads\\\/2013\\\/08\\\/k-2013-07-Jugendfarmsitzg-05-.jpg\",\"width\":800,\"height\":600},{\"@type\":\"BreadcrumbList\",\"@id\":\"https:\\\/\\\/bakh.de\\\/wdp\\\/jugendfarm-wird-geplant\\\/#breadcrumb\",\"itemListElement\":[{\"@type\":\"ListItem\",\"position\":1,\"name\":\"Startseite\",\"item\":\"https:\\\/\\\/bakh.de\\\/wdp\\\/\"},{\"@type\":\"ListItem\",\"position\":2,\"name\":\"Jugendfarm wird geplant\"}]},{\"@type\":\"WebSite\",\"@id\":\"https:\\\/\\\/bakh.de\\\/wdp\\\/#website\",\"url\":\"https:\\\/\\\/bakh.de\\\/wdp\\\/\",\"name\":\"B\u00fcrgeraktion Korber H\u00f6he e. V.\",\"description\":\"\",\"publisher\":{\"@id\":\"https:\\\/\\\/bakh.de\\\/wdp\\\/#organization\"},\"potentialAction\":[{\"@type\":\"SearchAction\",\"target\":{\"@type\":\"EntryPoint\",\"urlTemplate\":\"https:\\\/\\\/bakh.de\\\/wdp\\\/?s={search_term_string}\"},\"query-input\":{\"@type\":\"PropertyValueSpecification\",\"valueRequired\":true,\"valueName\":\"search_term_string\"}}],\"inLanguage\":\"de\"},{\"@type\":\"Organization\",\"@id\":\"https:\\\/\\\/bakh.de\\\/wdp\\\/#organization\",\"name\":\"B\u00fcrgeraktion Korber H\u00f6he e. V.\",\"url\":\"https:\\\/\\\/bakh.de\\\/wdp\\\/\",\"logo\":{\"@type\":\"ImageObject\",\"inLanguage\":\"de\",\"@id\":\"https:\\\/\\\/bakh.de\\\/wdp\\\/#\\\/schema\\\/logo\\\/image\\\/\",\"url\":\"https:\\\/\\\/bakh.de\\\/wdp\\\/wp-content\\\/uploads\\\/2025\\\/11\\\/BAKH_Logo_4c_512.jpg\",\"contentUrl\":\"https:\\\/\\\/bakh.de\\\/wdp\\\/wp-content\\\/uploads\\\/2025\\\/11\\\/BAKH_Logo_4c_512.jpg\",\"width\":516,\"height\":518,\"caption\":\"B\u00fcrgeraktion Korber H\u00f6he e. V.\"},\"image\":{\"@id\":\"https:\\\/\\\/bakh.de\\\/wdp\\\/#\\\/schema\\\/logo\\\/image\\\/\"}},{\"@type\":\"Person\",\"@id\":\"https:\\\/\\\/bakh.de\\\/wdp\\\/#\\\/schema\\\/person\\\/75a1e296c1c53d3fbbc0a3c6104f6370\",\"name\":\"Uli\",\"image\":{\"@type\":\"ImageObject\",\"inLanguage\":\"de\",\"@id\":\"https:\\\/\\\/secure.gravatar.com\\\/avatar\\\/3b55f09e3908cc7190694de428627f99ad7fb1fd6ca4aa1f5a2c94110a7a2967?s=96&d=mm&r=g\",\"url\":\"https:\\\/\\\/secure.gravatar.com\\\/avatar\\\/3b55f09e3908cc7190694de428627f99ad7fb1fd6ca4aa1f5a2c94110a7a2967?s=96&d=mm&r=g\",\"contentUrl\":\"https:\\\/\\\/secure.gravatar.com\\\/avatar\\\/3b55f09e3908cc7190694de428627f99ad7fb1fd6ca4aa1f5a2c94110a7a2967?s=96&d=mm&r=g\",\"caption\":\"Uli\"},\"url\":\"https:\\\/\\\/bakh.de\\\/wdp\\\/author\\\/uli\\\/\"}]}<\/script>\n<!-- \/ Yoast SEO plugin. -->","yoast_head_json":{"title":"Jugendfarm wird geplant - B\u00fcrgeraktion Korber H\u00f6he e. V.","robots":{"index":"index","follow":"follow","max-snippet":"max-snippet:-1","max-image-preview":"max-image-preview:large","max-video-preview":"max-video-preview:-1"},"canonical":"https:\/\/bakh.de\/wdp\/jugendfarm-wird-geplant\/","og_locale":"de_DE","og_type":"article","og_title":"Jugendfarm wird geplant - B\u00fcrgeraktion Korber H\u00f6he e. V.","og_description":"Am Freitag 5.7. trafen sich Vertreter der verschiedenen Interessengruppen f\u00fcr eine Jugendfarm am Finkenberg (B\u00fcrgeraktion Korber H\u00f6he, Weideprojekt Finkenberg, Tierschutzverein Waiblingen, Verein Jugendfarm, Vertretung der Stadt Waiblingen, Gut Aiderbichl). Nachdem der Ausschuss f\u00fcr Bildung, Soziales und Verwaltung den Beschluss gefasst hatte die geplante Jugendfarm auf dem Finkenberg einzurichten, wurden die Vorstellungen und W\u00fcnsche der einzelnen [&hellip;]","og_url":"https:\/\/bakh.de\/wdp\/jugendfarm-wird-geplant\/","og_site_name":"B\u00fcrgeraktion Korber H\u00f6he e. V.","article_published_time":"2013-08-11T18:40:33+00:00","article_modified_time":"2013-08-11T18:43:22+00:00","og_image":[{"url":"http:\/\/bakh.de\/wdp\/wp-content\/uploads\/2013\/08\/k-2013-07-Jugendfarmsitzg-05--300x225.jpg","type":"","width":"","height":""}],"author":"Uli","twitter_card":"summary_large_image","twitter_misc":{"Verfasst von":"Uli","Gesch\u00e4tzte Lesezeit":"2\u00a0Minuten"},"schema":{"@context":"https:\/\/schema.org","@graph":[{"@type":"Article","@id":"https:\/\/bakh.de\/wdp\/jugendfarm-wird-geplant\/#article","isPartOf":{"@id":"https:\/\/bakh.de\/wdp\/jugendfarm-wird-geplant\/"},"author":{"name":"Uli","@id":"https:\/\/bakh.de\/wdp\/#\/schema\/person\/75a1e296c1c53d3fbbc0a3c6104f6370"},"headline":"Jugendfarm wird geplant","datePublished":"2013-08-11T18:40:33+00:00","dateModified":"2013-08-11T18:43:22+00:00","mainEntityOfPage":{"@id":"https:\/\/bakh.de\/wdp\/jugendfarm-wird-geplant\/"},"wordCount":308,"publisher":{"@id":"https:\/\/bakh.de\/wdp\/#organization"},"image":{"@id":"https:\/\/bakh.de\/wdp\/jugendfarm-wird-geplant\/#primaryimage"},"thumbnailUrl":"http:\/\/bakh.de\/wdp\/wp-content\/uploads\/2013\/08\/k-2013-07-Jugendfarmsitzg-05--300x225.jpg","articleSection":["Finkenberg"],"inLanguage":"de"},{"@type":"WebPage","@id":"https:\/\/bakh.de\/wdp\/jugendfarm-wird-geplant\/","url":"https:\/\/bakh.de\/wdp\/jugendfarm-wird-geplant\/","name":"Jugendfarm wird geplant - B\u00fcrgeraktion Korber H\u00f6he e. V.","isPartOf":{"@id":"https:\/\/bakh.de\/wdp\/#website"},"primaryImageOfPage":{"@id":"https:\/\/bakh.de\/wdp\/jugendfarm-wird-geplant\/#primaryimage"},"image":{"@id":"https:\/\/bakh.de\/wdp\/jugendfarm-wird-geplant\/#primaryimage"},"thumbnailUrl":"http:\/\/bakh.de\/wdp\/wp-content\/uploads\/2013\/08\/k-2013-07-Jugendfarmsitzg-05--300x225.jpg","datePublished":"2013-08-11T18:40:33+00:00","dateModified":"2013-08-11T18:43:22+00:00","breadcrumb":{"@id":"https:\/\/bakh.de\/wdp\/jugendfarm-wird-geplant\/#breadcrumb"},"inLanguage":"de","potentialAction":[{"@type":"ReadAction","target":["https:\/\/bakh.de\/wdp\/jugendfarm-wird-geplant\/"]}]},{"@type":"ImageObject","inLanguage":"de","@id":"https:\/\/bakh.de\/wdp\/jugendfarm-wird-geplant\/#primaryimage","url":"https:\/\/bakh.de\/wdp\/wp-content\/uploads\/2013\/08\/k-2013-07-Jugendfarmsitzg-05-.jpg","contentUrl":"https:\/\/bakh.de\/wdp\/wp-content\/uploads\/2013\/08\/k-2013-07-Jugendfarmsitzg-05-.jpg","width":800,"height":600},{"@type":"BreadcrumbList","@id":"https:\/\/bakh.de\/wdp\/jugendfarm-wird-geplant\/#breadcrumb","itemListElement":[{"@type":"ListItem","position":1,"name":"Startseite","item":"https:\/\/bakh.de\/wdp\/"},{"@type":"ListItem","position":2,"name":"Jugendfarm wird geplant"}]},{"@type":"WebSite","@id":"https:\/\/bakh.de\/wdp\/#website","url":"https:\/\/bakh.de\/wdp\/","name":"B\u00fcrgeraktion Korber H\u00f6he e. V.","description":"","publisher":{"@id":"https:\/\/bakh.de\/wdp\/#organization"},"potentialAction":[{"@type":"SearchAction","target":{"@type":"EntryPoint","urlTemplate":"https:\/\/bakh.de\/wdp\/?s={search_term_string}"},"query-input":{"@type":"PropertyValueSpecification","valueRequired":true,"valueName":"search_term_string"}}],"inLanguage":"de"},{"@type":"Organization","@id":"https:\/\/bakh.de\/wdp\/#organization","name":"B\u00fcrgeraktion Korber H\u00f6he e. V.","url":"https:\/\/bakh.de\/wdp\/","logo":{"@type":"ImageObject","inLanguage":"de","@id":"https:\/\/bakh.de\/wdp\/#\/schema\/logo\/image\/","url":"https:\/\/bakh.de\/wdp\/wp-content\/uploads\/2025\/11\/BAKH_Logo_4c_512.jpg","contentUrl":"https:\/\/bakh.de\/wdp\/wp-content\/uploads\/2025\/11\/BAKH_Logo_4c_512.jpg","width":516,"height":518,"caption":"B\u00fcrgeraktion Korber H\u00f6he e. V."},"image":{"@id":"https:\/\/bakh.de\/wdp\/#\/schema\/logo\/image\/"}},{"@type":"Person","@id":"https:\/\/bakh.de\/wdp\/#\/schema\/person\/75a1e296c1c53d3fbbc0a3c6104f6370","name":"Uli","image":{"@type":"ImageObject","inLanguage":"de","@id":"https:\/\/secure.gravatar.com\/avatar\/3b55f09e3908cc7190694de428627f99ad7fb1fd6ca4aa1f5a2c94110a7a2967?s=96&d=mm&r=g","url":"https:\/\/secure.gravatar.com\/avatar\/3b55f09e3908cc7190694de428627f99ad7fb1fd6ca4aa1f5a2c94110a7a2967?s=96&d=mm&r=g","contentUrl":"https:\/\/secure.gravatar.com\/avatar\/3b55f09e3908cc7190694de428627f99ad7fb1fd6ca4aa1f5a2c94110a7a2967?s=96&d=mm&r=g","caption":"Uli"},"url":"https:\/\/bakh.de\/wdp\/author\/uli\/"}]}},"_links":{"self":[{"href":"https:\/\/bakh.de\/wdp\/wp-json\/wp\/v2\/posts\/1483","targetHints":{"allow":["GET"]}}],"collection":[{"href":"https:\/\/bakh.de\/wdp\/wp-json\/wp\/v2\/posts"}],"about":[{"href":"https:\/\/bakh.de\/wdp\/wp-json\/wp\/v2\/types\/post"}],"author":[{"embeddable":true,"href":"https:\/\/bakh.de\/wdp\/wp-json\/wp\/v2\/users\/3"}],"replies":[{"embeddable":true,"href":"https:\/\/bakh.de\/wdp\/wp-json\/wp\/v2\/comments?post=1483"}],"version-history":[{"count":10,"href":"https:\/\/bakh.de\/wdp\/wp-json\/wp\/v2\/posts\/1483\/revisions"}],"predecessor-version":[{"id":1824,"href":"https:\/\/bakh.de\/wdp\/wp-json\/wp\/v2\/posts\/1483\/revisions\/1824"}],"wp:attachment":[{"href":"https:\/\/bakh.de\/wdp\/wp-json\/wp\/v2\/media?parent=1483"}],"wp:term":[{"taxonomy":"category","embeddable":true,"href":"https:\/\/bakh.de\/wdp\/wp-json\/wp\/v2\/categories?post=1483"},{"taxonomy":"post_tag","embeddable":true,"href":"https:\/\/bakh.de\/wdp\/wp-json\/wp\/v2\/tags?post=1483"}],"curies":[{"name":"wp","href":"https:\/\/api.w.org\/{rel}","templated":true}]}}