{"id":1410,"date":"2013-06-29T18:18:06","date_gmt":"2013-06-29T18:18:06","guid":{"rendered":"http:\/\/bakh.de\/wdp\/?p=1410"},"modified":"2014-07-27T18:45:18","modified_gmt":"2014-07-27T18:45:18","slug":"jundendfarm-kommt-auf-den-finkenberg","status":"publish","type":"post","link":"https:\/\/bakh.de\/wdp\/jundendfarm-kommt-auf-den-finkenberg\/","title":{"rendered":"Jugendfarm kommt auf den Finkenberg"},"content":{"rendered":"<p>Am Mitwoch, 19. Juni 2013 hat der Ausschuss f\u00fcr Bildung, Soziales und Verwaltung einstimmig den Beschluss gefasst die geplante Jugendfarm auf dem Finkenberg auf der Korber H\u00f6he einzurichten. Wenn es gut l\u00e4uft, k\u00f6nnte es im Fr\u00fchjahr 2014 losgehen (<a title=\"Sitzungsvorlage BSV\" href=\"https:\/\/risweb.waiblingen.de\/ratsinfo\/waiblingen\/Proposal.html?select=2241\" target=\"_blank\">die Sitzungsvorlage mit dem Finanzierungsplan finden Sie hier<\/a>).<br \/>\nDer Verein Jugendfarm triff sich am Freitag 5.07.2013 um 20:00 Uhr auf dem Finkenberggel\u00e4nde, um die Entscheidung des Ausschusses und das weitere Vorgehen zu besprechen. Alle Interessierten sind herzlich eingeladen.<!--more--><a href=\"http:\/\/bakh.de\/wdp\/wp-content\/gallery\/finkenberg_2011\/2011-07-finkbg-hock-010.jpg\"><img decoding=\"async\" class=\"ngg-singlepic ngg-left alignleft\" src=\"http:\/\/bakh.de\/wdp\/wp-content\/gallery\/finkenberg_2011\/2011-07-finkbg-hock-010.jpg\" alt=\"2011-07-finkbg-hock-010\" width=\"160\" height=\"106,6\" \/><\/a><\/p>\n<p>Im Eingangsbereich des Finkenberggel\u00e4ndes sollen zun\u00e4chst Container aufgestellt werden. 2015 soll dann ein richtiges Farmhaus gebaut werden. Die Stadt hat die Stilllegung der Erddeponie beim Landratsamt beantragt. Wenn die Umwidmung erfolgt ist, k\u00f6nnte im Herbst diesen Jahres mit der Erschlie\u00dfung begonnen werden.<\/p>\n<p>Das p\u00e4dagogische Konzept wurde vom Verein <a title=\"Jugendfarm Verein\" href=\"http:\/\/www.jugendfarm-waiblingen.de\/\" target=\"_blank\">Jugendfarm Waiblingen e. V.<\/a> erstellt. Die Jugendfarm soll ein sozialp\u00e4dagogisch betreuter Abenteuerspielplatz mit Tieren sein, der es Jugendlichen zwischen sechs und 14 Jahren erm\u00f6glichen soll eine verantwortungsbewussten und achtungsvollen Umgang mit der Natur zu lernen.<\/p>\n<p>Die B\u00fcrgeraktion Korber H\u00f6he begr\u00fc\u00dft die Einrichtung der Jugendfarm auf dem Finkenberg. Wir fordern alle Interessierten auf, sich bei der Gestaltung zu beteiligen und im Verein Jugendfarm Mitglied zu werden.<\/p>\n<p>Zus\u00e4tzlich zur Jugendfarm und der Beweidung sollte der Finkenberg auch f\u00fcr die Bewohner der Korber H\u00f6he zug\u00e4nglich sein. Wir werden uns f\u00fcr eine entsprechende Gestaltung mit Wegen und B\u00e4nken einsetzen.<\/p>\n<p>&nbsp;<\/p>\n<p>&nbsp;<\/p>\n","protected":false},"excerpt":{"rendered":"<p>Am Mitwoch, 19. Juni 2013 hat der Ausschuss f\u00fcr Bildung, Soziales und Verwaltung einstimmig den Beschluss gefasst die geplante Jugendfarm auf dem Finkenberg auf der Korber H\u00f6he einzurichten. Wenn es gut l\u00e4uft, k\u00f6nnte es im Fr\u00fchjahr 2014 losgehen (die Sitzungsvorlage mit dem Finanzierungsplan finden Sie hier). Der Verein Jugendfarm triff sich am Freitag 5.07.2013 um [&hellip;]<\/p>\n","protected":false},"author":3,"featured_media":0,"comment_status":"closed","ping_status":"closed","sticky":false,"template":"","format":"standard","meta":{"ngg_post_thumbnail":0,"footnotes":""},"categories":[11],"tags":[],"class_list":["post-1410","post","type-post","status-publish","format-standard","hentry","category-finkenberg"],"yoast_head":"<!-- This site is optimized with the Yoast SEO plugin v27.5 - https:\/\/yoast.com\/product\/yoast-seo-wordpress\/ -->\n<title>Jugendfarm kommt auf den Finkenberg - B\u00fcrgeraktion Korber H\u00f6he e. V.<\/title>\n<meta name=\"robots\" content=\"index, follow, max-snippet:-1, max-image-preview:large, max-video-preview:-1\" \/>\n<link rel=\"canonical\" href=\"https:\/\/bakh.de\/wdp\/jundendfarm-kommt-auf-den-finkenberg\/\" \/>\n<meta property=\"og:locale\" content=\"de_DE\" \/>\n<meta property=\"og:type\" content=\"article\" \/>\n<meta property=\"og:title\" content=\"Jugendfarm kommt auf den Finkenberg - B\u00fcrgeraktion Korber H\u00f6he e. V.\" \/>\n<meta property=\"og:description\" content=\"Am Mitwoch, 19. Juni 2013 hat der Ausschuss f\u00fcr Bildung, Soziales und Verwaltung einstimmig den Beschluss gefasst die geplante Jugendfarm auf dem Finkenberg auf der Korber H\u00f6he einzurichten. Wenn es gut l\u00e4uft, k\u00f6nnte es im Fr\u00fchjahr 2014 losgehen (die Sitzungsvorlage mit dem Finanzierungsplan finden Sie hier). Der Verein Jugendfarm triff sich am Freitag 5.07.2013 um [&hellip;]\" \/>\n<meta property=\"og:url\" content=\"https:\/\/bakh.de\/wdp\/jundendfarm-kommt-auf-den-finkenberg\/\" \/>\n<meta property=\"og:site_name\" content=\"B\u00fcrgeraktion Korber H\u00f6he e. V.\" \/>\n<meta property=\"article:published_time\" content=\"2013-06-29T18:18:06+00:00\" \/>\n<meta property=\"article:modified_time\" content=\"2014-07-27T18:45:18+00:00\" \/>\n<meta property=\"og:image\" content=\"http:\/\/bakh.de\/wdp\/wp-content\/gallery\/finkenberg_2011\/2011-07-finkbg-hock-010.jpg\" \/>\n<meta name=\"author\" content=\"Uli\" \/>\n<meta name=\"twitter:card\" content=\"summary_large_image\" \/>\n<meta name=\"twitter:label1\" content=\"Verfasst von\" \/>\n\t<meta name=\"twitter:data1\" content=\"Uli\" \/>\n\t<meta name=\"twitter:label2\" content=\"Gesch\u00e4tzte Lesezeit\" \/>\n\t<meta name=\"twitter:data2\" content=\"1\u00a0Minute\" \/>\n<script type=\"application\/ld+json\" class=\"yoast-schema-graph\">{\"@context\":\"https:\\\/\\\/schema.org\",\"@graph\":[{\"@type\":\"Article\",\"@id\":\"https:\\\/\\\/bakh.de\\\/wdp\\\/jundendfarm-kommt-auf-den-finkenberg\\\/#article\",\"isPartOf\":{\"@id\":\"https:\\\/\\\/bakh.de\\\/wdp\\\/jundendfarm-kommt-auf-den-finkenberg\\\/\"},\"author\":{\"name\":\"Uli\",\"@id\":\"https:\\\/\\\/bakh.de\\\/wdp\\\/#\\\/schema\\\/person\\\/75a1e296c1c53d3fbbc0a3c6104f6370\"},\"headline\":\"Jugendfarm kommt auf den Finkenberg\",\"datePublished\":\"2013-06-29T18:18:06+00:00\",\"dateModified\":\"2014-07-27T18:45:18+00:00\",\"mainEntityOfPage\":{\"@id\":\"https:\\\/\\\/bakh.de\\\/wdp\\\/jundendfarm-kommt-auf-den-finkenberg\\\/\"},\"wordCount\":241,\"publisher\":{\"@id\":\"https:\\\/\\\/bakh.de\\\/wdp\\\/#organization\"},\"image\":{\"@id\":\"https:\\\/\\\/bakh.de\\\/wdp\\\/jundendfarm-kommt-auf-den-finkenberg\\\/#primaryimage\"},\"thumbnailUrl\":\"http:\\\/\\\/bakh.de\\\/wdp\\\/wp-content\\\/gallery\\\/finkenberg_2011\\\/2011-07-finkbg-hock-010.jpg\",\"articleSection\":[\"Finkenberg\"],\"inLanguage\":\"de\"},{\"@type\":\"WebPage\",\"@id\":\"https:\\\/\\\/bakh.de\\\/wdp\\\/jundendfarm-kommt-auf-den-finkenberg\\\/\",\"url\":\"https:\\\/\\\/bakh.de\\\/wdp\\\/jundendfarm-kommt-auf-den-finkenberg\\\/\",\"name\":\"Jugendfarm kommt auf den Finkenberg - B\u00fcrgeraktion Korber H\u00f6he e. V.\",\"isPartOf\":{\"@id\":\"https:\\\/\\\/bakh.de\\\/wdp\\\/#website\"},\"primaryImageOfPage\":{\"@id\":\"https:\\\/\\\/bakh.de\\\/wdp\\\/jundendfarm-kommt-auf-den-finkenberg\\\/#primaryimage\"},\"image\":{\"@id\":\"https:\\\/\\\/bakh.de\\\/wdp\\\/jundendfarm-kommt-auf-den-finkenberg\\\/#primaryimage\"},\"thumbnailUrl\":\"http:\\\/\\\/bakh.de\\\/wdp\\\/wp-content\\\/gallery\\\/finkenberg_2011\\\/2011-07-finkbg-hock-010.jpg\",\"datePublished\":\"2013-06-29T18:18:06+00:00\",\"dateModified\":\"2014-07-27T18:45:18+00:00\",\"breadcrumb\":{\"@id\":\"https:\\\/\\\/bakh.de\\\/wdp\\\/jundendfarm-kommt-auf-den-finkenberg\\\/#breadcrumb\"},\"inLanguage\":\"de\",\"potentialAction\":[{\"@type\":\"ReadAction\",\"target\":[\"https:\\\/\\\/bakh.de\\\/wdp\\\/jundendfarm-kommt-auf-den-finkenberg\\\/\"]}]},{\"@type\":\"ImageObject\",\"inLanguage\":\"de\",\"@id\":\"https:\\\/\\\/bakh.de\\\/wdp\\\/jundendfarm-kommt-auf-den-finkenberg\\\/#primaryimage\",\"url\":\"http:\\\/\\\/bakh.de\\\/wdp\\\/wp-content\\\/gallery\\\/finkenberg_2011\\\/2011-07-finkbg-hock-010.jpg\",\"contentUrl\":\"http:\\\/\\\/bakh.de\\\/wdp\\\/wp-content\\\/gallery\\\/finkenberg_2011\\\/2011-07-finkbg-hock-010.jpg\"},{\"@type\":\"BreadcrumbList\",\"@id\":\"https:\\\/\\\/bakh.de\\\/wdp\\\/jundendfarm-kommt-auf-den-finkenberg\\\/#breadcrumb\",\"itemListElement\":[{\"@type\":\"ListItem\",\"position\":1,\"name\":\"Startseite\",\"item\":\"https:\\\/\\\/bakh.de\\\/wdp\\\/\"},{\"@type\":\"ListItem\",\"position\":2,\"name\":\"Jugendfarm kommt auf den Finkenberg\"}]},{\"@type\":\"WebSite\",\"@id\":\"https:\\\/\\\/bakh.de\\\/wdp\\\/#website\",\"url\":\"https:\\\/\\\/bakh.de\\\/wdp\\\/\",\"name\":\"B\u00fcrgeraktion Korber H\u00f6he e. V.\",\"description\":\"\",\"publisher\":{\"@id\":\"https:\\\/\\\/bakh.de\\\/wdp\\\/#organization\"},\"potentialAction\":[{\"@type\":\"SearchAction\",\"target\":{\"@type\":\"EntryPoint\",\"urlTemplate\":\"https:\\\/\\\/bakh.de\\\/wdp\\\/?s={search_term_string}\"},\"query-input\":{\"@type\":\"PropertyValueSpecification\",\"valueRequired\":true,\"valueName\":\"search_term_string\"}}],\"inLanguage\":\"de\"},{\"@type\":\"Organization\",\"@id\":\"https:\\\/\\\/bakh.de\\\/wdp\\\/#organization\",\"name\":\"B\u00fcrgeraktion Korber H\u00f6he e. V.\",\"url\":\"https:\\\/\\\/bakh.de\\\/wdp\\\/\",\"logo\":{\"@type\":\"ImageObject\",\"inLanguage\":\"de\",\"@id\":\"https:\\\/\\\/bakh.de\\\/wdp\\\/#\\\/schema\\\/logo\\\/image\\\/\",\"url\":\"https:\\\/\\\/bakh.de\\\/wdp\\\/wp-content\\\/uploads\\\/2025\\\/11\\\/BAKH_Logo_4c_512.jpg\",\"contentUrl\":\"https:\\\/\\\/bakh.de\\\/wdp\\\/wp-content\\\/uploads\\\/2025\\\/11\\\/BAKH_Logo_4c_512.jpg\",\"width\":516,\"height\":518,\"caption\":\"B\u00fcrgeraktion Korber H\u00f6he e. V.\"},\"image\":{\"@id\":\"https:\\\/\\\/bakh.de\\\/wdp\\\/#\\\/schema\\\/logo\\\/image\\\/\"}},{\"@type\":\"Person\",\"@id\":\"https:\\\/\\\/bakh.de\\\/wdp\\\/#\\\/schema\\\/person\\\/75a1e296c1c53d3fbbc0a3c6104f6370\",\"name\":\"Uli\",\"image\":{\"@type\":\"ImageObject\",\"inLanguage\":\"de\",\"@id\":\"https:\\\/\\\/secure.gravatar.com\\\/avatar\\\/3b55f09e3908cc7190694de428627f99ad7fb1fd6ca4aa1f5a2c94110a7a2967?s=96&d=mm&r=g\",\"url\":\"https:\\\/\\\/secure.gravatar.com\\\/avatar\\\/3b55f09e3908cc7190694de428627f99ad7fb1fd6ca4aa1f5a2c94110a7a2967?s=96&d=mm&r=g\",\"contentUrl\":\"https:\\\/\\\/secure.gravatar.com\\\/avatar\\\/3b55f09e3908cc7190694de428627f99ad7fb1fd6ca4aa1f5a2c94110a7a2967?s=96&d=mm&r=g\",\"caption\":\"Uli\"},\"url\":\"https:\\\/\\\/bakh.de\\\/wdp\\\/author\\\/uli\\\/\"}]}<\/script>\n<!-- \/ Yoast SEO plugin. -->","yoast_head_json":{"title":"Jugendfarm kommt auf den Finkenberg - B\u00fcrgeraktion Korber H\u00f6he e. V.","robots":{"index":"index","follow":"follow","max-snippet":"max-snippet:-1","max-image-preview":"max-image-preview:large","max-video-preview":"max-video-preview:-1"},"canonical":"https:\/\/bakh.de\/wdp\/jundendfarm-kommt-auf-den-finkenberg\/","og_locale":"de_DE","og_type":"article","og_title":"Jugendfarm kommt auf den Finkenberg - B\u00fcrgeraktion Korber H\u00f6he e. V.","og_description":"Am Mitwoch, 19. Juni 2013 hat der Ausschuss f\u00fcr Bildung, Soziales und Verwaltung einstimmig den Beschluss gefasst die geplante Jugendfarm auf dem Finkenberg auf der Korber H\u00f6he einzurichten. Wenn es gut l\u00e4uft, k\u00f6nnte es im Fr\u00fchjahr 2014 losgehen (die Sitzungsvorlage mit dem Finanzierungsplan finden Sie hier). Der Verein Jugendfarm triff sich am Freitag 5.07.2013 um [&hellip;]","og_url":"https:\/\/bakh.de\/wdp\/jundendfarm-kommt-auf-den-finkenberg\/","og_site_name":"B\u00fcrgeraktion Korber H\u00f6he e. V.","article_published_time":"2013-06-29T18:18:06+00:00","article_modified_time":"2014-07-27T18:45:18+00:00","og_image":[{"url":"http:\/\/bakh.de\/wdp\/wp-content\/gallery\/finkenberg_2011\/2011-07-finkbg-hock-010.jpg","type":"","width":"","height":""}],"author":"Uli","twitter_card":"summary_large_image","twitter_misc":{"Verfasst von":"Uli","Gesch\u00e4tzte Lesezeit":"1\u00a0Minute"},"schema":{"@context":"https:\/\/schema.org","@graph":[{"@type":"Article","@id":"https:\/\/bakh.de\/wdp\/jundendfarm-kommt-auf-den-finkenberg\/#article","isPartOf":{"@id":"https:\/\/bakh.de\/wdp\/jundendfarm-kommt-auf-den-finkenberg\/"},"author":{"name":"Uli","@id":"https:\/\/bakh.de\/wdp\/#\/schema\/person\/75a1e296c1c53d3fbbc0a3c6104f6370"},"headline":"Jugendfarm kommt auf den Finkenberg","datePublished":"2013-06-29T18:18:06+00:00","dateModified":"2014-07-27T18:45:18+00:00","mainEntityOfPage":{"@id":"https:\/\/bakh.de\/wdp\/jundendfarm-kommt-auf-den-finkenberg\/"},"wordCount":241,"publisher":{"@id":"https:\/\/bakh.de\/wdp\/#organization"},"image":{"@id":"https:\/\/bakh.de\/wdp\/jundendfarm-kommt-auf-den-finkenberg\/#primaryimage"},"thumbnailUrl":"http:\/\/bakh.de\/wdp\/wp-content\/gallery\/finkenberg_2011\/2011-07-finkbg-hock-010.jpg","articleSection":["Finkenberg"],"inLanguage":"de"},{"@type":"WebPage","@id":"https:\/\/bakh.de\/wdp\/jundendfarm-kommt-auf-den-finkenberg\/","url":"https:\/\/bakh.de\/wdp\/jundendfarm-kommt-auf-den-finkenberg\/","name":"Jugendfarm kommt auf den Finkenberg - B\u00fcrgeraktion Korber H\u00f6he e. V.","isPartOf":{"@id":"https:\/\/bakh.de\/wdp\/#website"},"primaryImageOfPage":{"@id":"https:\/\/bakh.de\/wdp\/jundendfarm-kommt-auf-den-finkenberg\/#primaryimage"},"image":{"@id":"https:\/\/bakh.de\/wdp\/jundendfarm-kommt-auf-den-finkenberg\/#primaryimage"},"thumbnailUrl":"http:\/\/bakh.de\/wdp\/wp-content\/gallery\/finkenberg_2011\/2011-07-finkbg-hock-010.jpg","datePublished":"2013-06-29T18:18:06+00:00","dateModified":"2014-07-27T18:45:18+00:00","breadcrumb":{"@id":"https:\/\/bakh.de\/wdp\/jundendfarm-kommt-auf-den-finkenberg\/#breadcrumb"},"inLanguage":"de","potentialAction":[{"@type":"ReadAction","target":["https:\/\/bakh.de\/wdp\/jundendfarm-kommt-auf-den-finkenberg\/"]}]},{"@type":"ImageObject","inLanguage":"de","@id":"https:\/\/bakh.de\/wdp\/jundendfarm-kommt-auf-den-finkenberg\/#primaryimage","url":"http:\/\/bakh.de\/wdp\/wp-content\/gallery\/finkenberg_2011\/2011-07-finkbg-hock-010.jpg","contentUrl":"http:\/\/bakh.de\/wdp\/wp-content\/gallery\/finkenberg_2011\/2011-07-finkbg-hock-010.jpg"},{"@type":"BreadcrumbList","@id":"https:\/\/bakh.de\/wdp\/jundendfarm-kommt-auf-den-finkenberg\/#breadcrumb","itemListElement":[{"@type":"ListItem","position":1,"name":"Startseite","item":"https:\/\/bakh.de\/wdp\/"},{"@type":"ListItem","position":2,"name":"Jugendfarm kommt auf den Finkenberg"}]},{"@type":"WebSite","@id":"https:\/\/bakh.de\/wdp\/#website","url":"https:\/\/bakh.de\/wdp\/","name":"B\u00fcrgeraktion Korber H\u00f6he e. V.","description":"","publisher":{"@id":"https:\/\/bakh.de\/wdp\/#organization"},"potentialAction":[{"@type":"SearchAction","target":{"@type":"EntryPoint","urlTemplate":"https:\/\/bakh.de\/wdp\/?s={search_term_string}"},"query-input":{"@type":"PropertyValueSpecification","valueRequired":true,"valueName":"search_term_string"}}],"inLanguage":"de"},{"@type":"Organization","@id":"https:\/\/bakh.de\/wdp\/#organization","name":"B\u00fcrgeraktion Korber H\u00f6he e. V.","url":"https:\/\/bakh.de\/wdp\/","logo":{"@type":"ImageObject","inLanguage":"de","@id":"https:\/\/bakh.de\/wdp\/#\/schema\/logo\/image\/","url":"https:\/\/bakh.de\/wdp\/wp-content\/uploads\/2025\/11\/BAKH_Logo_4c_512.jpg","contentUrl":"https:\/\/bakh.de\/wdp\/wp-content\/uploads\/2025\/11\/BAKH_Logo_4c_512.jpg","width":516,"height":518,"caption":"B\u00fcrgeraktion Korber H\u00f6he e. V."},"image":{"@id":"https:\/\/bakh.de\/wdp\/#\/schema\/logo\/image\/"}},{"@type":"Person","@id":"https:\/\/bakh.de\/wdp\/#\/schema\/person\/75a1e296c1c53d3fbbc0a3c6104f6370","name":"Uli","image":{"@type":"ImageObject","inLanguage":"de","@id":"https:\/\/secure.gravatar.com\/avatar\/3b55f09e3908cc7190694de428627f99ad7fb1fd6ca4aa1f5a2c94110a7a2967?s=96&d=mm&r=g","url":"https:\/\/secure.gravatar.com\/avatar\/3b55f09e3908cc7190694de428627f99ad7fb1fd6ca4aa1f5a2c94110a7a2967?s=96&d=mm&r=g","contentUrl":"https:\/\/secure.gravatar.com\/avatar\/3b55f09e3908cc7190694de428627f99ad7fb1fd6ca4aa1f5a2c94110a7a2967?s=96&d=mm&r=g","caption":"Uli"},"url":"https:\/\/bakh.de\/wdp\/author\/uli\/"}]}},"_links":{"self":[{"href":"https:\/\/bakh.de\/wdp\/wp-json\/wp\/v2\/posts\/1410","targetHints":{"allow":["GET"]}}],"collection":[{"href":"https:\/\/bakh.de\/wdp\/wp-json\/wp\/v2\/posts"}],"about":[{"href":"https:\/\/bakh.de\/wdp\/wp-json\/wp\/v2\/types\/post"}],"author":[{"embeddable":true,"href":"https:\/\/bakh.de\/wdp\/wp-json\/wp\/v2\/users\/3"}],"replies":[{"embeddable":true,"href":"https:\/\/bakh.de\/wdp\/wp-json\/wp\/v2\/comments?post=1410"}],"version-history":[{"count":17,"href":"https:\/\/bakh.de\/wdp\/wp-json\/wp\/v2\/posts\/1410\/revisions"}],"predecessor-version":[{"id":2026,"href":"https:\/\/bakh.de\/wdp\/wp-json\/wp\/v2\/posts\/1410\/revisions\/2026"}],"wp:attachment":[{"href":"https:\/\/bakh.de\/wdp\/wp-json\/wp\/v2\/media?parent=1410"}],"wp:term":[{"taxonomy":"category","embeddable":true,"href":"https:\/\/bakh.de\/wdp\/wp-json\/wp\/v2\/categories?post=1410"},{"taxonomy":"post_tag","embeddable":true,"href":"https:\/\/bakh.de\/wdp\/wp-json\/wp\/v2\/tags?post=1410"}],"curies":[{"name":"wp","href":"https:\/\/api.w.org\/{rel}","templated":true}]}}