{"id":1348,"date":"2013-05-22T18:29:42","date_gmt":"2013-05-22T18:29:42","guid":{"rendered":"http:\/\/bakh.de\/wdp\/?p=1348"},"modified":"2013-06-29T18:18:49","modified_gmt":"2013-06-29T18:18:49","slug":"planungen-fur-jugendfarm-auf-dem-finkenberg","status":"publish","type":"post","link":"https:\/\/bakh.de\/wdp\/planungen-fur-jugendfarm-auf-dem-finkenberg\/","title":{"rendered":"Planungen Finkenberg"},"content":{"rendered":"<div dir=\"ltr\" data-font-name=\"Helvetica\" data-canvas-width=\"103.00800762176515\"><a href=\"http:\/\/bakh.de\/wdp\/wp-content\/uploads\/2013\/05\/k-IMG_1919.jpg\"><img loading=\"lazy\" decoding=\"async\" class=\" wp-image-1349 alignleft\" alt=\"k-IMG_1919\" src=\"http:\/\/bakh.de\/wdp\/wp-content\/uploads\/2013\/05\/k-IMG_1919.jpg\" width=\"144\" height=\"108\" srcset=\"https:\/\/bakh.de\/wdp\/wp-content\/uploads\/2013\/05\/k-IMG_1919.jpg 800w, https:\/\/bakh.de\/wdp\/wp-content\/uploads\/2013\/05\/k-IMG_1919-300x225.jpg 300w\" sizes=\"auto, (max-width: 144px) 100vw, 144px\" \/><\/a><\/div>\n<div dir=\"ltr\" data-font-name=\"Helvetica\" data-canvas-width=\"103.00800762176515\"><\/div>\n<p dir=\"ltr\" data-font-name=\"Helvetica\" data-canvas-width=\"103.00800762176515\">Nein, nach Erd\u00f6l wird auf dem Finkenberggel\u00e4nde auf der Korber H\u00f6he nicht gebohrt. Es werden vielmehr Bohrungen zur Erkundung des Untergrunds und der Pr\u00fcfung auf Altlasten vorgenommen. Die Untersuchung ist Voraussetzung f\u00fcr die Umwidmung des Deponiegel\u00e4ndes in ein Freizeitgel\u00e4nde.<\/p>\n<div dir=\"ltr\" data-font-name=\"Helvetica\" data-canvas-width=\"103.00800762176515\"><!--more--><\/div>\n<p dir=\"ltr\" data-font-name=\"Helvetica\" data-canvas-width=\"103.00800762176515\">In den letzten 2 Jahren hatten wir auf <a title=\"Finkenberg soll Freizeitgel\u00e4nde werden\" href=\"http:\/\/bakh.de\/wdp\/?p=291\" target=\"_blank\">Veranstaltungen<\/a> \u00fcber die Nutzung des Finkenbergs f\u00fcr die Bewohner der Korber H\u00f6he in<a href=\"http:\/\/bakh.de\/wdp\/wp-content\/uploads\/2013\/05\/k-IMG_1922.jpg\"><img loading=\"lazy\" decoding=\"async\" class=\"alignright  wp-image-1353\" alt=\"k-IMG_1922\" src=\"http:\/\/bakh.de\/wdp\/wp-content\/uploads\/2013\/05\/k-IMG_1922.jpg\" width=\"173\" height=\"130\" srcset=\"https:\/\/bakh.de\/wdp\/wp-content\/uploads\/2013\/05\/k-IMG_1922.jpg 800w, https:\/\/bakh.de\/wdp\/wp-content\/uploads\/2013\/05\/k-IMG_1922-300x225.jpg 300w\" sizes=\"auto, (max-width: 173px) 100vw, 173px\" \/><\/a>formiert. Leider hat sich bisher nur wenig getan. Mit den Bohrungen kommt jetzt Bewegung in die weitere Planung.<\/p>\n<div dir=\"ltr\" data-font-name=\"Helvetica\" data-canvas-width=\"103.00800762176515\">\n<p>Auch mit den Planungen f\u00fcr die Jugendfarm geht es langsam voran. Am Mittwoch 19.06. stand das Thema Jugendfarm Finkenberg auf der Tagesordnung des Ausschusses f\u00fcr Bildung, Soziales und Verwaltung des Waiblinger Gemeinderates. Es ging um den Beschluss f\u00fcr den Standort Finkenberg und die Finanzierung (<a title=\"Sitzungsvorlage BSV\" href=\"https:\/\/risweb.waiblingen.de\/ratsinfo\/waiblingen\/Proposal.html?select=2241\" target=\"_blank\">die Sitzungsvorlage mit dem Finanzierungsplan finden Sie hier<\/a>).<\/p>\n<p>Am Freitag 5.07.2013 trifft sich die <a href=\"http:\/\/www.jugendfarm-waiblingen.de\/\" target=\"_blank\">Initiative Jugendfarm<\/a> um 20:00 Uhr, um die Entscheidung im Ausschuss und das weitere Vorgehen zu besprechen. Das Treffen wird voraussichtlich auf dem Finkenberggel\u00e4nde stattfinden.<br \/>\nInteressierte sind herzlich eingeladen.<\/p>\n<\/div>\n","protected":false},"excerpt":{"rendered":"<p>Nein, nach Erd\u00f6l wird auf dem Finkenberggel\u00e4nde auf der Korber H\u00f6he nicht gebohrt. Es werden vielmehr Bohrungen zur Erkundung des Untergrunds und der Pr\u00fcfung auf Altlasten vorgenommen. Die Untersuchung ist Voraussetzung f\u00fcr die Umwidmung des Deponiegel\u00e4ndes in ein Freizeitgel\u00e4nde.<\/p>\n","protected":false},"author":3,"featured_media":0,"comment_status":"closed","ping_status":"closed","sticky":false,"template":"","format":"standard","meta":{"ngg_post_thumbnail":0,"footnotes":""},"categories":[11],"tags":[],"class_list":["post-1348","post","type-post","status-publish","format-standard","hentry","category-finkenberg"],"yoast_head":"<!-- This site is optimized with the Yoast SEO plugin v27.5 - https:\/\/yoast.com\/product\/yoast-seo-wordpress\/ -->\n<title>Planungen Finkenberg - B\u00fcrgeraktion Korber H\u00f6he e. V.<\/title>\n<meta name=\"robots\" content=\"index, follow, max-snippet:-1, max-image-preview:large, max-video-preview:-1\" \/>\n<link rel=\"canonical\" href=\"https:\/\/bakh.de\/wdp\/planungen-fur-jugendfarm-auf-dem-finkenberg\/\" \/>\n<meta property=\"og:locale\" content=\"de_DE\" \/>\n<meta property=\"og:type\" content=\"article\" \/>\n<meta property=\"og:title\" content=\"Planungen Finkenberg - B\u00fcrgeraktion Korber H\u00f6he e. V.\" \/>\n<meta property=\"og:description\" content=\"Nein, nach Erd\u00f6l wird auf dem Finkenberggel\u00e4nde auf der Korber H\u00f6he nicht gebohrt. Es werden vielmehr Bohrungen zur Erkundung des Untergrunds und der Pr\u00fcfung auf Altlasten vorgenommen. Die Untersuchung ist Voraussetzung f\u00fcr die Umwidmung des Deponiegel\u00e4ndes in ein Freizeitgel\u00e4nde.\" \/>\n<meta property=\"og:url\" content=\"https:\/\/bakh.de\/wdp\/planungen-fur-jugendfarm-auf-dem-finkenberg\/\" \/>\n<meta property=\"og:site_name\" content=\"B\u00fcrgeraktion Korber H\u00f6he e. V.\" \/>\n<meta property=\"article:published_time\" content=\"2013-05-22T18:29:42+00:00\" \/>\n<meta property=\"article:modified_time\" content=\"2013-06-29T18:18:49+00:00\" \/>\n<meta property=\"og:image\" content=\"http:\/\/bakh.de\/wdp\/wp-content\/uploads\/2013\/05\/k-IMG_1919.jpg\" \/>\n<meta name=\"author\" content=\"Uli\" \/>\n<meta name=\"twitter:card\" content=\"summary_large_image\" \/>\n<meta name=\"twitter:label1\" content=\"Verfasst von\" \/>\n\t<meta name=\"twitter:data1\" content=\"Uli\" \/>\n\t<meta name=\"twitter:label2\" content=\"Gesch\u00e4tzte Lesezeit\" \/>\n\t<meta name=\"twitter:data2\" content=\"1\u00a0Minute\" \/>\n<script type=\"application\/ld+json\" class=\"yoast-schema-graph\">{\"@context\":\"https:\\\/\\\/schema.org\",\"@graph\":[{\"@type\":\"Article\",\"@id\":\"https:\\\/\\\/bakh.de\\\/wdp\\\/planungen-fur-jugendfarm-auf-dem-finkenberg\\\/#article\",\"isPartOf\":{\"@id\":\"https:\\\/\\\/bakh.de\\\/wdp\\\/planungen-fur-jugendfarm-auf-dem-finkenberg\\\/\"},\"author\":{\"name\":\"Uli\",\"@id\":\"https:\\\/\\\/bakh.de\\\/wdp\\\/#\\\/schema\\\/person\\\/75a1e296c1c53d3fbbc0a3c6104f6370\"},\"headline\":\"Planungen Finkenberg\",\"datePublished\":\"2013-05-22T18:29:42+00:00\",\"dateModified\":\"2013-06-29T18:18:49+00:00\",\"mainEntityOfPage\":{\"@id\":\"https:\\\/\\\/bakh.de\\\/wdp\\\/planungen-fur-jugendfarm-auf-dem-finkenberg\\\/\"},\"wordCount\":175,\"publisher\":{\"@id\":\"https:\\\/\\\/bakh.de\\\/wdp\\\/#organization\"},\"image\":{\"@id\":\"https:\\\/\\\/bakh.de\\\/wdp\\\/planungen-fur-jugendfarm-auf-dem-finkenberg\\\/#primaryimage\"},\"thumbnailUrl\":\"http:\\\/\\\/bakh.de\\\/wdp\\\/wp-content\\\/uploads\\\/2013\\\/05\\\/k-IMG_1919.jpg\",\"articleSection\":[\"Finkenberg\"],\"inLanguage\":\"de\"},{\"@type\":\"WebPage\",\"@id\":\"https:\\\/\\\/bakh.de\\\/wdp\\\/planungen-fur-jugendfarm-auf-dem-finkenberg\\\/\",\"url\":\"https:\\\/\\\/bakh.de\\\/wdp\\\/planungen-fur-jugendfarm-auf-dem-finkenberg\\\/\",\"name\":\"Planungen Finkenberg - B\u00fcrgeraktion Korber H\u00f6he e. V.\",\"isPartOf\":{\"@id\":\"https:\\\/\\\/bakh.de\\\/wdp\\\/#website\"},\"primaryImageOfPage\":{\"@id\":\"https:\\\/\\\/bakh.de\\\/wdp\\\/planungen-fur-jugendfarm-auf-dem-finkenberg\\\/#primaryimage\"},\"image\":{\"@id\":\"https:\\\/\\\/bakh.de\\\/wdp\\\/planungen-fur-jugendfarm-auf-dem-finkenberg\\\/#primaryimage\"},\"thumbnailUrl\":\"http:\\\/\\\/bakh.de\\\/wdp\\\/wp-content\\\/uploads\\\/2013\\\/05\\\/k-IMG_1919.jpg\",\"datePublished\":\"2013-05-22T18:29:42+00:00\",\"dateModified\":\"2013-06-29T18:18:49+00:00\",\"breadcrumb\":{\"@id\":\"https:\\\/\\\/bakh.de\\\/wdp\\\/planungen-fur-jugendfarm-auf-dem-finkenberg\\\/#breadcrumb\"},\"inLanguage\":\"de\",\"potentialAction\":[{\"@type\":\"ReadAction\",\"target\":[\"https:\\\/\\\/bakh.de\\\/wdp\\\/planungen-fur-jugendfarm-auf-dem-finkenberg\\\/\"]}]},{\"@type\":\"ImageObject\",\"inLanguage\":\"de\",\"@id\":\"https:\\\/\\\/bakh.de\\\/wdp\\\/planungen-fur-jugendfarm-auf-dem-finkenberg\\\/#primaryimage\",\"url\":\"https:\\\/\\\/bakh.de\\\/wdp\\\/wp-content\\\/uploads\\\/2013\\\/05\\\/k-IMG_1919.jpg\",\"contentUrl\":\"https:\\\/\\\/bakh.de\\\/wdp\\\/wp-content\\\/uploads\\\/2013\\\/05\\\/k-IMG_1919.jpg\",\"width\":800,\"height\":600},{\"@type\":\"BreadcrumbList\",\"@id\":\"https:\\\/\\\/bakh.de\\\/wdp\\\/planungen-fur-jugendfarm-auf-dem-finkenberg\\\/#breadcrumb\",\"itemListElement\":[{\"@type\":\"ListItem\",\"position\":1,\"name\":\"Startseite\",\"item\":\"https:\\\/\\\/bakh.de\\\/wdp\\\/\"},{\"@type\":\"ListItem\",\"position\":2,\"name\":\"Planungen Finkenberg\"}]},{\"@type\":\"WebSite\",\"@id\":\"https:\\\/\\\/bakh.de\\\/wdp\\\/#website\",\"url\":\"https:\\\/\\\/bakh.de\\\/wdp\\\/\",\"name\":\"B\u00fcrgeraktion Korber H\u00f6he e. V.\",\"description\":\"\",\"publisher\":{\"@id\":\"https:\\\/\\\/bakh.de\\\/wdp\\\/#organization\"},\"potentialAction\":[{\"@type\":\"SearchAction\",\"target\":{\"@type\":\"EntryPoint\",\"urlTemplate\":\"https:\\\/\\\/bakh.de\\\/wdp\\\/?s={search_term_string}\"},\"query-input\":{\"@type\":\"PropertyValueSpecification\",\"valueRequired\":true,\"valueName\":\"search_term_string\"}}],\"inLanguage\":\"de\"},{\"@type\":\"Organization\",\"@id\":\"https:\\\/\\\/bakh.de\\\/wdp\\\/#organization\",\"name\":\"B\u00fcrgeraktion Korber H\u00f6he e. V.\",\"url\":\"https:\\\/\\\/bakh.de\\\/wdp\\\/\",\"logo\":{\"@type\":\"ImageObject\",\"inLanguage\":\"de\",\"@id\":\"https:\\\/\\\/bakh.de\\\/wdp\\\/#\\\/schema\\\/logo\\\/image\\\/\",\"url\":\"https:\\\/\\\/bakh.de\\\/wdp\\\/wp-content\\\/uploads\\\/2025\\\/11\\\/BAKH_Logo_4c_512.jpg\",\"contentUrl\":\"https:\\\/\\\/bakh.de\\\/wdp\\\/wp-content\\\/uploads\\\/2025\\\/11\\\/BAKH_Logo_4c_512.jpg\",\"width\":516,\"height\":518,\"caption\":\"B\u00fcrgeraktion Korber H\u00f6he e. V.\"},\"image\":{\"@id\":\"https:\\\/\\\/bakh.de\\\/wdp\\\/#\\\/schema\\\/logo\\\/image\\\/\"}},{\"@type\":\"Person\",\"@id\":\"https:\\\/\\\/bakh.de\\\/wdp\\\/#\\\/schema\\\/person\\\/75a1e296c1c53d3fbbc0a3c6104f6370\",\"name\":\"Uli\",\"image\":{\"@type\":\"ImageObject\",\"inLanguage\":\"de\",\"@id\":\"https:\\\/\\\/secure.gravatar.com\\\/avatar\\\/3b55f09e3908cc7190694de428627f99ad7fb1fd6ca4aa1f5a2c94110a7a2967?s=96&d=mm&r=g\",\"url\":\"https:\\\/\\\/secure.gravatar.com\\\/avatar\\\/3b55f09e3908cc7190694de428627f99ad7fb1fd6ca4aa1f5a2c94110a7a2967?s=96&d=mm&r=g\",\"contentUrl\":\"https:\\\/\\\/secure.gravatar.com\\\/avatar\\\/3b55f09e3908cc7190694de428627f99ad7fb1fd6ca4aa1f5a2c94110a7a2967?s=96&d=mm&r=g\",\"caption\":\"Uli\"},\"url\":\"https:\\\/\\\/bakh.de\\\/wdp\\\/author\\\/uli\\\/\"}]}<\/script>\n<!-- \/ Yoast SEO plugin. -->","yoast_head_json":{"title":"Planungen Finkenberg - B\u00fcrgeraktion Korber H\u00f6he e. V.","robots":{"index":"index","follow":"follow","max-snippet":"max-snippet:-1","max-image-preview":"max-image-preview:large","max-video-preview":"max-video-preview:-1"},"canonical":"https:\/\/bakh.de\/wdp\/planungen-fur-jugendfarm-auf-dem-finkenberg\/","og_locale":"de_DE","og_type":"article","og_title":"Planungen Finkenberg - B\u00fcrgeraktion Korber H\u00f6he e. V.","og_description":"Nein, nach Erd\u00f6l wird auf dem Finkenberggel\u00e4nde auf der Korber H\u00f6he nicht gebohrt. Es werden vielmehr Bohrungen zur Erkundung des Untergrunds und der Pr\u00fcfung auf Altlasten vorgenommen. Die Untersuchung ist Voraussetzung f\u00fcr die Umwidmung des Deponiegel\u00e4ndes in ein Freizeitgel\u00e4nde.","og_url":"https:\/\/bakh.de\/wdp\/planungen-fur-jugendfarm-auf-dem-finkenberg\/","og_site_name":"B\u00fcrgeraktion Korber H\u00f6he e. V.","article_published_time":"2013-05-22T18:29:42+00:00","article_modified_time":"2013-06-29T18:18:49+00:00","og_image":[{"url":"http:\/\/bakh.de\/wdp\/wp-content\/uploads\/2013\/05\/k-IMG_1919.jpg","type":"","width":"","height":""}],"author":"Uli","twitter_card":"summary_large_image","twitter_misc":{"Verfasst von":"Uli","Gesch\u00e4tzte Lesezeit":"1\u00a0Minute"},"schema":{"@context":"https:\/\/schema.org","@graph":[{"@type":"Article","@id":"https:\/\/bakh.de\/wdp\/planungen-fur-jugendfarm-auf-dem-finkenberg\/#article","isPartOf":{"@id":"https:\/\/bakh.de\/wdp\/planungen-fur-jugendfarm-auf-dem-finkenberg\/"},"author":{"name":"Uli","@id":"https:\/\/bakh.de\/wdp\/#\/schema\/person\/75a1e296c1c53d3fbbc0a3c6104f6370"},"headline":"Planungen Finkenberg","datePublished":"2013-05-22T18:29:42+00:00","dateModified":"2013-06-29T18:18:49+00:00","mainEntityOfPage":{"@id":"https:\/\/bakh.de\/wdp\/planungen-fur-jugendfarm-auf-dem-finkenberg\/"},"wordCount":175,"publisher":{"@id":"https:\/\/bakh.de\/wdp\/#organization"},"image":{"@id":"https:\/\/bakh.de\/wdp\/planungen-fur-jugendfarm-auf-dem-finkenberg\/#primaryimage"},"thumbnailUrl":"http:\/\/bakh.de\/wdp\/wp-content\/uploads\/2013\/05\/k-IMG_1919.jpg","articleSection":["Finkenberg"],"inLanguage":"de"},{"@type":"WebPage","@id":"https:\/\/bakh.de\/wdp\/planungen-fur-jugendfarm-auf-dem-finkenberg\/","url":"https:\/\/bakh.de\/wdp\/planungen-fur-jugendfarm-auf-dem-finkenberg\/","name":"Planungen Finkenberg - B\u00fcrgeraktion Korber H\u00f6he e. V.","isPartOf":{"@id":"https:\/\/bakh.de\/wdp\/#website"},"primaryImageOfPage":{"@id":"https:\/\/bakh.de\/wdp\/planungen-fur-jugendfarm-auf-dem-finkenberg\/#primaryimage"},"image":{"@id":"https:\/\/bakh.de\/wdp\/planungen-fur-jugendfarm-auf-dem-finkenberg\/#primaryimage"},"thumbnailUrl":"http:\/\/bakh.de\/wdp\/wp-content\/uploads\/2013\/05\/k-IMG_1919.jpg","datePublished":"2013-05-22T18:29:42+00:00","dateModified":"2013-06-29T18:18:49+00:00","breadcrumb":{"@id":"https:\/\/bakh.de\/wdp\/planungen-fur-jugendfarm-auf-dem-finkenberg\/#breadcrumb"},"inLanguage":"de","potentialAction":[{"@type":"ReadAction","target":["https:\/\/bakh.de\/wdp\/planungen-fur-jugendfarm-auf-dem-finkenberg\/"]}]},{"@type":"ImageObject","inLanguage":"de","@id":"https:\/\/bakh.de\/wdp\/planungen-fur-jugendfarm-auf-dem-finkenberg\/#primaryimage","url":"https:\/\/bakh.de\/wdp\/wp-content\/uploads\/2013\/05\/k-IMG_1919.jpg","contentUrl":"https:\/\/bakh.de\/wdp\/wp-content\/uploads\/2013\/05\/k-IMG_1919.jpg","width":800,"height":600},{"@type":"BreadcrumbList","@id":"https:\/\/bakh.de\/wdp\/planungen-fur-jugendfarm-auf-dem-finkenberg\/#breadcrumb","itemListElement":[{"@type":"ListItem","position":1,"name":"Startseite","item":"https:\/\/bakh.de\/wdp\/"},{"@type":"ListItem","position":2,"name":"Planungen Finkenberg"}]},{"@type":"WebSite","@id":"https:\/\/bakh.de\/wdp\/#website","url":"https:\/\/bakh.de\/wdp\/","name":"B\u00fcrgeraktion Korber H\u00f6he e. V.","description":"","publisher":{"@id":"https:\/\/bakh.de\/wdp\/#organization"},"potentialAction":[{"@type":"SearchAction","target":{"@type":"EntryPoint","urlTemplate":"https:\/\/bakh.de\/wdp\/?s={search_term_string}"},"query-input":{"@type":"PropertyValueSpecification","valueRequired":true,"valueName":"search_term_string"}}],"inLanguage":"de"},{"@type":"Organization","@id":"https:\/\/bakh.de\/wdp\/#organization","name":"B\u00fcrgeraktion Korber H\u00f6he e. V.","url":"https:\/\/bakh.de\/wdp\/","logo":{"@type":"ImageObject","inLanguage":"de","@id":"https:\/\/bakh.de\/wdp\/#\/schema\/logo\/image\/","url":"https:\/\/bakh.de\/wdp\/wp-content\/uploads\/2025\/11\/BAKH_Logo_4c_512.jpg","contentUrl":"https:\/\/bakh.de\/wdp\/wp-content\/uploads\/2025\/11\/BAKH_Logo_4c_512.jpg","width":516,"height":518,"caption":"B\u00fcrgeraktion Korber H\u00f6he e. V."},"image":{"@id":"https:\/\/bakh.de\/wdp\/#\/schema\/logo\/image\/"}},{"@type":"Person","@id":"https:\/\/bakh.de\/wdp\/#\/schema\/person\/75a1e296c1c53d3fbbc0a3c6104f6370","name":"Uli","image":{"@type":"ImageObject","inLanguage":"de","@id":"https:\/\/secure.gravatar.com\/avatar\/3b55f09e3908cc7190694de428627f99ad7fb1fd6ca4aa1f5a2c94110a7a2967?s=96&d=mm&r=g","url":"https:\/\/secure.gravatar.com\/avatar\/3b55f09e3908cc7190694de428627f99ad7fb1fd6ca4aa1f5a2c94110a7a2967?s=96&d=mm&r=g","contentUrl":"https:\/\/secure.gravatar.com\/avatar\/3b55f09e3908cc7190694de428627f99ad7fb1fd6ca4aa1f5a2c94110a7a2967?s=96&d=mm&r=g","caption":"Uli"},"url":"https:\/\/bakh.de\/wdp\/author\/uli\/"}]}},"_links":{"self":[{"href":"https:\/\/bakh.de\/wdp\/wp-json\/wp\/v2\/posts\/1348","targetHints":{"allow":["GET"]}}],"collection":[{"href":"https:\/\/bakh.de\/wdp\/wp-json\/wp\/v2\/posts"}],"about":[{"href":"https:\/\/bakh.de\/wdp\/wp-json\/wp\/v2\/types\/post"}],"author":[{"embeddable":true,"href":"https:\/\/bakh.de\/wdp\/wp-json\/wp\/v2\/users\/3"}],"replies":[{"embeddable":true,"href":"https:\/\/bakh.de\/wdp\/wp-json\/wp\/v2\/comments?post=1348"}],"version-history":[{"count":24,"href":"https:\/\/bakh.de\/wdp\/wp-json\/wp\/v2\/posts\/1348\/revisions"}],"predecessor-version":[{"id":1416,"href":"https:\/\/bakh.de\/wdp\/wp-json\/wp\/v2\/posts\/1348\/revisions\/1416"}],"wp:attachment":[{"href":"https:\/\/bakh.de\/wdp\/wp-json\/wp\/v2\/media?parent=1348"}],"wp:term":[{"taxonomy":"category","embeddable":true,"href":"https:\/\/bakh.de\/wdp\/wp-json\/wp\/v2\/categories?post=1348"},{"taxonomy":"post_tag","embeddable":true,"href":"https:\/\/bakh.de\/wdp\/wp-json\/wp\/v2\/tags?post=1348"}],"curies":[{"name":"wp","href":"https:\/\/api.w.org\/{rel}","templated":true}]}}